{"id":42711,"date":"2022-08-23T02:13:12","date_gmt":"2022-08-23T05:13:12","guid":{"rendered":"https:\/\/portalnpm.com\/?p=42711"},"modified":"2022-08-23T02:13:12","modified_gmt":"2022-08-23T05:13:12","slug":"jovem-natural-de-vila-nova-do-piaui-e-encontrado-morto-proximo-a-br-316-em-alegrete","status":"publish","type":"post","link":"https:\/\/portalnpm.com\/index.php\/2022\/08\/23\/jovem-natural-de-vila-nova-do-piaui-e-encontrado-morto-proximo-a-br-316-em-alegrete\/","title":{"rendered":"Jovem natural de Vila Nova do Piau\u00ed \u00e9 encontrado morto pr\u00f3ximo a BR-316 em Alegrete"},"content":{"rendered":"<p style=\"text-align: justify;\">Um jovem identificado como Regivan da Silva Fran\u00e7a, de 22 anos de idade, foi encontrado morto na noite desta segunda-feira, dia 21 de agosto, \u00e0s margens da BR-316, no bairro Alto Alegre em Alegrete do Piau\u00ed.<\/p>\n<p style=\"text-align: justify;\">Conforme informa\u00e7\u00f5es preliminares, Regivan que era natural do Povoado S\u00e3o Jo\u00e3o Batista, munic\u00edpio de Vila Nova do Piau\u00ed, foi encontrado por populares nas proximidades de um Clube.<\/p>\n<figure id=\"attachment_297748\" class=\"wp-caption alignnone\" style=\"text-align: justify;\" aria-describedby=\"caption-attachment-297748\"><img fetchpriority=\"high\" decoding=\"async\" class=\"wp-image-297748 size-full lazyloaded\" src=\"https:\/\/infonewss.com\/wp-content\/uploads\/2022\/08\/B0A899BA-9E05-4048-9495-1AA206BB84A3.jpeg\" sizes=\"(max-width: 1200px) 100vw, 1200px\" srcset=\"https:\/\/infonewss.com\/wp-content\/uploads\/2022\/08\/B0A899BA-9E05-4048-9495-1AA206BB84A3.jpeg 1200w, https:\/\/infonewss.com\/wp-content\/uploads\/2022\/08\/B0A899BA-9E05-4048-9495-1AA206BB84A3-300x282.jpeg 300w, https:\/\/infonewss.com\/wp-content\/uploads\/2022\/08\/B0A899BA-9E05-4048-9495-1AA206BB84A3-1024x963.jpeg 1024w, https:\/\/infonewss.com\/wp-content\/uploads\/2022\/08\/B0A899BA-9E05-4048-9495-1AA206BB84A3-768x722.jpeg 768w, https:\/\/infonewss.com\/wp-content\/uploads\/2022\/08\/B0A899BA-9E05-4048-9495-1AA206BB84A3-150x141.jpeg 150w, https:\/\/infonewss.com\/wp-content\/uploads\/2022\/08\/B0A899BA-9E05-4048-9495-1AA206BB84A3-696x654.jpeg 696w, https:\/\/infonewss.com\/wp-content\/uploads\/2022\/08\/B0A899BA-9E05-4048-9495-1AA206BB84A3-1068x1004.jpeg 1068w\" alt=\"\" width=\"1200\" height=\"1128\" data-srcset=\"https:\/\/infonewss.com\/wp-content\/uploads\/2022\/08\/B0A899BA-9E05-4048-9495-1AA206BB84A3.jpeg 1200w, https:\/\/infonewss.com\/wp-content\/uploads\/2022\/08\/B0A899BA-9E05-4048-9495-1AA206BB84A3-300x282.jpeg 300w, https:\/\/infonewss.com\/wp-content\/uploads\/2022\/08\/B0A899BA-9E05-4048-9495-1AA206BB84A3-1024x963.jpeg 1024w, https:\/\/infonewss.com\/wp-content\/uploads\/2022\/08\/B0A899BA-9E05-4048-9495-1AA206BB84A3-768x722.jpeg 768w, https:\/\/infonewss.com\/wp-content\/uploads\/2022\/08\/B0A899BA-9E05-4048-9495-1AA206BB84A3-150x141.jpeg 150w, https:\/\/infonewss.com\/wp-content\/uploads\/2022\/08\/B0A899BA-9E05-4048-9495-1AA206BB84A3-696x654.jpeg 696w, https:\/\/infonewss.com\/wp-content\/uploads\/2022\/08\/B0A899BA-9E05-4048-9495-1AA206BB84A3-1068x1004.jpeg 1068w\" data-src=\"https:\/\/infonewss.com\/wp-content\/uploads\/2022\/08\/B0A899BA-9E05-4048-9495-1AA206BB84A3.jpeg\" data-sizes=\"(max-width: 1200px) 100vw, 1200px\" \/><figcaption id=\"caption-attachment-297748\" class=\"wp-caption-text\">Homem de Vila Nova do Piau\u00ed \u00e9 encontrado morto pr\u00f3ximo a BR-316 em Alegrete<\/figcaption><\/figure>\n<p style=\"text-align: justify;\">Ainda segundo informa\u00e7\u00f5es, a v\u00edtima foi encontrada \u00a0com sinais de perfura\u00e7\u00f5es causados possivelmente por arma de fogo.<\/p>\n<p style=\"text-align: justify;\">O Grupamento de Pol\u00edcia Militar de Alegrete do Piau\u00ed \u00a0foi acionado para realiza\u00e7\u00e3o dos procedimentos necess\u00e1rios, e\u00a0aguarda a chegada da per\u00edcia e do Instituto de Medicina Legal (IML).<\/p>\n<p style=\"text-align: justify;\">Aguarde mais informa\u00e7\u00f5es!<\/p>\n<p style=\"text-align: justify;\"><strong>Fonte: Infonewss\u00a0<\/strong><\/p>\n","protected":false},"excerpt":{"rendered":"<p>Um jovem identificado como Regivan da Silva Fran\u00e7a, de 22 anos de idade, foi encontrado morto na noite desta segunda-feira, dia 21 de agosto, \u00e0s margens da BR-316, no bairro Alto Alegre em Alegrete do Piau\u00ed. Conforme informa\u00e7\u00f5es preliminares, Regivan que era natural do Povoado S\u00e3o Jo\u00e3o Batista, munic\u00edpio de Vila Nova do Piau\u00ed, foi &hellip;<\/p>\n","protected":false},"author":3,"featured_media":42712,"comment_status":"open","ping_status":"open","sticky":false,"template":"","format":"standard","meta":{"content-type":"","rop_custom_images_group":[],"rop_custom_messages_group":[],"rop_publish_now":"initial","rop_publish_now_accounts":{"facebook_2648258775420054_1618374048415101":""},"rop_publish_now_history":[],"rop_publish_now_status":"pending","footnotes":"","_jetpack_memberships_contains_paid_content":false},"categories":[113,109,574],"tags":[172,460,575],"yoast_head":"<!-- This site is optimized with the Yoast SEO plugin v22.3 - https:\/\/yoast.com\/wordpress\/plugins\/seo\/ -->\n<title>Jovem natural de Vila Nova do Piau\u00ed \u00e9 encontrado morto pr\u00f3ximo a BR-316 em Alegrete - Portal NPM<\/title>\n<meta name=\"robots\" content=\"index, follow, max-snippet:-1, max-image-preview:large, max-video-preview:-1\" \/>\n<link rel=\"canonical\" href=\"https:\/\/portalnpm.com\/index.php\/2022\/08\/23\/jovem-natural-de-vila-nova-do-piaui-e-encontrado-morto-proximo-a-br-316-em-alegrete\/\" \/>\n<meta property=\"og:locale\" content=\"pt_BR\" \/>\n<meta property=\"og:type\" content=\"article\" \/>\n<meta property=\"og:title\" content=\"Jovem natural de Vila Nova do Piau\u00ed \u00e9 encontrado morto pr\u00f3ximo a BR-316 em Alegrete - Portal NPM\" \/>\n<meta property=\"og:description\" content=\"Um jovem identificado como Regivan da Silva Fran\u00e7a, de 22 anos de idade, foi encontrado morto na noite desta segunda-feira, dia 21 de agosto, \u00e0s margens da BR-316, no bairro Alto Alegre em Alegrete do Piau\u00ed. Conforme informa\u00e7\u00f5es preliminares, Regivan que era natural do Povoado S\u00e3o Jo\u00e3o Batista, munic\u00edpio de Vila Nova do Piau\u00ed, foi &hellip;\" \/>\n<meta property=\"og:url\" content=\"https:\/\/portalnpm.com\/index.php\/2022\/08\/23\/jovem-natural-de-vila-nova-do-piaui-e-encontrado-morto-proximo-a-br-316-em-alegrete\/\" \/>\n<meta property=\"og:site_name\" content=\"Portal NPM\" \/>\n<meta property=\"article:published_time\" content=\"2022-08-23T05:13:12+00:00\" \/>\n<meta name=\"author\" content=\"Luis Alberto\" \/>\n<meta name=\"twitter:card\" content=\"summary_large_image\" \/>\n<meta name=\"twitter:label1\" content=\"Escrito por\" \/>\n\t<meta name=\"twitter:data1\" content=\"Luis Alberto\" \/>\n\t<meta name=\"twitter:label2\" content=\"Est. tempo de leitura\" \/>\n\t<meta name=\"twitter:data2\" content=\"1 minuto\" \/>\n<script type=\"application\/ld+json\" class=\"yoast-schema-graph\">{\"@context\":\"https:\/\/schema.org\",\"@graph\":[{\"@type\":\"WebPage\",\"@id\":\"https:\/\/portalnpm.com\/index.php\/2022\/08\/23\/jovem-natural-de-vila-nova-do-piaui-e-encontrado-morto-proximo-a-br-316-em-alegrete\/\",\"url\":\"https:\/\/portalnpm.com\/index.php\/2022\/08\/23\/jovem-natural-de-vila-nova-do-piaui-e-encontrado-morto-proximo-a-br-316-em-alegrete\/\",\"name\":\"Jovem natural de Vila Nova do Piau\u00ed \u00e9 encontrado morto pr\u00f3ximo a BR-316 em Alegrete - Portal NPM\",\"isPartOf\":{\"@id\":\"https:\/\/portalnpm.com\/#website\"},\"primaryImageOfPage\":{\"@id\":\"https:\/\/portalnpm.com\/index.php\/2022\/08\/23\/jovem-natural-de-vila-nova-do-piaui-e-encontrado-morto-proximo-a-br-316-em-alegrete\/#primaryimage\"},\"image\":{\"@id\":\"https:\/\/portalnpm.com\/index.php\/2022\/08\/23\/jovem-natural-de-vila-nova-do-piaui-e-encontrado-morto-proximo-a-br-316-em-alegrete\/#primaryimage\"},\"thumbnailUrl\":\"\",\"datePublished\":\"2022-08-23T05:13:12+00:00\",\"dateModified\":\"2022-08-23T05:13:12+00:00\",\"author\":{\"@id\":\"https:\/\/portalnpm.com\/#\/schema\/person\/5c8006acdf71774cd4e7a5ab98482152\"},\"breadcrumb\":{\"@id\":\"https:\/\/portalnpm.com\/index.php\/2022\/08\/23\/jovem-natural-de-vila-nova-do-piaui-e-encontrado-morto-proximo-a-br-316-em-alegrete\/#breadcrumb\"},\"inLanguage\":\"pt-BR\",\"potentialAction\":[{\"@type\":\"ReadAction\",\"target\":[\"https:\/\/portalnpm.com\/index.php\/2022\/08\/23\/jovem-natural-de-vila-nova-do-piaui-e-encontrado-morto-proximo-a-br-316-em-alegrete\/\"]}]},{\"@type\":\"ImageObject\",\"inLanguage\":\"pt-BR\",\"@id\":\"https:\/\/portalnpm.com\/index.php\/2022\/08\/23\/jovem-natural-de-vila-nova-do-piaui-e-encontrado-morto-proximo-a-br-316-em-alegrete\/#primaryimage\",\"url\":\"\",\"contentUrl\":\"\"},{\"@type\":\"BreadcrumbList\",\"@id\":\"https:\/\/portalnpm.com\/index.php\/2022\/08\/23\/jovem-natural-de-vila-nova-do-piaui-e-encontrado-morto-proximo-a-br-316-em-alegrete\/#breadcrumb\",\"itemListElement\":[{\"@type\":\"ListItem\",\"position\":1,\"name\":\"In\u00edcio\",\"item\":\"https:\/\/portalnpm.com\/\"},{\"@type\":\"ListItem\",\"position\":2,\"name\":\"Jovem natural de Vila Nova do Piau\u00ed \u00e9 encontrado morto pr\u00f3ximo a BR-316 em Alegrete\"}]},{\"@type\":\"WebSite\",\"@id\":\"https:\/\/portalnpm.com\/#website\",\"url\":\"https:\/\/portalnpm.com\/\",\"name\":\"Portal NPM\",\"description\":\"Not\u00edcias em Primeira M\u00e3o\",\"potentialAction\":[{\"@type\":\"SearchAction\",\"target\":{\"@type\":\"EntryPoint\",\"urlTemplate\":\"https:\/\/portalnpm.com\/?s={search_term_string}\"},\"query-input\":\"required name=search_term_string\"}],\"inLanguage\":\"pt-BR\"},{\"@type\":\"Person\",\"@id\":\"https:\/\/portalnpm.com\/#\/schema\/person\/5c8006acdf71774cd4e7a5ab98482152\",\"name\":\"Luis Alberto\",\"image\":{\"@type\":\"ImageObject\",\"inLanguage\":\"pt-BR\",\"@id\":\"https:\/\/portalnpm.com\/#\/schema\/person\/image\/\",\"url\":\"https:\/\/portalnpm.com\/wp-content\/uploads\/2024\/12\/avatar_user_3_1734699769-96x96.jpeg\",\"contentUrl\":\"https:\/\/portalnpm.com\/wp-content\/uploads\/2024\/12\/avatar_user_3_1734699769-96x96.jpeg\",\"caption\":\"Luis Alberto\"},\"description\":\"Editor-geral do Portal NPM, \u00e9 formado como T\u00e9cnico em Seguran\u00e7a do Trabalho pela Escola Metropolitana de Cursos T\u00e9cnicos. Det\u00e9m ainda licenciatura em Educa\u00e7\u00e3o F\u00edsica e bacharelado em Ci\u00eancias Pol\u00edticas, ambos obtidos pela institui\u00e7\u00e3o Anhanguera\/UNOPAR.\",\"url\":\"https:\/\/portalnpm.com\/index.php\/author\/pereira\/\"}]}<\/script>\n<!-- \/ Yoast SEO plugin. -->","yoast_head_json":{"title":"Jovem natural de Vila Nova do Piau\u00ed \u00e9 encontrado morto pr\u00f3ximo a BR-316 em Alegrete - Portal NPM","robots":{"index":"index","follow":"follow","max-snippet":"max-snippet:-1","max-image-preview":"max-image-preview:large","max-video-preview":"max-video-preview:-1"},"canonical":"https:\/\/portalnpm.com\/index.php\/2022\/08\/23\/jovem-natural-de-vila-nova-do-piaui-e-encontrado-morto-proximo-a-br-316-em-alegrete\/","og_locale":"pt_BR","og_type":"article","og_title":"Jovem natural de Vila Nova do Piau\u00ed \u00e9 encontrado morto pr\u00f3ximo a BR-316 em Alegrete - Portal NPM","og_description":"Um jovem identificado como Regivan da Silva Fran\u00e7a, de 22 anos de idade, foi encontrado morto na noite desta segunda-feira, dia 21 de agosto, \u00e0s margens da BR-316, no bairro Alto Alegre em Alegrete do Piau\u00ed. Conforme informa\u00e7\u00f5es preliminares, Regivan que era natural do Povoado S\u00e3o Jo\u00e3o Batista, munic\u00edpio de Vila Nova do Piau\u00ed, foi &hellip;","og_url":"https:\/\/portalnpm.com\/index.php\/2022\/08\/23\/jovem-natural-de-vila-nova-do-piaui-e-encontrado-morto-proximo-a-br-316-em-alegrete\/","og_site_name":"Portal NPM","article_published_time":"2022-08-23T05:13:12+00:00","author":"Luis Alberto","twitter_card":"summary_large_image","twitter_misc":{"Escrito por":"Luis Alberto","Est. tempo de leitura":"1 minuto"},"schema":{"@context":"https:\/\/schema.org","@graph":[{"@type":"WebPage","@id":"https:\/\/portalnpm.com\/index.php\/2022\/08\/23\/jovem-natural-de-vila-nova-do-piaui-e-encontrado-morto-proximo-a-br-316-em-alegrete\/","url":"https:\/\/portalnpm.com\/index.php\/2022\/08\/23\/jovem-natural-de-vila-nova-do-piaui-e-encontrado-morto-proximo-a-br-316-em-alegrete\/","name":"Jovem natural de Vila Nova do Piau\u00ed \u00e9 encontrado morto pr\u00f3ximo a BR-316 em Alegrete - Portal NPM","isPartOf":{"@id":"https:\/\/portalnpm.com\/#website"},"primaryImageOfPage":{"@id":"https:\/\/portalnpm.com\/index.php\/2022\/08\/23\/jovem-natural-de-vila-nova-do-piaui-e-encontrado-morto-proximo-a-br-316-em-alegrete\/#primaryimage"},"image":{"@id":"https:\/\/portalnpm.com\/index.php\/2022\/08\/23\/jovem-natural-de-vila-nova-do-piaui-e-encontrado-morto-proximo-a-br-316-em-alegrete\/#primaryimage"},"thumbnailUrl":"","datePublished":"2022-08-23T05:13:12+00:00","dateModified":"2022-08-23T05:13:12+00:00","author":{"@id":"https:\/\/portalnpm.com\/#\/schema\/person\/5c8006acdf71774cd4e7a5ab98482152"},"breadcrumb":{"@id":"https:\/\/portalnpm.com\/index.php\/2022\/08\/23\/jovem-natural-de-vila-nova-do-piaui-e-encontrado-morto-proximo-a-br-316-em-alegrete\/#breadcrumb"},"inLanguage":"pt-BR","potentialAction":[{"@type":"ReadAction","target":["https:\/\/portalnpm.com\/index.php\/2022\/08\/23\/jovem-natural-de-vila-nova-do-piaui-e-encontrado-morto-proximo-a-br-316-em-alegrete\/"]}]},{"@type":"ImageObject","inLanguage":"pt-BR","@id":"https:\/\/portalnpm.com\/index.php\/2022\/08\/23\/jovem-natural-de-vila-nova-do-piaui-e-encontrado-morto-proximo-a-br-316-em-alegrete\/#primaryimage","url":"","contentUrl":""},{"@type":"BreadcrumbList","@id":"https:\/\/portalnpm.com\/index.php\/2022\/08\/23\/jovem-natural-de-vila-nova-do-piaui-e-encontrado-morto-proximo-a-br-316-em-alegrete\/#breadcrumb","itemListElement":[{"@type":"ListItem","position":1,"name":"In\u00edcio","item":"https:\/\/portalnpm.com\/"},{"@type":"ListItem","position":2,"name":"Jovem natural de Vila Nova do Piau\u00ed \u00e9 encontrado morto pr\u00f3ximo a BR-316 em Alegrete"}]},{"@type":"WebSite","@id":"https:\/\/portalnpm.com\/#website","url":"https:\/\/portalnpm.com\/","name":"Portal NPM","description":"Not\u00edcias em Primeira M\u00e3o","potentialAction":[{"@type":"SearchAction","target":{"@type":"EntryPoint","urlTemplate":"https:\/\/portalnpm.com\/?s={search_term_string}"},"query-input":"required name=search_term_string"}],"inLanguage":"pt-BR"},{"@type":"Person","@id":"https:\/\/portalnpm.com\/#\/schema\/person\/5c8006acdf71774cd4e7a5ab98482152","name":"Luis Alberto","image":{"@type":"ImageObject","inLanguage":"pt-BR","@id":"https:\/\/portalnpm.com\/#\/schema\/person\/image\/","url":"https:\/\/portalnpm.com\/wp-content\/uploads\/2024\/12\/avatar_user_3_1734699769-96x96.jpeg","contentUrl":"https:\/\/portalnpm.com\/wp-content\/uploads\/2024\/12\/avatar_user_3_1734699769-96x96.jpeg","caption":"Luis Alberto"},"description":"Editor-geral do Portal NPM, \u00e9 formado como T\u00e9cnico em Seguran\u00e7a do Trabalho pela Escola Metropolitana de Cursos T\u00e9cnicos. Det\u00e9m ainda licenciatura em Educa\u00e7\u00e3o F\u00edsica e bacharelado em Ci\u00eancias Pol\u00edticas, ambos obtidos pela institui\u00e7\u00e3o Anhanguera\/UNOPAR.","url":"https:\/\/portalnpm.com\/index.php\/author\/pereira\/"}]}},"jetpack_sharing_enabled":true,"jetpack_featured_media_url":"","_links":{"self":[{"href":"https:\/\/portalnpm.com\/index.php\/wp-json\/wp\/v2\/posts\/42711"}],"collection":[{"href":"https:\/\/portalnpm.com\/index.php\/wp-json\/wp\/v2\/posts"}],"about":[{"href":"https:\/\/portalnpm.com\/index.php\/wp-json\/wp\/v2\/types\/post"}],"author":[{"embeddable":true,"href":"https:\/\/portalnpm.com\/index.php\/wp-json\/wp\/v2\/users\/3"}],"replies":[{"embeddable":true,"href":"https:\/\/portalnpm.com\/index.php\/wp-json\/wp\/v2\/comments?post=42711"}],"version-history":[{"count":0,"href":"https:\/\/portalnpm.com\/index.php\/wp-json\/wp\/v2\/posts\/42711\/revisions"}],"wp:featuredmedia":[{"embeddable":true,"href":"https:\/\/portalnpm.com\/index.php\/wp-json\/"}],"wp:attachment":[{"href":"https:\/\/portalnpm.com\/index.php\/wp-json\/wp\/v2\/media?parent=42711"}],"wp:term":[{"taxonomy":"category","embeddable":true,"href":"https:\/\/portalnpm.com\/index.php\/wp-json\/wp\/v2\/categories?post=42711"},{"taxonomy":"post_tag","embeddable":true,"href":"https:\/\/portalnpm.com\/index.php\/wp-json\/wp\/v2\/tags?post=42711"}],"curies":[{"name":"wp","href":"https:\/\/api.w.org\/{rel}","templated":true}]}}