{"id":42720,"date":"2022-08-23T20:08:43","date_gmt":"2022-08-23T23:08:43","guid":{"rendered":"https:\/\/portalnpm.com\/?p=42720"},"modified":"2022-08-23T20:08:43","modified_gmt":"2022-08-23T23:08:43","slug":"saude-de-simoes-pi-confirma-primeira-morte-causada-pela-doenca-do-tatu","status":"publish","type":"post","link":"https:\/\/portalnpm.com\/index.php\/2022\/08\/23\/saude-de-simoes-pi-confirma-primeira-morte-causada-pela-doenca-do-tatu\/","title":{"rendered":"Sa\u00fade de Sim\u00f5es \u2014 PI confirma primeira morte causada pela doen\u00e7a do tatu"},"content":{"rendered":"<p style=\"text-align: justify;\">O munic\u00edpio de Sim\u00f5es \u2014 PI, distante cerca de 450 quil\u00f4metros da Capital Teresina, confirmou, por meio de uma nota divulgada pela Secretaria Municipal de Sa\u00fade, a primeira morte causada pela \u201cparacoccidioidomicose\u201d tamb\u00e9m conhecida como a doen\u00e7a do tatu.<\/p>\n<p style=\"text-align: justify;\">\n<p style=\"text-align: justify;\">\n<p style=\"text-align: justify;\">A nota informa ainda, que al\u00e9m do \u00f3bito, mais duas pessoas foram acometidas pela doen\u00e7a e est\u00e3o internadas no Hospital Regional Justino Luz, na cidade de Picos.<\/p>\n<p style=\"text-align: justify;\">De acordo com a nota, a associa\u00e7\u00e3o acontece porque o homem, ao ca\u00e7ar tatus, entre em contato com as tocas (buracos), onde o solo contaminado pelo fungo. Ademais, a pessoa infectada pode apresentar les\u00f5es na pele, tosse, febre, falta de ar, linfonodomegalia (\u00ednguas ou landras), comprometimento pulmonar, emagrecimento, podendo, inclusive, manifestar a forma grave, levando a morte.<\/p>\n<figure id=\"attachment_297836\" class=\"wp-caption alignnone\" style=\"text-align: justify;\" aria-describedby=\"caption-attachment-297836\"><img fetchpriority=\"high\" decoding=\"async\" class=\"wp-image-297836 size-full ls-is-cached lazyloaded\" src=\"https:\/\/infonewss.com\/wp-content\/uploads\/2022\/08\/SMINSTA.jpg\" sizes=\"(max-width: 824px) 100vw, 824px\" srcset=\"https:\/\/infonewss.com\/wp-content\/uploads\/2022\/08\/SMINSTA.jpg 824w, https:\/\/infonewss.com\/wp-content\/uploads\/2022\/08\/SMINSTA-241x300.jpg 241w, https:\/\/infonewss.com\/wp-content\/uploads\/2022\/08\/SMINSTA-768x954.jpg 768w, https:\/\/infonewss.com\/wp-content\/uploads\/2022\/08\/SMINSTA-150x186.jpg 150w, https:\/\/infonewss.com\/wp-content\/uploads\/2022\/08\/SMINSTA-300x373.jpg 300w, https:\/\/infonewss.com\/wp-content\/uploads\/2022\/08\/SMINSTA-696x865.jpg 696w\" alt=\"\" width=\"824\" height=\"1024\" data-srcset=\"https:\/\/infonewss.com\/wp-content\/uploads\/2022\/08\/SMINSTA.jpg 824w, https:\/\/infonewss.com\/wp-content\/uploads\/2022\/08\/SMINSTA-241x300.jpg 241w, https:\/\/infonewss.com\/wp-content\/uploads\/2022\/08\/SMINSTA-768x954.jpg 768w, https:\/\/infonewss.com\/wp-content\/uploads\/2022\/08\/SMINSTA-150x186.jpg 150w, https:\/\/infonewss.com\/wp-content\/uploads\/2022\/08\/SMINSTA-300x373.jpg 300w, https:\/\/infonewss.com\/wp-content\/uploads\/2022\/08\/SMINSTA-696x865.jpg 696w\" data-src=\"https:\/\/infonewss.com\/wp-content\/uploads\/2022\/08\/SMINSTA.jpg\" data-sizes=\"(max-width: 824px) 100vw, 824px\" \/><figcaption id=\"caption-attachment-297836\" class=\"wp-caption-text\">Sa\u00fade de Sim\u00f5es \u2014 PI confirma primeira morte causada pela doen\u00e7a do tatu.<\/figcaption><\/figure>\n<p style=\"text-align: justify;\"><strong>Doen\u00e7a<\/strong><\/p>\n<p style=\"text-align: justify;\">A Paracoccidioidomicose (PCM) tem sua origem no ambiente pela inala\u00e7\u00e3o de esporos de um fungo que vive no solo, por isso chamado fungo geof\u00edlico, em alguns micronichos com condi\u00e7\u00f5es favor\u00e1veis \u00e0 sua prolifera\u00e7\u00e3o.<\/p>\n<p style=\"text-align: justify;\"><strong>Forma de cont\u00e1gio<\/strong><\/p>\n<p style=\"text-align: justify;\">O fungo fica depositado no tatu, animal silvestre muito consumido e comercializado e que, ao ser capturado por seres humanos, transmite a doen\u00e7a. Al\u00e9m do animal, determinados pontos do solo possuem o fungo.<\/p>\n<p style=\"text-align: justify;\"><strong>O que diz os \u00f3rg\u00e3os fiscalizadores<\/strong><\/p>\n<p style=\"text-align: justify;\">O IBAMA alerta para que a popula\u00e7\u00e3o n\u00e3o consuma carne de tatu, que pode provocar micose pulmonar e, de acordo com pesquisas nos Estados Unidos e Esp\u00edrito Santo, no Brasil, os bichos s\u00e3o dep\u00f3sitos de micr\u00f3bio transmissor da hansen\u00edase.<\/p>\n<p style=\"text-align: justify;\"><strong>Ca\u00e7a ilegal<\/strong><\/p>\n<p style=\"text-align: justify;\">No Piau\u00ed, \u00e9 comum, sobretudo nas estradas no Sul do Estado, o com\u00e9rcio ilegal de ca\u00e7as como o tatu e outros animais silvestres. O manejo e consumo do animal, al\u00e9m de crime ambiental, podem transmitir diversas doen\u00e7as para os seres humanos.<\/p>\n<p style=\"text-align: justify;\"><strong>FONTE: INFONEWSS<\/strong><\/p>\n","protected":false},"excerpt":{"rendered":"<p>O munic\u00edpio de Sim\u00f5es \u2014 PI, distante cerca de 450 quil\u00f4metros da Capital Teresina, confirmou, por meio de uma nota divulgada pela Secretaria Municipal de Sa\u00fade, a primeira morte causada pela \u201cparacoccidioidomicose\u201d tamb\u00e9m conhecida como a doen\u00e7a do tatu. A nota informa ainda, que al\u00e9m do \u00f3bito, mais duas pessoas foram acometidas pela doen\u00e7a e &hellip;<\/p>\n","protected":false},"author":2,"featured_media":42721,"comment_status":"open","ping_status":"open","sticky":false,"template":"","format":"standard","meta":{"content-type":"","rop_custom_images_group":[],"rop_custom_messages_group":[],"rop_publish_now":"initial","rop_publish_now_accounts":{"facebook_2648258775420054_1618374048415101":""},"rop_publish_now_history":[],"rop_publish_now_status":"pending","footnotes":"","_jetpack_memberships_contains_paid_content":false},"categories":[113,109],"tags":[14127,14128,14129,14130],"yoast_head":"<!-- This site is optimized with the Yoast SEO plugin v22.3 - https:\/\/yoast.com\/wordpress\/plugins\/seo\/ -->\n<title>Sa\u00fade de Sim\u00f5es \u2014 PI confirma primeira morte causada pela doen\u00e7a do tatu - Portal NPM<\/title>\n<meta name=\"robots\" content=\"index, follow, max-snippet:-1, max-image-preview:large, max-video-preview:-1\" \/>\n<link rel=\"canonical\" href=\"https:\/\/portalnpm.com\/index.php\/2022\/08\/23\/saude-de-simoes-pi-confirma-primeira-morte-causada-pela-doenca-do-tatu\/\" \/>\n<meta property=\"og:locale\" content=\"pt_BR\" \/>\n<meta property=\"og:type\" content=\"article\" \/>\n<meta property=\"og:title\" content=\"Sa\u00fade de Sim\u00f5es \u2014 PI confirma primeira morte causada pela doen\u00e7a do tatu - Portal NPM\" \/>\n<meta property=\"og:description\" content=\"O munic\u00edpio de Sim\u00f5es \u2014 PI, distante cerca de 450 quil\u00f4metros da Capital Teresina, confirmou, por meio de uma nota divulgada pela Secretaria Municipal de Sa\u00fade, a primeira morte causada pela \u201cparacoccidioidomicose\u201d tamb\u00e9m conhecida como a doen\u00e7a do tatu. A nota informa ainda, que al\u00e9m do \u00f3bito, mais duas pessoas foram acometidas pela doen\u00e7a e &hellip;\" \/>\n<meta property=\"og:url\" content=\"https:\/\/portalnpm.com\/index.php\/2022\/08\/23\/saude-de-simoes-pi-confirma-primeira-morte-causada-pela-doenca-do-tatu\/\" \/>\n<meta property=\"og:site_name\" content=\"Portal NPM\" \/>\n<meta property=\"article:published_time\" content=\"2022-08-23T23:08:43+00:00\" \/>\n<meta name=\"author\" content=\"Genival Barbosa\" \/>\n<meta name=\"twitter:card\" content=\"summary_large_image\" \/>\n<meta name=\"twitter:label1\" content=\"Escrito por\" \/>\n\t<meta name=\"twitter:data1\" content=\"Genival Barbosa\" \/>\n\t<meta name=\"twitter:label2\" content=\"Est. tempo de leitura\" \/>\n\t<meta name=\"twitter:data2\" content=\"2 minutos\" \/>\n<script type=\"application\/ld+json\" class=\"yoast-schema-graph\">{\"@context\":\"https:\/\/schema.org\",\"@graph\":[{\"@type\":\"WebPage\",\"@id\":\"https:\/\/portalnpm.com\/index.php\/2022\/08\/23\/saude-de-simoes-pi-confirma-primeira-morte-causada-pela-doenca-do-tatu\/\",\"url\":\"https:\/\/portalnpm.com\/index.php\/2022\/08\/23\/saude-de-simoes-pi-confirma-primeira-morte-causada-pela-doenca-do-tatu\/\",\"name\":\"Sa\u00fade de Sim\u00f5es \u2014 PI confirma primeira morte causada pela doen\u00e7a do tatu - Portal NPM\",\"isPartOf\":{\"@id\":\"https:\/\/portalnpm.com\/#website\"},\"primaryImageOfPage\":{\"@id\":\"https:\/\/portalnpm.com\/index.php\/2022\/08\/23\/saude-de-simoes-pi-confirma-primeira-morte-causada-pela-doenca-do-tatu\/#primaryimage\"},\"image\":{\"@id\":\"https:\/\/portalnpm.com\/index.php\/2022\/08\/23\/saude-de-simoes-pi-confirma-primeira-morte-causada-pela-doenca-do-tatu\/#primaryimage\"},\"thumbnailUrl\":\"\",\"datePublished\":\"2022-08-23T23:08:43+00:00\",\"dateModified\":\"2022-08-23T23:08:43+00:00\",\"author\":{\"@id\":\"https:\/\/portalnpm.com\/#\/schema\/person\/49313e563cfdefcc167f1ee4c017c294\"},\"breadcrumb\":{\"@id\":\"https:\/\/portalnpm.com\/index.php\/2022\/08\/23\/saude-de-simoes-pi-confirma-primeira-morte-causada-pela-doenca-do-tatu\/#breadcrumb\"},\"inLanguage\":\"pt-BR\",\"potentialAction\":[{\"@type\":\"ReadAction\",\"target\":[\"https:\/\/portalnpm.com\/index.php\/2022\/08\/23\/saude-de-simoes-pi-confirma-primeira-morte-causada-pela-doenca-do-tatu\/\"]}]},{\"@type\":\"ImageObject\",\"inLanguage\":\"pt-BR\",\"@id\":\"https:\/\/portalnpm.com\/index.php\/2022\/08\/23\/saude-de-simoes-pi-confirma-primeira-morte-causada-pela-doenca-do-tatu\/#primaryimage\",\"url\":\"\",\"contentUrl\":\"\"},{\"@type\":\"BreadcrumbList\",\"@id\":\"https:\/\/portalnpm.com\/index.php\/2022\/08\/23\/saude-de-simoes-pi-confirma-primeira-morte-causada-pela-doenca-do-tatu\/#breadcrumb\",\"itemListElement\":[{\"@type\":\"ListItem\",\"position\":1,\"name\":\"In\u00edcio\",\"item\":\"https:\/\/portalnpm.com\/\"},{\"@type\":\"ListItem\",\"position\":2,\"name\":\"Sa\u00fade de Sim\u00f5es \u2014 PI confirma primeira morte causada pela doen\u00e7a do tatu\"}]},{\"@type\":\"WebSite\",\"@id\":\"https:\/\/portalnpm.com\/#website\",\"url\":\"https:\/\/portalnpm.com\/\",\"name\":\"Portal NPM\",\"description\":\"Not\u00edcias em Primeira M\u00e3o\",\"potentialAction\":[{\"@type\":\"SearchAction\",\"target\":{\"@type\":\"EntryPoint\",\"urlTemplate\":\"https:\/\/portalnpm.com\/?s={search_term_string}\"},\"query-input\":\"required name=search_term_string\"}],\"inLanguage\":\"pt-BR\"},{\"@type\":\"Person\",\"@id\":\"https:\/\/portalnpm.com\/#\/schema\/person\/49313e563cfdefcc167f1ee4c017c294\",\"name\":\"Genival Barbosa\",\"image\":{\"@type\":\"ImageObject\",\"inLanguage\":\"pt-BR\",\"@id\":\"https:\/\/portalnpm.com\/#\/schema\/person\/image\/\",\"url\":\"https:\/\/portalnpm.com\/wp-content\/uploads\/2024\/02\/avatar_user_2_1707743258-96x96.jpeg\",\"contentUrl\":\"https:\/\/portalnpm.com\/wp-content\/uploads\/2024\/02\/avatar_user_2_1707743258-96x96.jpeg\",\"caption\":\"Genival Barbosa\"},\"url\":\"https:\/\/portalnpm.com\/index.php\/author\/genival\/\"}]}<\/script>\n<!-- \/ Yoast SEO plugin. -->","yoast_head_json":{"title":"Sa\u00fade de Sim\u00f5es \u2014 PI confirma primeira morte causada pela doen\u00e7a do tatu - Portal NPM","robots":{"index":"index","follow":"follow","max-snippet":"max-snippet:-1","max-image-preview":"max-image-preview:large","max-video-preview":"max-video-preview:-1"},"canonical":"https:\/\/portalnpm.com\/index.php\/2022\/08\/23\/saude-de-simoes-pi-confirma-primeira-morte-causada-pela-doenca-do-tatu\/","og_locale":"pt_BR","og_type":"article","og_title":"Sa\u00fade de Sim\u00f5es \u2014 PI confirma primeira morte causada pela doen\u00e7a do tatu - Portal NPM","og_description":"O munic\u00edpio de Sim\u00f5es \u2014 PI, distante cerca de 450 quil\u00f4metros da Capital Teresina, confirmou, por meio de uma nota divulgada pela Secretaria Municipal de Sa\u00fade, a primeira morte causada pela \u201cparacoccidioidomicose\u201d tamb\u00e9m conhecida como a doen\u00e7a do tatu. A nota informa ainda, que al\u00e9m do \u00f3bito, mais duas pessoas foram acometidas pela doen\u00e7a e &hellip;","og_url":"https:\/\/portalnpm.com\/index.php\/2022\/08\/23\/saude-de-simoes-pi-confirma-primeira-morte-causada-pela-doenca-do-tatu\/","og_site_name":"Portal NPM","article_published_time":"2022-08-23T23:08:43+00:00","author":"Genival Barbosa","twitter_card":"summary_large_image","twitter_misc":{"Escrito por":"Genival Barbosa","Est. tempo de leitura":"2 minutos"},"schema":{"@context":"https:\/\/schema.org","@graph":[{"@type":"WebPage","@id":"https:\/\/portalnpm.com\/index.php\/2022\/08\/23\/saude-de-simoes-pi-confirma-primeira-morte-causada-pela-doenca-do-tatu\/","url":"https:\/\/portalnpm.com\/index.php\/2022\/08\/23\/saude-de-simoes-pi-confirma-primeira-morte-causada-pela-doenca-do-tatu\/","name":"Sa\u00fade de Sim\u00f5es \u2014 PI confirma primeira morte causada pela doen\u00e7a do tatu - Portal NPM","isPartOf":{"@id":"https:\/\/portalnpm.com\/#website"},"primaryImageOfPage":{"@id":"https:\/\/portalnpm.com\/index.php\/2022\/08\/23\/saude-de-simoes-pi-confirma-primeira-morte-causada-pela-doenca-do-tatu\/#primaryimage"},"image":{"@id":"https:\/\/portalnpm.com\/index.php\/2022\/08\/23\/saude-de-simoes-pi-confirma-primeira-morte-causada-pela-doenca-do-tatu\/#primaryimage"},"thumbnailUrl":"","datePublished":"2022-08-23T23:08:43+00:00","dateModified":"2022-08-23T23:08:43+00:00","author":{"@id":"https:\/\/portalnpm.com\/#\/schema\/person\/49313e563cfdefcc167f1ee4c017c294"},"breadcrumb":{"@id":"https:\/\/portalnpm.com\/index.php\/2022\/08\/23\/saude-de-simoes-pi-confirma-primeira-morte-causada-pela-doenca-do-tatu\/#breadcrumb"},"inLanguage":"pt-BR","potentialAction":[{"@type":"ReadAction","target":["https:\/\/portalnpm.com\/index.php\/2022\/08\/23\/saude-de-simoes-pi-confirma-primeira-morte-causada-pela-doenca-do-tatu\/"]}]},{"@type":"ImageObject","inLanguage":"pt-BR","@id":"https:\/\/portalnpm.com\/index.php\/2022\/08\/23\/saude-de-simoes-pi-confirma-primeira-morte-causada-pela-doenca-do-tatu\/#primaryimage","url":"","contentUrl":""},{"@type":"BreadcrumbList","@id":"https:\/\/portalnpm.com\/index.php\/2022\/08\/23\/saude-de-simoes-pi-confirma-primeira-morte-causada-pela-doenca-do-tatu\/#breadcrumb","itemListElement":[{"@type":"ListItem","position":1,"name":"In\u00edcio","item":"https:\/\/portalnpm.com\/"},{"@type":"ListItem","position":2,"name":"Sa\u00fade de Sim\u00f5es \u2014 PI confirma primeira morte causada pela doen\u00e7a do tatu"}]},{"@type":"WebSite","@id":"https:\/\/portalnpm.com\/#website","url":"https:\/\/portalnpm.com\/","name":"Portal NPM","description":"Not\u00edcias em Primeira M\u00e3o","potentialAction":[{"@type":"SearchAction","target":{"@type":"EntryPoint","urlTemplate":"https:\/\/portalnpm.com\/?s={search_term_string}"},"query-input":"required name=search_term_string"}],"inLanguage":"pt-BR"},{"@type":"Person","@id":"https:\/\/portalnpm.com\/#\/schema\/person\/49313e563cfdefcc167f1ee4c017c294","name":"Genival Barbosa","image":{"@type":"ImageObject","inLanguage":"pt-BR","@id":"https:\/\/portalnpm.com\/#\/schema\/person\/image\/","url":"https:\/\/portalnpm.com\/wp-content\/uploads\/2024\/02\/avatar_user_2_1707743258-96x96.jpeg","contentUrl":"https:\/\/portalnpm.com\/wp-content\/uploads\/2024\/02\/avatar_user_2_1707743258-96x96.jpeg","caption":"Genival Barbosa"},"url":"https:\/\/portalnpm.com\/index.php\/author\/genival\/"}]}},"jetpack_sharing_enabled":true,"jetpack_featured_media_url":"","_links":{"self":[{"href":"https:\/\/portalnpm.com\/index.php\/wp-json\/wp\/v2\/posts\/42720"}],"collection":[{"href":"https:\/\/portalnpm.com\/index.php\/wp-json\/wp\/v2\/posts"}],"about":[{"href":"https:\/\/portalnpm.com\/index.php\/wp-json\/wp\/v2\/types\/post"}],"author":[{"embeddable":true,"href":"https:\/\/portalnpm.com\/index.php\/wp-json\/wp\/v2\/users\/2"}],"replies":[{"embeddable":true,"href":"https:\/\/portalnpm.com\/index.php\/wp-json\/wp\/v2\/comments?post=42720"}],"version-history":[{"count":0,"href":"https:\/\/portalnpm.com\/index.php\/wp-json\/wp\/v2\/posts\/42720\/revisions"}],"wp:featuredmedia":[{"embeddable":true,"href":"https:\/\/portalnpm.com\/index.php\/wp-json\/"}],"wp:attachment":[{"href":"https:\/\/portalnpm.com\/index.php\/wp-json\/wp\/v2\/media?parent=42720"}],"wp:term":[{"taxonomy":"category","embeddable":true,"href":"https:\/\/portalnpm.com\/index.php\/wp-json\/wp\/v2\/categories?post=42720"},{"taxonomy":"post_tag","embeddable":true,"href":"https:\/\/portalnpm.com\/index.php\/wp-json\/wp\/v2\/tags?post=42720"}],"curies":[{"name":"wp","href":"https:\/\/api.w.org\/{rel}","templated":true}]}}