{"id":42749,"date":"2022-08-25T17:01:19","date_gmt":"2022-08-25T20:01:19","guid":{"rendered":"https:\/\/portalnpm.com\/?p=42749"},"modified":"2022-08-25T17:01:19","modified_gmt":"2022-08-25T20:01:19","slug":"portal-npm-faz-levantamento-e-mostra-como-vota-os-lideres-politicos-de-sao-juliao-nas-eleicoes-de-2022","status":"publish","type":"post","link":"https:\/\/portalnpm.com\/index.php\/2022\/08\/25\/portal-npm-faz-levantamento-e-mostra-como-vota-os-lideres-politicos-de-sao-juliao-nas-eleicoes-de-2022\/","title":{"rendered":"Portal NPM faz levantamento e mostra como vota os l\u00edderes pol\u00edticos de S\u00e3o Juli\u00e3o nas elei\u00e7\u00f5es de 2022"},"content":{"rendered":"<blockquote><p><em>O grupo da oposi\u00e7\u00e3o no munic\u00edpio vota nos candidatos Wellington Dias (senador), Rafael Fonteles (governador) e Lula (presidente). Enquanto o grupo da situa\u00e7\u00e3o, vota em Joel Rodrigues, S\u00edlvio Mendes e Bolsonaro<\/em><\/p><\/blockquote>\n<p style=\"text-align: justify;\">Faltando menos de 40 dias para as elei\u00e7\u00f5es gerais, onde os brasileiros v\u00e3o as urnas votar para Deputado Estadual, Deputado Federal, Senador, Governador e Presidente da Rep\u00fablica, o <a href=\"http:\/\/www.portalnpm.com\">PORTAL NPM<\/a> fez um levantamento e mostrar\u00e1 como vota os l\u00edderes pol\u00edticos do munic\u00edpio de S\u00e3o Juli\u00e3o &#8211; PI, cidade localizada na regi\u00e3o do Vale do Guaribas.<\/p>\n<p style=\"text-align: justify;\">O deputado estadual Franz\u00e9 Silva e a deputada federal Rejane Dias, ambos do PT, ter\u00e3o o apoio do grupo pol\u00edtico do ex-prefeito Jos\u00e9 Neci, que tem ainda o vereador N\u00e9 Rocha, ambos do PT, al\u00e9m de suplentes de vereadores do respectivo partido. O grupo vota ainda no ex-governador Wellington Dias (PT), para senador; Rafael Fonteles (PT), para governador e Lula (PT), para presidente.<\/p>\n<p style=\"text-align: justify;\">O vereador e presidente da C\u00e2mara Municipal, Edisaldo Rocha (PSB), vota em Georgiano Neto (MDB), para deputado estadual e em Jadyel da Jupi (PV), para deputado federal, al\u00e9m de Wellington Dias, Rafael Fonteles e Lula, candidatos a senador, governador e presidente, respectivamente.<\/p>\n<p style=\"text-align: justify;\">Ainda no campo da oposi\u00e7\u00e3o, o ex-prefeito Francimar Pereira (PP), junto com os vereadores Renaldinho (PP), Guaran\u00e1 e Tico dos Pipas, ambos do PT, al\u00e9m de suplentes de vereadores do grupo, votam para deputado estadual em Aldo Gil (PP), ex-secret\u00e1rio de Sa\u00fade de Picos e filho do atual prefeito Gil Paraibano. Para deputado federal, o grupo vota no atual senador e ex-prefeito de Teresina, Elmano F\u00e9rrer (PP), al\u00e9m de Wellington Dias (senador), Rafael Fonteles (governador) e Lula (presidente).<\/p>\n<p style=\"text-align: justify;\">O ex-vereador e ex-candidato a vice-prefeito de S\u00e3o Juli\u00e3o nas elei\u00e7\u00f5es de 2020 pela oposi\u00e7\u00e3o, Leureny Sobrinho (PSDB), junto com a sua esposa, a ex-vereadora Ant\u00f4nia do Leu, votam no deputado estadual Marden Menezes (PP) e para deputado federal em Elmano F\u00e9rrer (PP), al\u00e9m de Wellington Dias (senador), Rafael Fonteles (governador) e Lula (presidente).<\/p>\n<p style=\"text-align: justify;\">O grupo da situa\u00e7\u00e3o, liderado pelo prefeito Dr. Samuel e pelo vice-prefeito Dr. Leonardo Rocha, ambos do PP, al\u00e9m dos vereadores Jo\u00e3o Neto e Gracieuda Lopes, ambos do PSB, votam para deputado estadual em Severo Eul\u00e1lio (MDB), em Atila Filho (PP), para deputado federal; em Joel Rodrigues (PP), senador; S\u00edlvio Mendes (Uni\u00e3o Brasil), governador e Bolsonaro (PL), presidente. Ainda no grupo, o vereador Acelino da Regina (PSB), vota no deputado estadual Lima (PT), o restante dos cargos o parlamentar segue a orienta\u00e7\u00e3o do prefeito Dr. Samuel. Al\u00e9m dos pol\u00edticos acima citados, o grupo tem ainda suplentes de vereadores e lideran\u00e7as pol\u00edticas. O ex-governador e candidato a deputado federal Wilson Martins (PT), recebe tamb\u00e9m apoios por parte do grupo.<\/p>\n<p style=\"text-align: justify;\">A nossa reda\u00e7\u00e3o entrou em contato com o vereador J\u00fanior Rocha (PSB), o l\u00edder pol\u00edtico Karol Rocha (PSD) e o ex vice-prefeito Sodson Rocha (Cidadania), mas at\u00e9 o fechamento dessa mat\u00e9ria n\u00e3o obtivemos resposta.<\/p>\n<p style=\"text-align: justify;\">Agradecemos a colabora\u00e7\u00e3o, com as informa\u00e7\u00f5es, ao l\u00edder pol\u00edtico <strong><em>Bruno Liberato<\/em><\/strong> (PT) e ao vereador <strong><em>Jo\u00e3o Neto<\/em><\/strong> (PSB).<\/p>\n","protected":false},"excerpt":{"rendered":"<p>O grupo da oposi\u00e7\u00e3o no munic\u00edpio vota nos candidatos Wellington Dias (senador), Rafael Fonteles (governador) e Lula (presidente). Enquanto o grupo da situa\u00e7\u00e3o, vota em Joel Rodrigues, S\u00edlvio Mendes e Bolsonaro Faltando menos de 40 dias para as elei\u00e7\u00f5es gerais, onde os brasileiros v\u00e3o as urnas votar para Deputado Estadual, Deputado Federal, Senador, Governador e &hellip;<\/p>\n","protected":false},"author":3,"featured_media":42750,"comment_status":"open","ping_status":"open","sticky":false,"template":"","format":"standard","meta":{"content-type":"","rop_custom_images_group":[],"rop_custom_messages_group":[],"rop_publish_now":"initial","rop_publish_now_accounts":{"facebook_2648258775420054_1618374048415101":""},"rop_publish_now_history":[],"rop_publish_now_status":"pending","footnotes":"","_jetpack_memberships_contains_paid_content":false},"categories":[113,109,130,136],"tags":[],"yoast_head":"<!-- This site is optimized with the Yoast SEO plugin v22.3 - https:\/\/yoast.com\/wordpress\/plugins\/seo\/ -->\n<title>Portal NPM faz levantamento e mostra como vota os l\u00edderes pol\u00edticos de S\u00e3o Juli\u00e3o nas elei\u00e7\u00f5es de 2022 - Portal NPM<\/title>\n<meta name=\"robots\" content=\"index, follow, max-snippet:-1, max-image-preview:large, max-video-preview:-1\" \/>\n<link rel=\"canonical\" href=\"https:\/\/portalnpm.com\/index.php\/2022\/08\/25\/portal-npm-faz-levantamento-e-mostra-como-vota-os-lideres-politicos-de-sao-juliao-nas-eleicoes-de-2022\/\" \/>\n<meta property=\"og:locale\" content=\"pt_BR\" \/>\n<meta property=\"og:type\" content=\"article\" \/>\n<meta property=\"og:title\" content=\"Portal NPM faz levantamento e mostra como vota os l\u00edderes pol\u00edticos de S\u00e3o Juli\u00e3o nas elei\u00e7\u00f5es de 2022 - Portal NPM\" \/>\n<meta property=\"og:description\" content=\"O grupo da oposi\u00e7\u00e3o no munic\u00edpio vota nos candidatos Wellington Dias (senador), Rafael Fonteles (governador) e Lula (presidente). Enquanto o grupo da situa\u00e7\u00e3o, vota em Joel Rodrigues, S\u00edlvio Mendes e Bolsonaro Faltando menos de 40 dias para as elei\u00e7\u00f5es gerais, onde os brasileiros v\u00e3o as urnas votar para Deputado Estadual, Deputado Federal, Senador, Governador e &hellip;\" \/>\n<meta property=\"og:url\" content=\"https:\/\/portalnpm.com\/index.php\/2022\/08\/25\/portal-npm-faz-levantamento-e-mostra-como-vota-os-lideres-politicos-de-sao-juliao-nas-eleicoes-de-2022\/\" \/>\n<meta property=\"og:site_name\" content=\"Portal NPM\" \/>\n<meta property=\"article:published_time\" content=\"2022-08-25T20:01:19+00:00\" \/>\n<meta name=\"author\" content=\"Luis Alberto\" \/>\n<meta name=\"twitter:card\" content=\"summary_large_image\" \/>\n<meta name=\"twitter:label1\" content=\"Escrito por\" \/>\n\t<meta name=\"twitter:data1\" content=\"Luis Alberto\" \/>\n\t<meta name=\"twitter:label2\" content=\"Est. tempo de leitura\" \/>\n\t<meta name=\"twitter:data2\" content=\"3 minutos\" \/>\n<script type=\"application\/ld+json\" class=\"yoast-schema-graph\">{\"@context\":\"https:\/\/schema.org\",\"@graph\":[{\"@type\":\"WebPage\",\"@id\":\"https:\/\/portalnpm.com\/index.php\/2022\/08\/25\/portal-npm-faz-levantamento-e-mostra-como-vota-os-lideres-politicos-de-sao-juliao-nas-eleicoes-de-2022\/\",\"url\":\"https:\/\/portalnpm.com\/index.php\/2022\/08\/25\/portal-npm-faz-levantamento-e-mostra-como-vota-os-lideres-politicos-de-sao-juliao-nas-eleicoes-de-2022\/\",\"name\":\"Portal NPM faz levantamento e mostra como vota os l\u00edderes pol\u00edticos de S\u00e3o Juli\u00e3o nas elei\u00e7\u00f5es de 2022 - Portal NPM\",\"isPartOf\":{\"@id\":\"https:\/\/portalnpm.com\/#website\"},\"primaryImageOfPage\":{\"@id\":\"https:\/\/portalnpm.com\/index.php\/2022\/08\/25\/portal-npm-faz-levantamento-e-mostra-como-vota-os-lideres-politicos-de-sao-juliao-nas-eleicoes-de-2022\/#primaryimage\"},\"image\":{\"@id\":\"https:\/\/portalnpm.com\/index.php\/2022\/08\/25\/portal-npm-faz-levantamento-e-mostra-como-vota-os-lideres-politicos-de-sao-juliao-nas-eleicoes-de-2022\/#primaryimage\"},\"thumbnailUrl\":\"\",\"datePublished\":\"2022-08-25T20:01:19+00:00\",\"dateModified\":\"2022-08-25T20:01:19+00:00\",\"author\":{\"@id\":\"https:\/\/portalnpm.com\/#\/schema\/person\/5c8006acdf71774cd4e7a5ab98482152\"},\"breadcrumb\":{\"@id\":\"https:\/\/portalnpm.com\/index.php\/2022\/08\/25\/portal-npm-faz-levantamento-e-mostra-como-vota-os-lideres-politicos-de-sao-juliao-nas-eleicoes-de-2022\/#breadcrumb\"},\"inLanguage\":\"pt-BR\",\"potentialAction\":[{\"@type\":\"ReadAction\",\"target\":[\"https:\/\/portalnpm.com\/index.php\/2022\/08\/25\/portal-npm-faz-levantamento-e-mostra-como-vota-os-lideres-politicos-de-sao-juliao-nas-eleicoes-de-2022\/\"]}]},{\"@type\":\"ImageObject\",\"inLanguage\":\"pt-BR\",\"@id\":\"https:\/\/portalnpm.com\/index.php\/2022\/08\/25\/portal-npm-faz-levantamento-e-mostra-como-vota-os-lideres-politicos-de-sao-juliao-nas-eleicoes-de-2022\/#primaryimage\",\"url\":\"\",\"contentUrl\":\"\"},{\"@type\":\"BreadcrumbList\",\"@id\":\"https:\/\/portalnpm.com\/index.php\/2022\/08\/25\/portal-npm-faz-levantamento-e-mostra-como-vota-os-lideres-politicos-de-sao-juliao-nas-eleicoes-de-2022\/#breadcrumb\",\"itemListElement\":[{\"@type\":\"ListItem\",\"position\":1,\"name\":\"In\u00edcio\",\"item\":\"https:\/\/portalnpm.com\/\"},{\"@type\":\"ListItem\",\"position\":2,\"name\":\"Portal NPM faz levantamento e mostra como vota os l\u00edderes pol\u00edticos de S\u00e3o Juli\u00e3o nas elei\u00e7\u00f5es de 2022\"}]},{\"@type\":\"WebSite\",\"@id\":\"https:\/\/portalnpm.com\/#website\",\"url\":\"https:\/\/portalnpm.com\/\",\"name\":\"Portal NPM\",\"description\":\"Not\u00edcias em Primeira M\u00e3o\",\"potentialAction\":[{\"@type\":\"SearchAction\",\"target\":{\"@type\":\"EntryPoint\",\"urlTemplate\":\"https:\/\/portalnpm.com\/?s={search_term_string}\"},\"query-input\":\"required name=search_term_string\"}],\"inLanguage\":\"pt-BR\"},{\"@type\":\"Person\",\"@id\":\"https:\/\/portalnpm.com\/#\/schema\/person\/5c8006acdf71774cd4e7a5ab98482152\",\"name\":\"Luis Alberto\",\"image\":{\"@type\":\"ImageObject\",\"inLanguage\":\"pt-BR\",\"@id\":\"https:\/\/portalnpm.com\/#\/schema\/person\/image\/\",\"url\":\"https:\/\/portalnpm.com\/wp-content\/uploads\/2024\/12\/avatar_user_3_1734699769-96x96.jpeg\",\"contentUrl\":\"https:\/\/portalnpm.com\/wp-content\/uploads\/2024\/12\/avatar_user_3_1734699769-96x96.jpeg\",\"caption\":\"Luis Alberto\"},\"description\":\"Editor-geral do Portal NPM, \u00e9 formado como T\u00e9cnico em Seguran\u00e7a do Trabalho pela Escola Metropolitana de Cursos T\u00e9cnicos. Det\u00e9m ainda licenciatura em Educa\u00e7\u00e3o F\u00edsica e bacharelado em Ci\u00eancias Pol\u00edticas, ambos obtidos pela institui\u00e7\u00e3o Anhanguera\/UNOPAR.\",\"url\":\"https:\/\/portalnpm.com\/index.php\/author\/pereira\/\"}]}<\/script>\n<!-- \/ Yoast SEO plugin. -->","yoast_head_json":{"title":"Portal NPM faz levantamento e mostra como vota os l\u00edderes pol\u00edticos de S\u00e3o Juli\u00e3o nas elei\u00e7\u00f5es de 2022 - Portal NPM","robots":{"index":"index","follow":"follow","max-snippet":"max-snippet:-1","max-image-preview":"max-image-preview:large","max-video-preview":"max-video-preview:-1"},"canonical":"https:\/\/portalnpm.com\/index.php\/2022\/08\/25\/portal-npm-faz-levantamento-e-mostra-como-vota-os-lideres-politicos-de-sao-juliao-nas-eleicoes-de-2022\/","og_locale":"pt_BR","og_type":"article","og_title":"Portal NPM faz levantamento e mostra como vota os l\u00edderes pol\u00edticos de S\u00e3o Juli\u00e3o nas elei\u00e7\u00f5es de 2022 - Portal NPM","og_description":"O grupo da oposi\u00e7\u00e3o no munic\u00edpio vota nos candidatos Wellington Dias (senador), Rafael Fonteles (governador) e Lula (presidente). Enquanto o grupo da situa\u00e7\u00e3o, vota em Joel Rodrigues, S\u00edlvio Mendes e Bolsonaro Faltando menos de 40 dias para as elei\u00e7\u00f5es gerais, onde os brasileiros v\u00e3o as urnas votar para Deputado Estadual, Deputado Federal, Senador, Governador e &hellip;","og_url":"https:\/\/portalnpm.com\/index.php\/2022\/08\/25\/portal-npm-faz-levantamento-e-mostra-como-vota-os-lideres-politicos-de-sao-juliao-nas-eleicoes-de-2022\/","og_site_name":"Portal NPM","article_published_time":"2022-08-25T20:01:19+00:00","author":"Luis Alberto","twitter_card":"summary_large_image","twitter_misc":{"Escrito por":"Luis Alberto","Est. tempo de leitura":"3 minutos"},"schema":{"@context":"https:\/\/schema.org","@graph":[{"@type":"WebPage","@id":"https:\/\/portalnpm.com\/index.php\/2022\/08\/25\/portal-npm-faz-levantamento-e-mostra-como-vota-os-lideres-politicos-de-sao-juliao-nas-eleicoes-de-2022\/","url":"https:\/\/portalnpm.com\/index.php\/2022\/08\/25\/portal-npm-faz-levantamento-e-mostra-como-vota-os-lideres-politicos-de-sao-juliao-nas-eleicoes-de-2022\/","name":"Portal NPM faz levantamento e mostra como vota os l\u00edderes pol\u00edticos de S\u00e3o Juli\u00e3o nas elei\u00e7\u00f5es de 2022 - Portal NPM","isPartOf":{"@id":"https:\/\/portalnpm.com\/#website"},"primaryImageOfPage":{"@id":"https:\/\/portalnpm.com\/index.php\/2022\/08\/25\/portal-npm-faz-levantamento-e-mostra-como-vota-os-lideres-politicos-de-sao-juliao-nas-eleicoes-de-2022\/#primaryimage"},"image":{"@id":"https:\/\/portalnpm.com\/index.php\/2022\/08\/25\/portal-npm-faz-levantamento-e-mostra-como-vota-os-lideres-politicos-de-sao-juliao-nas-eleicoes-de-2022\/#primaryimage"},"thumbnailUrl":"","datePublished":"2022-08-25T20:01:19+00:00","dateModified":"2022-08-25T20:01:19+00:00","author":{"@id":"https:\/\/portalnpm.com\/#\/schema\/person\/5c8006acdf71774cd4e7a5ab98482152"},"breadcrumb":{"@id":"https:\/\/portalnpm.com\/index.php\/2022\/08\/25\/portal-npm-faz-levantamento-e-mostra-como-vota-os-lideres-politicos-de-sao-juliao-nas-eleicoes-de-2022\/#breadcrumb"},"inLanguage":"pt-BR","potentialAction":[{"@type":"ReadAction","target":["https:\/\/portalnpm.com\/index.php\/2022\/08\/25\/portal-npm-faz-levantamento-e-mostra-como-vota-os-lideres-politicos-de-sao-juliao-nas-eleicoes-de-2022\/"]}]},{"@type":"ImageObject","inLanguage":"pt-BR","@id":"https:\/\/portalnpm.com\/index.php\/2022\/08\/25\/portal-npm-faz-levantamento-e-mostra-como-vota-os-lideres-politicos-de-sao-juliao-nas-eleicoes-de-2022\/#primaryimage","url":"","contentUrl":""},{"@type":"BreadcrumbList","@id":"https:\/\/portalnpm.com\/index.php\/2022\/08\/25\/portal-npm-faz-levantamento-e-mostra-como-vota-os-lideres-politicos-de-sao-juliao-nas-eleicoes-de-2022\/#breadcrumb","itemListElement":[{"@type":"ListItem","position":1,"name":"In\u00edcio","item":"https:\/\/portalnpm.com\/"},{"@type":"ListItem","position":2,"name":"Portal NPM faz levantamento e mostra como vota os l\u00edderes pol\u00edticos de S\u00e3o Juli\u00e3o nas elei\u00e7\u00f5es de 2022"}]},{"@type":"WebSite","@id":"https:\/\/portalnpm.com\/#website","url":"https:\/\/portalnpm.com\/","name":"Portal NPM","description":"Not\u00edcias em Primeira M\u00e3o","potentialAction":[{"@type":"SearchAction","target":{"@type":"EntryPoint","urlTemplate":"https:\/\/portalnpm.com\/?s={search_term_string}"},"query-input":"required name=search_term_string"}],"inLanguage":"pt-BR"},{"@type":"Person","@id":"https:\/\/portalnpm.com\/#\/schema\/person\/5c8006acdf71774cd4e7a5ab98482152","name":"Luis Alberto","image":{"@type":"ImageObject","inLanguage":"pt-BR","@id":"https:\/\/portalnpm.com\/#\/schema\/person\/image\/","url":"https:\/\/portalnpm.com\/wp-content\/uploads\/2024\/12\/avatar_user_3_1734699769-96x96.jpeg","contentUrl":"https:\/\/portalnpm.com\/wp-content\/uploads\/2024\/12\/avatar_user_3_1734699769-96x96.jpeg","caption":"Luis Alberto"},"description":"Editor-geral do Portal NPM, \u00e9 formado como T\u00e9cnico em Seguran\u00e7a do Trabalho pela Escola Metropolitana de Cursos T\u00e9cnicos. Det\u00e9m ainda licenciatura em Educa\u00e7\u00e3o F\u00edsica e bacharelado em Ci\u00eancias Pol\u00edticas, ambos obtidos pela institui\u00e7\u00e3o Anhanguera\/UNOPAR.","url":"https:\/\/portalnpm.com\/index.php\/author\/pereira\/"}]}},"jetpack_sharing_enabled":true,"jetpack_featured_media_url":"","_links":{"self":[{"href":"https:\/\/portalnpm.com\/index.php\/wp-json\/wp\/v2\/posts\/42749"}],"collection":[{"href":"https:\/\/portalnpm.com\/index.php\/wp-json\/wp\/v2\/posts"}],"about":[{"href":"https:\/\/portalnpm.com\/index.php\/wp-json\/wp\/v2\/types\/post"}],"author":[{"embeddable":true,"href":"https:\/\/portalnpm.com\/index.php\/wp-json\/wp\/v2\/users\/3"}],"replies":[{"embeddable":true,"href":"https:\/\/portalnpm.com\/index.php\/wp-json\/wp\/v2\/comments?post=42749"}],"version-history":[{"count":0,"href":"https:\/\/portalnpm.com\/index.php\/wp-json\/wp\/v2\/posts\/42749\/revisions"}],"wp:featuredmedia":[{"embeddable":true,"href":"https:\/\/portalnpm.com\/index.php\/wp-json\/"}],"wp:attachment":[{"href":"https:\/\/portalnpm.com\/index.php\/wp-json\/wp\/v2\/media?parent=42749"}],"wp:term":[{"taxonomy":"category","embeddable":true,"href":"https:\/\/portalnpm.com\/index.php\/wp-json\/wp\/v2\/categories?post=42749"},{"taxonomy":"post_tag","embeddable":true,"href":"https:\/\/portalnpm.com\/index.php\/wp-json\/wp\/v2\/tags?post=42749"}],"curies":[{"name":"wp","href":"https:\/\/api.w.org\/{rel}","templated":true}]}}