{"id":42773,"date":"2022-08-27T18:08:21","date_gmt":"2022-08-27T21:08:21","guid":{"rendered":"https:\/\/portalnpm.com\/?p=42773"},"modified":"2022-08-27T18:08:21","modified_gmt":"2022-08-27T21:08:21","slug":"conta-de-luz-continuara-com-bandeira-verde-em-setembro","status":"publish","type":"post","link":"https:\/\/portalnpm.com\/index.php\/2022\/08\/27\/conta-de-luz-continuara-com-bandeira-verde-em-setembro\/","title":{"rendered":"Conta de luz continuar\u00e1 com bandeira verde em setembro"},"content":{"rendered":"<p style=\"text-align: justify;\">A Aneel (Ag\u00eancia Nacional de Energia El\u00e9trica) anunciou nesta sexta-feira (26) que manter\u00e1 a bandeira tarif\u00e1ria verde, sem acr\u00e9scimos \u00e0 tarifa de energia, para todos os consumidores no m\u00eas de setembro.<\/p>\n<p style=\"text-align: justify;\">\n<p style=\"text-align: justify;\">\n<p style=\"text-align: justify;\">A ag\u00eancia afirma que a manuten\u00e7\u00e3o da bandeira reflete boas condi\u00e7\u00f5es de gera\u00e7\u00e3o de energia el\u00e9trica, mesmo considerando previs\u00e3o de crescimento do consumo de energia no pa\u00eds. \u00c9 o quinto an\u00fancio de tarifa verde desde o fim da bandeira escassez h\u00eddrica, que durou de setembro de 2021 at\u00e9 abril deste ano.<\/p>\n<p style=\"text-align: justify;\">Para os consumidores benefici\u00e1rios da tarifa social, que n\u00e3o precisaram pagar a bandeira escassez h\u00eddrica, a bandeira verde \u00e9 v\u00e1lida desde dezembro de 2021. Antes disso, esses consumidores pagavam a tarifa amarela. A mudan\u00e7a representou uma diminui\u00e7\u00e3o de R$ 1,87 para cada 100 kWh gastos.<\/p>\n<p style=\"text-align: justify;\">Podem se beneficiar da tarifa social as fam\u00edlias que estejam inseridas no Cad\u00danico, do governo federal, e tenham renda por pessoa de at\u00e9 meio sal\u00e1rio m\u00ednimo por m\u00eas (R$ 606).<\/p>\n<p style=\"text-align: justify;\">Quem recebe o BPC (Benef\u00edcio de Presta\u00e7\u00e3o Continuada), benef\u00edcio do INSS (Instituto Nacional do Seguro Social) destinado a idosos a partir de 65 anos ou portadores de defici\u00eancia em situa\u00e7\u00e3o de miserabilidade, tamb\u00e9m tem direito \u00e0 tarifa social.<\/p>\n<p style=\"text-align: justify;\">Al\u00e9m disso, fam\u00edlias com renda mensal total de at\u00e9 tr\u00eas sal\u00e1rios m\u00ednimos (R$ 3.636) que tenham membros com doen\u00e7as ou defici\u00eancias cujo tratamento m\u00e9dico depende de equipamentos que demandem consumo de energia podem solicitar a inclus\u00e3o no programa.<\/p>\n<p style=\"text-align: justify;\">O QUE S\u00c3O AS BANDEIRAS TARIF\u00c1RIAS?<\/p>\n<p style=\"text-align: justify;\">O sistema de bandeiras tarif\u00e1rias foi adotado em 2015 para indicar, na conta de luz, os custos da gera\u00e7\u00e3o de energia el\u00e9trica. As tr\u00eas cores usadas nas bandeiras -verde, amarela ou vermelha- imitam o alerta de um sem\u00e1foro para sinalizar o n\u00edvel de pre\u00e7o para se manter a oferta de energia.<\/p>\n<p style=\"text-align: justify;\">As tarifas de energia e as bandeiras n\u00e3o s\u00e3o a mesma coisa. As tarifas s\u00e3o a maior parte da conta de luz e servem para cobrir os custos de gera\u00e7\u00e3o, transmiss\u00e3o e distribui\u00e7\u00e3o da energia el\u00e9trica, al\u00e9m dos encargos setoriais. J\u00e1 as bandeiras refletem os custos da gera\u00e7\u00e3o, que s\u00e3o vari\u00e1veis de acordo com a fonte.<\/p>\n<p style=\"text-align: justify;\">\n<p style=\"text-align: justify;\"><em>Fonte: Folhapress\u00a0<\/em><\/p>\n","protected":false},"excerpt":{"rendered":"<p>A Aneel (Ag\u00eancia Nacional de Energia El\u00e9trica) anunciou nesta sexta-feira (26) que manter\u00e1 a bandeira tarif\u00e1ria verde, sem acr\u00e9scimos \u00e0 tarifa de energia, para todos os consumidores no m\u00eas de setembro. A ag\u00eancia afirma que a manuten\u00e7\u00e3o da bandeira reflete boas condi\u00e7\u00f5es de gera\u00e7\u00e3o de energia el\u00e9trica, mesmo considerando previs\u00e3o de crescimento do consumo de &hellip;<\/p>\n","protected":false},"author":2,"featured_media":42774,"comment_status":"open","ping_status":"open","sticky":false,"template":"","format":"standard","meta":{"content-type":"","rop_custom_images_group":[],"rop_custom_messages_group":[],"rop_publish_now":"initial","rop_publish_now_accounts":{"facebook_2648258775420054_1618374048415101":""},"rop_publish_now_history":[],"rop_publish_now_status":"pending","footnotes":"","_jetpack_memberships_contains_paid_content":false},"categories":[113],"tags":[1812,1815],"yoast_head":"<!-- This site is optimized with the Yoast SEO plugin v22.3 - https:\/\/yoast.com\/wordpress\/plugins\/seo\/ -->\n<title>Conta de luz continuar\u00e1 com bandeira verde em setembro - Portal NPM<\/title>\n<meta name=\"robots\" content=\"index, follow, max-snippet:-1, max-image-preview:large, max-video-preview:-1\" \/>\n<link rel=\"canonical\" href=\"https:\/\/portalnpm.com\/index.php\/2022\/08\/27\/conta-de-luz-continuara-com-bandeira-verde-em-setembro\/\" \/>\n<meta property=\"og:locale\" content=\"pt_BR\" \/>\n<meta property=\"og:type\" content=\"article\" \/>\n<meta property=\"og:title\" content=\"Conta de luz continuar\u00e1 com bandeira verde em setembro - Portal NPM\" \/>\n<meta property=\"og:description\" content=\"A Aneel (Ag\u00eancia Nacional de Energia El\u00e9trica) anunciou nesta sexta-feira (26) que manter\u00e1 a bandeira tarif\u00e1ria verde, sem acr\u00e9scimos \u00e0 tarifa de energia, para todos os consumidores no m\u00eas de setembro. A ag\u00eancia afirma que a manuten\u00e7\u00e3o da bandeira reflete boas condi\u00e7\u00f5es de gera\u00e7\u00e3o de energia el\u00e9trica, mesmo considerando previs\u00e3o de crescimento do consumo de &hellip;\" \/>\n<meta property=\"og:url\" content=\"https:\/\/portalnpm.com\/index.php\/2022\/08\/27\/conta-de-luz-continuara-com-bandeira-verde-em-setembro\/\" \/>\n<meta property=\"og:site_name\" content=\"Portal NPM\" \/>\n<meta property=\"article:published_time\" content=\"2022-08-27T21:08:21+00:00\" \/>\n<meta name=\"author\" content=\"Genival Barbosa\" \/>\n<meta name=\"twitter:card\" content=\"summary_large_image\" \/>\n<meta name=\"twitter:label1\" content=\"Escrito por\" \/>\n\t<meta name=\"twitter:data1\" content=\"Genival Barbosa\" \/>\n\t<meta name=\"twitter:label2\" content=\"Est. tempo de leitura\" \/>\n\t<meta name=\"twitter:data2\" content=\"2 minutos\" \/>\n<script type=\"application\/ld+json\" class=\"yoast-schema-graph\">{\"@context\":\"https:\/\/schema.org\",\"@graph\":[{\"@type\":\"WebPage\",\"@id\":\"https:\/\/portalnpm.com\/index.php\/2022\/08\/27\/conta-de-luz-continuara-com-bandeira-verde-em-setembro\/\",\"url\":\"https:\/\/portalnpm.com\/index.php\/2022\/08\/27\/conta-de-luz-continuara-com-bandeira-verde-em-setembro\/\",\"name\":\"Conta de luz continuar\u00e1 com bandeira verde em setembro - Portal NPM\",\"isPartOf\":{\"@id\":\"https:\/\/portalnpm.com\/#website\"},\"primaryImageOfPage\":{\"@id\":\"https:\/\/portalnpm.com\/index.php\/2022\/08\/27\/conta-de-luz-continuara-com-bandeira-verde-em-setembro\/#primaryimage\"},\"image\":{\"@id\":\"https:\/\/portalnpm.com\/index.php\/2022\/08\/27\/conta-de-luz-continuara-com-bandeira-verde-em-setembro\/#primaryimage\"},\"thumbnailUrl\":\"\",\"datePublished\":\"2022-08-27T21:08:21+00:00\",\"dateModified\":\"2022-08-27T21:08:21+00:00\",\"author\":{\"@id\":\"https:\/\/portalnpm.com\/#\/schema\/person\/49313e563cfdefcc167f1ee4c017c294\"},\"breadcrumb\":{\"@id\":\"https:\/\/portalnpm.com\/index.php\/2022\/08\/27\/conta-de-luz-continuara-com-bandeira-verde-em-setembro\/#breadcrumb\"},\"inLanguage\":\"pt-BR\",\"potentialAction\":[{\"@type\":\"ReadAction\",\"target\":[\"https:\/\/portalnpm.com\/index.php\/2022\/08\/27\/conta-de-luz-continuara-com-bandeira-verde-em-setembro\/\"]}]},{\"@type\":\"ImageObject\",\"inLanguage\":\"pt-BR\",\"@id\":\"https:\/\/portalnpm.com\/index.php\/2022\/08\/27\/conta-de-luz-continuara-com-bandeira-verde-em-setembro\/#primaryimage\",\"url\":\"\",\"contentUrl\":\"\"},{\"@type\":\"BreadcrumbList\",\"@id\":\"https:\/\/portalnpm.com\/index.php\/2022\/08\/27\/conta-de-luz-continuara-com-bandeira-verde-em-setembro\/#breadcrumb\",\"itemListElement\":[{\"@type\":\"ListItem\",\"position\":1,\"name\":\"In\u00edcio\",\"item\":\"https:\/\/portalnpm.com\/\"},{\"@type\":\"ListItem\",\"position\":2,\"name\":\"Conta de luz continuar\u00e1 com bandeira verde em setembro\"}]},{\"@type\":\"WebSite\",\"@id\":\"https:\/\/portalnpm.com\/#website\",\"url\":\"https:\/\/portalnpm.com\/\",\"name\":\"Portal NPM\",\"description\":\"Not\u00edcias em Primeira M\u00e3o\",\"potentialAction\":[{\"@type\":\"SearchAction\",\"target\":{\"@type\":\"EntryPoint\",\"urlTemplate\":\"https:\/\/portalnpm.com\/?s={search_term_string}\"},\"query-input\":\"required name=search_term_string\"}],\"inLanguage\":\"pt-BR\"},{\"@type\":\"Person\",\"@id\":\"https:\/\/portalnpm.com\/#\/schema\/person\/49313e563cfdefcc167f1ee4c017c294\",\"name\":\"Genival Barbosa\",\"image\":{\"@type\":\"ImageObject\",\"inLanguage\":\"pt-BR\",\"@id\":\"https:\/\/portalnpm.com\/#\/schema\/person\/image\/\",\"url\":\"https:\/\/portalnpm.com\/wp-content\/uploads\/2024\/02\/avatar_user_2_1707743258-96x96.jpeg\",\"contentUrl\":\"https:\/\/portalnpm.com\/wp-content\/uploads\/2024\/02\/avatar_user_2_1707743258-96x96.jpeg\",\"caption\":\"Genival Barbosa\"},\"url\":\"https:\/\/portalnpm.com\/index.php\/author\/genival\/\"}]}<\/script>\n<!-- \/ Yoast SEO plugin. -->","yoast_head_json":{"title":"Conta de luz continuar\u00e1 com bandeira verde em setembro - Portal NPM","robots":{"index":"index","follow":"follow","max-snippet":"max-snippet:-1","max-image-preview":"max-image-preview:large","max-video-preview":"max-video-preview:-1"},"canonical":"https:\/\/portalnpm.com\/index.php\/2022\/08\/27\/conta-de-luz-continuara-com-bandeira-verde-em-setembro\/","og_locale":"pt_BR","og_type":"article","og_title":"Conta de luz continuar\u00e1 com bandeira verde em setembro - Portal NPM","og_description":"A Aneel (Ag\u00eancia Nacional de Energia El\u00e9trica) anunciou nesta sexta-feira (26) que manter\u00e1 a bandeira tarif\u00e1ria verde, sem acr\u00e9scimos \u00e0 tarifa de energia, para todos os consumidores no m\u00eas de setembro. A ag\u00eancia afirma que a manuten\u00e7\u00e3o da bandeira reflete boas condi\u00e7\u00f5es de gera\u00e7\u00e3o de energia el\u00e9trica, mesmo considerando previs\u00e3o de crescimento do consumo de &hellip;","og_url":"https:\/\/portalnpm.com\/index.php\/2022\/08\/27\/conta-de-luz-continuara-com-bandeira-verde-em-setembro\/","og_site_name":"Portal NPM","article_published_time":"2022-08-27T21:08:21+00:00","author":"Genival Barbosa","twitter_card":"summary_large_image","twitter_misc":{"Escrito por":"Genival Barbosa","Est. tempo de leitura":"2 minutos"},"schema":{"@context":"https:\/\/schema.org","@graph":[{"@type":"WebPage","@id":"https:\/\/portalnpm.com\/index.php\/2022\/08\/27\/conta-de-luz-continuara-com-bandeira-verde-em-setembro\/","url":"https:\/\/portalnpm.com\/index.php\/2022\/08\/27\/conta-de-luz-continuara-com-bandeira-verde-em-setembro\/","name":"Conta de luz continuar\u00e1 com bandeira verde em setembro - Portal NPM","isPartOf":{"@id":"https:\/\/portalnpm.com\/#website"},"primaryImageOfPage":{"@id":"https:\/\/portalnpm.com\/index.php\/2022\/08\/27\/conta-de-luz-continuara-com-bandeira-verde-em-setembro\/#primaryimage"},"image":{"@id":"https:\/\/portalnpm.com\/index.php\/2022\/08\/27\/conta-de-luz-continuara-com-bandeira-verde-em-setembro\/#primaryimage"},"thumbnailUrl":"","datePublished":"2022-08-27T21:08:21+00:00","dateModified":"2022-08-27T21:08:21+00:00","author":{"@id":"https:\/\/portalnpm.com\/#\/schema\/person\/49313e563cfdefcc167f1ee4c017c294"},"breadcrumb":{"@id":"https:\/\/portalnpm.com\/index.php\/2022\/08\/27\/conta-de-luz-continuara-com-bandeira-verde-em-setembro\/#breadcrumb"},"inLanguage":"pt-BR","potentialAction":[{"@type":"ReadAction","target":["https:\/\/portalnpm.com\/index.php\/2022\/08\/27\/conta-de-luz-continuara-com-bandeira-verde-em-setembro\/"]}]},{"@type":"ImageObject","inLanguage":"pt-BR","@id":"https:\/\/portalnpm.com\/index.php\/2022\/08\/27\/conta-de-luz-continuara-com-bandeira-verde-em-setembro\/#primaryimage","url":"","contentUrl":""},{"@type":"BreadcrumbList","@id":"https:\/\/portalnpm.com\/index.php\/2022\/08\/27\/conta-de-luz-continuara-com-bandeira-verde-em-setembro\/#breadcrumb","itemListElement":[{"@type":"ListItem","position":1,"name":"In\u00edcio","item":"https:\/\/portalnpm.com\/"},{"@type":"ListItem","position":2,"name":"Conta de luz continuar\u00e1 com bandeira verde em setembro"}]},{"@type":"WebSite","@id":"https:\/\/portalnpm.com\/#website","url":"https:\/\/portalnpm.com\/","name":"Portal NPM","description":"Not\u00edcias em Primeira M\u00e3o","potentialAction":[{"@type":"SearchAction","target":{"@type":"EntryPoint","urlTemplate":"https:\/\/portalnpm.com\/?s={search_term_string}"},"query-input":"required name=search_term_string"}],"inLanguage":"pt-BR"},{"@type":"Person","@id":"https:\/\/portalnpm.com\/#\/schema\/person\/49313e563cfdefcc167f1ee4c017c294","name":"Genival Barbosa","image":{"@type":"ImageObject","inLanguage":"pt-BR","@id":"https:\/\/portalnpm.com\/#\/schema\/person\/image\/","url":"https:\/\/portalnpm.com\/wp-content\/uploads\/2024\/02\/avatar_user_2_1707743258-96x96.jpeg","contentUrl":"https:\/\/portalnpm.com\/wp-content\/uploads\/2024\/02\/avatar_user_2_1707743258-96x96.jpeg","caption":"Genival Barbosa"},"url":"https:\/\/portalnpm.com\/index.php\/author\/genival\/"}]}},"jetpack_sharing_enabled":true,"jetpack_featured_media_url":"","_links":{"self":[{"href":"https:\/\/portalnpm.com\/index.php\/wp-json\/wp\/v2\/posts\/42773"}],"collection":[{"href":"https:\/\/portalnpm.com\/index.php\/wp-json\/wp\/v2\/posts"}],"about":[{"href":"https:\/\/portalnpm.com\/index.php\/wp-json\/wp\/v2\/types\/post"}],"author":[{"embeddable":true,"href":"https:\/\/portalnpm.com\/index.php\/wp-json\/wp\/v2\/users\/2"}],"replies":[{"embeddable":true,"href":"https:\/\/portalnpm.com\/index.php\/wp-json\/wp\/v2\/comments?post=42773"}],"version-history":[{"count":0,"href":"https:\/\/portalnpm.com\/index.php\/wp-json\/wp\/v2\/posts\/42773\/revisions"}],"wp:featuredmedia":[{"embeddable":true,"href":"https:\/\/portalnpm.com\/index.php\/wp-json\/"}],"wp:attachment":[{"href":"https:\/\/portalnpm.com\/index.php\/wp-json\/wp\/v2\/media?parent=42773"}],"wp:term":[{"taxonomy":"category","embeddable":true,"href":"https:\/\/portalnpm.com\/index.php\/wp-json\/wp\/v2\/categories?post=42773"},{"taxonomy":"post_tag","embeddable":true,"href":"https:\/\/portalnpm.com\/index.php\/wp-json\/wp\/v2\/tags?post=42773"}],"curies":[{"name":"wp","href":"https:\/\/api.w.org\/{rel}","templated":true}]}}