{"id":43047,"date":"2022-09-07T13:29:28","date_gmt":"2022-09-07T16:29:28","guid":{"rendered":"https:\/\/portalnpm.com\/?p=43047"},"modified":"2022-09-07T13:29:28","modified_gmt":"2022-09-07T16:29:28","slug":"sao-juliao-ex-prefeito-carlao-participa-de-ato-politico-em-apoio-a-rafael-fonteles","status":"publish","type":"post","link":"https:\/\/portalnpm.com\/index.php\/2022\/09\/07\/sao-juliao-ex-prefeito-carlao-participa-de-ato-politico-em-apoio-a-rafael-fonteles\/","title":{"rendered":"S\u00e3o Juli\u00e3o | Ex-prefeito Carl\u00e3o participa de ato pol\u00edtico em apoio a Rafael Fonteles"},"content":{"rendered":"<blockquote><p>Carl\u00e3o foi prefeito de S\u00e3o Juli\u00e3o por tr\u00eas Mandatos<\/p><\/blockquote>\n<p style=\"text-align: justify;\">O ex-prefeito de S\u00e3o Juli\u00e3o &#8211; PI, Carlos Alberto Bezerra de Alencar, conhecido popularmente como &#8216;Carl\u00e3o&#8217; (PSB), participou de um ato pol\u00edtico do candidato a governador Rafael Fonteles (PT), ao governo do Piau\u00ed.<\/p>\n<p style=\"text-align: justify;\">O evento aconteceu nessa ter\u00e7a-feira (06\/09), em Teresina e reuniu apoiadores do candidato petista dos 224 munic\u00edpios do Piau\u00ed.<\/p>\n<p><img fetchpriority=\"high\" decoding=\"async\" class=\"alignnone size-medium wp-image-43050\" src=\"http:\/\/portalnpm.com\/wp-content\/uploads\/2022\/09\/IMG-20220907-WA0078-300x264.jpg\" alt=\"\" width=\"300\" height=\"264\" \/><\/p>\n<p style=\"text-align: justify;\">Um fato curioso que chama aten\u00e7\u00e3o, \u00e9 que o ex-prefeito Carl\u00e3o \u00e9 tio do atual prefeito Dr. Samuel Alencar (PP), que apoia o grupo da oposi\u00e7\u00e3o, tendo como candidato ao executivo estadual o ex-prefeito de Teresina, S\u00edlvio Mendes (Uni\u00e3o Brasil). O ex-prefeito de S\u00e3o Juli\u00e3o \u00e9 muito ligado ao ex-governador Wilson Martins (PT), candidato a deputado federal, onde o seu grupo pol\u00edtico sempre votou no ex-governador quando ele ainda era deputado estadual.<\/p>\n","protected":false},"excerpt":{"rendered":"<p>Carl\u00e3o foi prefeito de S\u00e3o Juli\u00e3o por tr\u00eas Mandatos O ex-prefeito de S\u00e3o Juli\u00e3o &#8211; PI, Carlos Alberto Bezerra de Alencar, conhecido popularmente como &#8216;Carl\u00e3o&#8217; (PSB), participou de um ato pol\u00edtico do candidato a governador Rafael Fonteles (PT), ao governo do Piau\u00ed. O evento aconteceu nessa ter\u00e7a-feira (06\/09), em Teresina e reuniu apoiadores do candidato &hellip;<\/p>\n","protected":false},"author":3,"featured_media":43049,"comment_status":"open","ping_status":"open","sticky":false,"template":"","format":"standard","meta":{"content-type":"","rop_custom_images_group":[],"rop_custom_messages_group":[],"rop_publish_now":"initial","rop_publish_now_accounts":{"facebook_2648258775420054_1618374048415101":""},"rop_publish_now_history":[],"rop_publish_now_status":"pending","footnotes":"","_jetpack_memberships_contains_paid_content":false},"categories":[113,130,136],"tags":[14166,1405,137],"yoast_head":"<!-- This site is optimized with the Yoast SEO plugin v22.3 - https:\/\/yoast.com\/wordpress\/plugins\/seo\/ -->\n<title>S\u00e3o Juli\u00e3o | Ex-prefeito Carl\u00e3o participa de ato pol\u00edtico em apoio a Rafael Fonteles - Portal NPM<\/title>\n<meta name=\"robots\" content=\"index, follow, max-snippet:-1, max-image-preview:large, max-video-preview:-1\" \/>\n<link rel=\"canonical\" href=\"https:\/\/portalnpm.com\/index.php\/2022\/09\/07\/sao-juliao-ex-prefeito-carlao-participa-de-ato-politico-em-apoio-a-rafael-fonteles\/\" \/>\n<meta property=\"og:locale\" content=\"pt_BR\" \/>\n<meta property=\"og:type\" content=\"article\" \/>\n<meta property=\"og:title\" content=\"S\u00e3o Juli\u00e3o | Ex-prefeito Carl\u00e3o participa de ato pol\u00edtico em apoio a Rafael Fonteles - Portal NPM\" \/>\n<meta property=\"og:description\" content=\"Carl\u00e3o foi prefeito de S\u00e3o Juli\u00e3o por tr\u00eas Mandatos O ex-prefeito de S\u00e3o Juli\u00e3o &#8211; PI, Carlos Alberto Bezerra de Alencar, conhecido popularmente como &#8216;Carl\u00e3o&#8217; (PSB), participou de um ato pol\u00edtico do candidato a governador Rafael Fonteles (PT), ao governo do Piau\u00ed. O evento aconteceu nessa ter\u00e7a-feira (06\/09), em Teresina e reuniu apoiadores do candidato &hellip;\" \/>\n<meta property=\"og:url\" content=\"https:\/\/portalnpm.com\/index.php\/2022\/09\/07\/sao-juliao-ex-prefeito-carlao-participa-de-ato-politico-em-apoio-a-rafael-fonteles\/\" \/>\n<meta property=\"og:site_name\" content=\"Portal NPM\" \/>\n<meta property=\"article:published_time\" content=\"2022-09-07T16:29:28+00:00\" \/>\n<meta name=\"author\" content=\"Luis Alberto\" \/>\n<meta name=\"twitter:card\" content=\"summary_large_image\" \/>\n<meta name=\"twitter:label1\" content=\"Escrito por\" \/>\n\t<meta name=\"twitter:data1\" content=\"Luis Alberto\" \/>\n\t<meta name=\"twitter:label2\" content=\"Est. tempo de leitura\" \/>\n\t<meta name=\"twitter:data2\" content=\"1 minuto\" \/>\n<script type=\"application\/ld+json\" class=\"yoast-schema-graph\">{\"@context\":\"https:\/\/schema.org\",\"@graph\":[{\"@type\":\"WebPage\",\"@id\":\"https:\/\/portalnpm.com\/index.php\/2022\/09\/07\/sao-juliao-ex-prefeito-carlao-participa-de-ato-politico-em-apoio-a-rafael-fonteles\/\",\"url\":\"https:\/\/portalnpm.com\/index.php\/2022\/09\/07\/sao-juliao-ex-prefeito-carlao-participa-de-ato-politico-em-apoio-a-rafael-fonteles\/\",\"name\":\"S\u00e3o Juli\u00e3o | Ex-prefeito Carl\u00e3o participa de ato pol\u00edtico em apoio a Rafael Fonteles - Portal NPM\",\"isPartOf\":{\"@id\":\"https:\/\/portalnpm.com\/#website\"},\"primaryImageOfPage\":{\"@id\":\"https:\/\/portalnpm.com\/index.php\/2022\/09\/07\/sao-juliao-ex-prefeito-carlao-participa-de-ato-politico-em-apoio-a-rafael-fonteles\/#primaryimage\"},\"image\":{\"@id\":\"https:\/\/portalnpm.com\/index.php\/2022\/09\/07\/sao-juliao-ex-prefeito-carlao-participa-de-ato-politico-em-apoio-a-rafael-fonteles\/#primaryimage\"},\"thumbnailUrl\":\"\",\"datePublished\":\"2022-09-07T16:29:28+00:00\",\"dateModified\":\"2022-09-07T16:29:28+00:00\",\"author\":{\"@id\":\"https:\/\/portalnpm.com\/#\/schema\/person\/5c8006acdf71774cd4e7a5ab98482152\"},\"breadcrumb\":{\"@id\":\"https:\/\/portalnpm.com\/index.php\/2022\/09\/07\/sao-juliao-ex-prefeito-carlao-participa-de-ato-politico-em-apoio-a-rafael-fonteles\/#breadcrumb\"},\"inLanguage\":\"pt-BR\",\"potentialAction\":[{\"@type\":\"ReadAction\",\"target\":[\"https:\/\/portalnpm.com\/index.php\/2022\/09\/07\/sao-juliao-ex-prefeito-carlao-participa-de-ato-politico-em-apoio-a-rafael-fonteles\/\"]}]},{\"@type\":\"ImageObject\",\"inLanguage\":\"pt-BR\",\"@id\":\"https:\/\/portalnpm.com\/index.php\/2022\/09\/07\/sao-juliao-ex-prefeito-carlao-participa-de-ato-politico-em-apoio-a-rafael-fonteles\/#primaryimage\",\"url\":\"\",\"contentUrl\":\"\"},{\"@type\":\"BreadcrumbList\",\"@id\":\"https:\/\/portalnpm.com\/index.php\/2022\/09\/07\/sao-juliao-ex-prefeito-carlao-participa-de-ato-politico-em-apoio-a-rafael-fonteles\/#breadcrumb\",\"itemListElement\":[{\"@type\":\"ListItem\",\"position\":1,\"name\":\"In\u00edcio\",\"item\":\"https:\/\/portalnpm.com\/\"},{\"@type\":\"ListItem\",\"position\":2,\"name\":\"S\u00e3o Juli\u00e3o | Ex-prefeito Carl\u00e3o participa de ato pol\u00edtico em apoio a Rafael Fonteles\"}]},{\"@type\":\"WebSite\",\"@id\":\"https:\/\/portalnpm.com\/#website\",\"url\":\"https:\/\/portalnpm.com\/\",\"name\":\"Portal NPM\",\"description\":\"Not\u00edcias em Primeira M\u00e3o\",\"potentialAction\":[{\"@type\":\"SearchAction\",\"target\":{\"@type\":\"EntryPoint\",\"urlTemplate\":\"https:\/\/portalnpm.com\/?s={search_term_string}\"},\"query-input\":\"required name=search_term_string\"}],\"inLanguage\":\"pt-BR\"},{\"@type\":\"Person\",\"@id\":\"https:\/\/portalnpm.com\/#\/schema\/person\/5c8006acdf71774cd4e7a5ab98482152\",\"name\":\"Luis Alberto\",\"image\":{\"@type\":\"ImageObject\",\"inLanguage\":\"pt-BR\",\"@id\":\"https:\/\/portalnpm.com\/#\/schema\/person\/image\/\",\"url\":\"https:\/\/portalnpm.com\/wp-content\/uploads\/2024\/12\/avatar_user_3_1734699769-96x96.jpeg\",\"contentUrl\":\"https:\/\/portalnpm.com\/wp-content\/uploads\/2024\/12\/avatar_user_3_1734699769-96x96.jpeg\",\"caption\":\"Luis Alberto\"},\"description\":\"Editor-geral do Portal NPM, \u00e9 formado como T\u00e9cnico em Seguran\u00e7a do Trabalho pela Escola Metropolitana de Cursos T\u00e9cnicos. Det\u00e9m ainda licenciatura em Educa\u00e7\u00e3o F\u00edsica e bacharelado em Ci\u00eancias Pol\u00edticas, ambos obtidos pela institui\u00e7\u00e3o Anhanguera\/UNOPAR.\",\"url\":\"https:\/\/portalnpm.com\/index.php\/author\/pereira\/\"}]}<\/script>\n<!-- \/ Yoast SEO plugin. -->","yoast_head_json":{"title":"S\u00e3o Juli\u00e3o | Ex-prefeito Carl\u00e3o participa de ato pol\u00edtico em apoio a Rafael Fonteles - Portal NPM","robots":{"index":"index","follow":"follow","max-snippet":"max-snippet:-1","max-image-preview":"max-image-preview:large","max-video-preview":"max-video-preview:-1"},"canonical":"https:\/\/portalnpm.com\/index.php\/2022\/09\/07\/sao-juliao-ex-prefeito-carlao-participa-de-ato-politico-em-apoio-a-rafael-fonteles\/","og_locale":"pt_BR","og_type":"article","og_title":"S\u00e3o Juli\u00e3o | Ex-prefeito Carl\u00e3o participa de ato pol\u00edtico em apoio a Rafael Fonteles - Portal NPM","og_description":"Carl\u00e3o foi prefeito de S\u00e3o Juli\u00e3o por tr\u00eas Mandatos O ex-prefeito de S\u00e3o Juli\u00e3o &#8211; PI, Carlos Alberto Bezerra de Alencar, conhecido popularmente como &#8216;Carl\u00e3o&#8217; (PSB), participou de um ato pol\u00edtico do candidato a governador Rafael Fonteles (PT), ao governo do Piau\u00ed. O evento aconteceu nessa ter\u00e7a-feira (06\/09), em Teresina e reuniu apoiadores do candidato &hellip;","og_url":"https:\/\/portalnpm.com\/index.php\/2022\/09\/07\/sao-juliao-ex-prefeito-carlao-participa-de-ato-politico-em-apoio-a-rafael-fonteles\/","og_site_name":"Portal NPM","article_published_time":"2022-09-07T16:29:28+00:00","author":"Luis Alberto","twitter_card":"summary_large_image","twitter_misc":{"Escrito por":"Luis Alberto","Est. tempo de leitura":"1 minuto"},"schema":{"@context":"https:\/\/schema.org","@graph":[{"@type":"WebPage","@id":"https:\/\/portalnpm.com\/index.php\/2022\/09\/07\/sao-juliao-ex-prefeito-carlao-participa-de-ato-politico-em-apoio-a-rafael-fonteles\/","url":"https:\/\/portalnpm.com\/index.php\/2022\/09\/07\/sao-juliao-ex-prefeito-carlao-participa-de-ato-politico-em-apoio-a-rafael-fonteles\/","name":"S\u00e3o Juli\u00e3o | Ex-prefeito Carl\u00e3o participa de ato pol\u00edtico em apoio a Rafael Fonteles - Portal NPM","isPartOf":{"@id":"https:\/\/portalnpm.com\/#website"},"primaryImageOfPage":{"@id":"https:\/\/portalnpm.com\/index.php\/2022\/09\/07\/sao-juliao-ex-prefeito-carlao-participa-de-ato-politico-em-apoio-a-rafael-fonteles\/#primaryimage"},"image":{"@id":"https:\/\/portalnpm.com\/index.php\/2022\/09\/07\/sao-juliao-ex-prefeito-carlao-participa-de-ato-politico-em-apoio-a-rafael-fonteles\/#primaryimage"},"thumbnailUrl":"","datePublished":"2022-09-07T16:29:28+00:00","dateModified":"2022-09-07T16:29:28+00:00","author":{"@id":"https:\/\/portalnpm.com\/#\/schema\/person\/5c8006acdf71774cd4e7a5ab98482152"},"breadcrumb":{"@id":"https:\/\/portalnpm.com\/index.php\/2022\/09\/07\/sao-juliao-ex-prefeito-carlao-participa-de-ato-politico-em-apoio-a-rafael-fonteles\/#breadcrumb"},"inLanguage":"pt-BR","potentialAction":[{"@type":"ReadAction","target":["https:\/\/portalnpm.com\/index.php\/2022\/09\/07\/sao-juliao-ex-prefeito-carlao-participa-de-ato-politico-em-apoio-a-rafael-fonteles\/"]}]},{"@type":"ImageObject","inLanguage":"pt-BR","@id":"https:\/\/portalnpm.com\/index.php\/2022\/09\/07\/sao-juliao-ex-prefeito-carlao-participa-de-ato-politico-em-apoio-a-rafael-fonteles\/#primaryimage","url":"","contentUrl":""},{"@type":"BreadcrumbList","@id":"https:\/\/portalnpm.com\/index.php\/2022\/09\/07\/sao-juliao-ex-prefeito-carlao-participa-de-ato-politico-em-apoio-a-rafael-fonteles\/#breadcrumb","itemListElement":[{"@type":"ListItem","position":1,"name":"In\u00edcio","item":"https:\/\/portalnpm.com\/"},{"@type":"ListItem","position":2,"name":"S\u00e3o Juli\u00e3o | Ex-prefeito Carl\u00e3o participa de ato pol\u00edtico em apoio a Rafael Fonteles"}]},{"@type":"WebSite","@id":"https:\/\/portalnpm.com\/#website","url":"https:\/\/portalnpm.com\/","name":"Portal NPM","description":"Not\u00edcias em Primeira M\u00e3o","potentialAction":[{"@type":"SearchAction","target":{"@type":"EntryPoint","urlTemplate":"https:\/\/portalnpm.com\/?s={search_term_string}"},"query-input":"required name=search_term_string"}],"inLanguage":"pt-BR"},{"@type":"Person","@id":"https:\/\/portalnpm.com\/#\/schema\/person\/5c8006acdf71774cd4e7a5ab98482152","name":"Luis Alberto","image":{"@type":"ImageObject","inLanguage":"pt-BR","@id":"https:\/\/portalnpm.com\/#\/schema\/person\/image\/","url":"https:\/\/portalnpm.com\/wp-content\/uploads\/2024\/12\/avatar_user_3_1734699769-96x96.jpeg","contentUrl":"https:\/\/portalnpm.com\/wp-content\/uploads\/2024\/12\/avatar_user_3_1734699769-96x96.jpeg","caption":"Luis Alberto"},"description":"Editor-geral do Portal NPM, \u00e9 formado como T\u00e9cnico em Seguran\u00e7a do Trabalho pela Escola Metropolitana de Cursos T\u00e9cnicos. Det\u00e9m ainda licenciatura em Educa\u00e7\u00e3o F\u00edsica e bacharelado em Ci\u00eancias Pol\u00edticas, ambos obtidos pela institui\u00e7\u00e3o Anhanguera\/UNOPAR.","url":"https:\/\/portalnpm.com\/index.php\/author\/pereira\/"}]}},"jetpack_sharing_enabled":true,"jetpack_featured_media_url":"","_links":{"self":[{"href":"https:\/\/portalnpm.com\/index.php\/wp-json\/wp\/v2\/posts\/43047"}],"collection":[{"href":"https:\/\/portalnpm.com\/index.php\/wp-json\/wp\/v2\/posts"}],"about":[{"href":"https:\/\/portalnpm.com\/index.php\/wp-json\/wp\/v2\/types\/post"}],"author":[{"embeddable":true,"href":"https:\/\/portalnpm.com\/index.php\/wp-json\/wp\/v2\/users\/3"}],"replies":[{"embeddable":true,"href":"https:\/\/portalnpm.com\/index.php\/wp-json\/wp\/v2\/comments?post=43047"}],"version-history":[{"count":0,"href":"https:\/\/portalnpm.com\/index.php\/wp-json\/wp\/v2\/posts\/43047\/revisions"}],"wp:featuredmedia":[{"embeddable":true,"href":"https:\/\/portalnpm.com\/index.php\/wp-json\/"}],"wp:attachment":[{"href":"https:\/\/portalnpm.com\/index.php\/wp-json\/wp\/v2\/media?parent=43047"}],"wp:term":[{"taxonomy":"category","embeddable":true,"href":"https:\/\/portalnpm.com\/index.php\/wp-json\/wp\/v2\/categories?post=43047"},{"taxonomy":"post_tag","embeddable":true,"href":"https:\/\/portalnpm.com\/index.php\/wp-json\/wp\/v2\/tags?post=43047"}],"curies":[{"name":"wp","href":"https:\/\/api.w.org\/{rel}","templated":true}]}}