{"id":43082,"date":"2022-09-10T17:49:44","date_gmt":"2022-09-10T20:49:44","guid":{"rendered":"https:\/\/portalnpm.com\/?p=43082"},"modified":"2022-09-10T17:49:44","modified_gmt":"2022-09-10T20:49:44","slug":"centralfarma-inaugura-filial-em-vila-do-piaui-veja","status":"publish","type":"post","link":"https:\/\/portalnpm.com\/index.php\/2022\/09\/10\/centralfarma-inaugura-filial-em-vila-do-piaui-veja\/","title":{"rendered":"CENTRALFARMA inaugura filial em Vila do Piau\u00ed; veja!"},"content":{"rendered":"<p style=\"text-align: justify;\">Foi inaugurada na manh\u00e3 desta sexta-feira, 09 de setembro de 2022, a primeira filial da CENTRALFARMA, localizada na Avenida Central, n\u00ba 479, centro do munic\u00edpio de Vila Nova do Piau\u00ed-PI. O empreendimento \u00e9 de propriedade da Farmac\u00eautica Adelina Ramos da Silva, CRF-PI n\u00ba 2278, filha do Empres\u00e1rio Estev\u00e3o Francelino e da Professora Ivanilda Ramos, naturais do Povoado Mandacaru, pertencente ao munic\u00edpio de S\u00e3o Juli\u00e3o-PI.<\/p>\n<p><img fetchpriority=\"high\" decoding=\"async\" class=\"alignnone size-medium wp-image-43116\" src=\"http:\/\/portalnpm.com\/wp-content\/uploads\/2022\/09\/IMG-20220910-WA0127-225x300.jpg\" alt=\"\" width=\"225\" height=\"300\" \/><\/p>\n<p style=\"text-align: justify;\">Farmac\u00eautica desde janeiro de 2019, Adelina Ramos da Silva cursou Bacharelado em Farm\u00e1cia e especializou-se em Farm\u00e1cia Cl\u00ednica no Centro Universit\u00e1rio UniFacid, em Teresina, capital do Piau\u00ed . Em sua profiss\u00e3o, atuou como Farmac\u00eautica do Munic\u00edpio de Alegrete do Piau\u00ed, trabalhou na linha de frente no combate ao Coronav\u00edrus (Sars-CoV-2) junto ao Hospital de Campanha do Verd\u00e3o em Teresina-PI e atualmente \u00e9 Farmac\u00eautica do munic\u00edpio de S\u00e3o Juli\u00e3o-PI.<\/p>\n<p><img decoding=\"async\" class=\"alignnone size-medium wp-image-43117\" src=\"http:\/\/portalnpm.com\/wp-content\/uploads\/2022\/09\/IMG-20220910-WA0128-258x300.jpg\" alt=\"\" width=\"258\" height=\"300\" \/><\/p>\n<p style=\"text-align: justify;\">Visando seguir o caminho do empreendedorismo, realizou o sonho de montar o seu pr\u00f3prio neg\u00f3cio no segmento farmac\u00eautico, \u00e1rea em que decidiu abra\u00e7ar como profiss\u00e3o com muito amor e carinho, em 01 de maio de 2021, quando inaugurou a Matriz da CENTRALFARMA no Povoado Mandacaru.<\/p>\n<p style=\"text-align: justify;\">De acordo com as palavras de Adelina, a CENTRAL FARMA \u00e9 a realiza\u00e7\u00e3o de um sonho.<\/p>\n<p style=\"text-align: justify;\"><em>\u201cEstou realizando hoje um dos grandes sonhos da minha vida! Tenho contato com o com\u00e9rcio e com o empreendedorismo desde muito jovem, tendo em vista que meus pais j\u00e1 atuam no ramo, aqui no Povoado Mandacaru, h\u00e1 27 (vinte e sete) anos, desde 1995. A ideia surgiu ap\u00f3s o incentivo do meu pai Estev\u00e3o, bem como ap\u00f3s di\u00e1logos com outros colegas tamb\u00e9m farmac\u00eauticos, oportunidade em que abri os olhos para esse cen\u00e1rio e decidi empreender. Gostaria de aproveitar a oportunidade para mandar um recado a todos os amigos e conterr\u00e2neos do Povoado Mandacaru, S\u00e3o Juli\u00e3o e regi\u00e3o, que estamos de portas abertas para receb\u00ea-los, trabalhamos com os mais diversos tipos de medicamentos, produtos de beleza, produtos infantis, e j\u00e1 iniciaremos tamb\u00e9m em maio com servi\u00e7os \u00e0 domic\u00edlio com aplica\u00e7\u00e3o de alguns medicamentos injet\u00e1veis. Venham nos conhecer e conferir nossas novidades. Nos sigam tamb\u00e9m no instagram @centralfarmaar. Abra\u00e7os a todos\u201d,<\/em> relatou a jovem farmac\u00eautica.<\/p>\n<p style=\"text-align: justify;\">A CENTRALFARMA vai trabalhar com todos os tipos de medicamentos e com uma linha completa de perfumaria, dermocosm\u00e9ticos, diversos produtos de higiene pessoal.<\/p>\n<div style=\"width: 480px;\" class=\"wp-video\"><!--[if lt IE 9]><script>document.createElement('video');<\/script><![endif]-->\n<video class=\"wp-video-shortcode\" id=\"video-43082-1\" width=\"480\" height=\"848\" preload=\"metadata\" controls=\"controls\"><source type=\"video\/mp4\" src=\"http:\/\/portalnpm.com\/wp-content\/uploads\/2022\/09\/VID-20220910-WA0129.mp4?_=1\" \/><a href=\"http:\/\/portalnpm.com\/wp-content\/uploads\/2022\/09\/VID-20220910-WA0129.mp4\">http:\/\/portalnpm.com\/wp-content\/uploads\/2022\/09\/VID-20220910-WA0129.mp4<\/a><\/video><\/div>\n<p>&nbsp;<\/p>\n<p style=\"text-align: justify;\">Tamb\u00e9m ofertar\u00e1 aos seus clientes testes de glicemia e aferi\u00e7\u00e3o de press\u00e3o gratuitos, al\u00e9m de servi\u00e7os de aten\u00e7\u00e3o farmac\u00eautica, para orienta\u00e7\u00e3o e esclarecimentos de d\u00favidas dos clientes sobre o uso adequado dos seus medicamentos.<\/p>\n<p><img decoding=\"async\" class=\"alignnone size-medium wp-image-43086\" src=\"http:\/\/portalnpm.com\/wp-content\/uploads\/2022\/09\/IMG-20220910-WA0117-300x225.jpg\" alt=\"\" width=\"300\" height=\"225\" \/> <img loading=\"lazy\" decoding=\"async\" class=\"alignnone size-medium wp-image-43087\" src=\"http:\/\/portalnpm.com\/wp-content\/uploads\/2022\/09\/IMG-20220910-WA0116-225x300.jpg\" alt=\"\" width=\"225\" height=\"300\" \/> <img loading=\"lazy\" decoding=\"async\" class=\"alignnone size-medium wp-image-43088\" src=\"http:\/\/portalnpm.com\/wp-content\/uploads\/2022\/09\/IMG-20220910-WA0105-139x300.jpg\" alt=\"\" width=\"139\" height=\"300\" \/> <img loading=\"lazy\" decoding=\"async\" class=\"alignnone size-medium wp-image-43089\" src=\"http:\/\/portalnpm.com\/wp-content\/uploads\/2022\/09\/IMG-20220910-WA0115-224x300.jpg\" alt=\"\" width=\"224\" height=\"300\" \/> <img loading=\"lazy\" decoding=\"async\" class=\"alignnone size-medium wp-image-43090\" src=\"http:\/\/portalnpm.com\/wp-content\/uploads\/2022\/09\/IMG-20220910-WA0109-225x300.jpg\" alt=\"\" width=\"225\" height=\"300\" \/> <img loading=\"lazy\" decoding=\"async\" class=\"alignnone size-medium wp-image-43091\" src=\"http:\/\/portalnpm.com\/wp-content\/uploads\/2022\/09\/IMG-20220910-WA0112-300x225.jpg\" alt=\"\" width=\"300\" height=\"225\" \/> <img loading=\"lazy\" decoding=\"async\" class=\"alignnone size-medium wp-image-43092\" src=\"http:\/\/portalnpm.com\/wp-content\/uploads\/2022\/09\/IMG-20220910-WA0111-225x300.jpg\" alt=\"\" width=\"225\" height=\"300\" \/> <img loading=\"lazy\" decoding=\"async\" class=\"alignnone size-medium wp-image-43093\" src=\"http:\/\/portalnpm.com\/wp-content\/uploads\/2022\/09\/IMG-20220910-WA0113-225x300.jpg\" alt=\"\" width=\"225\" height=\"300\" \/> <img loading=\"lazy\" decoding=\"async\" class=\"alignnone size-medium wp-image-43094\" src=\"http:\/\/portalnpm.com\/wp-content\/uploads\/2022\/09\/IMG-20220910-WA0114-225x300.jpg\" alt=\"\" width=\"225\" height=\"300\" \/> <img loading=\"lazy\" decoding=\"async\" class=\"alignnone size-medium wp-image-43095\" src=\"http:\/\/portalnpm.com\/wp-content\/uploads\/2022\/09\/IMG-20220910-WA0106-225x300.jpg\" alt=\"\" width=\"225\" height=\"300\" \/> <img loading=\"lazy\" decoding=\"async\" class=\"alignnone size-medium wp-image-43096\" src=\"http:\/\/portalnpm.com\/wp-content\/uploads\/2022\/09\/IMG-20220910-WA0110-225x300.jpg\" alt=\"\" width=\"225\" height=\"300\" \/> <img loading=\"lazy\" decoding=\"async\" class=\"alignnone size-medium wp-image-43097\" src=\"http:\/\/portalnpm.com\/wp-content\/uploads\/2022\/09\/IMG-20220910-WA0107-300x225.jpg\" alt=\"\" width=\"300\" height=\"225\" \/> <img loading=\"lazy\" decoding=\"async\" class=\"alignnone size-medium wp-image-43098\" src=\"http:\/\/portalnpm.com\/wp-content\/uploads\/2022\/09\/IMG-20220910-WA0108-225x300.jpg\" alt=\"\" width=\"225\" height=\"300\" \/> <img loading=\"lazy\" decoding=\"async\" class=\"alignnone size-medium wp-image-43099\" src=\"http:\/\/portalnpm.com\/wp-content\/uploads\/2022\/09\/IMG-20220910-WA0103-300x225.jpg\" alt=\"\" width=\"300\" height=\"225\" \/> <img loading=\"lazy\" decoding=\"async\" class=\"alignnone size-medium wp-image-43100\" src=\"http:\/\/portalnpm.com\/wp-content\/uploads\/2022\/09\/IMG-20220910-WA0097-225x300.jpg\" alt=\"\" width=\"225\" height=\"300\" \/> <img loading=\"lazy\" decoding=\"async\" class=\"alignnone size-medium wp-image-43101\" src=\"http:\/\/portalnpm.com\/wp-content\/uploads\/2022\/09\/IMG-20220910-WA0102-225x300.jpg\" alt=\"\" width=\"225\" height=\"300\" \/> <img loading=\"lazy\" decoding=\"async\" class=\"alignnone size-medium wp-image-43102\" src=\"http:\/\/portalnpm.com\/wp-content\/uploads\/2022\/09\/IMG-20220910-WA0099-225x300.jpg\" alt=\"\" width=\"225\" height=\"300\" \/> <img loading=\"lazy\" decoding=\"async\" class=\"alignnone size-medium wp-image-43103\" src=\"http:\/\/portalnpm.com\/wp-content\/uploads\/2022\/09\/IMG-20220910-WA0101-225x300.jpg\" alt=\"\" width=\"225\" height=\"300\" \/> <img loading=\"lazy\" decoding=\"async\" class=\"alignnone size-medium wp-image-43104\" src=\"http:\/\/portalnpm.com\/wp-content\/uploads\/2022\/09\/IMG-20220910-WA0104-225x300.jpg\" alt=\"\" width=\"225\" height=\"300\" \/> <img loading=\"lazy\" decoding=\"async\" class=\"alignnone size-medium wp-image-43105\" src=\"http:\/\/portalnpm.com\/wp-content\/uploads\/2022\/09\/IMG-20220910-WA0098-225x300.jpg\" alt=\"\" width=\"225\" height=\"300\" \/> <img loading=\"lazy\" decoding=\"async\" class=\"alignnone size-medium wp-image-43107\" src=\"http:\/\/portalnpm.com\/wp-content\/uploads\/2022\/09\/IMG-20220910-WA0100-225x300.jpg\" alt=\"\" width=\"225\" height=\"300\" \/><\/p>\n<p><img loading=\"lazy\" decoding=\"async\" class=\"alignnone size-medium wp-image-43109\" src=\"http:\/\/portalnpm.com\/wp-content\/uploads\/2022\/09\/IMG-20220910-WA0124-225x300.jpg\" alt=\"\" width=\"225\" height=\"300\" \/> <img loading=\"lazy\" decoding=\"async\" class=\"alignnone size-medium wp-image-43110\" src=\"http:\/\/portalnpm.com\/wp-content\/uploads\/2022\/09\/IMG-20220910-WA0122-225x300.jpg\" alt=\"\" width=\"225\" height=\"300\" \/> <img loading=\"lazy\" decoding=\"async\" class=\"alignnone size-medium wp-image-43111\" src=\"http:\/\/portalnpm.com\/wp-content\/uploads\/2022\/09\/IMG-20220910-WA0123-300x225.jpg\" alt=\"\" width=\"300\" height=\"225\" \/> <img loading=\"lazy\" decoding=\"async\" class=\"alignnone size-medium wp-image-43112\" src=\"http:\/\/portalnpm.com\/wp-content\/uploads\/2022\/09\/IMG-20220910-WA0096-1-139x300.jpg\" alt=\"\" width=\"139\" height=\"300\" \/> <img loading=\"lazy\" decoding=\"async\" class=\"alignnone size-medium wp-image-43113\" src=\"http:\/\/portalnpm.com\/wp-content\/uploads\/2022\/09\/IMG-20220910-WA0121-138x300.jpg\" alt=\"\" width=\"138\" height=\"300\" \/> <img loading=\"lazy\" decoding=\"async\" class=\"alignnone size-medium wp-image-43114\" src=\"http:\/\/portalnpm.com\/wp-content\/uploads\/2022\/09\/IMG-20220910-WA0117-1-300x225.jpg\" alt=\"\" width=\"300\" height=\"225\" \/> <img loading=\"lazy\" decoding=\"async\" class=\"alignnone size-medium wp-image-43115\" src=\"http:\/\/portalnpm.com\/wp-content\/uploads\/2022\/09\/IMG-20220910-WA0116-1-225x300.jpg\" alt=\"\" width=\"225\" height=\"300\" \/><\/p>\n<p><img loading=\"lazy\" decoding=\"async\" class=\"alignnone size-medium wp-image-43118\" src=\"http:\/\/portalnpm.com\/wp-content\/uploads\/2022\/09\/IMG-20220910-WA0126-225x300.jpg\" alt=\"\" width=\"225\" height=\"300\" \/> <img loading=\"lazy\" decoding=\"async\" class=\"alignnone size-medium wp-image-43119\" src=\"http:\/\/portalnpm.com\/wp-content\/uploads\/2022\/09\/IMG-20220910-WA0125-300x225.jpg\" alt=\"\" width=\"300\" height=\"225\" \/><\/p>\n","protected":false},"excerpt":{"rendered":"<p>Foi inaugurada na manh\u00e3 desta sexta-feira, 09 de setembro de 2022, a primeira filial da CENTRALFARMA, localizada na Avenida Central, n\u00ba 479, centro do munic\u00edpio de Vila Nova do Piau\u00ed-PI. O empreendimento \u00e9 de propriedade da Farmac\u00eautica Adelina Ramos da Silva, CRF-PI n\u00ba 2278, filha do Empres\u00e1rio Estev\u00e3o Francelino e da Professora Ivanilda Ramos, naturais &hellip;<\/p>\n","protected":false},"author":3,"featured_media":43121,"comment_status":"open","ping_status":"open","sticky":false,"template":"","format":"standard","meta":{"content-type":"","rop_custom_images_group":[],"rop_custom_messages_group":[],"rop_publish_now":"initial","rop_publish_now_accounts":{"facebook_2648258775420054_1618374048415101":""},"rop_publish_now_history":[],"rop_publish_now_status":"pending","footnotes":"","_jetpack_memberships_contains_paid_content":false},"categories":[113,574],"tags":[14171,14172,1431,1277],"yoast_head":"<!-- This site is optimized with the Yoast SEO plugin v22.3 - https:\/\/yoast.com\/wordpress\/plugins\/seo\/ -->\n<title>CENTRALFARMA inaugura filial em Vila do Piau\u00ed; veja! - Portal NPM<\/title>\n<meta name=\"robots\" content=\"index, follow, max-snippet:-1, max-image-preview:large, max-video-preview:-1\" \/>\n<link rel=\"canonical\" href=\"https:\/\/portalnpm.com\/index.php\/2022\/09\/10\/centralfarma-inaugura-filial-em-vila-do-piaui-veja\/\" \/>\n<meta property=\"og:locale\" content=\"pt_BR\" \/>\n<meta property=\"og:type\" content=\"article\" \/>\n<meta property=\"og:title\" content=\"CENTRALFARMA inaugura filial em Vila do Piau\u00ed; veja! - Portal NPM\" \/>\n<meta property=\"og:description\" content=\"Foi inaugurada na manh\u00e3 desta sexta-feira, 09 de setembro de 2022, a primeira filial da CENTRALFARMA, localizada na Avenida Central, n\u00ba 479, centro do munic\u00edpio de Vila Nova do Piau\u00ed-PI. O empreendimento \u00e9 de propriedade da Farmac\u00eautica Adelina Ramos da Silva, CRF-PI n\u00ba 2278, filha do Empres\u00e1rio Estev\u00e3o Francelino e da Professora Ivanilda Ramos, naturais &hellip;\" \/>\n<meta property=\"og:url\" content=\"https:\/\/portalnpm.com\/index.php\/2022\/09\/10\/centralfarma-inaugura-filial-em-vila-do-piaui-veja\/\" \/>\n<meta property=\"og:site_name\" content=\"Portal NPM\" \/>\n<meta property=\"article:published_time\" content=\"2022-09-10T20:49:44+00:00\" \/>\n<meta name=\"author\" content=\"Luis Alberto\" \/>\n<meta name=\"twitter:card\" content=\"summary_large_image\" \/>\n<meta name=\"twitter:label1\" content=\"Escrito por\" \/>\n\t<meta name=\"twitter:data1\" content=\"Luis Alberto\" \/>\n\t<meta name=\"twitter:label2\" content=\"Est. tempo de leitura\" \/>\n\t<meta name=\"twitter:data2\" content=\"2 minutos\" \/>\n<script type=\"application\/ld+json\" class=\"yoast-schema-graph\">{\"@context\":\"https:\/\/schema.org\",\"@graph\":[{\"@type\":\"WebPage\",\"@id\":\"https:\/\/portalnpm.com\/index.php\/2022\/09\/10\/centralfarma-inaugura-filial-em-vila-do-piaui-veja\/\",\"url\":\"https:\/\/portalnpm.com\/index.php\/2022\/09\/10\/centralfarma-inaugura-filial-em-vila-do-piaui-veja\/\",\"name\":\"CENTRALFARMA inaugura filial em Vila do Piau\u00ed; veja! - Portal NPM\",\"isPartOf\":{\"@id\":\"https:\/\/portalnpm.com\/#website\"},\"primaryImageOfPage\":{\"@id\":\"https:\/\/portalnpm.com\/index.php\/2022\/09\/10\/centralfarma-inaugura-filial-em-vila-do-piaui-veja\/#primaryimage\"},\"image\":{\"@id\":\"https:\/\/portalnpm.com\/index.php\/2022\/09\/10\/centralfarma-inaugura-filial-em-vila-do-piaui-veja\/#primaryimage\"},\"thumbnailUrl\":\"\",\"datePublished\":\"2022-09-10T20:49:44+00:00\",\"dateModified\":\"2022-09-10T20:49:44+00:00\",\"author\":{\"@id\":\"https:\/\/portalnpm.com\/#\/schema\/person\/5c8006acdf71774cd4e7a5ab98482152\"},\"breadcrumb\":{\"@id\":\"https:\/\/portalnpm.com\/index.php\/2022\/09\/10\/centralfarma-inaugura-filial-em-vila-do-piaui-veja\/#breadcrumb\"},\"inLanguage\":\"pt-BR\",\"potentialAction\":[{\"@type\":\"ReadAction\",\"target\":[\"https:\/\/portalnpm.com\/index.php\/2022\/09\/10\/centralfarma-inaugura-filial-em-vila-do-piaui-veja\/\"]}]},{\"@type\":\"ImageObject\",\"inLanguage\":\"pt-BR\",\"@id\":\"https:\/\/portalnpm.com\/index.php\/2022\/09\/10\/centralfarma-inaugura-filial-em-vila-do-piaui-veja\/#primaryimage\",\"url\":\"\",\"contentUrl\":\"\"},{\"@type\":\"BreadcrumbList\",\"@id\":\"https:\/\/portalnpm.com\/index.php\/2022\/09\/10\/centralfarma-inaugura-filial-em-vila-do-piaui-veja\/#breadcrumb\",\"itemListElement\":[{\"@type\":\"ListItem\",\"position\":1,\"name\":\"In\u00edcio\",\"item\":\"https:\/\/portalnpm.com\/\"},{\"@type\":\"ListItem\",\"position\":2,\"name\":\"CENTRALFARMA inaugura filial em Vila do Piau\u00ed; veja!\"}]},{\"@type\":\"WebSite\",\"@id\":\"https:\/\/portalnpm.com\/#website\",\"url\":\"https:\/\/portalnpm.com\/\",\"name\":\"Portal NPM\",\"description\":\"Not\u00edcias em Primeira M\u00e3o\",\"potentialAction\":[{\"@type\":\"SearchAction\",\"target\":{\"@type\":\"EntryPoint\",\"urlTemplate\":\"https:\/\/portalnpm.com\/?s={search_term_string}\"},\"query-input\":\"required name=search_term_string\"}],\"inLanguage\":\"pt-BR\"},{\"@type\":\"Person\",\"@id\":\"https:\/\/portalnpm.com\/#\/schema\/person\/5c8006acdf71774cd4e7a5ab98482152\",\"name\":\"Luis Alberto\",\"image\":{\"@type\":\"ImageObject\",\"inLanguage\":\"pt-BR\",\"@id\":\"https:\/\/portalnpm.com\/#\/schema\/person\/image\/\",\"url\":\"https:\/\/portalnpm.com\/wp-content\/uploads\/2024\/12\/avatar_user_3_1734699769-96x96.jpeg\",\"contentUrl\":\"https:\/\/portalnpm.com\/wp-content\/uploads\/2024\/12\/avatar_user_3_1734699769-96x96.jpeg\",\"caption\":\"Luis Alberto\"},\"description\":\"Editor-geral do Portal NPM, \u00e9 formado como T\u00e9cnico em Seguran\u00e7a do Trabalho pela Escola Metropolitana de Cursos T\u00e9cnicos. Det\u00e9m ainda licenciatura em Educa\u00e7\u00e3o F\u00edsica e bacharelado em Ci\u00eancias Pol\u00edticas, ambos obtidos pela institui\u00e7\u00e3o Anhanguera\/UNOPAR.\",\"url\":\"https:\/\/portalnpm.com\/index.php\/author\/pereira\/\"}]}<\/script>\n<!-- \/ Yoast SEO plugin. -->","yoast_head_json":{"title":"CENTRALFARMA inaugura filial em Vila do Piau\u00ed; veja! - Portal NPM","robots":{"index":"index","follow":"follow","max-snippet":"max-snippet:-1","max-image-preview":"max-image-preview:large","max-video-preview":"max-video-preview:-1"},"canonical":"https:\/\/portalnpm.com\/index.php\/2022\/09\/10\/centralfarma-inaugura-filial-em-vila-do-piaui-veja\/","og_locale":"pt_BR","og_type":"article","og_title":"CENTRALFARMA inaugura filial em Vila do Piau\u00ed; veja! - Portal NPM","og_description":"Foi inaugurada na manh\u00e3 desta sexta-feira, 09 de setembro de 2022, a primeira filial da CENTRALFARMA, localizada na Avenida Central, n\u00ba 479, centro do munic\u00edpio de Vila Nova do Piau\u00ed-PI. O empreendimento \u00e9 de propriedade da Farmac\u00eautica Adelina Ramos da Silva, CRF-PI n\u00ba 2278, filha do Empres\u00e1rio Estev\u00e3o Francelino e da Professora Ivanilda Ramos, naturais &hellip;","og_url":"https:\/\/portalnpm.com\/index.php\/2022\/09\/10\/centralfarma-inaugura-filial-em-vila-do-piaui-veja\/","og_site_name":"Portal NPM","article_published_time":"2022-09-10T20:49:44+00:00","author":"Luis Alberto","twitter_card":"summary_large_image","twitter_misc":{"Escrito por":"Luis Alberto","Est. tempo de leitura":"2 minutos"},"schema":{"@context":"https:\/\/schema.org","@graph":[{"@type":"WebPage","@id":"https:\/\/portalnpm.com\/index.php\/2022\/09\/10\/centralfarma-inaugura-filial-em-vila-do-piaui-veja\/","url":"https:\/\/portalnpm.com\/index.php\/2022\/09\/10\/centralfarma-inaugura-filial-em-vila-do-piaui-veja\/","name":"CENTRALFARMA inaugura filial em Vila do Piau\u00ed; veja! - Portal NPM","isPartOf":{"@id":"https:\/\/portalnpm.com\/#website"},"primaryImageOfPage":{"@id":"https:\/\/portalnpm.com\/index.php\/2022\/09\/10\/centralfarma-inaugura-filial-em-vila-do-piaui-veja\/#primaryimage"},"image":{"@id":"https:\/\/portalnpm.com\/index.php\/2022\/09\/10\/centralfarma-inaugura-filial-em-vila-do-piaui-veja\/#primaryimage"},"thumbnailUrl":"","datePublished":"2022-09-10T20:49:44+00:00","dateModified":"2022-09-10T20:49:44+00:00","author":{"@id":"https:\/\/portalnpm.com\/#\/schema\/person\/5c8006acdf71774cd4e7a5ab98482152"},"breadcrumb":{"@id":"https:\/\/portalnpm.com\/index.php\/2022\/09\/10\/centralfarma-inaugura-filial-em-vila-do-piaui-veja\/#breadcrumb"},"inLanguage":"pt-BR","potentialAction":[{"@type":"ReadAction","target":["https:\/\/portalnpm.com\/index.php\/2022\/09\/10\/centralfarma-inaugura-filial-em-vila-do-piaui-veja\/"]}]},{"@type":"ImageObject","inLanguage":"pt-BR","@id":"https:\/\/portalnpm.com\/index.php\/2022\/09\/10\/centralfarma-inaugura-filial-em-vila-do-piaui-veja\/#primaryimage","url":"","contentUrl":""},{"@type":"BreadcrumbList","@id":"https:\/\/portalnpm.com\/index.php\/2022\/09\/10\/centralfarma-inaugura-filial-em-vila-do-piaui-veja\/#breadcrumb","itemListElement":[{"@type":"ListItem","position":1,"name":"In\u00edcio","item":"https:\/\/portalnpm.com\/"},{"@type":"ListItem","position":2,"name":"CENTRALFARMA inaugura filial em Vila do Piau\u00ed; veja!"}]},{"@type":"WebSite","@id":"https:\/\/portalnpm.com\/#website","url":"https:\/\/portalnpm.com\/","name":"Portal NPM","description":"Not\u00edcias em Primeira M\u00e3o","potentialAction":[{"@type":"SearchAction","target":{"@type":"EntryPoint","urlTemplate":"https:\/\/portalnpm.com\/?s={search_term_string}"},"query-input":"required name=search_term_string"}],"inLanguage":"pt-BR"},{"@type":"Person","@id":"https:\/\/portalnpm.com\/#\/schema\/person\/5c8006acdf71774cd4e7a5ab98482152","name":"Luis Alberto","image":{"@type":"ImageObject","inLanguage":"pt-BR","@id":"https:\/\/portalnpm.com\/#\/schema\/person\/image\/","url":"https:\/\/portalnpm.com\/wp-content\/uploads\/2024\/12\/avatar_user_3_1734699769-96x96.jpeg","contentUrl":"https:\/\/portalnpm.com\/wp-content\/uploads\/2024\/12\/avatar_user_3_1734699769-96x96.jpeg","caption":"Luis Alberto"},"description":"Editor-geral do Portal NPM, \u00e9 formado como T\u00e9cnico em Seguran\u00e7a do Trabalho pela Escola Metropolitana de Cursos T\u00e9cnicos. Det\u00e9m ainda licenciatura em Educa\u00e7\u00e3o F\u00edsica e bacharelado em Ci\u00eancias Pol\u00edticas, ambos obtidos pela institui\u00e7\u00e3o Anhanguera\/UNOPAR.","url":"https:\/\/portalnpm.com\/index.php\/author\/pereira\/"}]}},"jetpack_sharing_enabled":true,"jetpack_featured_media_url":"","_links":{"self":[{"href":"https:\/\/portalnpm.com\/index.php\/wp-json\/wp\/v2\/posts\/43082"}],"collection":[{"href":"https:\/\/portalnpm.com\/index.php\/wp-json\/wp\/v2\/posts"}],"about":[{"href":"https:\/\/portalnpm.com\/index.php\/wp-json\/wp\/v2\/types\/post"}],"author":[{"embeddable":true,"href":"https:\/\/portalnpm.com\/index.php\/wp-json\/wp\/v2\/users\/3"}],"replies":[{"embeddable":true,"href":"https:\/\/portalnpm.com\/index.php\/wp-json\/wp\/v2\/comments?post=43082"}],"version-history":[{"count":0,"href":"https:\/\/portalnpm.com\/index.php\/wp-json\/wp\/v2\/posts\/43082\/revisions"}],"wp:featuredmedia":[{"embeddable":true,"href":"https:\/\/portalnpm.com\/index.php\/wp-json\/"}],"wp:attachment":[{"href":"https:\/\/portalnpm.com\/index.php\/wp-json\/wp\/v2\/media?parent=43082"}],"wp:term":[{"taxonomy":"category","embeddable":true,"href":"https:\/\/portalnpm.com\/index.php\/wp-json\/wp\/v2\/categories?post=43082"},{"taxonomy":"post_tag","embeddable":true,"href":"https:\/\/portalnpm.com\/index.php\/wp-json\/wp\/v2\/tags?post=43082"}],"curies":[{"name":"wp","href":"https:\/\/api.w.org\/{rel}","templated":true}]}}