{"id":43178,"date":"2022-09-13T19:19:49","date_gmt":"2022-09-13T22:19:49","guid":{"rendered":"https:\/\/portalnpm.com\/?p=43178"},"modified":"2022-09-13T19:19:49","modified_gmt":"2022-09-13T22:19:49","slug":"atacante-piauiense-iago-andre-assina-com-botafogo-rj-ate-2024","status":"publish","type":"post","link":"https:\/\/portalnpm.com\/index.php\/2022\/09\/13\/atacante-piauiense-iago-andre-assina-com-botafogo-rj-ate-2024\/","title":{"rendered":"Atacante piauiense Iago Andr\u00e9 assina com Botafogo-RJ at\u00e9 2024"},"content":{"rendered":"<p style=\"text-align: justify;\">O atacante Iago Andr\u00e9 de 20 anos, natural da Cidade de \u00c1gua Branca-PI, \u00e0 91km de Teresina \u00e9 o novo refor\u00e7o do Botafogo-RJ. O atleta piauiense de inicio est\u00e1 refor\u00e7ando a equipe Sub23 do time carioca e o contrato ser\u00e1 at\u00e9 a final da temporada 2024. O atleta saiu do estado do Piau\u00ed bem novo, ap\u00f3s ser revelado pela \u2018Escolinha do Futuro\u2019 e passou pelo Sport e Athletico Paranaense onde sua carreira de base antes de chegar ao Fog\u00e3o.<\/p>\n<blockquote>\n<p style=\"text-align: justify;\"><em>\u201cQuando eu completei 15 anos fui para o Athletico e foi quando as coisas come\u00e7aram a acontecer de verdade na minha vida e pessoal tamb\u00e9m.\u00a0Hoje estou aqui no Botafogo e muito com a oportunidade e espero conquistar muitos t\u00edtulos com essa camisa e fazer hist\u00f3ria aqui no clube\u201d, afirmou Iago Andr\u00e9.<\/em><\/p>\n<\/blockquote>\n<p style=\"text-align: justify;\"><em>Foto: Botafogo\/Ascom<\/em><\/p>\n<p style=\"text-align: justify;\"><img decoding=\"async\" class=\" lazyloaded\" src=\"https:\/\/cidadeverde.com\/assets\/uploads\/noticias\/5a33886335319e586c1d46f32a368cf2.jpg\" data-src=\"https:\/\/cidadeverde.com\/assets\/uploads\/noticias\/5a33886335319e586c1d46f32a368cf2.jpg\" \/><\/p>\n<p style=\"text-align: justify;\">Apesar de jovem, Iago Andr\u00e9 tem uma carreira constru\u00edda por passagens pelo Sport e acabou ficando por pouqu\u00edssimo tempo e depois disso foi para o Athletico Paranaense e ficou por seis temporadas integrando as categorias Sub15 e Sub17.\u00a0Nesse meio tempo o atacante enumerou tamb\u00e9m convoca\u00e7\u00f5es para a Sele\u00e7\u00e3o Brasileira sub17.<\/p>\n<p style=\"text-align: justify;\">Em 2020, com o Athletico Paranaense foi vice-campe\u00e3o brasileiro sub20 e chegou a ser relacionado para jogos com o elenco profissional e agora vive a expectativa de defensor o Botafogo-RJ.<\/p>\n<p style=\"text-align: justify;\">Fonte: Cidade Verde<\/p>\n","protected":false},"excerpt":{"rendered":"<p>O atacante Iago Andr\u00e9 de 20 anos, natural da Cidade de \u00c1gua Branca-PI, \u00e0 91km de Teresina \u00e9 o novo refor\u00e7o do Botafogo-RJ. O atleta piauiense de inicio est\u00e1 refor\u00e7ando a equipe Sub23 do time carioca e o contrato ser\u00e1 at\u00e9 a final da temporada 2024. O atleta saiu do estado do Piau\u00ed bem novo, &hellip;<\/p>\n","protected":false},"author":2,"featured_media":43179,"comment_status":"open","ping_status":"open","sticky":false,"template":"","format":"standard","meta":{"content-type":"","rop_custom_images_group":[],"rop_custom_messages_group":[],"rop_publish_now":"initial","rop_publish_now_accounts":{"facebook_2648258775420054_1618374048415101":""},"rop_publish_now_history":[],"rop_publish_now_status":"pending","footnotes":"","_jetpack_memberships_contains_paid_content":false},"categories":[108],"tags":[14183,14184,14185,14186],"yoast_head":"<!-- This site is optimized with the Yoast SEO plugin v22.3 - https:\/\/yoast.com\/wordpress\/plugins\/seo\/ -->\n<title>Atacante piauiense Iago Andr\u00e9 assina com Botafogo-RJ at\u00e9 2024 - Portal NPM<\/title>\n<meta name=\"robots\" content=\"index, follow, max-snippet:-1, max-image-preview:large, max-video-preview:-1\" \/>\n<link rel=\"canonical\" href=\"https:\/\/portalnpm.com\/index.php\/2022\/09\/13\/atacante-piauiense-iago-andre-assina-com-botafogo-rj-ate-2024\/\" \/>\n<meta property=\"og:locale\" content=\"pt_BR\" \/>\n<meta property=\"og:type\" content=\"article\" \/>\n<meta property=\"og:title\" content=\"Atacante piauiense Iago Andr\u00e9 assina com Botafogo-RJ at\u00e9 2024 - Portal NPM\" \/>\n<meta property=\"og:description\" content=\"O atacante Iago Andr\u00e9 de 20 anos, natural da Cidade de \u00c1gua Branca-PI, \u00e0 91km de Teresina \u00e9 o novo refor\u00e7o do Botafogo-RJ. O atleta piauiense de inicio est\u00e1 refor\u00e7ando a equipe Sub23 do time carioca e o contrato ser\u00e1 at\u00e9 a final da temporada 2024. O atleta saiu do estado do Piau\u00ed bem novo, &hellip;\" \/>\n<meta property=\"og:url\" content=\"https:\/\/portalnpm.com\/index.php\/2022\/09\/13\/atacante-piauiense-iago-andre-assina-com-botafogo-rj-ate-2024\/\" \/>\n<meta property=\"og:site_name\" content=\"Portal NPM\" \/>\n<meta property=\"article:published_time\" content=\"2022-09-13T22:19:49+00:00\" \/>\n<meta name=\"author\" content=\"Genival Barbosa\" \/>\n<meta name=\"twitter:card\" content=\"summary_large_image\" \/>\n<meta name=\"twitter:label1\" content=\"Escrito por\" \/>\n\t<meta name=\"twitter:data1\" content=\"Genival Barbosa\" \/>\n\t<meta name=\"twitter:label2\" content=\"Est. tempo de leitura\" \/>\n\t<meta name=\"twitter:data2\" content=\"1 minuto\" \/>\n<script type=\"application\/ld+json\" class=\"yoast-schema-graph\">{\"@context\":\"https:\/\/schema.org\",\"@graph\":[{\"@type\":\"WebPage\",\"@id\":\"https:\/\/portalnpm.com\/index.php\/2022\/09\/13\/atacante-piauiense-iago-andre-assina-com-botafogo-rj-ate-2024\/\",\"url\":\"https:\/\/portalnpm.com\/index.php\/2022\/09\/13\/atacante-piauiense-iago-andre-assina-com-botafogo-rj-ate-2024\/\",\"name\":\"Atacante piauiense Iago Andr\u00e9 assina com Botafogo-RJ at\u00e9 2024 - Portal NPM\",\"isPartOf\":{\"@id\":\"https:\/\/portalnpm.com\/#website\"},\"primaryImageOfPage\":{\"@id\":\"https:\/\/portalnpm.com\/index.php\/2022\/09\/13\/atacante-piauiense-iago-andre-assina-com-botafogo-rj-ate-2024\/#primaryimage\"},\"image\":{\"@id\":\"https:\/\/portalnpm.com\/index.php\/2022\/09\/13\/atacante-piauiense-iago-andre-assina-com-botafogo-rj-ate-2024\/#primaryimage\"},\"thumbnailUrl\":\"\",\"datePublished\":\"2022-09-13T22:19:49+00:00\",\"dateModified\":\"2022-09-13T22:19:49+00:00\",\"author\":{\"@id\":\"https:\/\/portalnpm.com\/#\/schema\/person\/49313e563cfdefcc167f1ee4c017c294\"},\"breadcrumb\":{\"@id\":\"https:\/\/portalnpm.com\/index.php\/2022\/09\/13\/atacante-piauiense-iago-andre-assina-com-botafogo-rj-ate-2024\/#breadcrumb\"},\"inLanguage\":\"pt-BR\",\"potentialAction\":[{\"@type\":\"ReadAction\",\"target\":[\"https:\/\/portalnpm.com\/index.php\/2022\/09\/13\/atacante-piauiense-iago-andre-assina-com-botafogo-rj-ate-2024\/\"]}]},{\"@type\":\"ImageObject\",\"inLanguage\":\"pt-BR\",\"@id\":\"https:\/\/portalnpm.com\/index.php\/2022\/09\/13\/atacante-piauiense-iago-andre-assina-com-botafogo-rj-ate-2024\/#primaryimage\",\"url\":\"\",\"contentUrl\":\"\"},{\"@type\":\"BreadcrumbList\",\"@id\":\"https:\/\/portalnpm.com\/index.php\/2022\/09\/13\/atacante-piauiense-iago-andre-assina-com-botafogo-rj-ate-2024\/#breadcrumb\",\"itemListElement\":[{\"@type\":\"ListItem\",\"position\":1,\"name\":\"In\u00edcio\",\"item\":\"https:\/\/portalnpm.com\/\"},{\"@type\":\"ListItem\",\"position\":2,\"name\":\"Atacante piauiense Iago Andr\u00e9 assina com Botafogo-RJ at\u00e9 2024\"}]},{\"@type\":\"WebSite\",\"@id\":\"https:\/\/portalnpm.com\/#website\",\"url\":\"https:\/\/portalnpm.com\/\",\"name\":\"Portal NPM\",\"description\":\"Not\u00edcias em Primeira M\u00e3o\",\"potentialAction\":[{\"@type\":\"SearchAction\",\"target\":{\"@type\":\"EntryPoint\",\"urlTemplate\":\"https:\/\/portalnpm.com\/?s={search_term_string}\"},\"query-input\":\"required name=search_term_string\"}],\"inLanguage\":\"pt-BR\"},{\"@type\":\"Person\",\"@id\":\"https:\/\/portalnpm.com\/#\/schema\/person\/49313e563cfdefcc167f1ee4c017c294\",\"name\":\"Genival Barbosa\",\"image\":{\"@type\":\"ImageObject\",\"inLanguage\":\"pt-BR\",\"@id\":\"https:\/\/portalnpm.com\/#\/schema\/person\/image\/\",\"url\":\"https:\/\/portalnpm.com\/wp-content\/uploads\/2024\/02\/avatar_user_2_1707743258-96x96.jpeg\",\"contentUrl\":\"https:\/\/portalnpm.com\/wp-content\/uploads\/2024\/02\/avatar_user_2_1707743258-96x96.jpeg\",\"caption\":\"Genival Barbosa\"},\"url\":\"https:\/\/portalnpm.com\/index.php\/author\/genival\/\"}]}<\/script>\n<!-- \/ Yoast SEO plugin. -->","yoast_head_json":{"title":"Atacante piauiense Iago Andr\u00e9 assina com Botafogo-RJ at\u00e9 2024 - Portal NPM","robots":{"index":"index","follow":"follow","max-snippet":"max-snippet:-1","max-image-preview":"max-image-preview:large","max-video-preview":"max-video-preview:-1"},"canonical":"https:\/\/portalnpm.com\/index.php\/2022\/09\/13\/atacante-piauiense-iago-andre-assina-com-botafogo-rj-ate-2024\/","og_locale":"pt_BR","og_type":"article","og_title":"Atacante piauiense Iago Andr\u00e9 assina com Botafogo-RJ at\u00e9 2024 - Portal NPM","og_description":"O atacante Iago Andr\u00e9 de 20 anos, natural da Cidade de \u00c1gua Branca-PI, \u00e0 91km de Teresina \u00e9 o novo refor\u00e7o do Botafogo-RJ. O atleta piauiense de inicio est\u00e1 refor\u00e7ando a equipe Sub23 do time carioca e o contrato ser\u00e1 at\u00e9 a final da temporada 2024. O atleta saiu do estado do Piau\u00ed bem novo, &hellip;","og_url":"https:\/\/portalnpm.com\/index.php\/2022\/09\/13\/atacante-piauiense-iago-andre-assina-com-botafogo-rj-ate-2024\/","og_site_name":"Portal NPM","article_published_time":"2022-09-13T22:19:49+00:00","author":"Genival Barbosa","twitter_card":"summary_large_image","twitter_misc":{"Escrito por":"Genival Barbosa","Est. tempo de leitura":"1 minuto"},"schema":{"@context":"https:\/\/schema.org","@graph":[{"@type":"WebPage","@id":"https:\/\/portalnpm.com\/index.php\/2022\/09\/13\/atacante-piauiense-iago-andre-assina-com-botafogo-rj-ate-2024\/","url":"https:\/\/portalnpm.com\/index.php\/2022\/09\/13\/atacante-piauiense-iago-andre-assina-com-botafogo-rj-ate-2024\/","name":"Atacante piauiense Iago Andr\u00e9 assina com Botafogo-RJ at\u00e9 2024 - Portal NPM","isPartOf":{"@id":"https:\/\/portalnpm.com\/#website"},"primaryImageOfPage":{"@id":"https:\/\/portalnpm.com\/index.php\/2022\/09\/13\/atacante-piauiense-iago-andre-assina-com-botafogo-rj-ate-2024\/#primaryimage"},"image":{"@id":"https:\/\/portalnpm.com\/index.php\/2022\/09\/13\/atacante-piauiense-iago-andre-assina-com-botafogo-rj-ate-2024\/#primaryimage"},"thumbnailUrl":"","datePublished":"2022-09-13T22:19:49+00:00","dateModified":"2022-09-13T22:19:49+00:00","author":{"@id":"https:\/\/portalnpm.com\/#\/schema\/person\/49313e563cfdefcc167f1ee4c017c294"},"breadcrumb":{"@id":"https:\/\/portalnpm.com\/index.php\/2022\/09\/13\/atacante-piauiense-iago-andre-assina-com-botafogo-rj-ate-2024\/#breadcrumb"},"inLanguage":"pt-BR","potentialAction":[{"@type":"ReadAction","target":["https:\/\/portalnpm.com\/index.php\/2022\/09\/13\/atacante-piauiense-iago-andre-assina-com-botafogo-rj-ate-2024\/"]}]},{"@type":"ImageObject","inLanguage":"pt-BR","@id":"https:\/\/portalnpm.com\/index.php\/2022\/09\/13\/atacante-piauiense-iago-andre-assina-com-botafogo-rj-ate-2024\/#primaryimage","url":"","contentUrl":""},{"@type":"BreadcrumbList","@id":"https:\/\/portalnpm.com\/index.php\/2022\/09\/13\/atacante-piauiense-iago-andre-assina-com-botafogo-rj-ate-2024\/#breadcrumb","itemListElement":[{"@type":"ListItem","position":1,"name":"In\u00edcio","item":"https:\/\/portalnpm.com\/"},{"@type":"ListItem","position":2,"name":"Atacante piauiense Iago Andr\u00e9 assina com Botafogo-RJ at\u00e9 2024"}]},{"@type":"WebSite","@id":"https:\/\/portalnpm.com\/#website","url":"https:\/\/portalnpm.com\/","name":"Portal NPM","description":"Not\u00edcias em Primeira M\u00e3o","potentialAction":[{"@type":"SearchAction","target":{"@type":"EntryPoint","urlTemplate":"https:\/\/portalnpm.com\/?s={search_term_string}"},"query-input":"required name=search_term_string"}],"inLanguage":"pt-BR"},{"@type":"Person","@id":"https:\/\/portalnpm.com\/#\/schema\/person\/49313e563cfdefcc167f1ee4c017c294","name":"Genival Barbosa","image":{"@type":"ImageObject","inLanguage":"pt-BR","@id":"https:\/\/portalnpm.com\/#\/schema\/person\/image\/","url":"https:\/\/portalnpm.com\/wp-content\/uploads\/2024\/02\/avatar_user_2_1707743258-96x96.jpeg","contentUrl":"https:\/\/portalnpm.com\/wp-content\/uploads\/2024\/02\/avatar_user_2_1707743258-96x96.jpeg","caption":"Genival Barbosa"},"url":"https:\/\/portalnpm.com\/index.php\/author\/genival\/"}]}},"jetpack_sharing_enabled":true,"jetpack_featured_media_url":"","_links":{"self":[{"href":"https:\/\/portalnpm.com\/index.php\/wp-json\/wp\/v2\/posts\/43178"}],"collection":[{"href":"https:\/\/portalnpm.com\/index.php\/wp-json\/wp\/v2\/posts"}],"about":[{"href":"https:\/\/portalnpm.com\/index.php\/wp-json\/wp\/v2\/types\/post"}],"author":[{"embeddable":true,"href":"https:\/\/portalnpm.com\/index.php\/wp-json\/wp\/v2\/users\/2"}],"replies":[{"embeddable":true,"href":"https:\/\/portalnpm.com\/index.php\/wp-json\/wp\/v2\/comments?post=43178"}],"version-history":[{"count":0,"href":"https:\/\/portalnpm.com\/index.php\/wp-json\/wp\/v2\/posts\/43178\/revisions"}],"wp:featuredmedia":[{"embeddable":true,"href":"https:\/\/portalnpm.com\/index.php\/wp-json\/"}],"wp:attachment":[{"href":"https:\/\/portalnpm.com\/index.php\/wp-json\/wp\/v2\/media?parent=43178"}],"wp:term":[{"taxonomy":"category","embeddable":true,"href":"https:\/\/portalnpm.com\/index.php\/wp-json\/wp\/v2\/categories?post=43178"},{"taxonomy":"post_tag","embeddable":true,"href":"https:\/\/portalnpm.com\/index.php\/wp-json\/wp\/v2\/tags?post=43178"}],"curies":[{"name":"wp","href":"https:\/\/api.w.org\/{rel}","templated":true}]}}