{"id":43277,"date":"2022-09-22T11:25:26","date_gmt":"2022-09-22T14:25:26","guid":{"rendered":"https:\/\/portalnpm.com\/?p=43277"},"modified":"2022-09-22T11:25:26","modified_gmt":"2022-09-22T14:25:26","slug":"com-mais-de-r-2-bilhoes-em-dividas-justica-decreta-falencia-do-grupo-itapemirim","status":"publish","type":"post","link":"https:\/\/portalnpm.com\/index.php\/2022\/09\/22\/com-mais-de-r-2-bilhoes-em-dividas-justica-decreta-falencia-do-grupo-itapemirim\/","title":{"rendered":"Com mais de R$ 2 bilh\u00f5es em d\u00edvidas, Justi\u00e7a decreta fal\u00eancia do Grupo Itapemirim"},"content":{"rendered":"<p style=\"text-align: justify;\" data-t=\"{&quot;n&quot;:&quot;blueLinks&quot;}\">S\u00c3O PAULO, SP (UOL\/FOLHAPRESS) &#8211; O Tribunal de Justi\u00e7a de S\u00e3o Paulo decretou nesta quarta-feira (21) a fal\u00eancia do Grupo Itapemirim, empresa de transporte rodovi\u00e1rio e a\u00e9reo. A recupera\u00e7\u00e3o judicial ocorria desde 2016 e as d\u00edvidas somam R$ 200 milh\u00f5es e mais R$ 2 bi em despesas pendentes com impostos e previd\u00eancia.<\/p>\n<p style=\"text-align: justify;\" data-t=\"{&quot;n&quot;:&quot;blueLinks&quot;}\">\n<p style=\"text-align: justify;\" data-t=\"{&quot;n&quot;:&quot;blueLinks&quot;}\">\n<p style=\"text-align: justify;\" data-t=\"{&quot;n&quot;:&quot;blueLinks&quot;}\">O Grupo j\u00e1 foi considerado um dos maiores do pa\u00eds no ramo viagens intermunicipais de \u00f4nibus.<\/p>\n<p class=\"continue-read-break\" style=\"text-align: justify;\" data-t=\"{&quot;n&quot;:&quot;blueLinks&quot;}\">A decis\u00e3o \u00e9 do juiz Jo\u00e3o de Oliveira Rodrigues, da 1\u00aa Vara de Recupera\u00e7\u00e3o Judicial de S\u00e3o Paulo. Ele tamb\u00e9m indisponibilizou os bens de Sidnei Piva de Jesus, dono da empresa, por entender que a Piva Consulting, outra companhia dele, teria gerado &#8220;confus\u00e3o patrimonial&#8221;, ou seja, teria misturado os rendimentos das duas pessoas jur\u00eddicas.<\/p>\n<div class=\"intra-article-module articlePageIntraArticleFullWidth intra-article-ad-full\" style=\"text-align: justify;\" data-t=\"{&quot;n&quot;:&quot;intraArticle&quot;,&quot;t&quot;:13}\">\n<div class=\"native-ad-container native-ad-full\">\n<div class=\"article no-content-indicator image-pos-end narrow-image\">\n<div class=\"image-end\">\n<div class=\"image-end-container\">\n<div class=\"image-end-gradient-container\">\n<div class=\"image-end-gradient-bottom\"><\/div>\n<\/div>\n<\/div>\n<\/div>\n<\/div>\n<\/div>\n<\/div>\n<p class=\"\" style=\"text-align: justify;\" data-t=\"{&quot;n&quot;:&quot;blueLinks&quot;}\">A Itapemirim foi fundada por Camilo Cola, ex-pra\u00e7a da FAB (For\u00e7a A\u00e9rea Brasileira). Depois, foi vendida por R$ 1 para Sidnei Piva de Jesus, j\u00e1 em processo de recupera\u00e7\u00e3o judicial.<\/p>\n<p class=\"\" style=\"text-align: justify;\" data-t=\"{&quot;n&quot;:&quot;blueLinks&quot;}\">Em 2021, a companhia passou a oferecer transporte a\u00e9reo, mas a opera\u00e7\u00e3o durou apenas seis meses, deixando milhares de passageiros sem viajar nas festas de final de ano e gerando diversas reclama\u00e7\u00f5es em \u00f3rg\u00e3os de defesa do consumidor e tamb\u00e9m uma s\u00e9rie de a\u00e7\u00f5es judiciais.<\/p>\n<p class=\"\" style=\"text-align: justify;\" data-t=\"{&quot;n&quot;:&quot;blueLinks&quot;}\">Na decis\u00e3o, o juiz tamb\u00e9m autorizou um contrato de massa falida com a transportadora Suzano que, por pelo menos um ano, vai assumir os servi\u00e7os oferecidos pelo grupo.<\/p>\n<p class=\"\" style=\"text-align: justify;\" data-t=\"{&quot;n&quot;:&quot;blueLinks&quot;}\">Fonte: UOL\/FOLHAPRESS<\/p>\n","protected":false},"excerpt":{"rendered":"<p>S\u00c3O PAULO, SP (UOL\/FOLHAPRESS) &#8211; O Tribunal de Justi\u00e7a de S\u00e3o Paulo decretou nesta quarta-feira (21) a fal\u00eancia do Grupo Itapemirim, empresa de transporte rodovi\u00e1rio e a\u00e9reo. A recupera\u00e7\u00e3o judicial ocorria desde 2016 e as d\u00edvidas somam R$ 200 milh\u00f5es e mais R$ 2 bi em despesas pendentes com impostos e previd\u00eancia. O Grupo j\u00e1 &hellip;<\/p>\n","protected":false},"author":2,"featured_media":43278,"comment_status":"open","ping_status":"open","sticky":false,"template":"","format":"standard","meta":{"content-type":"","rop_custom_images_group":[],"rop_custom_messages_group":[],"rop_publish_now":"initial","rop_publish_now_accounts":{"facebook_2648258775420054_1618374048415101":""},"rop_publish_now_history":[],"rop_publish_now_status":"pending","footnotes":"","_jetpack_memberships_contains_paid_content":false},"categories":[113,125,118],"tags":[2569,5936],"yoast_head":"<!-- This site is optimized with the Yoast SEO plugin v22.3 - https:\/\/yoast.com\/wordpress\/plugins\/seo\/ -->\n<title>Com mais de R$ 2 bilh\u00f5es em d\u00edvidas, Justi\u00e7a decreta fal\u00eancia do Grupo Itapemirim - Portal NPM<\/title>\n<meta name=\"robots\" content=\"index, follow, max-snippet:-1, max-image-preview:large, max-video-preview:-1\" \/>\n<link rel=\"canonical\" href=\"https:\/\/portalnpm.com\/index.php\/2022\/09\/22\/com-mais-de-r-2-bilhoes-em-dividas-justica-decreta-falencia-do-grupo-itapemirim\/\" \/>\n<meta property=\"og:locale\" content=\"pt_BR\" \/>\n<meta property=\"og:type\" content=\"article\" \/>\n<meta property=\"og:title\" content=\"Com mais de R$ 2 bilh\u00f5es em d\u00edvidas, Justi\u00e7a decreta fal\u00eancia do Grupo Itapemirim - Portal NPM\" \/>\n<meta property=\"og:description\" content=\"S\u00c3O PAULO, SP (UOL\/FOLHAPRESS) &#8211; O Tribunal de Justi\u00e7a de S\u00e3o Paulo decretou nesta quarta-feira (21) a fal\u00eancia do Grupo Itapemirim, empresa de transporte rodovi\u00e1rio e a\u00e9reo. A recupera\u00e7\u00e3o judicial ocorria desde 2016 e as d\u00edvidas somam R$ 200 milh\u00f5es e mais R$ 2 bi em despesas pendentes com impostos e previd\u00eancia. O Grupo j\u00e1 &hellip;\" \/>\n<meta property=\"og:url\" content=\"https:\/\/portalnpm.com\/index.php\/2022\/09\/22\/com-mais-de-r-2-bilhoes-em-dividas-justica-decreta-falencia-do-grupo-itapemirim\/\" \/>\n<meta property=\"og:site_name\" content=\"Portal NPM\" \/>\n<meta property=\"article:published_time\" content=\"2022-09-22T14:25:26+00:00\" \/>\n<meta name=\"author\" content=\"Genival Barbosa\" \/>\n<meta name=\"twitter:card\" content=\"summary_large_image\" \/>\n<meta name=\"twitter:label1\" content=\"Escrito por\" \/>\n\t<meta name=\"twitter:data1\" content=\"Genival Barbosa\" \/>\n\t<meta name=\"twitter:label2\" content=\"Est. tempo de leitura\" \/>\n\t<meta name=\"twitter:data2\" content=\"1 minuto\" \/>\n<script type=\"application\/ld+json\" class=\"yoast-schema-graph\">{\"@context\":\"https:\/\/schema.org\",\"@graph\":[{\"@type\":\"WebPage\",\"@id\":\"https:\/\/portalnpm.com\/index.php\/2022\/09\/22\/com-mais-de-r-2-bilhoes-em-dividas-justica-decreta-falencia-do-grupo-itapemirim\/\",\"url\":\"https:\/\/portalnpm.com\/index.php\/2022\/09\/22\/com-mais-de-r-2-bilhoes-em-dividas-justica-decreta-falencia-do-grupo-itapemirim\/\",\"name\":\"Com mais de R$ 2 bilh\u00f5es em d\u00edvidas, Justi\u00e7a decreta fal\u00eancia do Grupo Itapemirim - Portal NPM\",\"isPartOf\":{\"@id\":\"https:\/\/portalnpm.com\/#website\"},\"primaryImageOfPage\":{\"@id\":\"https:\/\/portalnpm.com\/index.php\/2022\/09\/22\/com-mais-de-r-2-bilhoes-em-dividas-justica-decreta-falencia-do-grupo-itapemirim\/#primaryimage\"},\"image\":{\"@id\":\"https:\/\/portalnpm.com\/index.php\/2022\/09\/22\/com-mais-de-r-2-bilhoes-em-dividas-justica-decreta-falencia-do-grupo-itapemirim\/#primaryimage\"},\"thumbnailUrl\":\"\",\"datePublished\":\"2022-09-22T14:25:26+00:00\",\"dateModified\":\"2022-09-22T14:25:26+00:00\",\"author\":{\"@id\":\"https:\/\/portalnpm.com\/#\/schema\/person\/49313e563cfdefcc167f1ee4c017c294\"},\"breadcrumb\":{\"@id\":\"https:\/\/portalnpm.com\/index.php\/2022\/09\/22\/com-mais-de-r-2-bilhoes-em-dividas-justica-decreta-falencia-do-grupo-itapemirim\/#breadcrumb\"},\"inLanguage\":\"pt-BR\",\"potentialAction\":[{\"@type\":\"ReadAction\",\"target\":[\"https:\/\/portalnpm.com\/index.php\/2022\/09\/22\/com-mais-de-r-2-bilhoes-em-dividas-justica-decreta-falencia-do-grupo-itapemirim\/\"]}]},{\"@type\":\"ImageObject\",\"inLanguage\":\"pt-BR\",\"@id\":\"https:\/\/portalnpm.com\/index.php\/2022\/09\/22\/com-mais-de-r-2-bilhoes-em-dividas-justica-decreta-falencia-do-grupo-itapemirim\/#primaryimage\",\"url\":\"\",\"contentUrl\":\"\"},{\"@type\":\"BreadcrumbList\",\"@id\":\"https:\/\/portalnpm.com\/index.php\/2022\/09\/22\/com-mais-de-r-2-bilhoes-em-dividas-justica-decreta-falencia-do-grupo-itapemirim\/#breadcrumb\",\"itemListElement\":[{\"@type\":\"ListItem\",\"position\":1,\"name\":\"In\u00edcio\",\"item\":\"https:\/\/portalnpm.com\/\"},{\"@type\":\"ListItem\",\"position\":2,\"name\":\"Com mais de R$ 2 bilh\u00f5es em d\u00edvidas, Justi\u00e7a decreta fal\u00eancia do Grupo Itapemirim\"}]},{\"@type\":\"WebSite\",\"@id\":\"https:\/\/portalnpm.com\/#website\",\"url\":\"https:\/\/portalnpm.com\/\",\"name\":\"Portal NPM\",\"description\":\"Not\u00edcias em Primeira M\u00e3o\",\"potentialAction\":[{\"@type\":\"SearchAction\",\"target\":{\"@type\":\"EntryPoint\",\"urlTemplate\":\"https:\/\/portalnpm.com\/?s={search_term_string}\"},\"query-input\":\"required name=search_term_string\"}],\"inLanguage\":\"pt-BR\"},{\"@type\":\"Person\",\"@id\":\"https:\/\/portalnpm.com\/#\/schema\/person\/49313e563cfdefcc167f1ee4c017c294\",\"name\":\"Genival Barbosa\",\"image\":{\"@type\":\"ImageObject\",\"inLanguage\":\"pt-BR\",\"@id\":\"https:\/\/portalnpm.com\/#\/schema\/person\/image\/\",\"url\":\"https:\/\/portalnpm.com\/wp-content\/uploads\/2024\/02\/avatar_user_2_1707743258-96x96.jpeg\",\"contentUrl\":\"https:\/\/portalnpm.com\/wp-content\/uploads\/2024\/02\/avatar_user_2_1707743258-96x96.jpeg\",\"caption\":\"Genival Barbosa\"},\"url\":\"https:\/\/portalnpm.com\/index.php\/author\/genival\/\"}]}<\/script>\n<!-- \/ Yoast SEO plugin. -->","yoast_head_json":{"title":"Com mais de R$ 2 bilh\u00f5es em d\u00edvidas, Justi\u00e7a decreta fal\u00eancia do Grupo Itapemirim - Portal NPM","robots":{"index":"index","follow":"follow","max-snippet":"max-snippet:-1","max-image-preview":"max-image-preview:large","max-video-preview":"max-video-preview:-1"},"canonical":"https:\/\/portalnpm.com\/index.php\/2022\/09\/22\/com-mais-de-r-2-bilhoes-em-dividas-justica-decreta-falencia-do-grupo-itapemirim\/","og_locale":"pt_BR","og_type":"article","og_title":"Com mais de R$ 2 bilh\u00f5es em d\u00edvidas, Justi\u00e7a decreta fal\u00eancia do Grupo Itapemirim - Portal NPM","og_description":"S\u00c3O PAULO, SP (UOL\/FOLHAPRESS) &#8211; O Tribunal de Justi\u00e7a de S\u00e3o Paulo decretou nesta quarta-feira (21) a fal\u00eancia do Grupo Itapemirim, empresa de transporte rodovi\u00e1rio e a\u00e9reo. A recupera\u00e7\u00e3o judicial ocorria desde 2016 e as d\u00edvidas somam R$ 200 milh\u00f5es e mais R$ 2 bi em despesas pendentes com impostos e previd\u00eancia. O Grupo j\u00e1 &hellip;","og_url":"https:\/\/portalnpm.com\/index.php\/2022\/09\/22\/com-mais-de-r-2-bilhoes-em-dividas-justica-decreta-falencia-do-grupo-itapemirim\/","og_site_name":"Portal NPM","article_published_time":"2022-09-22T14:25:26+00:00","author":"Genival Barbosa","twitter_card":"summary_large_image","twitter_misc":{"Escrito por":"Genival Barbosa","Est. tempo de leitura":"1 minuto"},"schema":{"@context":"https:\/\/schema.org","@graph":[{"@type":"WebPage","@id":"https:\/\/portalnpm.com\/index.php\/2022\/09\/22\/com-mais-de-r-2-bilhoes-em-dividas-justica-decreta-falencia-do-grupo-itapemirim\/","url":"https:\/\/portalnpm.com\/index.php\/2022\/09\/22\/com-mais-de-r-2-bilhoes-em-dividas-justica-decreta-falencia-do-grupo-itapemirim\/","name":"Com mais de R$ 2 bilh\u00f5es em d\u00edvidas, Justi\u00e7a decreta fal\u00eancia do Grupo Itapemirim - Portal NPM","isPartOf":{"@id":"https:\/\/portalnpm.com\/#website"},"primaryImageOfPage":{"@id":"https:\/\/portalnpm.com\/index.php\/2022\/09\/22\/com-mais-de-r-2-bilhoes-em-dividas-justica-decreta-falencia-do-grupo-itapemirim\/#primaryimage"},"image":{"@id":"https:\/\/portalnpm.com\/index.php\/2022\/09\/22\/com-mais-de-r-2-bilhoes-em-dividas-justica-decreta-falencia-do-grupo-itapemirim\/#primaryimage"},"thumbnailUrl":"","datePublished":"2022-09-22T14:25:26+00:00","dateModified":"2022-09-22T14:25:26+00:00","author":{"@id":"https:\/\/portalnpm.com\/#\/schema\/person\/49313e563cfdefcc167f1ee4c017c294"},"breadcrumb":{"@id":"https:\/\/portalnpm.com\/index.php\/2022\/09\/22\/com-mais-de-r-2-bilhoes-em-dividas-justica-decreta-falencia-do-grupo-itapemirim\/#breadcrumb"},"inLanguage":"pt-BR","potentialAction":[{"@type":"ReadAction","target":["https:\/\/portalnpm.com\/index.php\/2022\/09\/22\/com-mais-de-r-2-bilhoes-em-dividas-justica-decreta-falencia-do-grupo-itapemirim\/"]}]},{"@type":"ImageObject","inLanguage":"pt-BR","@id":"https:\/\/portalnpm.com\/index.php\/2022\/09\/22\/com-mais-de-r-2-bilhoes-em-dividas-justica-decreta-falencia-do-grupo-itapemirim\/#primaryimage","url":"","contentUrl":""},{"@type":"BreadcrumbList","@id":"https:\/\/portalnpm.com\/index.php\/2022\/09\/22\/com-mais-de-r-2-bilhoes-em-dividas-justica-decreta-falencia-do-grupo-itapemirim\/#breadcrumb","itemListElement":[{"@type":"ListItem","position":1,"name":"In\u00edcio","item":"https:\/\/portalnpm.com\/"},{"@type":"ListItem","position":2,"name":"Com mais de R$ 2 bilh\u00f5es em d\u00edvidas, Justi\u00e7a decreta fal\u00eancia do Grupo Itapemirim"}]},{"@type":"WebSite","@id":"https:\/\/portalnpm.com\/#website","url":"https:\/\/portalnpm.com\/","name":"Portal NPM","description":"Not\u00edcias em Primeira M\u00e3o","potentialAction":[{"@type":"SearchAction","target":{"@type":"EntryPoint","urlTemplate":"https:\/\/portalnpm.com\/?s={search_term_string}"},"query-input":"required name=search_term_string"}],"inLanguage":"pt-BR"},{"@type":"Person","@id":"https:\/\/portalnpm.com\/#\/schema\/person\/49313e563cfdefcc167f1ee4c017c294","name":"Genival Barbosa","image":{"@type":"ImageObject","inLanguage":"pt-BR","@id":"https:\/\/portalnpm.com\/#\/schema\/person\/image\/","url":"https:\/\/portalnpm.com\/wp-content\/uploads\/2024\/02\/avatar_user_2_1707743258-96x96.jpeg","contentUrl":"https:\/\/portalnpm.com\/wp-content\/uploads\/2024\/02\/avatar_user_2_1707743258-96x96.jpeg","caption":"Genival Barbosa"},"url":"https:\/\/portalnpm.com\/index.php\/author\/genival\/"}]}},"jetpack_sharing_enabled":true,"jetpack_featured_media_url":"","_links":{"self":[{"href":"https:\/\/portalnpm.com\/index.php\/wp-json\/wp\/v2\/posts\/43277"}],"collection":[{"href":"https:\/\/portalnpm.com\/index.php\/wp-json\/wp\/v2\/posts"}],"about":[{"href":"https:\/\/portalnpm.com\/index.php\/wp-json\/wp\/v2\/types\/post"}],"author":[{"embeddable":true,"href":"https:\/\/portalnpm.com\/index.php\/wp-json\/wp\/v2\/users\/2"}],"replies":[{"embeddable":true,"href":"https:\/\/portalnpm.com\/index.php\/wp-json\/wp\/v2\/comments?post=43277"}],"version-history":[{"count":0,"href":"https:\/\/portalnpm.com\/index.php\/wp-json\/wp\/v2\/posts\/43277\/revisions"}],"wp:featuredmedia":[{"embeddable":true,"href":"https:\/\/portalnpm.com\/index.php\/wp-json\/"}],"wp:attachment":[{"href":"https:\/\/portalnpm.com\/index.php\/wp-json\/wp\/v2\/media?parent=43277"}],"wp:term":[{"taxonomy":"category","embeddable":true,"href":"https:\/\/portalnpm.com\/index.php\/wp-json\/wp\/v2\/categories?post=43277"},{"taxonomy":"post_tag","embeddable":true,"href":"https:\/\/portalnpm.com\/index.php\/wp-json\/wp\/v2\/tags?post=43277"}],"curies":[{"name":"wp","href":"https:\/\/api.w.org\/{rel}","templated":true}]}}