{"id":43295,"date":"2022-09-23T15:19:17","date_gmt":"2022-09-23T18:19:17","guid":{"rendered":"https:\/\/portalnpm.com\/?p=43295"},"modified":"2022-09-23T15:19:17","modified_gmt":"2022-09-23T18:19:17","slug":"crianca-de-07-anos-morre-apos-ser-atropelada-por-carreta-em-campo-grande-do-piaui","status":"publish","type":"post","link":"https:\/\/portalnpm.com\/index.php\/2022\/09\/23\/crianca-de-07-anos-morre-apos-ser-atropelada-por-carreta-em-campo-grande-do-piaui\/","title":{"rendered":"Crian\u00e7a de 07 anos morre ap\u00f3s ser atropelada por carreta em Campo Grande do Piau\u00ed"},"content":{"rendered":"<p style=\"text-align: justify;\">No in\u00edcio da tarde desta Sexta-feira (23) de Setembro, um atropelamento deixou uma crian\u00e7a de 07 anos morta na cidade de Campo Grande do Piau\u00ed.<\/p>\n<p style=\"text-align: justify;\">Segundo informa\u00e7\u00f5es repassadas ao <strong>Portal<\/strong> <strong>Not\u00edcias do 75<\/strong>, o acidente ocorreu na BR-316, no povoado KM-80, a crian\u00e7a de nome Wenzyo Shaymo estava esperando o \u00f4nibus escolar, e ao atravessar, sua mochila com o material escolar caiu, ele retornou para pegar, quando foi atropelado por uma carreta.<\/p>\n<figure class=\"wp-block-image size-large\" style=\"text-align: justify;\"><img fetchpriority=\"high\" decoding=\"async\" class=\"wp-image-67058 lazyloaded\" src=\"https:\/\/noticiasdo75.com.br\/portal\/wp-content\/uploads\/2022\/09\/ac-1-765x1024.jpg\" sizes=\"(max-width: 765px) 100vw, 765px\" srcset=\"https:\/\/noticiasdo75.com.br\/portal\/wp-content\/uploads\/2022\/09\/ac-1-765x1024.jpg 765w, https:\/\/noticiasdo75.com.br\/portal\/wp-content\/uploads\/2022\/09\/ac-1-224x300.jpg 224w, https:\/\/noticiasdo75.com.br\/portal\/wp-content\/uploads\/2022\/09\/ac-1-768x1027.jpg 768w, https:\/\/noticiasdo75.com.br\/portal\/wp-content\/uploads\/2022\/09\/ac-1-1148x1536.jpg 1148w, https:\/\/noticiasdo75.com.br\/portal\/wp-content\/uploads\/2022\/09\/ac-1-750x1003.jpg 750w, https:\/\/noticiasdo75.com.br\/portal\/wp-content\/uploads\/2022\/09\/ac-1-1140x1525.jpg 1140w, https:\/\/noticiasdo75.com.br\/portal\/wp-content\/uploads\/2022\/09\/ac-1.jpg 1196w\" alt=\"\" width=\"765\" height=\"1024\" data-lazy-srcset=\"https:\/\/noticiasdo75.com.br\/portal\/wp-content\/uploads\/2022\/09\/ac-1-765x1024.jpg 765w, https:\/\/noticiasdo75.com.br\/portal\/wp-content\/uploads\/2022\/09\/ac-1-224x300.jpg 224w, https:\/\/noticiasdo75.com.br\/portal\/wp-content\/uploads\/2022\/09\/ac-1-768x1027.jpg 768w, https:\/\/noticiasdo75.com.br\/portal\/wp-content\/uploads\/2022\/09\/ac-1-1148x1536.jpg 1148w, https:\/\/noticiasdo75.com.br\/portal\/wp-content\/uploads\/2022\/09\/ac-1-750x1003.jpg 750w, https:\/\/noticiasdo75.com.br\/portal\/wp-content\/uploads\/2022\/09\/ac-1-1140x1525.jpg 1140w, https:\/\/noticiasdo75.com.br\/portal\/wp-content\/uploads\/2022\/09\/ac-1.jpg 1196w\" data-lazy-sizes=\"(max-width: 765px) 100vw, 765px\" data-lazy-src=\"https:\/\/noticiasdo75.com.br\/portal\/wp-content\/uploads\/2022\/09\/ac-1-765x1024.jpg\" data-pin-no-hover=\"true\" data-was-processed=\"true\" \/><\/figure>\n<p style=\"text-align: justify;\">Com a batida violenta, Wenzyo veio a \u00f3bito no local. A morte deixou o munic\u00edpio de Campo Grande do Piau\u00ed comovido.<\/p>\n<figure class=\"wp-block-image size-large\" style=\"text-align: justify;\"><img decoding=\"async\" class=\"wp-image-67059 lazyloaded\" src=\"https:\/\/noticiasdo75.com.br\/portal\/wp-content\/uploads\/2022\/09\/ac-3-765x1024.jpg\" sizes=\"(max-width: 765px) 100vw, 765px\" srcset=\"https:\/\/noticiasdo75.com.br\/portal\/wp-content\/uploads\/2022\/09\/ac-3-765x1024.jpg 765w, https:\/\/noticiasdo75.com.br\/portal\/wp-content\/uploads\/2022\/09\/ac-3-224x300.jpg 224w, https:\/\/noticiasdo75.com.br\/portal\/wp-content\/uploads\/2022\/09\/ac-3-768x1027.jpg 768w, https:\/\/noticiasdo75.com.br\/portal\/wp-content\/uploads\/2022\/09\/ac-3-1148x1536.jpg 1148w, https:\/\/noticiasdo75.com.br\/portal\/wp-content\/uploads\/2022\/09\/ac-3-750x1003.jpg 750w, https:\/\/noticiasdo75.com.br\/portal\/wp-content\/uploads\/2022\/09\/ac-3-1140x1525.jpg 1140w, https:\/\/noticiasdo75.com.br\/portal\/wp-content\/uploads\/2022\/09\/ac-3.jpg 1196w\" alt=\"\" width=\"765\" height=\"1024\" data-lazy-srcset=\"https:\/\/noticiasdo75.com.br\/portal\/wp-content\/uploads\/2022\/09\/ac-3-765x1024.jpg 765w, https:\/\/noticiasdo75.com.br\/portal\/wp-content\/uploads\/2022\/09\/ac-3-224x300.jpg 224w, https:\/\/noticiasdo75.com.br\/portal\/wp-content\/uploads\/2022\/09\/ac-3-768x1027.jpg 768w, https:\/\/noticiasdo75.com.br\/portal\/wp-content\/uploads\/2022\/09\/ac-3-1148x1536.jpg 1148w, https:\/\/noticiasdo75.com.br\/portal\/wp-content\/uploads\/2022\/09\/ac-3-750x1003.jpg 750w, https:\/\/noticiasdo75.com.br\/portal\/wp-content\/uploads\/2022\/09\/ac-3-1140x1525.jpg 1140w, https:\/\/noticiasdo75.com.br\/portal\/wp-content\/uploads\/2022\/09\/ac-3.jpg 1196w\" data-lazy-sizes=\"(max-width: 765px) 100vw, 765px\" data-lazy-src=\"https:\/\/noticiasdo75.com.br\/portal\/wp-content\/uploads\/2022\/09\/ac-3-765x1024.jpg\" data-pin-no-hover=\"true\" data-was-processed=\"true\" \/><\/figure>\n<p style=\"text-align: justify;\">A crian\u00e7a fazia parte da rede municipal de ensino, e estudava o 1\u00b0 ano, na unidade escolar Raimundo Esmero de Sousa na sede do munic\u00edpio.<\/p>\n<figure class=\"wp-block-image size-large\" style=\"text-align: justify;\"><img decoding=\"async\" class=\"wp-image-67060 lazyloaded\" src=\"https:\/\/noticiasdo75.com.br\/portal\/wp-content\/uploads\/2022\/09\/ac-4.jpg\" sizes=\"(max-width: 487px) 100vw, 487px\" srcset=\"https:\/\/noticiasdo75.com.br\/portal\/wp-content\/uploads\/2022\/09\/ac-4.jpg 487w, https:\/\/noticiasdo75.com.br\/portal\/wp-content\/uploads\/2022\/09\/ac-4-219x300.jpg 219w\" alt=\"\" width=\"487\" height=\"666\" data-lazy-srcset=\"https:\/\/noticiasdo75.com.br\/portal\/wp-content\/uploads\/2022\/09\/ac-4.jpg 487w, https:\/\/noticiasdo75.com.br\/portal\/wp-content\/uploads\/2022\/09\/ac-4-219x300.jpg 219w\" data-lazy-sizes=\"(max-width: 487px) 100vw, 487px\" data-lazy-src=\"https:\/\/noticiasdo75.com.br\/portal\/wp-content\/uploads\/2022\/09\/ac-4.jpg\" data-pin-no-hover=\"true\" data-was-processed=\"true\" \/><\/figure>\n<p style=\"text-align: justify;\">Crian\u00e7a que foi atropelada<\/p>\n<p style=\"text-align: justify;\"><em><strong>Fonte: Not\u00edcias Do 75<\/strong><\/em><\/p>\n","protected":false},"excerpt":{"rendered":"<p>No in\u00edcio da tarde desta Sexta-feira (23) de Setembro, um atropelamento deixou uma crian\u00e7a de 07 anos morta na cidade de Campo Grande do Piau\u00ed. Segundo informa\u00e7\u00f5es repassadas ao Portal Not\u00edcias do 75, o acidente ocorreu na BR-316, no povoado KM-80, a crian\u00e7a de nome Wenzyo Shaymo estava esperando o \u00f4nibus escolar, e ao atravessar, &hellip;<\/p>\n","protected":false},"author":2,"featured_media":43297,"comment_status":"open","ping_status":"open","sticky":false,"template":"","format":"standard","meta":{"content-type":"","rop_custom_images_group":[],"rop_custom_messages_group":[],"rop_publish_now":"initial","rop_publish_now_accounts":{"facebook_2648258775420054_1618374048415101":""},"rop_publish_now_history":[],"rop_publish_now_status":"pending","footnotes":"","_jetpack_memberships_contains_paid_content":false},"categories":[138,113,109],"tags":[154,4501],"yoast_head":"<!-- This site is optimized with the Yoast SEO plugin v22.3 - https:\/\/yoast.com\/wordpress\/plugins\/seo\/ -->\n<title>Crian\u00e7a de 07 anos morre ap\u00f3s ser atropelada por carreta em Campo Grande do Piau\u00ed - Portal NPM<\/title>\n<meta name=\"robots\" content=\"index, follow, max-snippet:-1, max-image-preview:large, max-video-preview:-1\" \/>\n<link rel=\"canonical\" href=\"https:\/\/portalnpm.com\/index.php\/2022\/09\/23\/crianca-de-07-anos-morre-apos-ser-atropelada-por-carreta-em-campo-grande-do-piaui\/\" \/>\n<meta property=\"og:locale\" content=\"pt_BR\" \/>\n<meta property=\"og:type\" content=\"article\" \/>\n<meta property=\"og:title\" content=\"Crian\u00e7a de 07 anos morre ap\u00f3s ser atropelada por carreta em Campo Grande do Piau\u00ed - Portal NPM\" \/>\n<meta property=\"og:description\" content=\"No in\u00edcio da tarde desta Sexta-feira (23) de Setembro, um atropelamento deixou uma crian\u00e7a de 07 anos morta na cidade de Campo Grande do Piau\u00ed. Segundo informa\u00e7\u00f5es repassadas ao Portal Not\u00edcias do 75, o acidente ocorreu na BR-316, no povoado KM-80, a crian\u00e7a de nome Wenzyo Shaymo estava esperando o \u00f4nibus escolar, e ao atravessar, &hellip;\" \/>\n<meta property=\"og:url\" content=\"https:\/\/portalnpm.com\/index.php\/2022\/09\/23\/crianca-de-07-anos-morre-apos-ser-atropelada-por-carreta-em-campo-grande-do-piaui\/\" \/>\n<meta property=\"og:site_name\" content=\"Portal NPM\" \/>\n<meta property=\"article:published_time\" content=\"2022-09-23T18:19:17+00:00\" \/>\n<meta name=\"author\" content=\"Genival Barbosa\" \/>\n<meta name=\"twitter:card\" content=\"summary_large_image\" \/>\n<meta name=\"twitter:label1\" content=\"Escrito por\" \/>\n\t<meta name=\"twitter:data1\" content=\"Genival Barbosa\" \/>\n\t<meta name=\"twitter:label2\" content=\"Est. tempo de leitura\" \/>\n\t<meta name=\"twitter:data2\" content=\"1 minuto\" \/>\n<script type=\"application\/ld+json\" class=\"yoast-schema-graph\">{\"@context\":\"https:\/\/schema.org\",\"@graph\":[{\"@type\":\"WebPage\",\"@id\":\"https:\/\/portalnpm.com\/index.php\/2022\/09\/23\/crianca-de-07-anos-morre-apos-ser-atropelada-por-carreta-em-campo-grande-do-piaui\/\",\"url\":\"https:\/\/portalnpm.com\/index.php\/2022\/09\/23\/crianca-de-07-anos-morre-apos-ser-atropelada-por-carreta-em-campo-grande-do-piaui\/\",\"name\":\"Crian\u00e7a de 07 anos morre ap\u00f3s ser atropelada por carreta em Campo Grande do Piau\u00ed - Portal NPM\",\"isPartOf\":{\"@id\":\"https:\/\/portalnpm.com\/#website\"},\"primaryImageOfPage\":{\"@id\":\"https:\/\/portalnpm.com\/index.php\/2022\/09\/23\/crianca-de-07-anos-morre-apos-ser-atropelada-por-carreta-em-campo-grande-do-piaui\/#primaryimage\"},\"image\":{\"@id\":\"https:\/\/portalnpm.com\/index.php\/2022\/09\/23\/crianca-de-07-anos-morre-apos-ser-atropelada-por-carreta-em-campo-grande-do-piaui\/#primaryimage\"},\"thumbnailUrl\":\"\",\"datePublished\":\"2022-09-23T18:19:17+00:00\",\"dateModified\":\"2022-09-23T18:19:17+00:00\",\"author\":{\"@id\":\"https:\/\/portalnpm.com\/#\/schema\/person\/49313e563cfdefcc167f1ee4c017c294\"},\"breadcrumb\":{\"@id\":\"https:\/\/portalnpm.com\/index.php\/2022\/09\/23\/crianca-de-07-anos-morre-apos-ser-atropelada-por-carreta-em-campo-grande-do-piaui\/#breadcrumb\"},\"inLanguage\":\"pt-BR\",\"potentialAction\":[{\"@type\":\"ReadAction\",\"target\":[\"https:\/\/portalnpm.com\/index.php\/2022\/09\/23\/crianca-de-07-anos-morre-apos-ser-atropelada-por-carreta-em-campo-grande-do-piaui\/\"]}]},{\"@type\":\"ImageObject\",\"inLanguage\":\"pt-BR\",\"@id\":\"https:\/\/portalnpm.com\/index.php\/2022\/09\/23\/crianca-de-07-anos-morre-apos-ser-atropelada-por-carreta-em-campo-grande-do-piaui\/#primaryimage\",\"url\":\"\",\"contentUrl\":\"\"},{\"@type\":\"BreadcrumbList\",\"@id\":\"https:\/\/portalnpm.com\/index.php\/2022\/09\/23\/crianca-de-07-anos-morre-apos-ser-atropelada-por-carreta-em-campo-grande-do-piaui\/#breadcrumb\",\"itemListElement\":[{\"@type\":\"ListItem\",\"position\":1,\"name\":\"In\u00edcio\",\"item\":\"https:\/\/portalnpm.com\/\"},{\"@type\":\"ListItem\",\"position\":2,\"name\":\"Crian\u00e7a de 07 anos morre ap\u00f3s ser atropelada por carreta em Campo Grande do Piau\u00ed\"}]},{\"@type\":\"WebSite\",\"@id\":\"https:\/\/portalnpm.com\/#website\",\"url\":\"https:\/\/portalnpm.com\/\",\"name\":\"Portal NPM\",\"description\":\"Not\u00edcias em Primeira M\u00e3o\",\"potentialAction\":[{\"@type\":\"SearchAction\",\"target\":{\"@type\":\"EntryPoint\",\"urlTemplate\":\"https:\/\/portalnpm.com\/?s={search_term_string}\"},\"query-input\":\"required name=search_term_string\"}],\"inLanguage\":\"pt-BR\"},{\"@type\":\"Person\",\"@id\":\"https:\/\/portalnpm.com\/#\/schema\/person\/49313e563cfdefcc167f1ee4c017c294\",\"name\":\"Genival Barbosa\",\"image\":{\"@type\":\"ImageObject\",\"inLanguage\":\"pt-BR\",\"@id\":\"https:\/\/portalnpm.com\/#\/schema\/person\/image\/\",\"url\":\"https:\/\/portalnpm.com\/wp-content\/uploads\/2024\/02\/avatar_user_2_1707743258-96x96.jpeg\",\"contentUrl\":\"https:\/\/portalnpm.com\/wp-content\/uploads\/2024\/02\/avatar_user_2_1707743258-96x96.jpeg\",\"caption\":\"Genival Barbosa\"},\"url\":\"https:\/\/portalnpm.com\/index.php\/author\/genival\/\"}]}<\/script>\n<!-- \/ Yoast SEO plugin. -->","yoast_head_json":{"title":"Crian\u00e7a de 07 anos morre ap\u00f3s ser atropelada por carreta em Campo Grande do Piau\u00ed - Portal NPM","robots":{"index":"index","follow":"follow","max-snippet":"max-snippet:-1","max-image-preview":"max-image-preview:large","max-video-preview":"max-video-preview:-1"},"canonical":"https:\/\/portalnpm.com\/index.php\/2022\/09\/23\/crianca-de-07-anos-morre-apos-ser-atropelada-por-carreta-em-campo-grande-do-piaui\/","og_locale":"pt_BR","og_type":"article","og_title":"Crian\u00e7a de 07 anos morre ap\u00f3s ser atropelada por carreta em Campo Grande do Piau\u00ed - Portal NPM","og_description":"No in\u00edcio da tarde desta Sexta-feira (23) de Setembro, um atropelamento deixou uma crian\u00e7a de 07 anos morta na cidade de Campo Grande do Piau\u00ed. Segundo informa\u00e7\u00f5es repassadas ao Portal Not\u00edcias do 75, o acidente ocorreu na BR-316, no povoado KM-80, a crian\u00e7a de nome Wenzyo Shaymo estava esperando o \u00f4nibus escolar, e ao atravessar, &hellip;","og_url":"https:\/\/portalnpm.com\/index.php\/2022\/09\/23\/crianca-de-07-anos-morre-apos-ser-atropelada-por-carreta-em-campo-grande-do-piaui\/","og_site_name":"Portal NPM","article_published_time":"2022-09-23T18:19:17+00:00","author":"Genival Barbosa","twitter_card":"summary_large_image","twitter_misc":{"Escrito por":"Genival Barbosa","Est. tempo de leitura":"1 minuto"},"schema":{"@context":"https:\/\/schema.org","@graph":[{"@type":"WebPage","@id":"https:\/\/portalnpm.com\/index.php\/2022\/09\/23\/crianca-de-07-anos-morre-apos-ser-atropelada-por-carreta-em-campo-grande-do-piaui\/","url":"https:\/\/portalnpm.com\/index.php\/2022\/09\/23\/crianca-de-07-anos-morre-apos-ser-atropelada-por-carreta-em-campo-grande-do-piaui\/","name":"Crian\u00e7a de 07 anos morre ap\u00f3s ser atropelada por carreta em Campo Grande do Piau\u00ed - Portal NPM","isPartOf":{"@id":"https:\/\/portalnpm.com\/#website"},"primaryImageOfPage":{"@id":"https:\/\/portalnpm.com\/index.php\/2022\/09\/23\/crianca-de-07-anos-morre-apos-ser-atropelada-por-carreta-em-campo-grande-do-piaui\/#primaryimage"},"image":{"@id":"https:\/\/portalnpm.com\/index.php\/2022\/09\/23\/crianca-de-07-anos-morre-apos-ser-atropelada-por-carreta-em-campo-grande-do-piaui\/#primaryimage"},"thumbnailUrl":"","datePublished":"2022-09-23T18:19:17+00:00","dateModified":"2022-09-23T18:19:17+00:00","author":{"@id":"https:\/\/portalnpm.com\/#\/schema\/person\/49313e563cfdefcc167f1ee4c017c294"},"breadcrumb":{"@id":"https:\/\/portalnpm.com\/index.php\/2022\/09\/23\/crianca-de-07-anos-morre-apos-ser-atropelada-por-carreta-em-campo-grande-do-piaui\/#breadcrumb"},"inLanguage":"pt-BR","potentialAction":[{"@type":"ReadAction","target":["https:\/\/portalnpm.com\/index.php\/2022\/09\/23\/crianca-de-07-anos-morre-apos-ser-atropelada-por-carreta-em-campo-grande-do-piaui\/"]}]},{"@type":"ImageObject","inLanguage":"pt-BR","@id":"https:\/\/portalnpm.com\/index.php\/2022\/09\/23\/crianca-de-07-anos-morre-apos-ser-atropelada-por-carreta-em-campo-grande-do-piaui\/#primaryimage","url":"","contentUrl":""},{"@type":"BreadcrumbList","@id":"https:\/\/portalnpm.com\/index.php\/2022\/09\/23\/crianca-de-07-anos-morre-apos-ser-atropelada-por-carreta-em-campo-grande-do-piaui\/#breadcrumb","itemListElement":[{"@type":"ListItem","position":1,"name":"In\u00edcio","item":"https:\/\/portalnpm.com\/"},{"@type":"ListItem","position":2,"name":"Crian\u00e7a de 07 anos morre ap\u00f3s ser atropelada por carreta em Campo Grande do Piau\u00ed"}]},{"@type":"WebSite","@id":"https:\/\/portalnpm.com\/#website","url":"https:\/\/portalnpm.com\/","name":"Portal NPM","description":"Not\u00edcias em Primeira M\u00e3o","potentialAction":[{"@type":"SearchAction","target":{"@type":"EntryPoint","urlTemplate":"https:\/\/portalnpm.com\/?s={search_term_string}"},"query-input":"required name=search_term_string"}],"inLanguage":"pt-BR"},{"@type":"Person","@id":"https:\/\/portalnpm.com\/#\/schema\/person\/49313e563cfdefcc167f1ee4c017c294","name":"Genival Barbosa","image":{"@type":"ImageObject","inLanguage":"pt-BR","@id":"https:\/\/portalnpm.com\/#\/schema\/person\/image\/","url":"https:\/\/portalnpm.com\/wp-content\/uploads\/2024\/02\/avatar_user_2_1707743258-96x96.jpeg","contentUrl":"https:\/\/portalnpm.com\/wp-content\/uploads\/2024\/02\/avatar_user_2_1707743258-96x96.jpeg","caption":"Genival Barbosa"},"url":"https:\/\/portalnpm.com\/index.php\/author\/genival\/"}]}},"jetpack_sharing_enabled":true,"jetpack_featured_media_url":"","_links":{"self":[{"href":"https:\/\/portalnpm.com\/index.php\/wp-json\/wp\/v2\/posts\/43295"}],"collection":[{"href":"https:\/\/portalnpm.com\/index.php\/wp-json\/wp\/v2\/posts"}],"about":[{"href":"https:\/\/portalnpm.com\/index.php\/wp-json\/wp\/v2\/types\/post"}],"author":[{"embeddable":true,"href":"https:\/\/portalnpm.com\/index.php\/wp-json\/wp\/v2\/users\/2"}],"replies":[{"embeddable":true,"href":"https:\/\/portalnpm.com\/index.php\/wp-json\/wp\/v2\/comments?post=43295"}],"version-history":[{"count":0,"href":"https:\/\/portalnpm.com\/index.php\/wp-json\/wp\/v2\/posts\/43295\/revisions"}],"wp:featuredmedia":[{"embeddable":true,"href":"https:\/\/portalnpm.com\/index.php\/wp-json\/"}],"wp:attachment":[{"href":"https:\/\/portalnpm.com\/index.php\/wp-json\/wp\/v2\/media?parent=43295"}],"wp:term":[{"taxonomy":"category","embeddable":true,"href":"https:\/\/portalnpm.com\/index.php\/wp-json\/wp\/v2\/categories?post=43295"},{"taxonomy":"post_tag","embeddable":true,"href":"https:\/\/portalnpm.com\/index.php\/wp-json\/wp\/v2\/tags?post=43295"}],"curies":[{"name":"wp","href":"https:\/\/api.w.org\/{rel}","templated":true}]}}