{"id":43309,"date":"2022-09-25T15:34:10","date_gmt":"2022-09-25T18:34:10","guid":{"rendered":"https:\/\/portalnpm.com\/?p=43309"},"modified":"2022-09-25T15:34:10","modified_gmt":"2022-09-25T18:34:10","slug":"coluna-semanal-os-principais-fatos-da-semana-em-sao-juliao-e-regiao","status":"publish","type":"post","link":"https:\/\/portalnpm.com\/index.php\/2022\/09\/25\/coluna-semanal-os-principais-fatos-da-semana-em-sao-juliao-e-regiao\/","title":{"rendered":"COLUNA SEMANAL \u2013 Os principais fatos da semana em S\u00e3o Juli\u00e3o e regi\u00e3o"},"content":{"rendered":"<blockquote><p>Os bastidores de S\u00e3o Juli\u00e3o &#8211; PI e Regi\u00e3o<\/p><\/blockquote>\n<p style=\"text-align: justify;\">A Coluna Semanal do <strong>Portal NPM<\/strong> volta com mais uma nova edi\u00e7\u00e3o, de olho nos bastidores de S\u00e3o Juli\u00e3o e regi\u00e3o.<\/p>\n<p style=\"text-align: justify;\"><strong>Chapa Fechada<\/strong> &#8211; Em S\u00e3o Juli\u00e3o, comentam nos bastidores da pol\u00edtica local a chapa completa do grupo do prefeito Dr. Samuel Alencar (Progressistas), que vai de deputado estadual a presidente, voto fechado, se n\u00e3o votar o bicho pega.<\/p>\n<p style=\"text-align: justify;\"><strong>Exonera\u00e7\u00e3o<\/strong> &#8211; Ainda em S\u00e3o Juli\u00e3o, o l\u00edder pol\u00edtico Karol Rocha (PSD), foi exonerado do cargo de Assessor Especial da Secretaria Municipal de Infraestrutura, o motivo, segundo comentam, foi o fato do pol\u00edtico n\u00e3o votar nos candidatos do prefeito.<\/p>\n<p style=\"text-align: justify;\"><strong>Carreata 1<\/strong> &#8211; Os apoiadores do presidente Bolsonaro realizaram no \u00faltimo s\u00e1bado (24\/09), uma grande carreata saindo do povoado Mandacaru at\u00e9 S\u00e3o Juli\u00e3o. De fato, tinha muita gente, at\u00e9 porque o presidente \u00e9 apoiado pelo grupo pol\u00edtico do prefeito Dr. Samuel no munic\u00edpio, contudo, foram vistos muitas pessoas de outros munic\u00edpios da regi\u00e3o.<\/p>\n<p style=\"text-align: justify;\"><img fetchpriority=\"high\" decoding=\"async\" class=\"alignnone size-medium wp-image-43311\" src=\"http:\/\/portalnpm.com\/wp-content\/uploads\/2022\/09\/IMG-20220924-WA0240-225x300.jpg\" alt=\"\" width=\"225\" height=\"300\" \/><\/p>\n<p style=\"text-align: justify;\"><strong>Carreata 2<\/strong> &#8211; No pr\u00f3ximo s\u00e1bado, dia 1\u00b0 de outubro, v\u00e9spera das elei\u00e7\u00f5es, acontece uma carreata dos apoiadores do ex-presidente Lula na disputa pela Presid\u00eancia da Rep\u00fablica. O ato \u00e9 organizado pela oposi\u00e7\u00e3o do munic\u00edpio e promete uma grande multid\u00e3o de apoiadores de Lula. A carreata sai do povoado Mandacaru at\u00e9 a sede do munic\u00edpio, com hor\u00e1rio previsto para depois das 16hs.<\/p>\n<p style=\"text-align: justify;\"><img decoding=\"async\" class=\"alignnone size-medium wp-image-43312\" src=\"http:\/\/portalnpm.com\/wp-content\/uploads\/2022\/09\/IMG-20220925-WA0081-241x300.jpg\" alt=\"\" width=\"241\" height=\"300\" \/><\/p>\n<p style=\"text-align: justify;\"><strong>Alegrete<\/strong> &#8211; Mateus Vicente (Solidariedade), jovem vereador do munic\u00edpio, mostrou for\u00e7a no domingo passado (18\/09), quando reuniu uma multid\u00e3o em apoio aos seus candidatos a deputados, Wilson Martins (federal) e Nerinho (estadual), ambos do PT. O parlamentar \u00e9 visto como um forte concorrente a prefeitura do munic\u00edpio pela oposi\u00e7\u00e3o nas elei\u00e7\u00f5es de 2024.<\/p>\n<p style=\"text-align: justify;\"><strong>Quer ser candidato novamente<\/strong> &#8211; O l\u00edder pol\u00edtico Manoel Filho (Progressistas), que disputou \u00e0s elei\u00e7\u00f5es de 2020 em Alegrete pelo Partido Solidariedade, tenta emplacar seu nome novamente pela oposi\u00e7\u00e3o visando \u00e0s elei\u00e7\u00f5es de 2024.<\/p>\n<p style=\"text-align: justify;\"><strong>Uni\u00e3o da oposi\u00e7\u00e3o<\/strong>: Ainda em Alegrete, o que se cometam nos bastidores \u00e9 a uni\u00e3o do grupo oposicionista para o pleito de 2024 no munic\u00edpio, ou seja, nada de terceira via.<\/p>\n<p style=\"text-align: justify;\"><strong>Fronteiras<\/strong>: O l\u00edder pol\u00edtico Genilson Sobrinho foi exonerado do cargo de Secret\u00e1rio Municipal de Educa\u00e7\u00e3o do munic\u00edpio. Fazem parte do seu grupo dois vereadores e o vice-prefeito Professor Gernilson (PT). O motivo, segundo coment\u00e1rios, foi a disputa por votos na elei\u00e7\u00e3o proporcional, j\u00e1 que o seu grupo vota em deputados diferentes dos candidatos do prefeito Eudes Ribeiro (PSD).<\/p>\n<p style=\"text-align: justify;\"><strong>N\u00e3o andam nada bem<\/strong>: O presidente da C\u00e2mara Municipal de Vila Nova do Piau\u00ed, vereador Roberto Moura (PSD), n\u00e3o anda nada bem com o prefeito Edilson Brito (PSD), al\u00e9m dele, o vereador En\u00e9as Abreu (PSD). Ambos n\u00e3o votam nos candidatos do prefeito e acompanham votando nos deputados apoiados pelo ex-prefeito Arinaldo Leal, que s\u00e3o Georgiano Neto (estadual) e Castro Neto (federal). Os dois parlamentares eram da base governista e hoje adotam uma postura mais de oposi\u00e7\u00e3o do que de situa\u00e7\u00e3o.<\/p>\n<p style=\"text-align: justify;\"><strong>Votam na oposi\u00e7\u00e3o<\/strong> &#8211; Os dois vereadores votam em S\u00edlvio Mendes (UB), candidato da oposi\u00e7\u00e3o ao governo do Estado do Piau\u00ed.<\/p>\n","protected":false},"excerpt":{"rendered":"<p>Os bastidores de S\u00e3o Juli\u00e3o &#8211; PI e Regi\u00e3o A Coluna Semanal do Portal NPM volta com mais uma nova edi\u00e7\u00e3o, de olho nos bastidores de S\u00e3o Juli\u00e3o e regi\u00e3o. Chapa Fechada &#8211; Em S\u00e3o Juli\u00e3o, comentam nos bastidores da pol\u00edtica local a chapa completa do grupo do prefeito Dr. Samuel Alencar (Progressistas), que vai &hellip;<\/p>\n","protected":false},"author":3,"featured_media":43310,"comment_status":"open","ping_status":"open","sticky":false,"template":"","format":"standard","meta":{"content-type":"","rop_custom_images_group":[],"rop_custom_messages_group":[],"rop_publish_now":"initial","rop_publish_now_accounts":{"facebook_2648258775420054_1618374048415101":""},"rop_publish_now_history":[],"rop_publish_now_status":"pending","footnotes":"","_jetpack_memberships_contains_paid_content":false},"categories":[113,109,136],"tags":[2952,3719,637,137],"yoast_head":"<!-- This site is optimized with the Yoast SEO plugin v22.3 - https:\/\/yoast.com\/wordpress\/plugins\/seo\/ -->\n<title>COLUNA SEMANAL \u2013 Os principais fatos da semana em S\u00e3o Juli\u00e3o e regi\u00e3o - Portal NPM<\/title>\n<meta name=\"robots\" content=\"index, follow, max-snippet:-1, max-image-preview:large, max-video-preview:-1\" \/>\n<link rel=\"canonical\" href=\"https:\/\/portalnpm.com\/index.php\/2022\/09\/25\/coluna-semanal-os-principais-fatos-da-semana-em-sao-juliao-e-regiao\/\" \/>\n<meta property=\"og:locale\" content=\"pt_BR\" \/>\n<meta property=\"og:type\" content=\"article\" \/>\n<meta property=\"og:title\" content=\"COLUNA SEMANAL \u2013 Os principais fatos da semana em S\u00e3o Juli\u00e3o e regi\u00e3o - Portal NPM\" \/>\n<meta property=\"og:description\" content=\"Os bastidores de S\u00e3o Juli\u00e3o &#8211; PI e Regi\u00e3o A Coluna Semanal do Portal NPM volta com mais uma nova edi\u00e7\u00e3o, de olho nos bastidores de S\u00e3o Juli\u00e3o e regi\u00e3o. Chapa Fechada &#8211; Em S\u00e3o Juli\u00e3o, comentam nos bastidores da pol\u00edtica local a chapa completa do grupo do prefeito Dr. Samuel Alencar (Progressistas), que vai &hellip;\" \/>\n<meta property=\"og:url\" content=\"https:\/\/portalnpm.com\/index.php\/2022\/09\/25\/coluna-semanal-os-principais-fatos-da-semana-em-sao-juliao-e-regiao\/\" \/>\n<meta property=\"og:site_name\" content=\"Portal NPM\" \/>\n<meta property=\"article:published_time\" content=\"2022-09-25T18:34:10+00:00\" \/>\n<meta name=\"author\" content=\"Luis Alberto\" \/>\n<meta name=\"twitter:card\" content=\"summary_large_image\" \/>\n<meta name=\"twitter:label1\" content=\"Escrito por\" \/>\n\t<meta name=\"twitter:data1\" content=\"Luis Alberto\" \/>\n\t<meta name=\"twitter:label2\" content=\"Est. tempo de leitura\" \/>\n\t<meta name=\"twitter:data2\" content=\"3 minutos\" \/>\n<script type=\"application\/ld+json\" class=\"yoast-schema-graph\">{\"@context\":\"https:\/\/schema.org\",\"@graph\":[{\"@type\":\"WebPage\",\"@id\":\"https:\/\/portalnpm.com\/index.php\/2022\/09\/25\/coluna-semanal-os-principais-fatos-da-semana-em-sao-juliao-e-regiao\/\",\"url\":\"https:\/\/portalnpm.com\/index.php\/2022\/09\/25\/coluna-semanal-os-principais-fatos-da-semana-em-sao-juliao-e-regiao\/\",\"name\":\"COLUNA SEMANAL \u2013 Os principais fatos da semana em S\u00e3o Juli\u00e3o e regi\u00e3o - Portal NPM\",\"isPartOf\":{\"@id\":\"https:\/\/portalnpm.com\/#website\"},\"primaryImageOfPage\":{\"@id\":\"https:\/\/portalnpm.com\/index.php\/2022\/09\/25\/coluna-semanal-os-principais-fatos-da-semana-em-sao-juliao-e-regiao\/#primaryimage\"},\"image\":{\"@id\":\"https:\/\/portalnpm.com\/index.php\/2022\/09\/25\/coluna-semanal-os-principais-fatos-da-semana-em-sao-juliao-e-regiao\/#primaryimage\"},\"thumbnailUrl\":\"\",\"datePublished\":\"2022-09-25T18:34:10+00:00\",\"dateModified\":\"2022-09-25T18:34:10+00:00\",\"author\":{\"@id\":\"https:\/\/portalnpm.com\/#\/schema\/person\/5c8006acdf71774cd4e7a5ab98482152\"},\"breadcrumb\":{\"@id\":\"https:\/\/portalnpm.com\/index.php\/2022\/09\/25\/coluna-semanal-os-principais-fatos-da-semana-em-sao-juliao-e-regiao\/#breadcrumb\"},\"inLanguage\":\"pt-BR\",\"potentialAction\":[{\"@type\":\"ReadAction\",\"target\":[\"https:\/\/portalnpm.com\/index.php\/2022\/09\/25\/coluna-semanal-os-principais-fatos-da-semana-em-sao-juliao-e-regiao\/\"]}]},{\"@type\":\"ImageObject\",\"inLanguage\":\"pt-BR\",\"@id\":\"https:\/\/portalnpm.com\/index.php\/2022\/09\/25\/coluna-semanal-os-principais-fatos-da-semana-em-sao-juliao-e-regiao\/#primaryimage\",\"url\":\"\",\"contentUrl\":\"\"},{\"@type\":\"BreadcrumbList\",\"@id\":\"https:\/\/portalnpm.com\/index.php\/2022\/09\/25\/coluna-semanal-os-principais-fatos-da-semana-em-sao-juliao-e-regiao\/#breadcrumb\",\"itemListElement\":[{\"@type\":\"ListItem\",\"position\":1,\"name\":\"In\u00edcio\",\"item\":\"https:\/\/portalnpm.com\/\"},{\"@type\":\"ListItem\",\"position\":2,\"name\":\"COLUNA SEMANAL \u2013 Os principais fatos da semana em S\u00e3o Juli\u00e3o e regi\u00e3o\"}]},{\"@type\":\"WebSite\",\"@id\":\"https:\/\/portalnpm.com\/#website\",\"url\":\"https:\/\/portalnpm.com\/\",\"name\":\"Portal NPM\",\"description\":\"Not\u00edcias em Primeira M\u00e3o\",\"potentialAction\":[{\"@type\":\"SearchAction\",\"target\":{\"@type\":\"EntryPoint\",\"urlTemplate\":\"https:\/\/portalnpm.com\/?s={search_term_string}\"},\"query-input\":\"required name=search_term_string\"}],\"inLanguage\":\"pt-BR\"},{\"@type\":\"Person\",\"@id\":\"https:\/\/portalnpm.com\/#\/schema\/person\/5c8006acdf71774cd4e7a5ab98482152\",\"name\":\"Luis Alberto\",\"image\":{\"@type\":\"ImageObject\",\"inLanguage\":\"pt-BR\",\"@id\":\"https:\/\/portalnpm.com\/#\/schema\/person\/image\/\",\"url\":\"https:\/\/portalnpm.com\/wp-content\/uploads\/2024\/12\/avatar_user_3_1734699769-96x96.jpeg\",\"contentUrl\":\"https:\/\/portalnpm.com\/wp-content\/uploads\/2024\/12\/avatar_user_3_1734699769-96x96.jpeg\",\"caption\":\"Luis Alberto\"},\"description\":\"Editor-geral do Portal NPM, \u00e9 formado como T\u00e9cnico em Seguran\u00e7a do Trabalho pela Escola Metropolitana de Cursos T\u00e9cnicos. Det\u00e9m ainda licenciatura em Educa\u00e7\u00e3o F\u00edsica e bacharelado em Ci\u00eancias Pol\u00edticas, ambos obtidos pela institui\u00e7\u00e3o Anhanguera\/UNOPAR.\",\"url\":\"https:\/\/portalnpm.com\/index.php\/author\/pereira\/\"}]}<\/script>\n<!-- \/ Yoast SEO plugin. -->","yoast_head_json":{"title":"COLUNA SEMANAL \u2013 Os principais fatos da semana em S\u00e3o Juli\u00e3o e regi\u00e3o - Portal NPM","robots":{"index":"index","follow":"follow","max-snippet":"max-snippet:-1","max-image-preview":"max-image-preview:large","max-video-preview":"max-video-preview:-1"},"canonical":"https:\/\/portalnpm.com\/index.php\/2022\/09\/25\/coluna-semanal-os-principais-fatos-da-semana-em-sao-juliao-e-regiao\/","og_locale":"pt_BR","og_type":"article","og_title":"COLUNA SEMANAL \u2013 Os principais fatos da semana em S\u00e3o Juli\u00e3o e regi\u00e3o - Portal NPM","og_description":"Os bastidores de S\u00e3o Juli\u00e3o &#8211; PI e Regi\u00e3o A Coluna Semanal do Portal NPM volta com mais uma nova edi\u00e7\u00e3o, de olho nos bastidores de S\u00e3o Juli\u00e3o e regi\u00e3o. Chapa Fechada &#8211; Em S\u00e3o Juli\u00e3o, comentam nos bastidores da pol\u00edtica local a chapa completa do grupo do prefeito Dr. Samuel Alencar (Progressistas), que vai &hellip;","og_url":"https:\/\/portalnpm.com\/index.php\/2022\/09\/25\/coluna-semanal-os-principais-fatos-da-semana-em-sao-juliao-e-regiao\/","og_site_name":"Portal NPM","article_published_time":"2022-09-25T18:34:10+00:00","author":"Luis Alberto","twitter_card":"summary_large_image","twitter_misc":{"Escrito por":"Luis Alberto","Est. tempo de leitura":"3 minutos"},"schema":{"@context":"https:\/\/schema.org","@graph":[{"@type":"WebPage","@id":"https:\/\/portalnpm.com\/index.php\/2022\/09\/25\/coluna-semanal-os-principais-fatos-da-semana-em-sao-juliao-e-regiao\/","url":"https:\/\/portalnpm.com\/index.php\/2022\/09\/25\/coluna-semanal-os-principais-fatos-da-semana-em-sao-juliao-e-regiao\/","name":"COLUNA SEMANAL \u2013 Os principais fatos da semana em S\u00e3o Juli\u00e3o e regi\u00e3o - Portal NPM","isPartOf":{"@id":"https:\/\/portalnpm.com\/#website"},"primaryImageOfPage":{"@id":"https:\/\/portalnpm.com\/index.php\/2022\/09\/25\/coluna-semanal-os-principais-fatos-da-semana-em-sao-juliao-e-regiao\/#primaryimage"},"image":{"@id":"https:\/\/portalnpm.com\/index.php\/2022\/09\/25\/coluna-semanal-os-principais-fatos-da-semana-em-sao-juliao-e-regiao\/#primaryimage"},"thumbnailUrl":"","datePublished":"2022-09-25T18:34:10+00:00","dateModified":"2022-09-25T18:34:10+00:00","author":{"@id":"https:\/\/portalnpm.com\/#\/schema\/person\/5c8006acdf71774cd4e7a5ab98482152"},"breadcrumb":{"@id":"https:\/\/portalnpm.com\/index.php\/2022\/09\/25\/coluna-semanal-os-principais-fatos-da-semana-em-sao-juliao-e-regiao\/#breadcrumb"},"inLanguage":"pt-BR","potentialAction":[{"@type":"ReadAction","target":["https:\/\/portalnpm.com\/index.php\/2022\/09\/25\/coluna-semanal-os-principais-fatos-da-semana-em-sao-juliao-e-regiao\/"]}]},{"@type":"ImageObject","inLanguage":"pt-BR","@id":"https:\/\/portalnpm.com\/index.php\/2022\/09\/25\/coluna-semanal-os-principais-fatos-da-semana-em-sao-juliao-e-regiao\/#primaryimage","url":"","contentUrl":""},{"@type":"BreadcrumbList","@id":"https:\/\/portalnpm.com\/index.php\/2022\/09\/25\/coluna-semanal-os-principais-fatos-da-semana-em-sao-juliao-e-regiao\/#breadcrumb","itemListElement":[{"@type":"ListItem","position":1,"name":"In\u00edcio","item":"https:\/\/portalnpm.com\/"},{"@type":"ListItem","position":2,"name":"COLUNA SEMANAL \u2013 Os principais fatos da semana em S\u00e3o Juli\u00e3o e regi\u00e3o"}]},{"@type":"WebSite","@id":"https:\/\/portalnpm.com\/#website","url":"https:\/\/portalnpm.com\/","name":"Portal NPM","description":"Not\u00edcias em Primeira M\u00e3o","potentialAction":[{"@type":"SearchAction","target":{"@type":"EntryPoint","urlTemplate":"https:\/\/portalnpm.com\/?s={search_term_string}"},"query-input":"required name=search_term_string"}],"inLanguage":"pt-BR"},{"@type":"Person","@id":"https:\/\/portalnpm.com\/#\/schema\/person\/5c8006acdf71774cd4e7a5ab98482152","name":"Luis Alberto","image":{"@type":"ImageObject","inLanguage":"pt-BR","@id":"https:\/\/portalnpm.com\/#\/schema\/person\/image\/","url":"https:\/\/portalnpm.com\/wp-content\/uploads\/2024\/12\/avatar_user_3_1734699769-96x96.jpeg","contentUrl":"https:\/\/portalnpm.com\/wp-content\/uploads\/2024\/12\/avatar_user_3_1734699769-96x96.jpeg","caption":"Luis Alberto"},"description":"Editor-geral do Portal NPM, \u00e9 formado como T\u00e9cnico em Seguran\u00e7a do Trabalho pela Escola Metropolitana de Cursos T\u00e9cnicos. Det\u00e9m ainda licenciatura em Educa\u00e7\u00e3o F\u00edsica e bacharelado em Ci\u00eancias Pol\u00edticas, ambos obtidos pela institui\u00e7\u00e3o Anhanguera\/UNOPAR.","url":"https:\/\/portalnpm.com\/index.php\/author\/pereira\/"}]}},"jetpack_sharing_enabled":true,"jetpack_featured_media_url":"","_links":{"self":[{"href":"https:\/\/portalnpm.com\/index.php\/wp-json\/wp\/v2\/posts\/43309"}],"collection":[{"href":"https:\/\/portalnpm.com\/index.php\/wp-json\/wp\/v2\/posts"}],"about":[{"href":"https:\/\/portalnpm.com\/index.php\/wp-json\/wp\/v2\/types\/post"}],"author":[{"embeddable":true,"href":"https:\/\/portalnpm.com\/index.php\/wp-json\/wp\/v2\/users\/3"}],"replies":[{"embeddable":true,"href":"https:\/\/portalnpm.com\/index.php\/wp-json\/wp\/v2\/comments?post=43309"}],"version-history":[{"count":0,"href":"https:\/\/portalnpm.com\/index.php\/wp-json\/wp\/v2\/posts\/43309\/revisions"}],"wp:featuredmedia":[{"embeddable":true,"href":"https:\/\/portalnpm.com\/index.php\/wp-json\/"}],"wp:attachment":[{"href":"https:\/\/portalnpm.com\/index.php\/wp-json\/wp\/v2\/media?parent=43309"}],"wp:term":[{"taxonomy":"category","embeddable":true,"href":"https:\/\/portalnpm.com\/index.php\/wp-json\/wp\/v2\/categories?post=43309"},{"taxonomy":"post_tag","embeddable":true,"href":"https:\/\/portalnpm.com\/index.php\/wp-json\/wp\/v2\/tags?post=43309"}],"curies":[{"name":"wp","href":"https:\/\/api.w.org\/{rel}","templated":true}]}}