{"id":43347,"date":"2022-10-01T12:04:48","date_gmt":"2022-10-01T15:04:48","guid":{"rendered":"https:\/\/portalnpm.com\/?p=43347"},"modified":"2022-10-01T12:04:48","modified_gmt":"2022-10-01T15:04:48","slug":"aneel-mantem-bandeira-tarifaria-verde-para-outubro","status":"publish","type":"post","link":"https:\/\/portalnpm.com\/index.php\/2022\/10\/01\/aneel-mantem-bandeira-tarifaria-verde-para-outubro\/","title":{"rendered":"Aneel mant\u00e9m bandeira tarif\u00e1ria verde para outubro"},"content":{"rendered":"<p style=\"text-align: justify;\">A Ag\u00eancia Nacional de Energia El\u00e9trica (Aneel) manteve a bandeira verde em outubro para todos os consumidores conectados ao Sistema Interligado Nacional (SIN). Com a decis\u00e3o, n\u00e3o haver\u00e1 cobran\u00e7a extra na conta de luz pelo sexto m\u00eas seguido.<\/p>\n<p style=\"text-align: justify;\">\n<p style=\"text-align: justify;\">\n<p style=\"text-align: justify;\">A conta de luz est\u00e1 sem essas taxas desde o fim da bandeira de escassez h\u00eddrica, que durou\u00a0de setembro\u00a0de 2021 at\u00e9 meados\u00a0de abril\u00a0deste ano. Segundo a Aneel, na ocasi\u00e3o, a bandeira verde foi escolhida devido \u00e0s condi\u00e7\u00f5es favor\u00e1veis de gera\u00e7\u00e3o de energia.<\/p>\n<p style=\"text-align: justify;\">Caso houvesse a institui\u00e7\u00e3o das outras bandeiras, a conta de luz refletiria o reajuste de at\u00e9 64% das bandeiras tarif\u00e1rias aprovado no fim\u00a0de junho\u00a0pela Aneel. Segundo a ag\u00eancia, os aumentos refletiram a infla\u00e7\u00e3o e o maior custo das usinas termel\u00e9tricas neste ano, decorrente do encarecimento do petr\u00f3leo e do g\u00e1s natural nos \u00faltimos meses.<\/p>\n<h2 style=\"text-align: justify;\">Bandeiras Tarif\u00e1rias<\/h2>\n<p style=\"text-align: justify;\">Criadas em 2015 pela Aneel, as bandeiras tarif\u00e1rias\u00a0refletem os custos vari\u00e1veis da gera\u00e7\u00e3o de energia el\u00e9trica. Divididas em n\u00edveis, as bandeiras indicam quanto est\u00e1 custando para o SIN gerar a energia usada nas casas, em estabelecimentos comerciais e nas ind\u00fastrias.<\/p>\n<p style=\"text-align: justify;\">Quando a conta de luz \u00e9 calculada pela bandeira verde, significa que a conta n\u00e3o sofre qualquer acr\u00e9scimo. Quando s\u00e3o aplicadas as bandeiras vermelha ou amarela, a conta sofre acr\u00e9scimos, que variam de R$ 2,989 (bandeira amarela) a R$ 9,795 (bandeira vermelha patamar 2) a cada 100 quilowatts-hora (kWh) consumidos. Quando a bandeira de escassez h\u00eddrica vigorou, de setembro de 2021 a\u00a015 de abril\u00a0deste ano, o consumidor pagava R$ 14,20 extras a cada 100 kWh.<\/p>\n<p style=\"text-align: justify;\">O Sistema Interligado Nacional (SIN) \u00e9 dividido em quatro subsistemas: Sudeste\/Centro-Oeste, Sul, Nordeste e Norte. Praticamente todo o pa\u00eds \u00e9 coberto pelo SIN. A exce\u00e7\u00e3o s\u00e3o algumas partes de estados da Regi\u00e3o Norte e de Mato Grosso, al\u00e9m de todo o estado de Roraima. Atualmente, h\u00e1 212 localidades isoladas do SIN, nas quais o consumo \u00e9 baixo e representa menos de 1% da carga total do pa\u00eds. A demanda por energia nessas regi\u00f5es \u00e9 suprida, principalmente, por t\u00e9rmicas a \u00f3leo diesel.<\/p>\n<p style=\"text-align: justify;\">Fonte: Ag\u00eancia Brasil<\/p>\n","protected":false},"excerpt":{"rendered":"<p>A Ag\u00eancia Nacional de Energia El\u00e9trica (Aneel) manteve a bandeira verde em outubro para todos os consumidores conectados ao Sistema Interligado Nacional (SIN). Com a decis\u00e3o, n\u00e3o haver\u00e1 cobran\u00e7a extra na conta de luz pelo sexto m\u00eas seguido. A conta de luz est\u00e1 sem essas taxas desde o fim da bandeira de escassez h\u00eddrica, que &hellip;<\/p>\n","protected":false},"author":2,"featured_media":43348,"comment_status":"open","ping_status":"open","sticky":false,"template":"","format":"standard","meta":{"content-type":"","rop_custom_images_group":[],"rop_custom_messages_group":[],"rop_publish_now":"initial","rop_publish_now_accounts":{"facebook_2648258775420054_1618374048415101":""},"rop_publish_now_history":[],"rop_publish_now_status":"pending","footnotes":"","_jetpack_memberships_contains_paid_content":false},"categories":[118],"tags":[14200,2249],"yoast_head":"<!-- This site is optimized with the Yoast SEO plugin v22.3 - https:\/\/yoast.com\/wordpress\/plugins\/seo\/ -->\n<title>Aneel mant\u00e9m bandeira tarif\u00e1ria verde para outubro - Portal NPM<\/title>\n<meta name=\"robots\" content=\"index, follow, max-snippet:-1, max-image-preview:large, max-video-preview:-1\" \/>\n<link rel=\"canonical\" href=\"https:\/\/portalnpm.com\/index.php\/2022\/10\/01\/aneel-mantem-bandeira-tarifaria-verde-para-outubro\/\" \/>\n<meta property=\"og:locale\" content=\"pt_BR\" \/>\n<meta property=\"og:type\" content=\"article\" \/>\n<meta property=\"og:title\" content=\"Aneel mant\u00e9m bandeira tarif\u00e1ria verde para outubro - Portal NPM\" \/>\n<meta property=\"og:description\" content=\"A Ag\u00eancia Nacional de Energia El\u00e9trica (Aneel) manteve a bandeira verde em outubro para todos os consumidores conectados ao Sistema Interligado Nacional (SIN). Com a decis\u00e3o, n\u00e3o haver\u00e1 cobran\u00e7a extra na conta de luz pelo sexto m\u00eas seguido. A conta de luz est\u00e1 sem essas taxas desde o fim da bandeira de escassez h\u00eddrica, que &hellip;\" \/>\n<meta property=\"og:url\" content=\"https:\/\/portalnpm.com\/index.php\/2022\/10\/01\/aneel-mantem-bandeira-tarifaria-verde-para-outubro\/\" \/>\n<meta property=\"og:site_name\" content=\"Portal NPM\" \/>\n<meta property=\"article:published_time\" content=\"2022-10-01T15:04:48+00:00\" \/>\n<meta name=\"author\" content=\"Genival Barbosa\" \/>\n<meta name=\"twitter:card\" content=\"summary_large_image\" \/>\n<meta name=\"twitter:label1\" content=\"Escrito por\" \/>\n\t<meta name=\"twitter:data1\" content=\"Genival Barbosa\" \/>\n\t<meta name=\"twitter:label2\" content=\"Est. tempo de leitura\" \/>\n\t<meta name=\"twitter:data2\" content=\"2 minutos\" \/>\n<script type=\"application\/ld+json\" class=\"yoast-schema-graph\">{\"@context\":\"https:\/\/schema.org\",\"@graph\":[{\"@type\":\"WebPage\",\"@id\":\"https:\/\/portalnpm.com\/index.php\/2022\/10\/01\/aneel-mantem-bandeira-tarifaria-verde-para-outubro\/\",\"url\":\"https:\/\/portalnpm.com\/index.php\/2022\/10\/01\/aneel-mantem-bandeira-tarifaria-verde-para-outubro\/\",\"name\":\"Aneel mant\u00e9m bandeira tarif\u00e1ria verde para outubro - Portal NPM\",\"isPartOf\":{\"@id\":\"https:\/\/portalnpm.com\/#website\"},\"primaryImageOfPage\":{\"@id\":\"https:\/\/portalnpm.com\/index.php\/2022\/10\/01\/aneel-mantem-bandeira-tarifaria-verde-para-outubro\/#primaryimage\"},\"image\":{\"@id\":\"https:\/\/portalnpm.com\/index.php\/2022\/10\/01\/aneel-mantem-bandeira-tarifaria-verde-para-outubro\/#primaryimage\"},\"thumbnailUrl\":\"\",\"datePublished\":\"2022-10-01T15:04:48+00:00\",\"dateModified\":\"2022-10-01T15:04:48+00:00\",\"author\":{\"@id\":\"https:\/\/portalnpm.com\/#\/schema\/person\/49313e563cfdefcc167f1ee4c017c294\"},\"breadcrumb\":{\"@id\":\"https:\/\/portalnpm.com\/index.php\/2022\/10\/01\/aneel-mantem-bandeira-tarifaria-verde-para-outubro\/#breadcrumb\"},\"inLanguage\":\"pt-BR\",\"potentialAction\":[{\"@type\":\"ReadAction\",\"target\":[\"https:\/\/portalnpm.com\/index.php\/2022\/10\/01\/aneel-mantem-bandeira-tarifaria-verde-para-outubro\/\"]}]},{\"@type\":\"ImageObject\",\"inLanguage\":\"pt-BR\",\"@id\":\"https:\/\/portalnpm.com\/index.php\/2022\/10\/01\/aneel-mantem-bandeira-tarifaria-verde-para-outubro\/#primaryimage\",\"url\":\"\",\"contentUrl\":\"\"},{\"@type\":\"BreadcrumbList\",\"@id\":\"https:\/\/portalnpm.com\/index.php\/2022\/10\/01\/aneel-mantem-bandeira-tarifaria-verde-para-outubro\/#breadcrumb\",\"itemListElement\":[{\"@type\":\"ListItem\",\"position\":1,\"name\":\"In\u00edcio\",\"item\":\"https:\/\/portalnpm.com\/\"},{\"@type\":\"ListItem\",\"position\":2,\"name\":\"Aneel mant\u00e9m bandeira tarif\u00e1ria verde para outubro\"}]},{\"@type\":\"WebSite\",\"@id\":\"https:\/\/portalnpm.com\/#website\",\"url\":\"https:\/\/portalnpm.com\/\",\"name\":\"Portal NPM\",\"description\":\"Not\u00edcias em Primeira M\u00e3o\",\"potentialAction\":[{\"@type\":\"SearchAction\",\"target\":{\"@type\":\"EntryPoint\",\"urlTemplate\":\"https:\/\/portalnpm.com\/?s={search_term_string}\"},\"query-input\":\"required name=search_term_string\"}],\"inLanguage\":\"pt-BR\"},{\"@type\":\"Person\",\"@id\":\"https:\/\/portalnpm.com\/#\/schema\/person\/49313e563cfdefcc167f1ee4c017c294\",\"name\":\"Genival Barbosa\",\"image\":{\"@type\":\"ImageObject\",\"inLanguage\":\"pt-BR\",\"@id\":\"https:\/\/portalnpm.com\/#\/schema\/person\/image\/\",\"url\":\"https:\/\/portalnpm.com\/wp-content\/uploads\/2024\/02\/avatar_user_2_1707743258-96x96.jpeg\",\"contentUrl\":\"https:\/\/portalnpm.com\/wp-content\/uploads\/2024\/02\/avatar_user_2_1707743258-96x96.jpeg\",\"caption\":\"Genival Barbosa\"},\"url\":\"https:\/\/portalnpm.com\/index.php\/author\/genival\/\"}]}<\/script>\n<!-- \/ Yoast SEO plugin. -->","yoast_head_json":{"title":"Aneel mant\u00e9m bandeira tarif\u00e1ria verde para outubro - Portal NPM","robots":{"index":"index","follow":"follow","max-snippet":"max-snippet:-1","max-image-preview":"max-image-preview:large","max-video-preview":"max-video-preview:-1"},"canonical":"https:\/\/portalnpm.com\/index.php\/2022\/10\/01\/aneel-mantem-bandeira-tarifaria-verde-para-outubro\/","og_locale":"pt_BR","og_type":"article","og_title":"Aneel mant\u00e9m bandeira tarif\u00e1ria verde para outubro - Portal NPM","og_description":"A Ag\u00eancia Nacional de Energia El\u00e9trica (Aneel) manteve a bandeira verde em outubro para todos os consumidores conectados ao Sistema Interligado Nacional (SIN). Com a decis\u00e3o, n\u00e3o haver\u00e1 cobran\u00e7a extra na conta de luz pelo sexto m\u00eas seguido. A conta de luz est\u00e1 sem essas taxas desde o fim da bandeira de escassez h\u00eddrica, que &hellip;","og_url":"https:\/\/portalnpm.com\/index.php\/2022\/10\/01\/aneel-mantem-bandeira-tarifaria-verde-para-outubro\/","og_site_name":"Portal NPM","article_published_time":"2022-10-01T15:04:48+00:00","author":"Genival Barbosa","twitter_card":"summary_large_image","twitter_misc":{"Escrito por":"Genival Barbosa","Est. tempo de leitura":"2 minutos"},"schema":{"@context":"https:\/\/schema.org","@graph":[{"@type":"WebPage","@id":"https:\/\/portalnpm.com\/index.php\/2022\/10\/01\/aneel-mantem-bandeira-tarifaria-verde-para-outubro\/","url":"https:\/\/portalnpm.com\/index.php\/2022\/10\/01\/aneel-mantem-bandeira-tarifaria-verde-para-outubro\/","name":"Aneel mant\u00e9m bandeira tarif\u00e1ria verde para outubro - Portal NPM","isPartOf":{"@id":"https:\/\/portalnpm.com\/#website"},"primaryImageOfPage":{"@id":"https:\/\/portalnpm.com\/index.php\/2022\/10\/01\/aneel-mantem-bandeira-tarifaria-verde-para-outubro\/#primaryimage"},"image":{"@id":"https:\/\/portalnpm.com\/index.php\/2022\/10\/01\/aneel-mantem-bandeira-tarifaria-verde-para-outubro\/#primaryimage"},"thumbnailUrl":"","datePublished":"2022-10-01T15:04:48+00:00","dateModified":"2022-10-01T15:04:48+00:00","author":{"@id":"https:\/\/portalnpm.com\/#\/schema\/person\/49313e563cfdefcc167f1ee4c017c294"},"breadcrumb":{"@id":"https:\/\/portalnpm.com\/index.php\/2022\/10\/01\/aneel-mantem-bandeira-tarifaria-verde-para-outubro\/#breadcrumb"},"inLanguage":"pt-BR","potentialAction":[{"@type":"ReadAction","target":["https:\/\/portalnpm.com\/index.php\/2022\/10\/01\/aneel-mantem-bandeira-tarifaria-verde-para-outubro\/"]}]},{"@type":"ImageObject","inLanguage":"pt-BR","@id":"https:\/\/portalnpm.com\/index.php\/2022\/10\/01\/aneel-mantem-bandeira-tarifaria-verde-para-outubro\/#primaryimage","url":"","contentUrl":""},{"@type":"BreadcrumbList","@id":"https:\/\/portalnpm.com\/index.php\/2022\/10\/01\/aneel-mantem-bandeira-tarifaria-verde-para-outubro\/#breadcrumb","itemListElement":[{"@type":"ListItem","position":1,"name":"In\u00edcio","item":"https:\/\/portalnpm.com\/"},{"@type":"ListItem","position":2,"name":"Aneel mant\u00e9m bandeira tarif\u00e1ria verde para outubro"}]},{"@type":"WebSite","@id":"https:\/\/portalnpm.com\/#website","url":"https:\/\/portalnpm.com\/","name":"Portal NPM","description":"Not\u00edcias em Primeira M\u00e3o","potentialAction":[{"@type":"SearchAction","target":{"@type":"EntryPoint","urlTemplate":"https:\/\/portalnpm.com\/?s={search_term_string}"},"query-input":"required name=search_term_string"}],"inLanguage":"pt-BR"},{"@type":"Person","@id":"https:\/\/portalnpm.com\/#\/schema\/person\/49313e563cfdefcc167f1ee4c017c294","name":"Genival Barbosa","image":{"@type":"ImageObject","inLanguage":"pt-BR","@id":"https:\/\/portalnpm.com\/#\/schema\/person\/image\/","url":"https:\/\/portalnpm.com\/wp-content\/uploads\/2024\/02\/avatar_user_2_1707743258-96x96.jpeg","contentUrl":"https:\/\/portalnpm.com\/wp-content\/uploads\/2024\/02\/avatar_user_2_1707743258-96x96.jpeg","caption":"Genival Barbosa"},"url":"https:\/\/portalnpm.com\/index.php\/author\/genival\/"}]}},"jetpack_sharing_enabled":true,"jetpack_featured_media_url":"","_links":{"self":[{"href":"https:\/\/portalnpm.com\/index.php\/wp-json\/wp\/v2\/posts\/43347"}],"collection":[{"href":"https:\/\/portalnpm.com\/index.php\/wp-json\/wp\/v2\/posts"}],"about":[{"href":"https:\/\/portalnpm.com\/index.php\/wp-json\/wp\/v2\/types\/post"}],"author":[{"embeddable":true,"href":"https:\/\/portalnpm.com\/index.php\/wp-json\/wp\/v2\/users\/2"}],"replies":[{"embeddable":true,"href":"https:\/\/portalnpm.com\/index.php\/wp-json\/wp\/v2\/comments?post=43347"}],"version-history":[{"count":0,"href":"https:\/\/portalnpm.com\/index.php\/wp-json\/wp\/v2\/posts\/43347\/revisions"}],"wp:featuredmedia":[{"embeddable":true,"href":"https:\/\/portalnpm.com\/index.php\/wp-json\/"}],"wp:attachment":[{"href":"https:\/\/portalnpm.com\/index.php\/wp-json\/wp\/v2\/media?parent=43347"}],"wp:term":[{"taxonomy":"category","embeddable":true,"href":"https:\/\/portalnpm.com\/index.php\/wp-json\/wp\/v2\/categories?post=43347"},{"taxonomy":"post_tag","embeddable":true,"href":"https:\/\/portalnpm.com\/index.php\/wp-json\/wp\/v2\/tags?post=43347"}],"curies":[{"name":"wp","href":"https:\/\/api.w.org\/{rel}","templated":true}]}}