{"id":43404,"date":"2022-10-05T15:33:37","date_gmt":"2022-10-05T18:33:37","guid":{"rendered":"https:\/\/portalnpm.com\/?p=43404"},"modified":"2022-10-05T15:33:37","modified_gmt":"2022-10-05T18:33:37","slug":"resultado-das-eleicoes-em-sao-juliao-pi-veja-como-foi-a-votacao-no-1o-turno-grupos-politicos-medem-forcas-no-municipio","status":"publish","type":"post","link":"https:\/\/portalnpm.com\/index.php\/2022\/10\/05\/resultado-das-eleicoes-em-sao-juliao-pi-veja-como-foi-a-votacao-no-1o-turno-grupos-politicos-medem-forcas-no-municipio\/","title":{"rendered":"Resultado das Elei\u00e7\u00f5es em S\u00e3o Juli\u00e3o &#8211; PI: Veja como foi a vota\u00e7\u00e3o no 1\u00ba turno; grupos pol\u00edticos medem for\u00e7as no munic\u00edpio"},"content":{"rendered":"<blockquote>\n<h2>Oposi\u00e7\u00e3o sai fortalecida nas urnas e grupos medem for\u00e7as visando \u00e0s elei\u00e7\u00f5es de 2024 em S\u00e3o Juli\u00e3o<\/h2>\n<\/blockquote>\n<h2 class=\"content-head__subtitle\" style=\"text-align: justify;\">Saiba como os eleitores do munic\u00edpio votaram para os cargos de presidente, governador, senador, deputado federal e deputado estadual.<\/h2>\n<div class=\"mc-column content-text active-extra-styles \" data-block-type=\"unstyled\" data-block-weight=\"25\" data-block-id=\"3\">\n<p class=\"content-text__container \" style=\"text-align: justify;\" data-track-category=\"Link no Texto\" data-track-links=\"\"><a href=\"https:\/\/g1.globo.com\/pi\/piaui\/cidade\/sao-juliao\/\">S\u00e3o Juli\u00e3o (PI)<\/a> definiu os votos para presidente, governador, senador, deputado federal e deputado estadual no primeiro turno das elei\u00e7\u00f5es 2022, realizado no \u00faltimo domingo (02\/10.<\/p>\n<\/div>\n<div class=\"wall protected-content\">\n<div class=\"mc-column content-text active-extra-styles \" style=\"text-align: justify;\" data-block-type=\"unstyled\" data-block-weight=\"33\" data-block-id=\"4\">\n<p class=\"content-text__container \" data-track-category=\"Link no Texto\" data-track-links=\"\">Os candidatos mais votados na cidade n\u00e3o foram necessariamente eleitos, j\u00e1 que esta \u00e9 uma elei\u00e7\u00e3o de \u00e2mbito estadual e nacional. Os n\u00fameros abaixo se referem apenas aos votos em\u00a0<a href=\"https:\/\/g1.globo.com\/pi\/piaui\/cidade\/sao-juliao\/\">S\u00e3o Juli\u00e3o (PI)<\/a><\/p>\n<\/div>\n<div class=\"mc-column content-text active-extra-styles \" data-block-type=\"unstyled\" data-block-weight=\"29\" data-block-id=\"5\">\n<p class=\"content-text__container \" style=\"text-align: justify;\" data-track-category=\"Link no Texto\" data-track-links=\"\">Lula, do PT, foi o candidato mais votado para a Presid\u00eancia da Rep\u00fablica na cidade. Para o cargo de governador do PI, Rafael Fonteles, do PT, recebeu mais votos.<\/p>\n<article>\n<div class=\"wall protected-content\">\n<div class=\"mc-column content-text active-extra-styles \" style=\"text-align: justify;\" data-block-type=\"unstyled\" data-block-weight=\"32\" data-block-id=\"7\">\n<p class=\"content-text__container \" data-track-category=\"Link no Texto\" data-track-links=\"\">Ao fim da apura\u00e7\u00e3o na cidade, Lula, do PT, teve 67,72% dos votos para a Presid\u00eancia (2.885 votos), enquanto Jair Bolsonaro foi a escolha de 27,46% dos eleitores (1.170 votos) do munic\u00edpio.<\/p>\n<\/div>\n<div class=\"mc-column content-text active-extra-styles \" style=\"text-align: justify;\" data-block-type=\"unstyled\" data-block-weight=\"32\" data-block-id=\"8\">\n<p class=\"content-text__container \" data-track-category=\"Link no Texto\" data-track-links=\"\">Para o cargo de governador, Rafael Fonteles recebeu 50,60% dos votos (2.110 votos) entre os eleitores de\u00a0<a href=\"https:\/\/g1.globo.com\/pi\/piaui\/cidade\/sao-juliao\/\">S\u00e3o Juli\u00e3o (PI)<\/a>. O segundo colocado nesse cen\u00e1rio foi Silvio Mendes, com 49,14% (2.049 votos).<\/p>\n<\/div>\n<div class=\"mc-column content-text active-extra-styles \" style=\"text-align: justify;\" data-block-type=\"unstyled\" data-block-weight=\"23\" data-block-id=\"9\">\n<p class=\"content-text__container \" data-track-category=\"Link no Texto\" data-track-links=\"\">Para o Senado, o ex-prefeito de Floriano, Joel Rodrigues (PP) liderou as escolhas do munic\u00edpio, com 2.036 votos, seguido do ex-governador Wellington Dias (PT), com 1.975 votos.<\/p>\n<\/div>\n<div class=\"mc-column content-text active-extra-styles \" style=\"text-align: justify;\" data-block-type=\"unstyled\" data-block-weight=\"44\" data-block-id=\"10\">\n<p class=\"content-text__container \" data-track-category=\"Link no Texto\" data-track-links=\"\">Atila Filho (PP) foi o mais votado na cidade para ocupar uma vaga na C\u00e2mara dos Deputados, com 1.506 votos, seguido do atual senador e candidato a deputado federal Elmano F\u00e9rrer (PP), com 1.027 votos \u2013 para se eleger, \u00e9 preciso que o candidato e seu partido estejam entre os mais votados no estado para <a href=\"https:\/\/g1.globo.com\/politica\/eleicoes\/2018\/noticia\/2018\/09\/18\/funciona-assim-como-sao-escolhidos-os-deputados-e-senadores.ghtml\">atingir o quociente eleitoral e partid\u00e1rio<\/a>.<\/p>\n<\/div>\n<div class=\"mc-column content-text active-extra-styles \" style=\"text-align: justify;\" data-block-type=\"unstyled\" data-block-weight=\"47\" data-block-id=\"12\">\n<p class=\"content-text__container \" data-track-category=\"Link no Texto\" data-track-links=\"\">Para o cargo de deputado estadual, Severo Eul\u00e1lio (MDB) foi o mais votado na cidade, com 1.222 votos, seguido de Aldo Gil (PP) , com 1.009 votos \u2013 assim como ocorre para o cargo federal, \u00e9 preciso que o candidato e seu partido estejam entre os mais votados no estado para atingir o quociente eleitoral e partid\u00e1rio.<\/p>\n<\/div>\n<div class=\"mc-column content-text active-extra-styles \" style=\"text-align: justify;\" data-block-type=\"unstyled\" data-block-weight=\"10\" data-block-id=\"13\">\n<p class=\"content-text__container \" data-track-category=\"Link no Texto\" data-track-links=\"\">A elei\u00e7\u00e3o em\u00a0<a href=\"https:\/\/g1.globo.com\/pi\/piaui\/cidade\/sao-juliao\/\">S\u00e3o Juli\u00e3o (PI)<\/a>\u00a0teve 16,93% de absten\u00e7\u00e3o.<\/p>\n<\/div>\n<div class=\"mc-column content-text active-extra-styles \" style=\"text-align: justify;\" data-block-type=\"unstyled\" data-block-weight=\"10\" data-block-id=\"14\">\n<p class=\"content-text__container \" data-track-category=\"Link no Texto\" data-track-links=\"\">Veja abaixo como cada candidato se saiu em\u00a0<a href=\"https:\/\/g1.globo.com\/pi\/piaui\/cidade\/sao-juliao\/\">S\u00e3o Juli\u00e3o<\/a>\/PI:<\/p>\n<\/div>\n<div class=\"mc-column content-text active-extra-styles \" style=\"text-align: justify;\" data-block-type=\"unstyled\" data-block-weight=\"9\" data-block-id=\"15\">\n<p class=\"content-text__container \" data-track-category=\"Link no Texto\" data-track-links=\"\"><strong>Presidente da Rep\u00fablica &#8211; vota\u00e7\u00e3o em\u00a0<\/strong><a href=\"https:\/\/g1.globo.com\/pi\/piaui\/cidade\/sao-juliao\/\"><strong>S\u00e3o Juli\u00e3o (PI)<\/strong><\/a><\/p>\n<\/div>\n<div class=\"mc-column content-text active-extra-styles\" style=\"text-align: justify;\" data-block-type=\"raw\" data-block-weight=\"71\" data-block-id=\"16\">\n<ul class=\"content-unordered-list\">\n<li>Lula (PT): 2.885 votos (67,72%) &#8211; <strong><em>Apoiado por toda oposi\u00e7\u00e3o do munic\u00edpio.<\/em><\/strong><\/li>\n<li><\/li>\n<li>Jair Bolsonaro (PL): 1.170 votos (27,46%) &#8211; <strong><em>Apoiado por todo grupo da situa\u00e7\u00e3o do munic\u00edpio.<\/em><\/strong><\/li>\n<li><\/li>\n<li>Ciro Gomes (PDT): 131 votos (3,08%)<\/li>\n<li>Simone Tebet (MDB): 40 votos (0,94%)<\/li>\n<li>Soraya Thronicke (UNI\u00c3O): 29 votos (0,68%)<\/li>\n<li>Felipe D Avila (Novo): 3 votos (0,07%)<\/li>\n<li>Padre Kelmon (PTB): 1 votos (0,02%)<\/li>\n<li>Sofia Manzano (PCB): 1 votos (0,02%)<\/li>\n<li>Vera (PSTU): 0 votos (0,00%)<\/li>\n<li>Constituinte Eymael (DC): 0 votos (0,00%)<\/li>\n<li>L\u00e9o P\u00e9ricles (UP): 0 votos (0,00%)<\/li>\n<li>Brancos &#8211; 0,50%<\/li>\n<li>Nulos &#8211; 2,06%<\/li>\n<\/ul>\n<\/div>\n<div class=\"mc-column content-text active-extra-styles \" style=\"text-align: justify;\" data-block-type=\"unstyled\" data-block-weight=\"7\" data-block-id=\"17\">\n<p class=\"content-text__container \" data-track-category=\"Link no Texto\" data-track-links=\"\"><strong>Governador &#8211; vota\u00e7\u00e3o em\u00a0<\/strong><a href=\"https:\/\/g1.globo.com\/pi\/piaui\/cidade\/sao-juliao\/\"><strong>S\u00e3o Juli\u00e3o (PI)<\/strong><\/a><\/p>\n<\/div>\n<div class=\"mc-column content-text active-extra-styles\" style=\"text-align: justify;\" data-block-type=\"raw\" data-block-weight=\"66\" data-block-id=\"18\">\n<ul class=\"content-unordered-list\">\n<li>Rafael Fonteles (PT): 2.110 votos (50,60%) &#8211; <strong><em>Apoiado por todo o grupo pol\u00edtico da oposi\u00e7\u00e3o no munic\u00edpio.<\/em><\/strong><\/li>\n<li><\/li>\n<li>Silvio Mendes (UNI\u00c3O): 2.049 votos (49,14%) &#8211; <strong><em>Apoiado por todo o grupo pol\u00edtico do prefeito Dr. Samuel.<\/em><\/strong><\/li>\n<li><\/li>\n<li>Madalena Nunes (PSOL): 5 votos (0,12%)<\/li>\n<li>Gessy Lima (PSC): 3 votos (0,07%) *candidatura anulada &#8211; candidata recorre<\/li>\n<li>Lourdes Melo (PCO): 2 votos (0,05%) *candidatura anulada &#8211; candidata recorre<\/li>\n<li>Gustavo Henrique (PATRI): 1 votos (0,02%)<\/li>\n<li>Ravenna Castro (PMN): 0 votos (0,00%)<\/li>\n<li>Geraldo Carvalho (PSTU): 0 votos (0,00%)<\/li>\n<li>Brancos &#8211; 0,55%<\/li>\n<li>Nulos &#8211; 4,05%<\/li>\n<\/ul>\n<\/div>\n<div class=\"mc-column\" style=\"text-align: justify;\" data-block-type=\"ads\" data-block-id=\"19\">\n<div class=\"content-ads\">\n<div class=\"tag-manager-publicidade-container mc-has-ad-lazyload\" data-id=\"banner_materia__6fba73e2-7941-450c-97e4-21b0b9da6187\"><\/div>\n<\/div>\n<\/div>\n<div class=\"mc-column content-text active-extra-styles \" style=\"text-align: justify;\" data-block-type=\"unstyled\" data-block-weight=\"7\" data-block-id=\"20\">\n<p class=\"content-text__container \" data-track-category=\"Link no Texto\" data-track-links=\"\"><strong>Senador &#8211; vota\u00e7\u00e3o em\u00a0<\/strong><a href=\"https:\/\/g1.globo.com\/pi\/piaui\/cidade\/sao-juliao\/\"><strong>S\u00e3o Juli\u00e3o (PI)<\/strong><\/a><\/p>\n<\/div>\n<div class=\"mc-column content-text active-extra-styles\" style=\"text-align: justify;\" data-block-type=\"raw\" data-block-weight=\"42\" data-block-id=\"21\">\n<ul class=\"content-unordered-list\">\n<li>Joel Rodrigues (PROGRESSISTAS): 2.036 votos (50,63%) &#8211; <strong><em>Apoiado por todo grupo pol\u00edtico do prefeito Dr. Samuel<\/em><\/strong><\/li>\n<li>Wellington Dias (PT): 1.975 votos (49,12%) &#8211; <strong><em>Apoiado por todo o grupo pol\u00edtico da oposi\u00e7\u00e3o<\/em><\/strong><\/li>\n<li>George M\u00e1gno (PSOL): 4 votos (0,10%)<\/li>\n<li>Professor Ajos\u00e9 (PMN): 3 votos (0,07%)<\/li>\n<li>Gerv\u00e1sio Santos (PSTU): 3 votos (0,07%)<\/li>\n<li>Albetiza Moreira (PCO): 0 votos (0,00%)<\/li>\n<li>Brancos &#8211; 1,26%<\/li>\n<li>Nulos &#8211; 6,75%<\/li>\n<\/ul>\n<\/div>\n<div class=\"mc-column content-text active-extra-styles \" style=\"text-align: justify;\" data-block-type=\"unstyled\" data-block-weight=\"10\" data-block-id=\"22\">\n<p class=\"content-text__container \" data-track-category=\"Link no Texto\" data-track-links=\"\"><strong>Os 10 deputados federais mais votados em\u00a0<\/strong><a href=\"https:\/\/g1.globo.com\/pi\/piaui\/cidade\/sao-juliao\/\"><strong>S\u00e3o Juli\u00e3o (PI)<\/strong><\/a><\/p>\n<\/div>\n<div class=\"mc-column content-text active-extra-styles\" style=\"text-align: justify;\" data-block-type=\"raw\" data-block-weight=\"69\" data-block-id=\"23\">\n<ul class=\"content-unordered-list\">\n<li>Atila Filho (PROGRESSISTAS): 1.506 votos (35,36%) &#8211; <strong><em>Apoiado pelo grupo do prefeito Dr. Samuel.<\/em><\/strong><\/li>\n<li><\/li>\n<li>Elmano F\u00e9rrer &#8211; o Ve\u00edn Trabalhador (PROGRESSISTAS): 1.027 votos (24,11%) &#8211; <em><strong>Apoiado pelo grupo pol\u00edtico do ex-prefeito Francimar Pereira, composto pelos vereadores Renaldinho, Guaran\u00e1 e Tico dos Pipas, al\u00e9m do ex-vereador Leureny Sobrinho.<\/strong><\/em><\/li>\n<li><em><strong>\u00a0<\/strong><\/em><\/li>\n<li>Rejane Dias (PT): 717 votos (16,83%) <strong><em>&#8211;<\/em><\/strong><b><em> Apoiado pelo grupo pol\u00edtico do ex-prefeito Jos\u00e9 Neci.<\/em><\/b><\/li>\n<li><\/li>\n<li>Jadyel da Jupi (PV): 221 votos (5,19%)<em><strong> &#8211; Apoiado pelo presidente da C\u00e2mara Municipal, vereador Edisaldo Rocha (PSB).<\/strong><\/em><\/li>\n<li><\/li>\n<li>Wilson Martins (PT): 191 votos (4,48%)\u00a0 <strong><em>&#8211;<\/em><\/strong><strong><em>Teve<\/em><\/strong>\u00a0<strong><em>apoio de algumas lideran\u00e7as da Fam\u00edlia Alencar, ou seja, de setores do grupo do prefeito<\/em><\/strong><\/li>\n<li><strong><em>\u00a0<\/em><\/strong><\/li>\n<li>Julio C\u00e9sar (PSD): 165 votos (3,87%)\u00a0<strong><em>&#8211;<\/em><\/strong> <strong><em>Apoiado pelo l\u00edder pol\u00edtico Karol Rocha (PSD<\/em><\/strong>)<\/li>\n<\/ul>\n<ul class=\"content-unordered-list\">\n<li>Irm\u00e3o Elias (UNI\u00c3O BRASIL): 41 votos (0,96%)<\/li>\n<li>Julio Arcoverde (PROGRESSISTAS): 33 votos (0,77%)<\/li>\n<li>Margarete Coelho (PROGRESSISTAS): 33 votos (0,77%)<\/li>\n<li>Dr. Francisco (PT): 32 votos (0,75%)<\/li>\n<li>Brancos &#8211; 0,68%<\/li>\n<li>Nulos &#8211; 1,88%<\/li>\n<\/ul>\n<\/div>\n<div class=\"mc-column content-text active-extra-styles \" style=\"text-align: justify;\" data-block-type=\"unstyled\" data-block-weight=\"10\" data-block-id=\"24\">\n<p class=\"content-text__container \" data-track-category=\"Link no Texto\" data-track-links=\"\"><strong>Os 10 deputados estaduais mais votados em\u00a0<\/strong><a href=\"https:\/\/g1.globo.com\/pi\/piaui\/cidade\/sao-juliao\/\"><strong>S\u00e3o Juli\u00e3o (PI)<\/strong><\/a><\/p>\n<\/div>\n<div class=\"mc-column content-text active-extra-styles\" data-block-type=\"raw\" data-block-weight=\"64\" data-block-id=\"25\">\n<ul class=\"content-unordered-list\" style=\"text-align: justify;\">\n<li>Severo Eul\u00e1lio (MDB): 1.222 votos (28,68%)- <strong><em>Apoiado pelo prefeito Dr. Samuel (PP), o vice-prefeito Dr. Leonardo Rocha, vereadores e lideran\u00e7as da base governista.<\/em><\/strong><\/li>\n<li><\/li>\n<li>Aldo Gil (PROGRESSISTAS): 1.009 votos (23,68%) &#8211; <strong><em>Apoiado pelo ex-prefeito Francimar Pereira (PP), juntamente com o seu grupo pol\u00edtico composto pelos os vereadores Renaldinho, Guaran\u00e1 e Tico dos Pipas<\/em><\/strong>.<\/li>\n<li><\/li>\n<li>Franz\u00e9 Silva (PT): 654 votos (15,35%) &#8211; <strong><em>Apoiado pelo grupo pol\u00edtico do ex-prefeito Jos\u00e9 Neci (PT), fazendo parte do mesmo o vereador N\u00e9 Rocha.<\/em><\/strong><\/li>\n<li><\/li>\n<li>Georgiano (MDB): 332 votos (7,79%) &#8211; <strong><em>Apoiado pelo grupo pol\u00edtico dos Rochas e Apr\u00edgio, al\u00e9m do vereador Edisaldo.<\/em><\/strong><\/li>\n<li><\/li>\n<li>Marden Menezes (PROGRESSISTAS): 221 votos (5,19%) &#8211; <strong><em>Apoiado pelo ex-candidato a vice-prefeito nas elei\u00e7\u00f5es de 2020, o ex-vereador Leureny Sobrinho (PSDB) e a sua esposa, a tamb\u00e9m ex-vereadora Ant\u00f4nia do Leu.<\/em><\/strong><\/li>\n<li><\/li>\n<li>Limma (PT): 140 votos (3,29%) &#8211; <strong><em>Apoiado pelo vereador Acelino da Regina (PSB).<\/em><\/strong><\/li>\n<li><\/li>\n<li>Nerinho (PT): 82 votos (1,92%) &#8211; <strong><em>Apoiado pelo suplente de vereador Domingos dos Piaus<\/em><\/strong><\/li>\n<li><strong><em>Dr. Vinicius (PT): 73 votos (1,71%)<\/em><\/strong><\/li>\n<li><\/li>\n<li>Dr Pablo Santos (MDB): 26 votos (0,61%)<\/li>\n<li>Idoneil Mesquita (PROGRESSISTAS): 17 votos (0,40%)<\/li>\n<li>Brancos &#8211; 0,55%<\/li>\n<li>Nulos &#8211; 1,97%<\/li>\n<\/ul>\n<p style=\"text-align: justify;\">O resultado das elei\u00e7\u00f5es em S\u00e3o Juli\u00e3o aponta as estrat\u00e9gias para a disputa de prefeito em 2024, onde os grupos pol\u00edticos mediram for\u00e7as\u00a0 j\u00e1 pensando no Pa\u00e7o Municipal.<\/p>\n<p style=\"text-align: justify;\"><strong>G1, com edi\u00e7\u00f5es do Portal NPM\u00a0<\/strong><\/p>\n<\/div>\n<\/div>\n<\/article>\n<\/div>\n<\/div>\n","protected":false},"excerpt":{"rendered":"<p>Oposi\u00e7\u00e3o sai fortalecida nas urnas e grupos medem for\u00e7as visando \u00e0s elei\u00e7\u00f5es de 2024 em S\u00e3o Juli\u00e3o Saiba como os eleitores do munic\u00edpio votaram para os cargos de presidente, governador, senador, deputado federal e deputado estadual. S\u00e3o Juli\u00e3o (PI) definiu os votos para presidente, governador, senador, deputado federal e deputado estadual no primeiro turno das &hellip;<\/p>\n","protected":false},"author":3,"featured_media":29603,"comment_status":"open","ping_status":"open","sticky":false,"template":"","format":"standard","meta":{"content-type":"","rop_custom_images_group":[],"rop_custom_messages_group":[],"rop_publish_now":"initial","rop_publish_now_accounts":{"facebook_2648258775420054_1618374048415101":""},"rop_publish_now_history":[],"rop_publish_now_status":"pending","footnotes":"","_jetpack_memberships_contains_paid_content":false},"categories":[113,109,136],"tags":[1120,187,1004,137],"yoast_head":"<!-- This site is optimized with the Yoast SEO plugin v22.3 - https:\/\/yoast.com\/wordpress\/plugins\/seo\/ -->\n<title>Resultado das Elei\u00e7\u00f5es em S\u00e3o Juli\u00e3o - PI: Veja como foi a vota\u00e7\u00e3o no 1\u00ba turno; grupos pol\u00edticos medem for\u00e7as no munic\u00edpio - Portal NPM<\/title>\n<meta name=\"robots\" content=\"index, follow, max-snippet:-1, max-image-preview:large, max-video-preview:-1\" \/>\n<link rel=\"canonical\" href=\"https:\/\/portalnpm.com\/index.php\/2022\/10\/05\/resultado-das-eleicoes-em-sao-juliao-pi-veja-como-foi-a-votacao-no-1o-turno-grupos-politicos-medem-forcas-no-municipio\/\" \/>\n<meta property=\"og:locale\" content=\"pt_BR\" \/>\n<meta property=\"og:type\" content=\"article\" \/>\n<meta property=\"og:title\" content=\"Resultado das Elei\u00e7\u00f5es em S\u00e3o Juli\u00e3o - PI: Veja como foi a vota\u00e7\u00e3o no 1\u00ba turno; grupos pol\u00edticos medem for\u00e7as no munic\u00edpio - Portal NPM\" \/>\n<meta property=\"og:description\" content=\"Oposi\u00e7\u00e3o sai fortalecida nas urnas e grupos medem for\u00e7as visando \u00e0s elei\u00e7\u00f5es de 2024 em S\u00e3o Juli\u00e3o Saiba como os eleitores do munic\u00edpio votaram para os cargos de presidente, governador, senador, deputado federal e deputado estadual. S\u00e3o Juli\u00e3o (PI) definiu os votos para presidente, governador, senador, deputado federal e deputado estadual no primeiro turno das &hellip;\" \/>\n<meta property=\"og:url\" content=\"https:\/\/portalnpm.com\/index.php\/2022\/10\/05\/resultado-das-eleicoes-em-sao-juliao-pi-veja-como-foi-a-votacao-no-1o-turno-grupos-politicos-medem-forcas-no-municipio\/\" \/>\n<meta property=\"og:site_name\" content=\"Portal NPM\" \/>\n<meta property=\"article:published_time\" content=\"2022-10-05T18:33:37+00:00\" \/>\n<meta name=\"author\" content=\"Luis Alberto\" \/>\n<meta name=\"twitter:card\" content=\"summary_large_image\" \/>\n<meta name=\"twitter:label1\" content=\"Escrito por\" \/>\n\t<meta name=\"twitter:data1\" content=\"Luis Alberto\" \/>\n\t<meta name=\"twitter:label2\" content=\"Est. tempo de leitura\" \/>\n\t<meta name=\"twitter:data2\" content=\"5 minutos\" \/>\n<script type=\"application\/ld+json\" class=\"yoast-schema-graph\">{\"@context\":\"https:\/\/schema.org\",\"@graph\":[{\"@type\":\"WebPage\",\"@id\":\"https:\/\/portalnpm.com\/index.php\/2022\/10\/05\/resultado-das-eleicoes-em-sao-juliao-pi-veja-como-foi-a-votacao-no-1o-turno-grupos-politicos-medem-forcas-no-municipio\/\",\"url\":\"https:\/\/portalnpm.com\/index.php\/2022\/10\/05\/resultado-das-eleicoes-em-sao-juliao-pi-veja-como-foi-a-votacao-no-1o-turno-grupos-politicos-medem-forcas-no-municipio\/\",\"name\":\"Resultado das Elei\u00e7\u00f5es em S\u00e3o Juli\u00e3o - PI: Veja como foi a vota\u00e7\u00e3o no 1\u00ba turno; grupos pol\u00edticos medem for\u00e7as no munic\u00edpio - Portal NPM\",\"isPartOf\":{\"@id\":\"https:\/\/portalnpm.com\/#website\"},\"primaryImageOfPage\":{\"@id\":\"https:\/\/portalnpm.com\/index.php\/2022\/10\/05\/resultado-das-eleicoes-em-sao-juliao-pi-veja-como-foi-a-votacao-no-1o-turno-grupos-politicos-medem-forcas-no-municipio\/#primaryimage\"},\"image\":{\"@id\":\"https:\/\/portalnpm.com\/index.php\/2022\/10\/05\/resultado-das-eleicoes-em-sao-juliao-pi-veja-como-foi-a-votacao-no-1o-turno-grupos-politicos-medem-forcas-no-municipio\/#primaryimage\"},\"thumbnailUrl\":\"\",\"datePublished\":\"2022-10-05T18:33:37+00:00\",\"dateModified\":\"2022-10-05T18:33:37+00:00\",\"author\":{\"@id\":\"https:\/\/portalnpm.com\/#\/schema\/person\/5c8006acdf71774cd4e7a5ab98482152\"},\"breadcrumb\":{\"@id\":\"https:\/\/portalnpm.com\/index.php\/2022\/10\/05\/resultado-das-eleicoes-em-sao-juliao-pi-veja-como-foi-a-votacao-no-1o-turno-grupos-politicos-medem-forcas-no-municipio\/#breadcrumb\"},\"inLanguage\":\"pt-BR\",\"potentialAction\":[{\"@type\":\"ReadAction\",\"target\":[\"https:\/\/portalnpm.com\/index.php\/2022\/10\/05\/resultado-das-eleicoes-em-sao-juliao-pi-veja-como-foi-a-votacao-no-1o-turno-grupos-politicos-medem-forcas-no-municipio\/\"]}]},{\"@type\":\"ImageObject\",\"inLanguage\":\"pt-BR\",\"@id\":\"https:\/\/portalnpm.com\/index.php\/2022\/10\/05\/resultado-das-eleicoes-em-sao-juliao-pi-veja-como-foi-a-votacao-no-1o-turno-grupos-politicos-medem-forcas-no-municipio\/#primaryimage\",\"url\":\"\",\"contentUrl\":\"\"},{\"@type\":\"BreadcrumbList\",\"@id\":\"https:\/\/portalnpm.com\/index.php\/2022\/10\/05\/resultado-das-eleicoes-em-sao-juliao-pi-veja-como-foi-a-votacao-no-1o-turno-grupos-politicos-medem-forcas-no-municipio\/#breadcrumb\",\"itemListElement\":[{\"@type\":\"ListItem\",\"position\":1,\"name\":\"In\u00edcio\",\"item\":\"https:\/\/portalnpm.com\/\"},{\"@type\":\"ListItem\",\"position\":2,\"name\":\"Resultado das Elei\u00e7\u00f5es em S\u00e3o Juli\u00e3o &#8211; PI: Veja como foi a vota\u00e7\u00e3o no 1\u00ba turno; grupos pol\u00edticos medem for\u00e7as no munic\u00edpio\"}]},{\"@type\":\"WebSite\",\"@id\":\"https:\/\/portalnpm.com\/#website\",\"url\":\"https:\/\/portalnpm.com\/\",\"name\":\"Portal NPM\",\"description\":\"Not\u00edcias em Primeira M\u00e3o\",\"potentialAction\":[{\"@type\":\"SearchAction\",\"target\":{\"@type\":\"EntryPoint\",\"urlTemplate\":\"https:\/\/portalnpm.com\/?s={search_term_string}\"},\"query-input\":\"required name=search_term_string\"}],\"inLanguage\":\"pt-BR\"},{\"@type\":\"Person\",\"@id\":\"https:\/\/portalnpm.com\/#\/schema\/person\/5c8006acdf71774cd4e7a5ab98482152\",\"name\":\"Luis Alberto\",\"image\":{\"@type\":\"ImageObject\",\"inLanguage\":\"pt-BR\",\"@id\":\"https:\/\/portalnpm.com\/#\/schema\/person\/image\/\",\"url\":\"https:\/\/portalnpm.com\/wp-content\/uploads\/2024\/12\/avatar_user_3_1734699769-96x96.jpeg\",\"contentUrl\":\"https:\/\/portalnpm.com\/wp-content\/uploads\/2024\/12\/avatar_user_3_1734699769-96x96.jpeg\",\"caption\":\"Luis Alberto\"},\"description\":\"Editor-geral do Portal NPM, \u00e9 formado como T\u00e9cnico em Seguran\u00e7a do Trabalho pela Escola Metropolitana de Cursos T\u00e9cnicos. Det\u00e9m ainda licenciatura em Educa\u00e7\u00e3o F\u00edsica e bacharelado em Ci\u00eancias Pol\u00edticas, ambos obtidos pela institui\u00e7\u00e3o Anhanguera\/UNOPAR.\",\"url\":\"https:\/\/portalnpm.com\/index.php\/author\/pereira\/\"}]}<\/script>\n<!-- \/ Yoast SEO plugin. -->","yoast_head_json":{"title":"Resultado das Elei\u00e7\u00f5es em S\u00e3o Juli\u00e3o - PI: Veja como foi a vota\u00e7\u00e3o no 1\u00ba turno; grupos pol\u00edticos medem for\u00e7as no munic\u00edpio - Portal NPM","robots":{"index":"index","follow":"follow","max-snippet":"max-snippet:-1","max-image-preview":"max-image-preview:large","max-video-preview":"max-video-preview:-1"},"canonical":"https:\/\/portalnpm.com\/index.php\/2022\/10\/05\/resultado-das-eleicoes-em-sao-juliao-pi-veja-como-foi-a-votacao-no-1o-turno-grupos-politicos-medem-forcas-no-municipio\/","og_locale":"pt_BR","og_type":"article","og_title":"Resultado das Elei\u00e7\u00f5es em S\u00e3o Juli\u00e3o - PI: Veja como foi a vota\u00e7\u00e3o no 1\u00ba turno; grupos pol\u00edticos medem for\u00e7as no munic\u00edpio - Portal NPM","og_description":"Oposi\u00e7\u00e3o sai fortalecida nas urnas e grupos medem for\u00e7as visando \u00e0s elei\u00e7\u00f5es de 2024 em S\u00e3o Juli\u00e3o Saiba como os eleitores do munic\u00edpio votaram para os cargos de presidente, governador, senador, deputado federal e deputado estadual. S\u00e3o Juli\u00e3o (PI) definiu os votos para presidente, governador, senador, deputado federal e deputado estadual no primeiro turno das &hellip;","og_url":"https:\/\/portalnpm.com\/index.php\/2022\/10\/05\/resultado-das-eleicoes-em-sao-juliao-pi-veja-como-foi-a-votacao-no-1o-turno-grupos-politicos-medem-forcas-no-municipio\/","og_site_name":"Portal NPM","article_published_time":"2022-10-05T18:33:37+00:00","author":"Luis Alberto","twitter_card":"summary_large_image","twitter_misc":{"Escrito por":"Luis Alberto","Est. tempo de leitura":"5 minutos"},"schema":{"@context":"https:\/\/schema.org","@graph":[{"@type":"WebPage","@id":"https:\/\/portalnpm.com\/index.php\/2022\/10\/05\/resultado-das-eleicoes-em-sao-juliao-pi-veja-como-foi-a-votacao-no-1o-turno-grupos-politicos-medem-forcas-no-municipio\/","url":"https:\/\/portalnpm.com\/index.php\/2022\/10\/05\/resultado-das-eleicoes-em-sao-juliao-pi-veja-como-foi-a-votacao-no-1o-turno-grupos-politicos-medem-forcas-no-municipio\/","name":"Resultado das Elei\u00e7\u00f5es em S\u00e3o Juli\u00e3o - PI: Veja como foi a vota\u00e7\u00e3o no 1\u00ba turno; grupos pol\u00edticos medem for\u00e7as no munic\u00edpio - Portal NPM","isPartOf":{"@id":"https:\/\/portalnpm.com\/#website"},"primaryImageOfPage":{"@id":"https:\/\/portalnpm.com\/index.php\/2022\/10\/05\/resultado-das-eleicoes-em-sao-juliao-pi-veja-como-foi-a-votacao-no-1o-turno-grupos-politicos-medem-forcas-no-municipio\/#primaryimage"},"image":{"@id":"https:\/\/portalnpm.com\/index.php\/2022\/10\/05\/resultado-das-eleicoes-em-sao-juliao-pi-veja-como-foi-a-votacao-no-1o-turno-grupos-politicos-medem-forcas-no-municipio\/#primaryimage"},"thumbnailUrl":"","datePublished":"2022-10-05T18:33:37+00:00","dateModified":"2022-10-05T18:33:37+00:00","author":{"@id":"https:\/\/portalnpm.com\/#\/schema\/person\/5c8006acdf71774cd4e7a5ab98482152"},"breadcrumb":{"@id":"https:\/\/portalnpm.com\/index.php\/2022\/10\/05\/resultado-das-eleicoes-em-sao-juliao-pi-veja-como-foi-a-votacao-no-1o-turno-grupos-politicos-medem-forcas-no-municipio\/#breadcrumb"},"inLanguage":"pt-BR","potentialAction":[{"@type":"ReadAction","target":["https:\/\/portalnpm.com\/index.php\/2022\/10\/05\/resultado-das-eleicoes-em-sao-juliao-pi-veja-como-foi-a-votacao-no-1o-turno-grupos-politicos-medem-forcas-no-municipio\/"]}]},{"@type":"ImageObject","inLanguage":"pt-BR","@id":"https:\/\/portalnpm.com\/index.php\/2022\/10\/05\/resultado-das-eleicoes-em-sao-juliao-pi-veja-como-foi-a-votacao-no-1o-turno-grupos-politicos-medem-forcas-no-municipio\/#primaryimage","url":"","contentUrl":""},{"@type":"BreadcrumbList","@id":"https:\/\/portalnpm.com\/index.php\/2022\/10\/05\/resultado-das-eleicoes-em-sao-juliao-pi-veja-como-foi-a-votacao-no-1o-turno-grupos-politicos-medem-forcas-no-municipio\/#breadcrumb","itemListElement":[{"@type":"ListItem","position":1,"name":"In\u00edcio","item":"https:\/\/portalnpm.com\/"},{"@type":"ListItem","position":2,"name":"Resultado das Elei\u00e7\u00f5es em S\u00e3o Juli\u00e3o &#8211; PI: Veja como foi a vota\u00e7\u00e3o no 1\u00ba turno; grupos pol\u00edticos medem for\u00e7as no munic\u00edpio"}]},{"@type":"WebSite","@id":"https:\/\/portalnpm.com\/#website","url":"https:\/\/portalnpm.com\/","name":"Portal NPM","description":"Not\u00edcias em Primeira M\u00e3o","potentialAction":[{"@type":"SearchAction","target":{"@type":"EntryPoint","urlTemplate":"https:\/\/portalnpm.com\/?s={search_term_string}"},"query-input":"required name=search_term_string"}],"inLanguage":"pt-BR"},{"@type":"Person","@id":"https:\/\/portalnpm.com\/#\/schema\/person\/5c8006acdf71774cd4e7a5ab98482152","name":"Luis Alberto","image":{"@type":"ImageObject","inLanguage":"pt-BR","@id":"https:\/\/portalnpm.com\/#\/schema\/person\/image\/","url":"https:\/\/portalnpm.com\/wp-content\/uploads\/2024\/12\/avatar_user_3_1734699769-96x96.jpeg","contentUrl":"https:\/\/portalnpm.com\/wp-content\/uploads\/2024\/12\/avatar_user_3_1734699769-96x96.jpeg","caption":"Luis Alberto"},"description":"Editor-geral do Portal NPM, \u00e9 formado como T\u00e9cnico em Seguran\u00e7a do Trabalho pela Escola Metropolitana de Cursos T\u00e9cnicos. Det\u00e9m ainda licenciatura em Educa\u00e7\u00e3o F\u00edsica e bacharelado em Ci\u00eancias Pol\u00edticas, ambos obtidos pela institui\u00e7\u00e3o Anhanguera\/UNOPAR.","url":"https:\/\/portalnpm.com\/index.php\/author\/pereira\/"}]}},"jetpack_sharing_enabled":true,"jetpack_featured_media_url":"","_links":{"self":[{"href":"https:\/\/portalnpm.com\/index.php\/wp-json\/wp\/v2\/posts\/43404"}],"collection":[{"href":"https:\/\/portalnpm.com\/index.php\/wp-json\/wp\/v2\/posts"}],"about":[{"href":"https:\/\/portalnpm.com\/index.php\/wp-json\/wp\/v2\/types\/post"}],"author":[{"embeddable":true,"href":"https:\/\/portalnpm.com\/index.php\/wp-json\/wp\/v2\/users\/3"}],"replies":[{"embeddable":true,"href":"https:\/\/portalnpm.com\/index.php\/wp-json\/wp\/v2\/comments?post=43404"}],"version-history":[{"count":3,"href":"https:\/\/portalnpm.com\/index.php\/wp-json\/wp\/v2\/posts\/43404\/revisions"}],"predecessor-version":[{"id":43407,"href":"https:\/\/portalnpm.com\/index.php\/wp-json\/wp\/v2\/posts\/43404\/revisions\/43407"}],"wp:featuredmedia":[{"embeddable":true,"href":"https:\/\/portalnpm.com\/index.php\/wp-json\/"}],"wp:attachment":[{"href":"https:\/\/portalnpm.com\/index.php\/wp-json\/wp\/v2\/media?parent=43404"}],"wp:term":[{"taxonomy":"category","embeddable":true,"href":"https:\/\/portalnpm.com\/index.php\/wp-json\/wp\/v2\/categories?post=43404"},{"taxonomy":"post_tag","embeddable":true,"href":"https:\/\/portalnpm.com\/index.php\/wp-json\/wp\/v2\/tags?post=43404"}],"curies":[{"name":"wp","href":"https:\/\/api.w.org\/{rel}","templated":true}]}}