{"id":43468,"date":"2022-10-09T20:17:46","date_gmt":"2022-10-09T23:17:46","guid":{"rendered":"https:\/\/portalnpm.com\/?p=43468"},"modified":"2022-10-09T20:17:46","modified_gmt":"2022-10-09T23:17:46","slug":"homem-e-morto-a-tiros-de-espingarda-no-interior-de-belem-do-piaui","status":"publish","type":"post","link":"https:\/\/portalnpm.com\/index.php\/2022\/10\/09\/homem-e-morto-a-tiros-de-espingarda-no-interior-de-belem-do-piaui\/","title":{"rendered":"Homem \u00e9 morto a tiros de espingarda no interior de Bel\u00e9m do Piau\u00ed"},"content":{"rendered":"<p style=\"text-align: justify;\">Um homem identificado como Jos\u00e9 Nilton Leal Barros, de 30 anos, foi assassinado a tiros na madrugada deste domingo, 9 de outubro, na zona rural do munic\u00edpio de Bel\u00e9m do Piau\u00ed \u2014 PI.<\/p>\n<p style=\"text-align: justify;\">\n<p style=\"text-align: justify;\">\n<p style=\"text-align: justify;\">Conforme informa\u00e7\u00f5es preliminares, Didi como era popularmente conhecido, foi morto a tiros na comunidade Queimada, distante cerca de 3 km da sede do munic\u00edpio.<\/p>\n<p style=\"text-align: justify;\">Informa\u00e7\u00f5es apontam, que por volta das 3h, Didi teria ido ao local onde residia um homem identificado como Andr\u00e9 Leal de Ara\u00fajo, e foi surpreendido e acabou sendo morto com dois disparos, que atingiram a regi\u00e3o peitoral, efetuado de espingarda de fabrica\u00e7\u00e3o caseira.<\/p>\n<p style=\"text-align: justify;\">O autor dos disparos de arma de fogo contra Didi fugiu do local. Ele j\u00e1 foi identificado e est\u00e1 sendo procurando pela Pol\u00edcia Militar. A PM informou que outro homem estaria na companhia de Didi, e ap\u00f3s a rea\u00e7\u00e3o do propriet\u00e1rio da resid\u00eancia, tamb\u00e9m fugiu do local.<\/p>\n<p style=\"text-align: justify;\">A PM informou que Jos\u00e9 Nilton e Andr\u00e9 possu\u00edam desentendimentos, e que teriam recentemente trocado amea\u00e7as pelas redes sociais, e\u00a0que o autor dos disparos, Andr\u00e9, \u00e9 conhecido da justi\u00e7a por atear fogo em uma resid\u00eancia, moto e\u00a0 assassinar um deficiente com golpes de arma branca \u2014 faca \u2014 no interior de Jaic\u00f3s \u2014 PI, no ano de 2020.<\/p>\n<p style=\"text-align: justify;\">A not\u00edcia da morte causou bastante como\u00e7\u00e3o. Didi era bastante conhecido, e possu\u00eda amizades por toda a regi\u00e3o, nas redes sociais s\u00e3o muitas as homenagens. O mesmo era natural da localidade S\u00e3o Bento, zona rural de Bel\u00e9m do Piau\u00ed, trabalhava como frentista em um posto de combust\u00edvel no munic\u00edpio de Francisco Macedo \u2014 PI e parte deixando a esposa e uma filha.<\/p>\n<p style=\"text-align: justify;\"><em><strong>FONTE: PORTAL INFONEWSS<\/strong><\/em><\/p>\n","protected":false},"excerpt":{"rendered":"<p>Um homem identificado como Jos\u00e9 Nilton Leal Barros, de 30 anos, foi assassinado a tiros na madrugada deste domingo, 9 de outubro, na zona rural do munic\u00edpio de Bel\u00e9m do Piau\u00ed \u2014 PI. Conforme informa\u00e7\u00f5es preliminares, Didi como era popularmente conhecido, foi morto a tiros na comunidade Queimada, distante cerca de 3 km da sede &hellip;<\/p>\n","protected":false},"author":4,"featured_media":43469,"comment_status":"open","ping_status":"open","sticky":false,"template":"","format":"standard","meta":{"content-type":"","rop_custom_images_group":[],"rop_custom_messages_group":[],"rop_publish_now":"initial","rop_publish_now_accounts":{"facebook_2648258775420054_1618374048415101":""},"rop_publish_now_history":[],"rop_publish_now_status":"pending","footnotes":"","_jetpack_memberships_contains_paid_content":false},"categories":[106,113,109],"tags":[14209,662],"yoast_head":"<!-- This site is optimized with the Yoast SEO plugin v22.3 - https:\/\/yoast.com\/wordpress\/plugins\/seo\/ -->\n<title>Homem \u00e9 morto a tiros de espingarda no interior de Bel\u00e9m do Piau\u00ed - Portal NPM<\/title>\n<meta name=\"robots\" content=\"index, follow, max-snippet:-1, max-image-preview:large, max-video-preview:-1\" \/>\n<link rel=\"canonical\" href=\"https:\/\/portalnpm.com\/index.php\/2022\/10\/09\/homem-e-morto-a-tiros-de-espingarda-no-interior-de-belem-do-piaui\/\" \/>\n<meta property=\"og:locale\" content=\"pt_BR\" \/>\n<meta property=\"og:type\" content=\"article\" \/>\n<meta property=\"og:title\" content=\"Homem \u00e9 morto a tiros de espingarda no interior de Bel\u00e9m do Piau\u00ed - Portal NPM\" \/>\n<meta property=\"og:description\" content=\"Um homem identificado como Jos\u00e9 Nilton Leal Barros, de 30 anos, foi assassinado a tiros na madrugada deste domingo, 9 de outubro, na zona rural do munic\u00edpio de Bel\u00e9m do Piau\u00ed \u2014 PI. Conforme informa\u00e7\u00f5es preliminares, Didi como era popularmente conhecido, foi morto a tiros na comunidade Queimada, distante cerca de 3 km da sede &hellip;\" \/>\n<meta property=\"og:url\" content=\"https:\/\/portalnpm.com\/index.php\/2022\/10\/09\/homem-e-morto-a-tiros-de-espingarda-no-interior-de-belem-do-piaui\/\" \/>\n<meta property=\"og:site_name\" content=\"Portal NPM\" \/>\n<meta property=\"article:published_time\" content=\"2022-10-09T23:17:46+00:00\" \/>\n<meta name=\"author\" content=\"Reda\u00e7\u00e3o\" \/>\n<meta name=\"twitter:card\" content=\"summary_large_image\" \/>\n<meta name=\"twitter:label1\" content=\"Escrito por\" \/>\n\t<meta name=\"twitter:data1\" content=\"Reda\u00e7\u00e3o\" \/>\n\t<meta name=\"twitter:label2\" content=\"Est. tempo de leitura\" \/>\n\t<meta name=\"twitter:data2\" content=\"1 minuto\" \/>\n<script type=\"application\/ld+json\" class=\"yoast-schema-graph\">{\"@context\":\"https:\/\/schema.org\",\"@graph\":[{\"@type\":\"WebPage\",\"@id\":\"https:\/\/portalnpm.com\/index.php\/2022\/10\/09\/homem-e-morto-a-tiros-de-espingarda-no-interior-de-belem-do-piaui\/\",\"url\":\"https:\/\/portalnpm.com\/index.php\/2022\/10\/09\/homem-e-morto-a-tiros-de-espingarda-no-interior-de-belem-do-piaui\/\",\"name\":\"Homem \u00e9 morto a tiros de espingarda no interior de Bel\u00e9m do Piau\u00ed - Portal NPM\",\"isPartOf\":{\"@id\":\"https:\/\/portalnpm.com\/#website\"},\"primaryImageOfPage\":{\"@id\":\"https:\/\/portalnpm.com\/index.php\/2022\/10\/09\/homem-e-morto-a-tiros-de-espingarda-no-interior-de-belem-do-piaui\/#primaryimage\"},\"image\":{\"@id\":\"https:\/\/portalnpm.com\/index.php\/2022\/10\/09\/homem-e-morto-a-tiros-de-espingarda-no-interior-de-belem-do-piaui\/#primaryimage\"},\"thumbnailUrl\":\"\",\"datePublished\":\"2022-10-09T23:17:46+00:00\",\"dateModified\":\"2022-10-09T23:17:46+00:00\",\"author\":{\"@id\":\"https:\/\/portalnpm.com\/#\/schema\/person\/0b5f230ec96cee25504fa328e7f2b733\"},\"breadcrumb\":{\"@id\":\"https:\/\/portalnpm.com\/index.php\/2022\/10\/09\/homem-e-morto-a-tiros-de-espingarda-no-interior-de-belem-do-piaui\/#breadcrumb\"},\"inLanguage\":\"pt-BR\",\"potentialAction\":[{\"@type\":\"ReadAction\",\"target\":[\"https:\/\/portalnpm.com\/index.php\/2022\/10\/09\/homem-e-morto-a-tiros-de-espingarda-no-interior-de-belem-do-piaui\/\"]}]},{\"@type\":\"ImageObject\",\"inLanguage\":\"pt-BR\",\"@id\":\"https:\/\/portalnpm.com\/index.php\/2022\/10\/09\/homem-e-morto-a-tiros-de-espingarda-no-interior-de-belem-do-piaui\/#primaryimage\",\"url\":\"\",\"contentUrl\":\"\"},{\"@type\":\"BreadcrumbList\",\"@id\":\"https:\/\/portalnpm.com\/index.php\/2022\/10\/09\/homem-e-morto-a-tiros-de-espingarda-no-interior-de-belem-do-piaui\/#breadcrumb\",\"itemListElement\":[{\"@type\":\"ListItem\",\"position\":1,\"name\":\"In\u00edcio\",\"item\":\"https:\/\/portalnpm.com\/\"},{\"@type\":\"ListItem\",\"position\":2,\"name\":\"Homem \u00e9 morto a tiros de espingarda no interior de Bel\u00e9m do Piau\u00ed\"}]},{\"@type\":\"WebSite\",\"@id\":\"https:\/\/portalnpm.com\/#website\",\"url\":\"https:\/\/portalnpm.com\/\",\"name\":\"Portal NPM\",\"description\":\"Not\u00edcias em Primeira M\u00e3o\",\"potentialAction\":[{\"@type\":\"SearchAction\",\"target\":{\"@type\":\"EntryPoint\",\"urlTemplate\":\"https:\/\/portalnpm.com\/?s={search_term_string}\"},\"query-input\":\"required name=search_term_string\"}],\"inLanguage\":\"pt-BR\"},{\"@type\":\"Person\",\"@id\":\"https:\/\/portalnpm.com\/#\/schema\/person\/0b5f230ec96cee25504fa328e7f2b733\",\"name\":\"Reda\u00e7\u00e3o\",\"image\":{\"@type\":\"ImageObject\",\"inLanguage\":\"pt-BR\",\"@id\":\"https:\/\/portalnpm.com\/#\/schema\/person\/image\/\",\"url\":\"https:\/\/portalnpm.com\/wp-content\/uploads\/2024\/03\/avatar_user_4_1710097212-96x96.png\",\"contentUrl\":\"https:\/\/portalnpm.com\/wp-content\/uploads\/2024\/03\/avatar_user_4_1710097212-96x96.png\",\"caption\":\"Reda\u00e7\u00e3o\"},\"url\":\"https:\/\/portalnpm.com\/index.php\/author\/redacao\/\"}]}<\/script>\n<!-- \/ Yoast SEO plugin. -->","yoast_head_json":{"title":"Homem \u00e9 morto a tiros de espingarda no interior de Bel\u00e9m do Piau\u00ed - Portal NPM","robots":{"index":"index","follow":"follow","max-snippet":"max-snippet:-1","max-image-preview":"max-image-preview:large","max-video-preview":"max-video-preview:-1"},"canonical":"https:\/\/portalnpm.com\/index.php\/2022\/10\/09\/homem-e-morto-a-tiros-de-espingarda-no-interior-de-belem-do-piaui\/","og_locale":"pt_BR","og_type":"article","og_title":"Homem \u00e9 morto a tiros de espingarda no interior de Bel\u00e9m do Piau\u00ed - Portal NPM","og_description":"Um homem identificado como Jos\u00e9 Nilton Leal Barros, de 30 anos, foi assassinado a tiros na madrugada deste domingo, 9 de outubro, na zona rural do munic\u00edpio de Bel\u00e9m do Piau\u00ed \u2014 PI. Conforme informa\u00e7\u00f5es preliminares, Didi como era popularmente conhecido, foi morto a tiros na comunidade Queimada, distante cerca de 3 km da sede &hellip;","og_url":"https:\/\/portalnpm.com\/index.php\/2022\/10\/09\/homem-e-morto-a-tiros-de-espingarda-no-interior-de-belem-do-piaui\/","og_site_name":"Portal NPM","article_published_time":"2022-10-09T23:17:46+00:00","author":"Reda\u00e7\u00e3o","twitter_card":"summary_large_image","twitter_misc":{"Escrito por":"Reda\u00e7\u00e3o","Est. tempo de leitura":"1 minuto"},"schema":{"@context":"https:\/\/schema.org","@graph":[{"@type":"WebPage","@id":"https:\/\/portalnpm.com\/index.php\/2022\/10\/09\/homem-e-morto-a-tiros-de-espingarda-no-interior-de-belem-do-piaui\/","url":"https:\/\/portalnpm.com\/index.php\/2022\/10\/09\/homem-e-morto-a-tiros-de-espingarda-no-interior-de-belem-do-piaui\/","name":"Homem \u00e9 morto a tiros de espingarda no interior de Bel\u00e9m do Piau\u00ed - Portal NPM","isPartOf":{"@id":"https:\/\/portalnpm.com\/#website"},"primaryImageOfPage":{"@id":"https:\/\/portalnpm.com\/index.php\/2022\/10\/09\/homem-e-morto-a-tiros-de-espingarda-no-interior-de-belem-do-piaui\/#primaryimage"},"image":{"@id":"https:\/\/portalnpm.com\/index.php\/2022\/10\/09\/homem-e-morto-a-tiros-de-espingarda-no-interior-de-belem-do-piaui\/#primaryimage"},"thumbnailUrl":"","datePublished":"2022-10-09T23:17:46+00:00","dateModified":"2022-10-09T23:17:46+00:00","author":{"@id":"https:\/\/portalnpm.com\/#\/schema\/person\/0b5f230ec96cee25504fa328e7f2b733"},"breadcrumb":{"@id":"https:\/\/portalnpm.com\/index.php\/2022\/10\/09\/homem-e-morto-a-tiros-de-espingarda-no-interior-de-belem-do-piaui\/#breadcrumb"},"inLanguage":"pt-BR","potentialAction":[{"@type":"ReadAction","target":["https:\/\/portalnpm.com\/index.php\/2022\/10\/09\/homem-e-morto-a-tiros-de-espingarda-no-interior-de-belem-do-piaui\/"]}]},{"@type":"ImageObject","inLanguage":"pt-BR","@id":"https:\/\/portalnpm.com\/index.php\/2022\/10\/09\/homem-e-morto-a-tiros-de-espingarda-no-interior-de-belem-do-piaui\/#primaryimage","url":"","contentUrl":""},{"@type":"BreadcrumbList","@id":"https:\/\/portalnpm.com\/index.php\/2022\/10\/09\/homem-e-morto-a-tiros-de-espingarda-no-interior-de-belem-do-piaui\/#breadcrumb","itemListElement":[{"@type":"ListItem","position":1,"name":"In\u00edcio","item":"https:\/\/portalnpm.com\/"},{"@type":"ListItem","position":2,"name":"Homem \u00e9 morto a tiros de espingarda no interior de Bel\u00e9m do Piau\u00ed"}]},{"@type":"WebSite","@id":"https:\/\/portalnpm.com\/#website","url":"https:\/\/portalnpm.com\/","name":"Portal NPM","description":"Not\u00edcias em Primeira M\u00e3o","potentialAction":[{"@type":"SearchAction","target":{"@type":"EntryPoint","urlTemplate":"https:\/\/portalnpm.com\/?s={search_term_string}"},"query-input":"required name=search_term_string"}],"inLanguage":"pt-BR"},{"@type":"Person","@id":"https:\/\/portalnpm.com\/#\/schema\/person\/0b5f230ec96cee25504fa328e7f2b733","name":"Reda\u00e7\u00e3o","image":{"@type":"ImageObject","inLanguage":"pt-BR","@id":"https:\/\/portalnpm.com\/#\/schema\/person\/image\/","url":"https:\/\/portalnpm.com\/wp-content\/uploads\/2024\/03\/avatar_user_4_1710097212-96x96.png","contentUrl":"https:\/\/portalnpm.com\/wp-content\/uploads\/2024\/03\/avatar_user_4_1710097212-96x96.png","caption":"Reda\u00e7\u00e3o"},"url":"https:\/\/portalnpm.com\/index.php\/author\/redacao\/"}]}},"jetpack_sharing_enabled":true,"jetpack_featured_media_url":"","_links":{"self":[{"href":"https:\/\/portalnpm.com\/index.php\/wp-json\/wp\/v2\/posts\/43468"}],"collection":[{"href":"https:\/\/portalnpm.com\/index.php\/wp-json\/wp\/v2\/posts"}],"about":[{"href":"https:\/\/portalnpm.com\/index.php\/wp-json\/wp\/v2\/types\/post"}],"author":[{"embeddable":true,"href":"https:\/\/portalnpm.com\/index.php\/wp-json\/wp\/v2\/users\/4"}],"replies":[{"embeddable":true,"href":"https:\/\/portalnpm.com\/index.php\/wp-json\/wp\/v2\/comments?post=43468"}],"version-history":[{"count":0,"href":"https:\/\/portalnpm.com\/index.php\/wp-json\/wp\/v2\/posts\/43468\/revisions"}],"wp:featuredmedia":[{"embeddable":true,"href":"https:\/\/portalnpm.com\/index.php\/wp-json\/"}],"wp:attachment":[{"href":"https:\/\/portalnpm.com\/index.php\/wp-json\/wp\/v2\/media?parent=43468"}],"wp:term":[{"taxonomy":"category","embeddable":true,"href":"https:\/\/portalnpm.com\/index.php\/wp-json\/wp\/v2\/categories?post=43468"},{"taxonomy":"post_tag","embeddable":true,"href":"https:\/\/portalnpm.com\/index.php\/wp-json\/wp\/v2\/tags?post=43468"}],"curies":[{"name":"wp","href":"https:\/\/api.w.org\/{rel}","templated":true}]}}