{"id":43524,"date":"2022-10-12T18:34:43","date_gmt":"2022-10-12T21:34:43","guid":{"rendered":"https:\/\/portalnpm.com\/?p=43524"},"modified":"2022-10-12T18:34:43","modified_gmt":"2022-10-12T21:34:43","slug":"sao-paulo-confirma-primeira-morte-por-variola-dos-macacos-no-estado","status":"publish","type":"post","link":"https:\/\/portalnpm.com\/index.php\/2022\/10\/12\/sao-paulo-confirma-primeira-morte-por-variola-dos-macacos-no-estado\/","title":{"rendered":"S\u00e3o Paulo confirma primeira morte por var\u00edola dos macacos no Estado"},"content":{"rendered":"<p style=\"text-align: justify;\">A Secretaria da Sa\u00fade de S\u00e3o Paulo confirmou nesta quarta-feira, 12, o registro da primeira morte por var\u00edola dos macacos no Estado. O paciente, de 26 anos, era morador da capital paulista. Conforme a pasta, ele estava internado no Instituto de Infectologia Em\u00edlio Ribas havia mais de dois meses e tinha &#8220;diversas comorbidades&#8221;. \u00c9 o sexto \u00f3bito pela doen\u00e7a notificado no Pa\u00eds &#8211; os outros ocorreram em Minas Gerais e no Rio de Janeiro.<\/p>\n<p style=\"text-align: justify;\">\n<p style=\"text-align: justify;\">\n<p style=\"text-align: justify;\">Ao todo, S\u00e3o Paulo tem 3.861 casos confirmados da var\u00edola (monkeypox), com redu\u00e7\u00e3o do registro de novas infec\u00e7\u00f5es nas \u00faltimas semanas, informou a Secretaria de Estado da Sa\u00fade. A pasta refor\u00e7ou ainda que o atual surto n\u00e3o tem a rela\u00e7\u00e3o com os macacos e que a preval\u00eancia na transmiss\u00e3o \u00e9 por &#8220;contato \u00edntimo e sexual&#8221; entre pessoas.<\/p>\n<p style=\"text-align: justify;\">O governo paulista n\u00e3o detalhou quais eram as comorbidades do paciente. Conforme a Secretaria da Sa\u00fade, o paciente &#8220;passava por tratamento com antivirais para uso emergencial em pacientes graves&#8221;.<\/p>\n<p style=\"text-align: justify;\">Os demais \u00f3bitos foram registrados no Estado do Rio de Janeiro e outras duas em Minas Gerais. Nos quatro primeiros casos, as v\u00edtimas eram homens e tinham comorbidades e baixa imunidade, segundo as autoridades de sa\u00fade. Ainda n\u00e3o h\u00e1 informa\u00e7\u00e3o sobre a quinta morte, reportada no Rio.<\/p>\n<p style=\"text-align: justify;\">Conhecida internacionalmente como monkeypox, a var\u00edola dos macacos \u00e9 uma doen\u00e7a causada por v\u00edrus e transmitida pelo contato pr\u00f3ximo ou \u00edntimo com uma pessoa infectada e com les\u00f5es de pele. O contato pode se dar por meio de um abra\u00e7o, beijo, massagens, rela\u00e7\u00f5es sexuais ou secre\u00e7\u00f5es respirat\u00f3rias. A transmiss\u00e3o tamb\u00e9m ocorre por contato com objetos, tecidos (roupas, roupas de cama ou toalhas) e superf\u00edcies que foram utilizadas pelo doente.<\/p>\n<p style=\"text-align: justify;\"><strong>Preven\u00e7\u00e3o<\/strong><\/p>\n<p style=\"text-align: justify;\">A Secretaria de Estado da Sa\u00fade listou algumas medidas de preven\u00e7\u00e3o contra a monkeypox:<\/p>\n<p style=\"text-align: justify;\">&#8211; Evitar contato \u00edntimo ou sexual com pessoas que tenham les\u00f5es na pele.<\/p>\n<p style=\"text-align: justify;\">&#8211; Evitar beijar, abra\u00e7ar ou fazer sexo com algu\u00e9m com a doen\u00e7a.<\/p>\n<p style=\"text-align: justify;\">&#8211; Higienizar as m\u00e3os com \u00e1gua e sab\u00e3o e uso de \u00e1lcool em gel.<\/p>\n<p style=\"text-align: justify;\">&#8211; N\u00e3o compartilhar roupas de cama, toalhas, talheres, copos e objetos pessoais.<\/p>\n<p style=\"text-align: justify;\">&#8211; Usar m\u00e1scaras, acess\u00f3rio que protege contra got\u00edculas e saliva, principalmente quando em contato com casos confirmados e contactantes.<\/p>\n<p style=\"text-align: justify;\"><strong>Vacinas<\/strong><\/p>\n<p style=\"text-align: justify;\">O Minist\u00e9rio da Sa\u00fade recebeu na \u00faltima semana o primeiro de lote de vacinas contra a var\u00edola dos macacos. A remessa, com 9,8 mil unidades, desembarcou no Aeroporto Internacional de Guarulhos (SP) no dia 4. Ao todo, o Brasil comprou aproximadamente 50 mil imunizantes via fundo rotat\u00f3rio da Organiza\u00e7\u00e3o Pan-Americana da Sa\u00fade (Opas).<\/p>\n<p style=\"text-align: justify;\">Os pr\u00f3ximos lotes devem ser entregues at\u00e9 o fim de 2022. Conforme orienta\u00e7\u00e3o da Organiza\u00e7\u00e3o Mundial da Sa\u00fade (OMS), inicialmente, os imunizantes ser\u00e3o utilizados para a realiza\u00e7\u00e3o de estudos. O objetivo \u00e9 gerar &#8220;evid\u00eancias sobre efetividade, imunogenicidade e seguran\u00e7a&#8221; da vacina contra a monkeypox e, desta forma, orientar a decis\u00e3o dos gestores.<\/p>\n<p style=\"text-align: justify;\">De acordo com boletim divulgado pelo Minist\u00e9rio da Sa\u00fade na \u00faltima sexta-feira, 7, o Pa\u00eds tem 8.340 casos confirmados de var\u00edola dos macacos. Outros 4.586 est\u00e3o em acompanhamento. S\u00e3o Paulo \u00e9 o Estado com o maior n\u00famero de casos (3.843), seguido por Rio de Janeiro (1.120) e Minas Gerais (514).<\/p>\n<p style=\"text-align: justify;\">\n<p style=\"text-align: justify;\"><em>Fonte: Estad\u00e3o Cont\u00e9udo\u00a0<\/em><\/p>\n","protected":false},"excerpt":{"rendered":"<p>A Secretaria da Sa\u00fade de S\u00e3o Paulo confirmou nesta quarta-feira, 12, o registro da primeira morte por var\u00edola dos macacos no Estado. O paciente, de 26 anos, era morador da capital paulista. Conforme a pasta, ele estava internado no Instituto de Infectologia Em\u00edlio Ribas havia mais de dois meses e tinha &#8220;diversas comorbidades&#8221;. \u00c9 o &hellip;<\/p>\n","protected":false},"author":2,"featured_media":43525,"comment_status":"open","ping_status":"open","sticky":false,"template":"","format":"standard","meta":{"content-type":"","rop_custom_images_group":[],"rop_custom_messages_group":[],"rop_publish_now":"initial","rop_publish_now_accounts":{"facebook_2648258775420054_1618374048415101":""},"rop_publish_now_history":[],"rop_publish_now_status":"pending","footnotes":"","_jetpack_memberships_contains_paid_content":false},"categories":[118],"tags":[162,1122],"yoast_head":"<!-- This site is optimized with the Yoast SEO plugin v22.3 - https:\/\/yoast.com\/wordpress\/plugins\/seo\/ -->\n<title>S\u00e3o Paulo confirma primeira morte por var\u00edola dos macacos no Estado - Portal NPM<\/title>\n<meta name=\"robots\" content=\"index, follow, max-snippet:-1, max-image-preview:large, max-video-preview:-1\" \/>\n<link rel=\"canonical\" href=\"https:\/\/portalnpm.com\/index.php\/2022\/10\/12\/sao-paulo-confirma-primeira-morte-por-variola-dos-macacos-no-estado\/\" \/>\n<meta property=\"og:locale\" content=\"pt_BR\" \/>\n<meta property=\"og:type\" content=\"article\" \/>\n<meta property=\"og:title\" content=\"S\u00e3o Paulo confirma primeira morte por var\u00edola dos macacos no Estado - Portal NPM\" \/>\n<meta property=\"og:description\" content=\"A Secretaria da Sa\u00fade de S\u00e3o Paulo confirmou nesta quarta-feira, 12, o registro da primeira morte por var\u00edola dos macacos no Estado. O paciente, de 26 anos, era morador da capital paulista. Conforme a pasta, ele estava internado no Instituto de Infectologia Em\u00edlio Ribas havia mais de dois meses e tinha &#8220;diversas comorbidades&#8221;. \u00c9 o &hellip;\" \/>\n<meta property=\"og:url\" content=\"https:\/\/portalnpm.com\/index.php\/2022\/10\/12\/sao-paulo-confirma-primeira-morte-por-variola-dos-macacos-no-estado\/\" \/>\n<meta property=\"og:site_name\" content=\"Portal NPM\" \/>\n<meta property=\"article:published_time\" content=\"2022-10-12T21:34:43+00:00\" \/>\n<meta property=\"og:image\" content=\"https:\/\/portalnpm.com\/wp-content\/uploads\/2022\/10\/0d73e16d069a3b8427d2636a01412e9f.jpg\" \/>\n\t<meta property=\"og:image:width\" content=\"790\" \/>\n\t<meta property=\"og:image:height\" content=\"527\" \/>\n\t<meta property=\"og:image:type\" content=\"image\/jpeg\" \/>\n<meta name=\"author\" content=\"Genival Barbosa\" \/>\n<meta name=\"twitter:card\" content=\"summary_large_image\" \/>\n<meta name=\"twitter:label1\" content=\"Escrito por\" \/>\n\t<meta name=\"twitter:data1\" content=\"Genival Barbosa\" \/>\n\t<meta name=\"twitter:label2\" content=\"Est. tempo de leitura\" \/>\n\t<meta name=\"twitter:data2\" content=\"3 minutos\" \/>\n<script type=\"application\/ld+json\" class=\"yoast-schema-graph\">{\"@context\":\"https:\/\/schema.org\",\"@graph\":[{\"@type\":\"WebPage\",\"@id\":\"https:\/\/portalnpm.com\/index.php\/2022\/10\/12\/sao-paulo-confirma-primeira-morte-por-variola-dos-macacos-no-estado\/\",\"url\":\"https:\/\/portalnpm.com\/index.php\/2022\/10\/12\/sao-paulo-confirma-primeira-morte-por-variola-dos-macacos-no-estado\/\",\"name\":\"S\u00e3o Paulo confirma primeira morte por var\u00edola dos macacos no Estado - Portal NPM\",\"isPartOf\":{\"@id\":\"https:\/\/portalnpm.com\/#website\"},\"primaryImageOfPage\":{\"@id\":\"https:\/\/portalnpm.com\/index.php\/2022\/10\/12\/sao-paulo-confirma-primeira-morte-por-variola-dos-macacos-no-estado\/#primaryimage\"},\"image\":{\"@id\":\"https:\/\/portalnpm.com\/index.php\/2022\/10\/12\/sao-paulo-confirma-primeira-morte-por-variola-dos-macacos-no-estado\/#primaryimage\"},\"thumbnailUrl\":\"https:\/\/portalnpm.com\/wp-content\/uploads\/2022\/10\/0d73e16d069a3b8427d2636a01412e9f.jpg\",\"datePublished\":\"2022-10-12T21:34:43+00:00\",\"dateModified\":\"2022-10-12T21:34:43+00:00\",\"author\":{\"@id\":\"https:\/\/portalnpm.com\/#\/schema\/person\/49313e563cfdefcc167f1ee4c017c294\"},\"breadcrumb\":{\"@id\":\"https:\/\/portalnpm.com\/index.php\/2022\/10\/12\/sao-paulo-confirma-primeira-morte-por-variola-dos-macacos-no-estado\/#breadcrumb\"},\"inLanguage\":\"pt-BR\",\"potentialAction\":[{\"@type\":\"ReadAction\",\"target\":[\"https:\/\/portalnpm.com\/index.php\/2022\/10\/12\/sao-paulo-confirma-primeira-morte-por-variola-dos-macacos-no-estado\/\"]}]},{\"@type\":\"ImageObject\",\"inLanguage\":\"pt-BR\",\"@id\":\"https:\/\/portalnpm.com\/index.php\/2022\/10\/12\/sao-paulo-confirma-primeira-morte-por-variola-dos-macacos-no-estado\/#primaryimage\",\"url\":\"https:\/\/portalnpm.com\/wp-content\/uploads\/2022\/10\/0d73e16d069a3b8427d2636a01412e9f.jpg\",\"contentUrl\":\"https:\/\/portalnpm.com\/wp-content\/uploads\/2022\/10\/0d73e16d069a3b8427d2636a01412e9f.jpg\",\"width\":790,\"height\":527,\"caption\":\"SP - VAR\u00cdOLA DOS MACACOS\/SP\/CASOS\/AUMENTO - GERAL - **ATEN\u00c7\u00c3O: IMAGEM ILUSTRATIVA** Em dois meses completados na segunda-feira, 08, a var\u00edola dos macacos se espalhou por 67 munic\u00edpios de S\u00e3o Paulo. O primeiro caso no Brasil - foi confirmado na capital paulista, em 9 de junho. A cidade ainda concentra a grande maioria (80%) dos 1.636 pacientes do Estado, contabilizando 1.305 pessoas infectadas pelo v\u00edrus. 09\/08\/2022 - Foto: ADRIANA TOFFETTI\/ATO PRESS\/ESTAD\u00c3O CONTE\u00daDO\"},{\"@type\":\"BreadcrumbList\",\"@id\":\"https:\/\/portalnpm.com\/index.php\/2022\/10\/12\/sao-paulo-confirma-primeira-morte-por-variola-dos-macacos-no-estado\/#breadcrumb\",\"itemListElement\":[{\"@type\":\"ListItem\",\"position\":1,\"name\":\"In\u00edcio\",\"item\":\"https:\/\/portalnpm.com\/\"},{\"@type\":\"ListItem\",\"position\":2,\"name\":\"S\u00e3o Paulo confirma primeira morte por var\u00edola dos macacos no Estado\"}]},{\"@type\":\"WebSite\",\"@id\":\"https:\/\/portalnpm.com\/#website\",\"url\":\"https:\/\/portalnpm.com\/\",\"name\":\"Portal NPM\",\"description\":\"Not\u00edcias em Primeira M\u00e3o\",\"potentialAction\":[{\"@type\":\"SearchAction\",\"target\":{\"@type\":\"EntryPoint\",\"urlTemplate\":\"https:\/\/portalnpm.com\/?s={search_term_string}\"},\"query-input\":\"required name=search_term_string\"}],\"inLanguage\":\"pt-BR\"},{\"@type\":\"Person\",\"@id\":\"https:\/\/portalnpm.com\/#\/schema\/person\/49313e563cfdefcc167f1ee4c017c294\",\"name\":\"Genival Barbosa\",\"image\":{\"@type\":\"ImageObject\",\"inLanguage\":\"pt-BR\",\"@id\":\"https:\/\/portalnpm.com\/#\/schema\/person\/image\/\",\"url\":\"https:\/\/portalnpm.com\/wp-content\/uploads\/2024\/02\/avatar_user_2_1707743258-96x96.jpeg\",\"contentUrl\":\"https:\/\/portalnpm.com\/wp-content\/uploads\/2024\/02\/avatar_user_2_1707743258-96x96.jpeg\",\"caption\":\"Genival Barbosa\"},\"url\":\"https:\/\/portalnpm.com\/index.php\/author\/genival\/\"}]}<\/script>\n<!-- \/ Yoast SEO plugin. -->","yoast_head_json":{"title":"S\u00e3o Paulo confirma primeira morte por var\u00edola dos macacos no Estado - Portal NPM","robots":{"index":"index","follow":"follow","max-snippet":"max-snippet:-1","max-image-preview":"max-image-preview:large","max-video-preview":"max-video-preview:-1"},"canonical":"https:\/\/portalnpm.com\/index.php\/2022\/10\/12\/sao-paulo-confirma-primeira-morte-por-variola-dos-macacos-no-estado\/","og_locale":"pt_BR","og_type":"article","og_title":"S\u00e3o Paulo confirma primeira morte por var\u00edola dos macacos no Estado - Portal NPM","og_description":"A Secretaria da Sa\u00fade de S\u00e3o Paulo confirmou nesta quarta-feira, 12, o registro da primeira morte por var\u00edola dos macacos no Estado. O paciente, de 26 anos, era morador da capital paulista. Conforme a pasta, ele estava internado no Instituto de Infectologia Em\u00edlio Ribas havia mais de dois meses e tinha &#8220;diversas comorbidades&#8221;. \u00c9 o &hellip;","og_url":"https:\/\/portalnpm.com\/index.php\/2022\/10\/12\/sao-paulo-confirma-primeira-morte-por-variola-dos-macacos-no-estado\/","og_site_name":"Portal NPM","article_published_time":"2022-10-12T21:34:43+00:00","og_image":[{"width":790,"height":527,"url":"https:\/\/portalnpm.com\/wp-content\/uploads\/2022\/10\/0d73e16d069a3b8427d2636a01412e9f.jpg","type":"image\/jpeg"}],"author":"Genival Barbosa","twitter_card":"summary_large_image","twitter_misc":{"Escrito por":"Genival Barbosa","Est. tempo de leitura":"3 minutos"},"schema":{"@context":"https:\/\/schema.org","@graph":[{"@type":"WebPage","@id":"https:\/\/portalnpm.com\/index.php\/2022\/10\/12\/sao-paulo-confirma-primeira-morte-por-variola-dos-macacos-no-estado\/","url":"https:\/\/portalnpm.com\/index.php\/2022\/10\/12\/sao-paulo-confirma-primeira-morte-por-variola-dos-macacos-no-estado\/","name":"S\u00e3o Paulo confirma primeira morte por var\u00edola dos macacos no Estado - Portal NPM","isPartOf":{"@id":"https:\/\/portalnpm.com\/#website"},"primaryImageOfPage":{"@id":"https:\/\/portalnpm.com\/index.php\/2022\/10\/12\/sao-paulo-confirma-primeira-morte-por-variola-dos-macacos-no-estado\/#primaryimage"},"image":{"@id":"https:\/\/portalnpm.com\/index.php\/2022\/10\/12\/sao-paulo-confirma-primeira-morte-por-variola-dos-macacos-no-estado\/#primaryimage"},"thumbnailUrl":"https:\/\/portalnpm.com\/wp-content\/uploads\/2022\/10\/0d73e16d069a3b8427d2636a01412e9f.jpg","datePublished":"2022-10-12T21:34:43+00:00","dateModified":"2022-10-12T21:34:43+00:00","author":{"@id":"https:\/\/portalnpm.com\/#\/schema\/person\/49313e563cfdefcc167f1ee4c017c294"},"breadcrumb":{"@id":"https:\/\/portalnpm.com\/index.php\/2022\/10\/12\/sao-paulo-confirma-primeira-morte-por-variola-dos-macacos-no-estado\/#breadcrumb"},"inLanguage":"pt-BR","potentialAction":[{"@type":"ReadAction","target":["https:\/\/portalnpm.com\/index.php\/2022\/10\/12\/sao-paulo-confirma-primeira-morte-por-variola-dos-macacos-no-estado\/"]}]},{"@type":"ImageObject","inLanguage":"pt-BR","@id":"https:\/\/portalnpm.com\/index.php\/2022\/10\/12\/sao-paulo-confirma-primeira-morte-por-variola-dos-macacos-no-estado\/#primaryimage","url":"https:\/\/portalnpm.com\/wp-content\/uploads\/2022\/10\/0d73e16d069a3b8427d2636a01412e9f.jpg","contentUrl":"https:\/\/portalnpm.com\/wp-content\/uploads\/2022\/10\/0d73e16d069a3b8427d2636a01412e9f.jpg","width":790,"height":527,"caption":"SP - VAR\u00cdOLA DOS MACACOS\/SP\/CASOS\/AUMENTO - GERAL - **ATEN\u00c7\u00c3O: IMAGEM ILUSTRATIVA** Em dois meses completados na segunda-feira, 08, a var\u00edola dos macacos se espalhou por 67 munic\u00edpios de S\u00e3o Paulo. O primeiro caso no Brasil - foi confirmado na capital paulista, em 9 de junho. A cidade ainda concentra a grande maioria (80%) dos 1.636 pacientes do Estado, contabilizando 1.305 pessoas infectadas pelo v\u00edrus. 09\/08\/2022 - Foto: ADRIANA TOFFETTI\/ATO PRESS\/ESTAD\u00c3O CONTE\u00daDO"},{"@type":"BreadcrumbList","@id":"https:\/\/portalnpm.com\/index.php\/2022\/10\/12\/sao-paulo-confirma-primeira-morte-por-variola-dos-macacos-no-estado\/#breadcrumb","itemListElement":[{"@type":"ListItem","position":1,"name":"In\u00edcio","item":"https:\/\/portalnpm.com\/"},{"@type":"ListItem","position":2,"name":"S\u00e3o Paulo confirma primeira morte por var\u00edola dos macacos no Estado"}]},{"@type":"WebSite","@id":"https:\/\/portalnpm.com\/#website","url":"https:\/\/portalnpm.com\/","name":"Portal NPM","description":"Not\u00edcias em Primeira M\u00e3o","potentialAction":[{"@type":"SearchAction","target":{"@type":"EntryPoint","urlTemplate":"https:\/\/portalnpm.com\/?s={search_term_string}"},"query-input":"required name=search_term_string"}],"inLanguage":"pt-BR"},{"@type":"Person","@id":"https:\/\/portalnpm.com\/#\/schema\/person\/49313e563cfdefcc167f1ee4c017c294","name":"Genival Barbosa","image":{"@type":"ImageObject","inLanguage":"pt-BR","@id":"https:\/\/portalnpm.com\/#\/schema\/person\/image\/","url":"https:\/\/portalnpm.com\/wp-content\/uploads\/2024\/02\/avatar_user_2_1707743258-96x96.jpeg","contentUrl":"https:\/\/portalnpm.com\/wp-content\/uploads\/2024\/02\/avatar_user_2_1707743258-96x96.jpeg","caption":"Genival Barbosa"},"url":"https:\/\/portalnpm.com\/index.php\/author\/genival\/"}]}},"jetpack_sharing_enabled":true,"jetpack_featured_media_url":"https:\/\/portalnpm.com\/wp-content\/uploads\/2022\/10\/0d73e16d069a3b8427d2636a01412e9f.jpg","_links":{"self":[{"href":"https:\/\/portalnpm.com\/index.php\/wp-json\/wp\/v2\/posts\/43524"}],"collection":[{"href":"https:\/\/portalnpm.com\/index.php\/wp-json\/wp\/v2\/posts"}],"about":[{"href":"https:\/\/portalnpm.com\/index.php\/wp-json\/wp\/v2\/types\/post"}],"author":[{"embeddable":true,"href":"https:\/\/portalnpm.com\/index.php\/wp-json\/wp\/v2\/users\/2"}],"replies":[{"embeddable":true,"href":"https:\/\/portalnpm.com\/index.php\/wp-json\/wp\/v2\/comments?post=43524"}],"version-history":[{"count":0,"href":"https:\/\/portalnpm.com\/index.php\/wp-json\/wp\/v2\/posts\/43524\/revisions"}],"wp:featuredmedia":[{"embeddable":true,"href":"https:\/\/portalnpm.com\/index.php\/wp-json\/wp\/v2\/media\/43525"}],"wp:attachment":[{"href":"https:\/\/portalnpm.com\/index.php\/wp-json\/wp\/v2\/media?parent=43524"}],"wp:term":[{"taxonomy":"category","embeddable":true,"href":"https:\/\/portalnpm.com\/index.php\/wp-json\/wp\/v2\/categories?post=43524"},{"taxonomy":"post_tag","embeddable":true,"href":"https:\/\/portalnpm.com\/index.php\/wp-json\/wp\/v2\/tags?post=43524"}],"curies":[{"name":"wp","href":"https:\/\/api.w.org\/{rel}","templated":true}]}}