{"id":43970,"date":"2022-11-07T20:13:53","date_gmt":"2022-11-07T23:13:53","guid":{"rendered":"https:\/\/portalnpm.com\/?p=43970"},"modified":"2022-11-07T20:13:53","modified_gmt":"2022-11-07T23:13:53","slug":"lula-retorna-a-sao-paulo-e-vai-integrar-processo-de-transicao","status":"publish","type":"post","link":"https:\/\/portalnpm.com\/index.php\/2022\/11\/07\/lula-retorna-a-sao-paulo-e-vai-integrar-processo-de-transicao\/","title":{"rendered":"Lula retorna a S\u00e3o Paulo e vai integrar processo de transi\u00e7\u00e3o"},"content":{"rendered":"<p style=\"text-align: justify;\">O presidente eleito, Luiz In\u00e1cio Lula da Silva (PT), viajou no fim de tarde deste s\u00e1bado (5) para S\u00e3o Paulo, depois de quatro dias de f\u00e9rias no extremo sul da Bahia, em local pr\u00f3ximo \u00e0 praia de Cara\u00edva. Ele chegou em sua casa, que fica no Alto de Pinheiros, no in\u00edcio da noite deste s\u00e1bado.<\/p>\n<p style=\"text-align: justify;\">\n<p style=\"text-align: justify;\">\n<p style=\"text-align: justify;\">Na segunda-feira, Lula vai retomar oficialmente as reuni\u00f5es para trabalhar na transi\u00e7\u00e3o de governo. Logo ap\u00f3s eleito, Lula passou dois dias em reuni\u00f5es em S\u00e3o Paulo com seu n\u00facleo duro de aliados antes de embarcar para o per\u00edodo de descanso ao lado da esposa, a soci\u00f3loga Ros\u00e2ngela da Silva, conhecida como Janja.<\/p>\n<p style=\"text-align: justify;\">Durante as f\u00e9rias, Lula manteve contatos com a c\u00fapula petista por telefone, mas a maioria dos aliados que o cerca evitou liga\u00e7\u00f5es para n\u00e3o incomod\u00e1-lo.<\/p>\n<p style=\"text-align: justify;\">A divulga\u00e7\u00e3o de nomes da equipe de transi\u00e7\u00e3o ficou suspensa durante o per\u00edodo que Lula esteve ausente. Com o retorno do presidente eleito a S\u00e3o Paulo e oficialmente ao trabalho, a equipe composta por 50 pessoas deve ser anunciada.<\/p>\n<p style=\"text-align: justify;\">Na segunda-feira, Lula deve se reunir com o vice-presidente eleito, Geraldo Alckmin (PSB), que coordena os trabalhos de transi\u00e7\u00e3o com apoio da presidente nacional do PT, Gleisi Hoffmann, e do ex-ministro Aloizio Mercadante. O trio foi designado pelo petista na \u00faltima ter\u00e7a-feira para conduzir as conversas iniciais sobre transi\u00e7\u00e3o com o governo de Jair Bolsonaro (PL).<\/p>\n<p style=\"text-align: justify;\">Na pr\u00f3xima ter\u00e7a, o presidente eleito deve ir a Bras\u00edlia, onde integrantes da transi\u00e7\u00e3o passar\u00e3o a se reunir para iniciar os trabalhos. Ele deve fazer um p\u00e9riplo pelas presid\u00eancias do Congresso e do Judici\u00e1rio na passagem pela capital.<\/p>\n<p style=\"text-align: justify;\">N\u00e3o h\u00e1 previs\u00e3o de agenda do presidente no domingo, at\u00e9 o momento.<\/p>\n<p style=\"text-align: justify;\">\n<p style=\"text-align: justify;\">\n<p style=\"text-align: justify;\"><em>Fonte: Estad\u00e3o Conte\u00fado\u00a0<\/em><\/p>\n","protected":false},"excerpt":{"rendered":"<p>O presidente eleito, Luiz In\u00e1cio Lula da Silva (PT), viajou no fim de tarde deste s\u00e1bado (5) para S\u00e3o Paulo, depois de quatro dias de f\u00e9rias no extremo sul da Bahia, em local pr\u00f3ximo \u00e0 praia de Cara\u00edva. Ele chegou em sua casa, que fica no Alto de Pinheiros, no in\u00edcio da noite deste s\u00e1bado. &hellip;<\/p>\n","protected":false},"author":2,"featured_media":43971,"comment_status":"open","ping_status":"open","sticky":false,"template":"","format":"standard","meta":{"content-type":"","rop_custom_images_group":[],"rop_custom_messages_group":[],"rop_publish_now":"initial","rop_publish_now_accounts":{"facebook_2648258775420054_1618374048415101":""},"rop_publish_now_history":[],"rop_publish_now_status":"pending","footnotes":"","_jetpack_memberships_contains_paid_content":false},"categories":[118],"tags":[536,2747],"yoast_head":"<!-- This site is optimized with the Yoast SEO plugin v22.3 - https:\/\/yoast.com\/wordpress\/plugins\/seo\/ -->\n<title>Lula retorna a S\u00e3o Paulo e vai integrar processo de transi\u00e7\u00e3o - Portal NPM<\/title>\n<meta name=\"robots\" content=\"index, follow, max-snippet:-1, max-image-preview:large, max-video-preview:-1\" \/>\n<link rel=\"canonical\" href=\"https:\/\/portalnpm.com\/index.php\/2022\/11\/07\/lula-retorna-a-sao-paulo-e-vai-integrar-processo-de-transicao\/\" \/>\n<meta property=\"og:locale\" content=\"pt_BR\" \/>\n<meta property=\"og:type\" content=\"article\" \/>\n<meta property=\"og:title\" content=\"Lula retorna a S\u00e3o Paulo e vai integrar processo de transi\u00e7\u00e3o - Portal NPM\" \/>\n<meta property=\"og:description\" content=\"O presidente eleito, Luiz In\u00e1cio Lula da Silva (PT), viajou no fim de tarde deste s\u00e1bado (5) para S\u00e3o Paulo, depois de quatro dias de f\u00e9rias no extremo sul da Bahia, em local pr\u00f3ximo \u00e0 praia de Cara\u00edva. Ele chegou em sua casa, que fica no Alto de Pinheiros, no in\u00edcio da noite deste s\u00e1bado. &hellip;\" \/>\n<meta property=\"og:url\" content=\"https:\/\/portalnpm.com\/index.php\/2022\/11\/07\/lula-retorna-a-sao-paulo-e-vai-integrar-processo-de-transicao\/\" \/>\n<meta property=\"og:site_name\" content=\"Portal NPM\" \/>\n<meta property=\"article:published_time\" content=\"2022-11-07T23:13:53+00:00\" \/>\n<meta name=\"author\" content=\"Genival Barbosa\" \/>\n<meta name=\"twitter:card\" content=\"summary_large_image\" \/>\n<meta name=\"twitter:label1\" content=\"Escrito por\" \/>\n\t<meta name=\"twitter:data1\" content=\"Genival Barbosa\" \/>\n\t<meta name=\"twitter:label2\" content=\"Est. tempo de leitura\" \/>\n\t<meta name=\"twitter:data2\" content=\"2 minutos\" \/>\n<script type=\"application\/ld+json\" class=\"yoast-schema-graph\">{\"@context\":\"https:\/\/schema.org\",\"@graph\":[{\"@type\":\"WebPage\",\"@id\":\"https:\/\/portalnpm.com\/index.php\/2022\/11\/07\/lula-retorna-a-sao-paulo-e-vai-integrar-processo-de-transicao\/\",\"url\":\"https:\/\/portalnpm.com\/index.php\/2022\/11\/07\/lula-retorna-a-sao-paulo-e-vai-integrar-processo-de-transicao\/\",\"name\":\"Lula retorna a S\u00e3o Paulo e vai integrar processo de transi\u00e7\u00e3o - Portal NPM\",\"isPartOf\":{\"@id\":\"https:\/\/portalnpm.com\/#website\"},\"primaryImageOfPage\":{\"@id\":\"https:\/\/portalnpm.com\/index.php\/2022\/11\/07\/lula-retorna-a-sao-paulo-e-vai-integrar-processo-de-transicao\/#primaryimage\"},\"image\":{\"@id\":\"https:\/\/portalnpm.com\/index.php\/2022\/11\/07\/lula-retorna-a-sao-paulo-e-vai-integrar-processo-de-transicao\/#primaryimage\"},\"thumbnailUrl\":\"\",\"datePublished\":\"2022-11-07T23:13:53+00:00\",\"dateModified\":\"2022-11-07T23:13:53+00:00\",\"author\":{\"@id\":\"https:\/\/portalnpm.com\/#\/schema\/person\/49313e563cfdefcc167f1ee4c017c294\"},\"breadcrumb\":{\"@id\":\"https:\/\/portalnpm.com\/index.php\/2022\/11\/07\/lula-retorna-a-sao-paulo-e-vai-integrar-processo-de-transicao\/#breadcrumb\"},\"inLanguage\":\"pt-BR\",\"potentialAction\":[{\"@type\":\"ReadAction\",\"target\":[\"https:\/\/portalnpm.com\/index.php\/2022\/11\/07\/lula-retorna-a-sao-paulo-e-vai-integrar-processo-de-transicao\/\"]}]},{\"@type\":\"ImageObject\",\"inLanguage\":\"pt-BR\",\"@id\":\"https:\/\/portalnpm.com\/index.php\/2022\/11\/07\/lula-retorna-a-sao-paulo-e-vai-integrar-processo-de-transicao\/#primaryimage\",\"url\":\"\",\"contentUrl\":\"\"},{\"@type\":\"BreadcrumbList\",\"@id\":\"https:\/\/portalnpm.com\/index.php\/2022\/11\/07\/lula-retorna-a-sao-paulo-e-vai-integrar-processo-de-transicao\/#breadcrumb\",\"itemListElement\":[{\"@type\":\"ListItem\",\"position\":1,\"name\":\"In\u00edcio\",\"item\":\"https:\/\/portalnpm.com\/\"},{\"@type\":\"ListItem\",\"position\":2,\"name\":\"Lula retorna a S\u00e3o Paulo e vai integrar processo de transi\u00e7\u00e3o\"}]},{\"@type\":\"WebSite\",\"@id\":\"https:\/\/portalnpm.com\/#website\",\"url\":\"https:\/\/portalnpm.com\/\",\"name\":\"Portal NPM\",\"description\":\"Not\u00edcias em Primeira M\u00e3o\",\"potentialAction\":[{\"@type\":\"SearchAction\",\"target\":{\"@type\":\"EntryPoint\",\"urlTemplate\":\"https:\/\/portalnpm.com\/?s={search_term_string}\"},\"query-input\":\"required name=search_term_string\"}],\"inLanguage\":\"pt-BR\"},{\"@type\":\"Person\",\"@id\":\"https:\/\/portalnpm.com\/#\/schema\/person\/49313e563cfdefcc167f1ee4c017c294\",\"name\":\"Genival Barbosa\",\"image\":{\"@type\":\"ImageObject\",\"inLanguage\":\"pt-BR\",\"@id\":\"https:\/\/portalnpm.com\/#\/schema\/person\/image\/\",\"url\":\"https:\/\/portalnpm.com\/wp-content\/uploads\/2024\/02\/avatar_user_2_1707743258-96x96.jpeg\",\"contentUrl\":\"https:\/\/portalnpm.com\/wp-content\/uploads\/2024\/02\/avatar_user_2_1707743258-96x96.jpeg\",\"caption\":\"Genival Barbosa\"},\"url\":\"https:\/\/portalnpm.com\/index.php\/author\/genival\/\"}]}<\/script>\n<!-- \/ Yoast SEO plugin. -->","yoast_head_json":{"title":"Lula retorna a S\u00e3o Paulo e vai integrar processo de transi\u00e7\u00e3o - Portal NPM","robots":{"index":"index","follow":"follow","max-snippet":"max-snippet:-1","max-image-preview":"max-image-preview:large","max-video-preview":"max-video-preview:-1"},"canonical":"https:\/\/portalnpm.com\/index.php\/2022\/11\/07\/lula-retorna-a-sao-paulo-e-vai-integrar-processo-de-transicao\/","og_locale":"pt_BR","og_type":"article","og_title":"Lula retorna a S\u00e3o Paulo e vai integrar processo de transi\u00e7\u00e3o - Portal NPM","og_description":"O presidente eleito, Luiz In\u00e1cio Lula da Silva (PT), viajou no fim de tarde deste s\u00e1bado (5) para S\u00e3o Paulo, depois de quatro dias de f\u00e9rias no extremo sul da Bahia, em local pr\u00f3ximo \u00e0 praia de Cara\u00edva. Ele chegou em sua casa, que fica no Alto de Pinheiros, no in\u00edcio da noite deste s\u00e1bado. &hellip;","og_url":"https:\/\/portalnpm.com\/index.php\/2022\/11\/07\/lula-retorna-a-sao-paulo-e-vai-integrar-processo-de-transicao\/","og_site_name":"Portal NPM","article_published_time":"2022-11-07T23:13:53+00:00","author":"Genival Barbosa","twitter_card":"summary_large_image","twitter_misc":{"Escrito por":"Genival Barbosa","Est. tempo de leitura":"2 minutos"},"schema":{"@context":"https:\/\/schema.org","@graph":[{"@type":"WebPage","@id":"https:\/\/portalnpm.com\/index.php\/2022\/11\/07\/lula-retorna-a-sao-paulo-e-vai-integrar-processo-de-transicao\/","url":"https:\/\/portalnpm.com\/index.php\/2022\/11\/07\/lula-retorna-a-sao-paulo-e-vai-integrar-processo-de-transicao\/","name":"Lula retorna a S\u00e3o Paulo e vai integrar processo de transi\u00e7\u00e3o - Portal NPM","isPartOf":{"@id":"https:\/\/portalnpm.com\/#website"},"primaryImageOfPage":{"@id":"https:\/\/portalnpm.com\/index.php\/2022\/11\/07\/lula-retorna-a-sao-paulo-e-vai-integrar-processo-de-transicao\/#primaryimage"},"image":{"@id":"https:\/\/portalnpm.com\/index.php\/2022\/11\/07\/lula-retorna-a-sao-paulo-e-vai-integrar-processo-de-transicao\/#primaryimage"},"thumbnailUrl":"","datePublished":"2022-11-07T23:13:53+00:00","dateModified":"2022-11-07T23:13:53+00:00","author":{"@id":"https:\/\/portalnpm.com\/#\/schema\/person\/49313e563cfdefcc167f1ee4c017c294"},"breadcrumb":{"@id":"https:\/\/portalnpm.com\/index.php\/2022\/11\/07\/lula-retorna-a-sao-paulo-e-vai-integrar-processo-de-transicao\/#breadcrumb"},"inLanguage":"pt-BR","potentialAction":[{"@type":"ReadAction","target":["https:\/\/portalnpm.com\/index.php\/2022\/11\/07\/lula-retorna-a-sao-paulo-e-vai-integrar-processo-de-transicao\/"]}]},{"@type":"ImageObject","inLanguage":"pt-BR","@id":"https:\/\/portalnpm.com\/index.php\/2022\/11\/07\/lula-retorna-a-sao-paulo-e-vai-integrar-processo-de-transicao\/#primaryimage","url":"","contentUrl":""},{"@type":"BreadcrumbList","@id":"https:\/\/portalnpm.com\/index.php\/2022\/11\/07\/lula-retorna-a-sao-paulo-e-vai-integrar-processo-de-transicao\/#breadcrumb","itemListElement":[{"@type":"ListItem","position":1,"name":"In\u00edcio","item":"https:\/\/portalnpm.com\/"},{"@type":"ListItem","position":2,"name":"Lula retorna a S\u00e3o Paulo e vai integrar processo de transi\u00e7\u00e3o"}]},{"@type":"WebSite","@id":"https:\/\/portalnpm.com\/#website","url":"https:\/\/portalnpm.com\/","name":"Portal NPM","description":"Not\u00edcias em Primeira M\u00e3o","potentialAction":[{"@type":"SearchAction","target":{"@type":"EntryPoint","urlTemplate":"https:\/\/portalnpm.com\/?s={search_term_string}"},"query-input":"required name=search_term_string"}],"inLanguage":"pt-BR"},{"@type":"Person","@id":"https:\/\/portalnpm.com\/#\/schema\/person\/49313e563cfdefcc167f1ee4c017c294","name":"Genival Barbosa","image":{"@type":"ImageObject","inLanguage":"pt-BR","@id":"https:\/\/portalnpm.com\/#\/schema\/person\/image\/","url":"https:\/\/portalnpm.com\/wp-content\/uploads\/2024\/02\/avatar_user_2_1707743258-96x96.jpeg","contentUrl":"https:\/\/portalnpm.com\/wp-content\/uploads\/2024\/02\/avatar_user_2_1707743258-96x96.jpeg","caption":"Genival Barbosa"},"url":"https:\/\/portalnpm.com\/index.php\/author\/genival\/"}]}},"jetpack_sharing_enabled":true,"jetpack_featured_media_url":"","_links":{"self":[{"href":"https:\/\/portalnpm.com\/index.php\/wp-json\/wp\/v2\/posts\/43970"}],"collection":[{"href":"https:\/\/portalnpm.com\/index.php\/wp-json\/wp\/v2\/posts"}],"about":[{"href":"https:\/\/portalnpm.com\/index.php\/wp-json\/wp\/v2\/types\/post"}],"author":[{"embeddable":true,"href":"https:\/\/portalnpm.com\/index.php\/wp-json\/wp\/v2\/users\/2"}],"replies":[{"embeddable":true,"href":"https:\/\/portalnpm.com\/index.php\/wp-json\/wp\/v2\/comments?post=43970"}],"version-history":[{"count":0,"href":"https:\/\/portalnpm.com\/index.php\/wp-json\/wp\/v2\/posts\/43970\/revisions"}],"wp:featuredmedia":[{"embeddable":true,"href":"https:\/\/portalnpm.com\/index.php\/wp-json\/"}],"wp:attachment":[{"href":"https:\/\/portalnpm.com\/index.php\/wp-json\/wp\/v2\/media?parent=43970"}],"wp:term":[{"taxonomy":"category","embeddable":true,"href":"https:\/\/portalnpm.com\/index.php\/wp-json\/wp\/v2\/categories?post=43970"},{"taxonomy":"post_tag","embeddable":true,"href":"https:\/\/portalnpm.com\/index.php\/wp-json\/wp\/v2\/tags?post=43970"}],"curies":[{"name":"wp","href":"https:\/\/api.w.org\/{rel}","templated":true}]}}