{"id":43977,"date":"2022-11-08T19:30:31","date_gmt":"2022-11-08T22:30:31","guid":{"rendered":"https:\/\/portalnpm.com\/?p=43977"},"modified":"2022-11-08T19:30:31","modified_gmt":"2022-11-08T22:30:31","slug":"saiba-quem-sao-os-padrinhos-politicos-dos-secretarios-de-rafael-fonteles","status":"publish","type":"post","link":"https:\/\/portalnpm.com\/index.php\/2022\/11\/08\/saiba-quem-sao-os-padrinhos-politicos-dos-secretarios-de-rafael-fonteles\/","title":{"rendered":"Saiba quem s\u00e3o os padrinhos pol\u00edticos dos secret\u00e1rios de Rafael Fonteles"},"content":{"rendered":"<div class=\"jeg_navbar_mobile_wrapper\">\n<div class=\"jeg_navbar_mobile jeg_sticky_nav\" data-mode=\"scroll\">\n<div class=\"jeg_mobile_bottombar jeg_mobile_midbar jeg_container dark\">\n<div class=\"container\">\n<div class=\"jeg_nav_row\">\n<div class=\"jeg_nav_col jeg_nav_center jeg_nav_grow\">\n<div class=\"item_wrap jeg_nav_aligncenter\">\n<div class=\"jeg_nav_item jeg_mobile_logo\">\n<div class=\"site-title\" style=\"text-align: justify;\"><\/div>\n<\/div>\n<\/div>\n<\/div>\n<\/div>\n<\/div>\n<\/div>\n<\/div>\n<\/div>\n<div class=\"post-wrapper\">\n<div class=\"post-wrap\">\n<div class=\"jeg_main \">\n<div class=\"jeg_container\">\n<div class=\"jeg_content jeg_singlepage\">\n<div class=\"container\">\n<div class=\"row\">\n<div class=\"jeg_main_content col-md-8\">\n<div class=\"jeg_inner_content\">\n<div class=\"entry-content no-share\">\n<div class=\"content-inner \">\n<p style=\"text-align: justify;\">Depois de anunciar 10 nomes da chamada \u201ccota pessoal\u201d para as principais secretarias da sua futura gest\u00e3o, o governador eleito do Piau\u00ed Rafael Fonteles (PT) iniciou no fim de semana os an\u00fancios das indica\u00e7\u00f5es pol\u00edticas. Foram dois nomes anunciados no domingo (6) e outros 11 anunciados na manh\u00e3 desta segunda-feira (7).<\/p>\n<p style=\"text-align: justify;\">\n<p style=\"text-align: justify;\">\n<p style=\"text-align: justify;\">Mas quem s\u00e3o os nomes escolhidos e quem os indicou? Nesta reportagem, voc\u00ea confere os padrinhos pol\u00edticos de cada membro que vai compor a gest\u00e3o de Rafael Fonteles.<\/p>\n<p style=\"text-align: justify;\"><strong>Maria Vilani da Silva (Secretaria das Cidades)\u00a0<\/strong>\u2013 engenheira civil e funcion\u00e1ria do Departamento de Estradas de Rodagem do Piau\u00ed (DER). Ex-secret\u00e1ria municipal de Desenvolvimento Rural de Teresina. Foi indicada pelo pr\u00f3prio irm\u00e3o, o deputado estadual H\u00e9lio Isa\u00edas (PT).<\/p>\n<p style=\"text-align: justify;\"><span class=\"fr-img-caption fr-fic fr-dib fr-draggable\"><span class=\"fr-img-wrap\"><img decoding=\"async\" class=\"fr-fil fr-dib\" src=\"https:\/\/lupa1.com.br\/uploads\/editor\/helio1_f4fbc705d39d54dd25421b742f8095788d3d87a0.jpg\" data-pin-no-hover=\"true\" \/><span class=\"fr-inner\"><br \/>\nMaria Vilani e o irm\u00e3o H\u00e9lio Isa\u00edas<\/span><\/span><\/span><\/p>\n<p style=\"text-align: justify;\"><strong>Luana Barradas (Dire\u00e7\u00e3o-geral do Detran)<\/strong>\u00a0\u2013 Engenheira civil. Ex-superintendente da Saad Norte em Teresina. Indicada pela deputada estadual eleita Ana Paula (MDB).<\/p>\n<p style=\"text-align: justify;\"><strong>Josiene Marques Campelo (Fundespi)<\/strong>\u00a0\u2013 Ex-diretora da Metr\u00f4 de Teresina. Namorada do deputado estadual Evaldo Gomes (Solidariedade). Indicada por ele para a gest\u00e3o de Rafael.<\/p>\n<p style=\"text-align: justify;\"><span class=\"fr-img-caption fr-fic fr-dib fr-draggable\"><span class=\"fr-img-wrap\"><img decoding=\"async\" class=\"fr-fil fr-dib\" src=\"https:\/\/lupa1.com.br\/uploads\/editor\/josiene_89fd042a66ccac0665cdcdc1b5f3d38b36bb4c13.jpg\" data-pin-no-hover=\"true\" \/><span class=\"fr-inner\"><br \/>\nJosiene Marques e Evaldo Gomes (Foto: Divulga\u00e7\u00e3o\/Assessoria)<\/span><\/span><\/span><\/p>\n<p style=\"text-align: justify;\"><strong>Leonardo Sobral \u2013 (Dire\u00e7\u00e3o-geral do DER)<\/strong>\u00a0\u2013 Advogado. Sobrinho do deputado estadual Jo\u00e3o M\u00e1dison (MDB). Indicado pelo tio para o cobi\u00e7ado cargo de diretor do Departamento de Estradas de Rodagem (DER).<\/p>\n<p style=\"text-align: justify;\"><strong>Daniel Oliveira (Secretaria de Meio Ambiente \u2013 Semar)<\/strong>\u00a0\u2013 Advogado. Ex-secret\u00e1rio de Justi\u00e7a do Piau\u00ed. Indicado para a Semar pelo tio, o deputado estadual Dr. H\u00e9lio Oliveira (MDB).<\/p>\n<p style=\"text-align: justify;\"><strong>Igor Neri (Secretaria de Defesa Civil)<\/strong>\u00a0\u2013 Formado em Administra\u00e7\u00e3o de Empresas. Empres\u00e1rio. Atual secret\u00e1rio de Desenvolvimento Econ\u00f4mico do Piau\u00ed. Sobrinho do deputado estadual Nerinho (PT). Indicado pelo tio.<\/p>\n<div id=\"quads-ad2\" class=\"quads-location quads-ad2\" style=\"text-align: justify;\">\n<p>&nbsp;<\/p>\n<\/div>\n<p style=\"text-align: justify;\"><span class=\"fr-img-caption fr-fic fr-dib fr-draggable\"><span class=\"fr-img-wrap\"><img decoding=\"async\" class=\"fr-fil fr-dib\" src=\"https:\/\/lupa1.com.br\/uploads\/editor\/igor_ffa5f1d0d824ff9cdf38b9c540a754de3e087a33.jpg\" data-pin-no-hover=\"true\" \/><span class=\"fr-inner\"><br \/>\nIgor Neri e o tio Nerinho (Foto: Reprodu\u00e7\u00e3o\/Facebook)<\/span><\/span><\/span><\/p>\n<p style=\"text-align: justify;\"><strong>Samuel Nascimento (Secretaria de Administra\u00e7\u00e3o \u2013 SeadPrev)\u00a0<\/strong>\u2013 Advogado e professor universit\u00e1rio. Irm\u00e3o do deputado estadual eleito Dr. Vin\u00edcius Nascimento (PT). Indicado ao cargo pelo pr\u00f3prio irm\u00e3o.<\/p>\n<p style=\"text-align: justify;\"><strong>Jonas Moura (Secretaria de Transportes)\u00a0<\/strong>\u2013 ex-prefeito do munic\u00edpio de \u00c1gua Branca. Atual secret\u00e1rio estadual do Agroneg\u00f3cio. Indicado para a Setrans pelo deputado estadual Georgiano Neto (MDB).<\/p>\n<p style=\"text-align: justify;\"><span class=\"fr-img-caption fr-fic fr-dib fr-draggable\"><span class=\"fr-img-wrap\"><img decoding=\"async\" class=\"fr-fil fr-dib\" src=\"https:\/\/lupa1.com.br\/uploads\/editor\/jonas_894e6fd7b3c0861f5be504660b4ab4ee1c77afbe.jpg\" data-pin-no-hover=\"true\" \/><span class=\"fr-inner\"><br \/>\nGeorgiano Neto e Jonas Moura (Foto: Reprodu\u00e7\u00e3o\/Facebook)<\/span><\/span><\/span><\/p>\n<p style=\"text-align: justify;\"><strong>Felipe Eul\u00e1lio (Dire\u00e7\u00e3o-geral do Idepi)\u00a0<\/strong>\u2013 Engenheiro civil. Diretor do DER desde abril deste ano. Indicado para o Instituto de Desenvolvimento do Piau\u00ed (Idepi) pelo primo deputado estadual Severo Eul\u00e1lio (MDB).<\/p>\n<p style=\"text-align: justify;\"><strong>Leonardo Nogueira (Diretor-geral da ADH)<\/strong>\u00a0\u2013 Ex-vereador do munic\u00edpio de Valen\u00e7a do Piau\u00ed. Atual diretor do Emater. Indicado para a ADH pelo deputado estadual Franz\u00e9 Silva (PT).<\/p>\n<p style=\"text-align: justify;\"><span class=\"fr-img-caption fr-fic fr-dib fr-draggable\"><span class=\"fr-img-wrap\"><img decoding=\"async\" class=\"fr-fil fr-dib\" src=\"https:\/\/lupa1.com.br\/uploads\/editor\/leonrod_e1c80c1ee3c42c0970a7cfe222488b8809ee908c.jpg\" data-pin-no-hover=\"true\" \/><span class=\"fr-inner\"><br \/>\nLeonardo Nogueira e Franz\u00e9 Silva (Foto: Reprodu\u00e7\u00e3o\/Facebook)<\/span><\/span><\/span><\/p>\n<p style=\"text-align: justify;\"><strong>Jana\u00ednna Marques (Sec. de Desenvolvimento Econ\u00f4mico)<\/strong>\u00a0\u2013 deputada estadual reeleita pelo PT. Ela mesma assume o cargo de secret\u00e1ria na pr\u00f3pria cota pol\u00edtica e, com isso, vai se licenciar do mandato na Assembleia Legislativa do Piau\u00ed.<\/p>\n<p style=\"text-align: justify;\"><strong>Fl\u00e1vio Nogueira J\u00fanior \u2013 (Secretaria de Infraestrutura \u2013 Seinfra)<\/strong>\u00a0\u2013 deputado estadual reeleito pelo PT. Ele mesmo assume o cargo de secret\u00e1rio na pr\u00f3pria cota pol\u00edtica e, com isso, vai se licenciar do mandato na Assembleia Legislativa do Piau\u00ed.<\/p>\n<p style=\"text-align: justify;\"><strong>Coronel Carlos Augusto \u2013 (Secretaria de Justi\u00e7a \u2013 Sejus)<\/strong>\u00a0\u2013 deputado estadual reeleito pelo MDB. Ele mesmo assume o cargo de secret\u00e1rio na pr\u00f3pria cota pol\u00edtica e, com isso, vai se licenciar do mandato na Assembleia Legislativa do Piau\u00ed.<\/p>\n<p style=\"text-align: justify;\">Fonte: Portal Lupa 1<\/p>\n<\/div>\n<\/div>\n<\/div>\n<\/div>\n<\/div>\n<\/div>\n<\/div>\n<\/div>\n<\/div>\n<\/div>\n<\/div>\n","protected":false},"excerpt":{"rendered":"<p>Depois de anunciar 10 nomes da chamada \u201ccota pessoal\u201d para as principais secretarias da sua futura gest\u00e3o, o governador eleito do Piau\u00ed Rafael Fonteles (PT) iniciou no fim de semana os an\u00fancios das indica\u00e7\u00f5es pol\u00edticas. Foram dois nomes anunciados no domingo (6) e outros 11 anunciados na manh\u00e3 desta segunda-feira (7). Mas quem s\u00e3o os &hellip;<\/p>\n","protected":false},"author":2,"featured_media":43978,"comment_status":"open","ping_status":"open","sticky":false,"template":"","format":"standard","meta":{"content-type":"","rop_custom_images_group":[],"rop_custom_messages_group":[],"rop_publish_now":"initial","rop_publish_now_accounts":{"facebook_2648258775420054_1618374048415101":""},"rop_publish_now_history":[],"rop_publish_now_status":"pending","footnotes":"","_jetpack_memberships_contains_paid_content":false},"categories":[118,188,130],"tags":[2450,7267],"yoast_head":"<!-- This site is optimized with the Yoast SEO plugin v22.3 - https:\/\/yoast.com\/wordpress\/plugins\/seo\/ -->\n<title>Saiba quem s\u00e3o os padrinhos pol\u00edticos dos secret\u00e1rios de Rafael Fonteles - Portal NPM<\/title>\n<meta name=\"robots\" content=\"index, follow, max-snippet:-1, max-image-preview:large, max-video-preview:-1\" \/>\n<link rel=\"canonical\" href=\"https:\/\/portalnpm.com\/index.php\/2022\/11\/08\/saiba-quem-sao-os-padrinhos-politicos-dos-secretarios-de-rafael-fonteles\/\" \/>\n<meta property=\"og:locale\" content=\"pt_BR\" \/>\n<meta property=\"og:type\" content=\"article\" \/>\n<meta property=\"og:title\" content=\"Saiba quem s\u00e3o os padrinhos pol\u00edticos dos secret\u00e1rios de Rafael Fonteles - Portal NPM\" \/>\n<meta property=\"og:description\" content=\"Depois de anunciar 10 nomes da chamada \u201ccota pessoal\u201d para as principais secretarias da sua futura gest\u00e3o, o governador eleito do Piau\u00ed Rafael Fonteles (PT) iniciou no fim de semana os an\u00fancios das indica\u00e7\u00f5es pol\u00edticas. Foram dois nomes anunciados no domingo (6) e outros 11 anunciados na manh\u00e3 desta segunda-feira (7). Mas quem s\u00e3o os &hellip;\" \/>\n<meta property=\"og:url\" content=\"https:\/\/portalnpm.com\/index.php\/2022\/11\/08\/saiba-quem-sao-os-padrinhos-politicos-dos-secretarios-de-rafael-fonteles\/\" \/>\n<meta property=\"og:site_name\" content=\"Portal NPM\" \/>\n<meta property=\"article:published_time\" content=\"2022-11-08T22:30:31+00:00\" \/>\n<meta name=\"author\" content=\"Genival Barbosa\" \/>\n<meta name=\"twitter:card\" content=\"summary_large_image\" \/>\n<meta name=\"twitter:label1\" content=\"Escrito por\" \/>\n\t<meta name=\"twitter:data1\" content=\"Genival Barbosa\" \/>\n\t<meta name=\"twitter:label2\" content=\"Est. tempo de leitura\" \/>\n\t<meta name=\"twitter:data2\" content=\"3 minutos\" \/>\n<script type=\"application\/ld+json\" class=\"yoast-schema-graph\">{\"@context\":\"https:\/\/schema.org\",\"@graph\":[{\"@type\":\"WebPage\",\"@id\":\"https:\/\/portalnpm.com\/index.php\/2022\/11\/08\/saiba-quem-sao-os-padrinhos-politicos-dos-secretarios-de-rafael-fonteles\/\",\"url\":\"https:\/\/portalnpm.com\/index.php\/2022\/11\/08\/saiba-quem-sao-os-padrinhos-politicos-dos-secretarios-de-rafael-fonteles\/\",\"name\":\"Saiba quem s\u00e3o os padrinhos pol\u00edticos dos secret\u00e1rios de Rafael Fonteles - Portal NPM\",\"isPartOf\":{\"@id\":\"https:\/\/portalnpm.com\/#website\"},\"primaryImageOfPage\":{\"@id\":\"https:\/\/portalnpm.com\/index.php\/2022\/11\/08\/saiba-quem-sao-os-padrinhos-politicos-dos-secretarios-de-rafael-fonteles\/#primaryimage\"},\"image\":{\"@id\":\"https:\/\/portalnpm.com\/index.php\/2022\/11\/08\/saiba-quem-sao-os-padrinhos-politicos-dos-secretarios-de-rafael-fonteles\/#primaryimage\"},\"thumbnailUrl\":\"\",\"datePublished\":\"2022-11-08T22:30:31+00:00\",\"dateModified\":\"2022-11-08T22:30:31+00:00\",\"author\":{\"@id\":\"https:\/\/portalnpm.com\/#\/schema\/person\/49313e563cfdefcc167f1ee4c017c294\"},\"breadcrumb\":{\"@id\":\"https:\/\/portalnpm.com\/index.php\/2022\/11\/08\/saiba-quem-sao-os-padrinhos-politicos-dos-secretarios-de-rafael-fonteles\/#breadcrumb\"},\"inLanguage\":\"pt-BR\",\"potentialAction\":[{\"@type\":\"ReadAction\",\"target\":[\"https:\/\/portalnpm.com\/index.php\/2022\/11\/08\/saiba-quem-sao-os-padrinhos-politicos-dos-secretarios-de-rafael-fonteles\/\"]}]},{\"@type\":\"ImageObject\",\"inLanguage\":\"pt-BR\",\"@id\":\"https:\/\/portalnpm.com\/index.php\/2022\/11\/08\/saiba-quem-sao-os-padrinhos-politicos-dos-secretarios-de-rafael-fonteles\/#primaryimage\",\"url\":\"\",\"contentUrl\":\"\"},{\"@type\":\"BreadcrumbList\",\"@id\":\"https:\/\/portalnpm.com\/index.php\/2022\/11\/08\/saiba-quem-sao-os-padrinhos-politicos-dos-secretarios-de-rafael-fonteles\/#breadcrumb\",\"itemListElement\":[{\"@type\":\"ListItem\",\"position\":1,\"name\":\"In\u00edcio\",\"item\":\"https:\/\/portalnpm.com\/\"},{\"@type\":\"ListItem\",\"position\":2,\"name\":\"Saiba quem s\u00e3o os padrinhos pol\u00edticos dos secret\u00e1rios de Rafael Fonteles\"}]},{\"@type\":\"WebSite\",\"@id\":\"https:\/\/portalnpm.com\/#website\",\"url\":\"https:\/\/portalnpm.com\/\",\"name\":\"Portal NPM\",\"description\":\"Not\u00edcias em Primeira M\u00e3o\",\"potentialAction\":[{\"@type\":\"SearchAction\",\"target\":{\"@type\":\"EntryPoint\",\"urlTemplate\":\"https:\/\/portalnpm.com\/?s={search_term_string}\"},\"query-input\":\"required name=search_term_string\"}],\"inLanguage\":\"pt-BR\"},{\"@type\":\"Person\",\"@id\":\"https:\/\/portalnpm.com\/#\/schema\/person\/49313e563cfdefcc167f1ee4c017c294\",\"name\":\"Genival Barbosa\",\"image\":{\"@type\":\"ImageObject\",\"inLanguage\":\"pt-BR\",\"@id\":\"https:\/\/portalnpm.com\/#\/schema\/person\/image\/\",\"url\":\"https:\/\/portalnpm.com\/wp-content\/uploads\/2024\/02\/avatar_user_2_1707743258-96x96.jpeg\",\"contentUrl\":\"https:\/\/portalnpm.com\/wp-content\/uploads\/2024\/02\/avatar_user_2_1707743258-96x96.jpeg\",\"caption\":\"Genival Barbosa\"},\"url\":\"https:\/\/portalnpm.com\/index.php\/author\/genival\/\"}]}<\/script>\n<!-- \/ Yoast SEO plugin. -->","yoast_head_json":{"title":"Saiba quem s\u00e3o os padrinhos pol\u00edticos dos secret\u00e1rios de Rafael Fonteles - Portal NPM","robots":{"index":"index","follow":"follow","max-snippet":"max-snippet:-1","max-image-preview":"max-image-preview:large","max-video-preview":"max-video-preview:-1"},"canonical":"https:\/\/portalnpm.com\/index.php\/2022\/11\/08\/saiba-quem-sao-os-padrinhos-politicos-dos-secretarios-de-rafael-fonteles\/","og_locale":"pt_BR","og_type":"article","og_title":"Saiba quem s\u00e3o os padrinhos pol\u00edticos dos secret\u00e1rios de Rafael Fonteles - Portal NPM","og_description":"Depois de anunciar 10 nomes da chamada \u201ccota pessoal\u201d para as principais secretarias da sua futura gest\u00e3o, o governador eleito do Piau\u00ed Rafael Fonteles (PT) iniciou no fim de semana os an\u00fancios das indica\u00e7\u00f5es pol\u00edticas. Foram dois nomes anunciados no domingo (6) e outros 11 anunciados na manh\u00e3 desta segunda-feira (7). Mas quem s\u00e3o os &hellip;","og_url":"https:\/\/portalnpm.com\/index.php\/2022\/11\/08\/saiba-quem-sao-os-padrinhos-politicos-dos-secretarios-de-rafael-fonteles\/","og_site_name":"Portal NPM","article_published_time":"2022-11-08T22:30:31+00:00","author":"Genival Barbosa","twitter_card":"summary_large_image","twitter_misc":{"Escrito por":"Genival Barbosa","Est. tempo de leitura":"3 minutos"},"schema":{"@context":"https:\/\/schema.org","@graph":[{"@type":"WebPage","@id":"https:\/\/portalnpm.com\/index.php\/2022\/11\/08\/saiba-quem-sao-os-padrinhos-politicos-dos-secretarios-de-rafael-fonteles\/","url":"https:\/\/portalnpm.com\/index.php\/2022\/11\/08\/saiba-quem-sao-os-padrinhos-politicos-dos-secretarios-de-rafael-fonteles\/","name":"Saiba quem s\u00e3o os padrinhos pol\u00edticos dos secret\u00e1rios de Rafael Fonteles - Portal NPM","isPartOf":{"@id":"https:\/\/portalnpm.com\/#website"},"primaryImageOfPage":{"@id":"https:\/\/portalnpm.com\/index.php\/2022\/11\/08\/saiba-quem-sao-os-padrinhos-politicos-dos-secretarios-de-rafael-fonteles\/#primaryimage"},"image":{"@id":"https:\/\/portalnpm.com\/index.php\/2022\/11\/08\/saiba-quem-sao-os-padrinhos-politicos-dos-secretarios-de-rafael-fonteles\/#primaryimage"},"thumbnailUrl":"","datePublished":"2022-11-08T22:30:31+00:00","dateModified":"2022-11-08T22:30:31+00:00","author":{"@id":"https:\/\/portalnpm.com\/#\/schema\/person\/49313e563cfdefcc167f1ee4c017c294"},"breadcrumb":{"@id":"https:\/\/portalnpm.com\/index.php\/2022\/11\/08\/saiba-quem-sao-os-padrinhos-politicos-dos-secretarios-de-rafael-fonteles\/#breadcrumb"},"inLanguage":"pt-BR","potentialAction":[{"@type":"ReadAction","target":["https:\/\/portalnpm.com\/index.php\/2022\/11\/08\/saiba-quem-sao-os-padrinhos-politicos-dos-secretarios-de-rafael-fonteles\/"]}]},{"@type":"ImageObject","inLanguage":"pt-BR","@id":"https:\/\/portalnpm.com\/index.php\/2022\/11\/08\/saiba-quem-sao-os-padrinhos-politicos-dos-secretarios-de-rafael-fonteles\/#primaryimage","url":"","contentUrl":""},{"@type":"BreadcrumbList","@id":"https:\/\/portalnpm.com\/index.php\/2022\/11\/08\/saiba-quem-sao-os-padrinhos-politicos-dos-secretarios-de-rafael-fonteles\/#breadcrumb","itemListElement":[{"@type":"ListItem","position":1,"name":"In\u00edcio","item":"https:\/\/portalnpm.com\/"},{"@type":"ListItem","position":2,"name":"Saiba quem s\u00e3o os padrinhos pol\u00edticos dos secret\u00e1rios de Rafael Fonteles"}]},{"@type":"WebSite","@id":"https:\/\/portalnpm.com\/#website","url":"https:\/\/portalnpm.com\/","name":"Portal NPM","description":"Not\u00edcias em Primeira M\u00e3o","potentialAction":[{"@type":"SearchAction","target":{"@type":"EntryPoint","urlTemplate":"https:\/\/portalnpm.com\/?s={search_term_string}"},"query-input":"required name=search_term_string"}],"inLanguage":"pt-BR"},{"@type":"Person","@id":"https:\/\/portalnpm.com\/#\/schema\/person\/49313e563cfdefcc167f1ee4c017c294","name":"Genival Barbosa","image":{"@type":"ImageObject","inLanguage":"pt-BR","@id":"https:\/\/portalnpm.com\/#\/schema\/person\/image\/","url":"https:\/\/portalnpm.com\/wp-content\/uploads\/2024\/02\/avatar_user_2_1707743258-96x96.jpeg","contentUrl":"https:\/\/portalnpm.com\/wp-content\/uploads\/2024\/02\/avatar_user_2_1707743258-96x96.jpeg","caption":"Genival Barbosa"},"url":"https:\/\/portalnpm.com\/index.php\/author\/genival\/"}]}},"jetpack_sharing_enabled":true,"jetpack_featured_media_url":"","_links":{"self":[{"href":"https:\/\/portalnpm.com\/index.php\/wp-json\/wp\/v2\/posts\/43977"}],"collection":[{"href":"https:\/\/portalnpm.com\/index.php\/wp-json\/wp\/v2\/posts"}],"about":[{"href":"https:\/\/portalnpm.com\/index.php\/wp-json\/wp\/v2\/types\/post"}],"author":[{"embeddable":true,"href":"https:\/\/portalnpm.com\/index.php\/wp-json\/wp\/v2\/users\/2"}],"replies":[{"embeddable":true,"href":"https:\/\/portalnpm.com\/index.php\/wp-json\/wp\/v2\/comments?post=43977"}],"version-history":[{"count":0,"href":"https:\/\/portalnpm.com\/index.php\/wp-json\/wp\/v2\/posts\/43977\/revisions"}],"wp:featuredmedia":[{"embeddable":true,"href":"https:\/\/portalnpm.com\/index.php\/wp-json\/"}],"wp:attachment":[{"href":"https:\/\/portalnpm.com\/index.php\/wp-json\/wp\/v2\/media?parent=43977"}],"wp:term":[{"taxonomy":"category","embeddable":true,"href":"https:\/\/portalnpm.com\/index.php\/wp-json\/wp\/v2\/categories?post=43977"},{"taxonomy":"post_tag","embeddable":true,"href":"https:\/\/portalnpm.com\/index.php\/wp-json\/wp\/v2\/tags?post=43977"}],"curies":[{"name":"wp","href":"https:\/\/api.w.org\/{rel}","templated":true}]}}