{"id":44090,"date":"2022-11-19T11:08:17","date_gmt":"2022-11-19T14:08:17","guid":{"rendered":"https:\/\/portalnpm.com\/?p=44090"},"modified":"2022-11-19T11:08:17","modified_gmt":"2022-11-19T14:08:17","slug":"galvao-bueno-testa-negativo-para-covid-19-e-e-liberado-para-viagem-ao-catar","status":"publish","type":"post","link":"https:\/\/portalnpm.com\/index.php\/2022\/11\/19\/galvao-bueno-testa-negativo-para-covid-19-e-e-liberado-para-viagem-ao-catar\/","title":{"rendered":"Galv\u00e3o Bueno testa negativo para Covid-19 e \u00e9 liberado para viagem ao Catar"},"content":{"rendered":"<figure id=\"attachment_710350\" class=\"wp-caption aligncenter\" style=\"text-align: justify;\" aria-describedby=\"caption-attachment-710350\"><figcaption id=\"caption-attachment-710350\" class=\"wp-caption-text\"><\/figcaption><\/figure>\n<p style=\"text-align: justify;\">Que al\u00edvio. Nesta sexta-feira, 18 novembro <strong>Galv\u00e3o Bueno<\/strong>\u00a0teve uma \u00f3tima not\u00edcia. O narrador da Globo testou negativo para Covid-19. O profissional recebeu o diagn\u00f3stico e est\u00e1 liberado para viajar ao Catar, onde ser\u00e1 realizada a Copa do Mundo.<\/p>\n<p style=\"text-align: justify;\">O an\u00fancio ocorreu no programa \u2018Que Doha \u00e9 essa?\u2019, que faz parte da programa\u00e7\u00e3o da emissora durante o campeonato mundial e \u00e9 comando por Marcelo Adnet. O humorista, ali\u00e1s, fez quest\u00e3o de imitar Galv\u00e3o fazendo o teste e recebendo a boa not\u00edcia.<\/p>\n<div class=\"teads-adCall\" style=\"text-align: justify;\"><\/div>\n<p style=\"text-align: justify;\">adiou a viagem para a cobertura desportiva por conta do teste positivo na \u00faltima semana. Assim, esteve internado a fim de acelerar o processo de recupera\u00e7\u00e3o e ser liberado.<\/p>\n<div class=\"twitter-tweet twitter-tweet-rendered\" style=\"text-align: justify;\"><iframe id=\"twitter-widget-0\" class=\"\" title=\"Twitter Tweet\" src=\"https:\/\/platform.twitter.com\/embed\/Tweet.html?creatorScreenName=areavip&amp;dnt=true&amp;embedId=twitter-widget-0&amp;features=eyJ0ZndfdGltZWxpbmVfbGlzdCI6eyJidWNrZXQiOlsibGlua3RyLmVlIiwidHIuZWUiLCJ0ZXJyYS5jb20uYnIiLCJ3d3cubGlua3RyLmVlIiwid3d3LnRyLmVlIiwid3d3LnRlcnJhLmNvbS5iciJdLCJ2ZXJzaW9uIjpudWxsfSwidGZ3X2hvcml6b25fdGltZWxpbmVfMTIwMzQiOnsiYnVja2V0IjoidHJlYXRtZW50IiwidmVyc2lvbiI6bnVsbH0sInRmd190d2VldF9lZGl0X2JhY2tlbmQiOnsiYnVja2V0Ijoib24iLCJ2ZXJzaW9uIjpudWxsfSwidGZ3X3JlZnNyY19zZXNzaW9uIjp7ImJ1Y2tldCI6Im9uIiwidmVyc2lvbiI6bnVsbH0sInRmd19jaGluX3BpbGxzXzE0NzQxIjp7ImJ1Y2tldCI6ImNvbG9yX2ljb25zIiwidmVyc2lvbiI6bnVsbH0sInRmd190d2VldF9yZXN1bHRfbWlncmF0aW9uXzEzOTc5Ijp7ImJ1Y2tldCI6InR3ZWV0X3Jlc3VsdCIsInZlcnNpb24iOm51bGx9LCJ0Zndfc2Vuc2l0aXZlX21lZGlhX2ludGVyc3RpdGlhbF8xMzk2MyI6eyJidWNrZXQiOiJpbnRlcnN0aXRpYWwiLCJ2ZXJzaW9uIjpudWxsfSwidGZ3X2V4cGVyaW1lbnRzX2Nvb2tpZV9leHBpcmF0aW9uIjp7ImJ1Y2tldCI6MTIwOTYwMCwidmVyc2lvbiI6bnVsbH0sInRmd19kdXBsaWNhdGVfc2NyaWJlc190b19zZXR0aW5ncyI6eyJidWNrZXQiOiJvbiIsInZlcnNpb24iOm51bGx9LCJ0ZndfdmlkZW9faGxzX2R5bmFtaWNfbWFuaWZlc3RzXzE1MDgyIjp7ImJ1Y2tldCI6InRydWVfYml0cmF0ZSIsInZlcnNpb24iOm51bGx9LCJ0Zndfc2hvd19ibHVlX3ZlcmlmaWVkX2JhZGdlIjp7ImJ1Y2tldCI6Im9uIiwidmVyc2lvbiI6bnVsbH0sInRmd190d2VldF9lZGl0X2Zyb250ZW5kIjp7ImJ1Y2tldCI6Im9uIiwidmVyc2lvbiI6bnVsbH19&amp;frame=false&amp;hideCard=false&amp;hideThread=false&amp;id=1593657633185370112&amp;lang=pt&amp;origin=https%3A%2F%2Fwww.areavip.com.br%2Ffamosos%2Fgalvao-bueno-testa-negativo-para-covid-19-e-e-liberado-para-viagem-ao-catar%2F&amp;sessionId=20297baea43a581e2a1607ad8af0d497670612d0&amp;siteScreenName=areavip&amp;theme=light&amp;widgetsVersion=a3525f077c700%3A1667415560940&amp;width=550px\" frameborder=\"0\" scrolling=\"no\" allowfullscreen=\"allowfullscreen\" data-mce-fragment=\"1\"><\/iframe><\/div>\n<blockquote class=\"twitter-tweet\" data-width=\"550\" data-dnt=\"true\" data-twitter-extracted-i1668866842994840246=\"true\">\n<p dir=\"ltr\" lang=\"pt\">NEGATIVOOOU, AMIGOS! NO &#8220;QUE DOHA \u00c9 ESSA?&#8221;, ADNET MOSTROU COMO GALV\u00c3O BUENO REAGIU AO RESULTADO NEGATIVO PARA COVID-19. QUADRO ESTREIA NO CENTRAL DA COPA, QUE COME\u00c7A SEGUNDA-FEIRA.\u00a0<a href=\"https:\/\/t.co\/tJgxtzKHpj\">PIC.TWITTER.COM\/TJGXTZKHPJ<\/a><\/p>\n<p>\u2014 GE (@GEGLOBO)\u00a0<a href=\"https:\/\/twitter.com\/geglobo\/status\/1593657633185370112?ref_src=twsrc%5Etfw\">NOVEMBER 18, 2022<\/a><\/p><\/blockquote>\n<div class=\"td-a-ad id_inline_ad1 id_ad_content-horiz-center\" style=\"text-align: justify;\">\n<p>&nbsp;<\/p>\n<div id=\"aswift_4_host\" tabindex=\"0\" title=\"Advertisement\" aria-label=\"Advertisement\"><\/div>\n<p>&nbsp;<\/p>\n<\/div>\n<p style=\"text-align: justify;\">O Mundial come\u00e7a no domingo (20), com a partida entre Catar x Equador, \u00e0s 13h (de Bras\u00edlia). Ser\u00e1 a \u00faltima Copa de Galv\u00e3o como narrador: o profissional renovou v\u00ednculo com a emissora, mas n\u00e3o ser\u00e1 mais narrador, focando em outras atividades dentro da empresa.<\/p>\n<p style=\"text-align: justify;\"><strong>Mudan\u00e7a na programa\u00e7\u00e3o<\/strong><\/p>\n<p style=\"text-align: justify;\">Galv\u00e3o Bueno teve alta do hospital, depois de uma semana internado devido a COVID-19. No entanto, por quest\u00f5es de complica\u00e7\u00f5es no calend\u00e1rio do narrador, ele desfalcar\u00e1 a equipe de transmiss\u00e3o de abertura do mundial, quebrando a tradi\u00e7\u00e3o de 36 anos. O narrador Lu\u00eds Roberto \u00e9 quem assumir\u00e1 o posto de Galv\u00e3o quando a bola rolar pela primeira vez nos campos do Catar, no domingo (20).<\/p>\n<p style=\"text-align: justify;\">Ap\u00f3s contrair o v\u00edrus, Galv\u00e3o mandou um recado para aos seguidores. \u201cTome muito cuidado. A Covid voltou forte mesmo. Vim dizer que eu estou inteiramente recuperado, com alta m\u00e9dica e vou pra casa. \u00c9 quest\u00e3o de dois dias para eu pegar o avi\u00e3o e ir para o Catar\u201d, comemorou.<\/p>\n<p style=\"text-align: justify;\">Fonte: \u00c1rea VIP<\/p>\n","protected":false},"excerpt":{"rendered":"<p>Que al\u00edvio. Nesta sexta-feira, 18 novembro Galv\u00e3o Bueno\u00a0teve uma \u00f3tima not\u00edcia. O narrador da Globo testou negativo para Covid-19. O profissional recebeu o diagn\u00f3stico e est\u00e1 liberado para viajar ao Catar, onde ser\u00e1 realizada a Copa do Mundo. O an\u00fancio ocorreu no programa \u2018Que Doha \u00e9 essa?\u2019, que faz parte da programa\u00e7\u00e3o da emissora durante &hellip;<\/p>\n","protected":false},"author":2,"featured_media":44092,"comment_status":"open","ping_status":"open","sticky":false,"template":"","format":"standard","meta":{"content-type":"","rop_custom_images_group":[],"rop_custom_messages_group":[],"rop_publish_now":"initial","rop_publish_now_accounts":{"facebook_2648258775420054_1618374048415101":""},"rop_publish_now_history":[],"rop_publish_now_status":"pending","footnotes":"","_jetpack_memberships_contains_paid_content":false},"categories":[108],"tags":[1113,14268,4391,4457],"yoast_head":"<!-- This site is optimized with the Yoast SEO plugin v22.3 - https:\/\/yoast.com\/wordpress\/plugins\/seo\/ -->\n<title>Galv\u00e3o Bueno testa negativo para Covid-19 e \u00e9 liberado para viagem ao Catar - Portal NPM<\/title>\n<meta name=\"robots\" content=\"index, follow, max-snippet:-1, max-image-preview:large, max-video-preview:-1\" \/>\n<link rel=\"canonical\" href=\"https:\/\/portalnpm.com\/index.php\/2022\/11\/19\/galvao-bueno-testa-negativo-para-covid-19-e-e-liberado-para-viagem-ao-catar\/\" \/>\n<meta property=\"og:locale\" content=\"pt_BR\" \/>\n<meta property=\"og:type\" content=\"article\" \/>\n<meta property=\"og:title\" content=\"Galv\u00e3o Bueno testa negativo para Covid-19 e \u00e9 liberado para viagem ao Catar - Portal NPM\" \/>\n<meta property=\"og:description\" content=\"Que al\u00edvio. Nesta sexta-feira, 18 novembro Galv\u00e3o Bueno\u00a0teve uma \u00f3tima not\u00edcia. O narrador da Globo testou negativo para Covid-19. O profissional recebeu o diagn\u00f3stico e est\u00e1 liberado para viajar ao Catar, onde ser\u00e1 realizada a Copa do Mundo. O an\u00fancio ocorreu no programa \u2018Que Doha \u00e9 essa?\u2019, que faz parte da programa\u00e7\u00e3o da emissora durante &hellip;\" \/>\n<meta property=\"og:url\" content=\"https:\/\/portalnpm.com\/index.php\/2022\/11\/19\/galvao-bueno-testa-negativo-para-covid-19-e-e-liberado-para-viagem-ao-catar\/\" \/>\n<meta property=\"og:site_name\" content=\"Portal NPM\" \/>\n<meta property=\"article:published_time\" content=\"2022-11-19T14:08:17+00:00\" \/>\n<meta name=\"author\" content=\"Genival Barbosa\" \/>\n<meta name=\"twitter:card\" content=\"summary_large_image\" \/>\n<meta name=\"twitter:label1\" content=\"Escrito por\" \/>\n\t<meta name=\"twitter:data1\" content=\"Genival Barbosa\" \/>\n\t<meta name=\"twitter:label2\" content=\"Est. tempo de leitura\" \/>\n\t<meta name=\"twitter:data2\" content=\"2 minutos\" \/>\n<script type=\"application\/ld+json\" class=\"yoast-schema-graph\">{\"@context\":\"https:\/\/schema.org\",\"@graph\":[{\"@type\":\"WebPage\",\"@id\":\"https:\/\/portalnpm.com\/index.php\/2022\/11\/19\/galvao-bueno-testa-negativo-para-covid-19-e-e-liberado-para-viagem-ao-catar\/\",\"url\":\"https:\/\/portalnpm.com\/index.php\/2022\/11\/19\/galvao-bueno-testa-negativo-para-covid-19-e-e-liberado-para-viagem-ao-catar\/\",\"name\":\"Galv\u00e3o Bueno testa negativo para Covid-19 e \u00e9 liberado para viagem ao Catar - Portal NPM\",\"isPartOf\":{\"@id\":\"https:\/\/portalnpm.com\/#website\"},\"primaryImageOfPage\":{\"@id\":\"https:\/\/portalnpm.com\/index.php\/2022\/11\/19\/galvao-bueno-testa-negativo-para-covid-19-e-e-liberado-para-viagem-ao-catar\/#primaryimage\"},\"image\":{\"@id\":\"https:\/\/portalnpm.com\/index.php\/2022\/11\/19\/galvao-bueno-testa-negativo-para-covid-19-e-e-liberado-para-viagem-ao-catar\/#primaryimage\"},\"thumbnailUrl\":\"\",\"datePublished\":\"2022-11-19T14:08:17+00:00\",\"dateModified\":\"2022-11-19T14:08:17+00:00\",\"author\":{\"@id\":\"https:\/\/portalnpm.com\/#\/schema\/person\/49313e563cfdefcc167f1ee4c017c294\"},\"breadcrumb\":{\"@id\":\"https:\/\/portalnpm.com\/index.php\/2022\/11\/19\/galvao-bueno-testa-negativo-para-covid-19-e-e-liberado-para-viagem-ao-catar\/#breadcrumb\"},\"inLanguage\":\"pt-BR\",\"potentialAction\":[{\"@type\":\"ReadAction\",\"target\":[\"https:\/\/portalnpm.com\/index.php\/2022\/11\/19\/galvao-bueno-testa-negativo-para-covid-19-e-e-liberado-para-viagem-ao-catar\/\"]}]},{\"@type\":\"ImageObject\",\"inLanguage\":\"pt-BR\",\"@id\":\"https:\/\/portalnpm.com\/index.php\/2022\/11\/19\/galvao-bueno-testa-negativo-para-covid-19-e-e-liberado-para-viagem-ao-catar\/#primaryimage\",\"url\":\"\",\"contentUrl\":\"\"},{\"@type\":\"BreadcrumbList\",\"@id\":\"https:\/\/portalnpm.com\/index.php\/2022\/11\/19\/galvao-bueno-testa-negativo-para-covid-19-e-e-liberado-para-viagem-ao-catar\/#breadcrumb\",\"itemListElement\":[{\"@type\":\"ListItem\",\"position\":1,\"name\":\"In\u00edcio\",\"item\":\"https:\/\/portalnpm.com\/\"},{\"@type\":\"ListItem\",\"position\":2,\"name\":\"Galv\u00e3o Bueno testa negativo para Covid-19 e \u00e9 liberado para viagem ao Catar\"}]},{\"@type\":\"WebSite\",\"@id\":\"https:\/\/portalnpm.com\/#website\",\"url\":\"https:\/\/portalnpm.com\/\",\"name\":\"Portal NPM\",\"description\":\"Not\u00edcias em Primeira M\u00e3o\",\"potentialAction\":[{\"@type\":\"SearchAction\",\"target\":{\"@type\":\"EntryPoint\",\"urlTemplate\":\"https:\/\/portalnpm.com\/?s={search_term_string}\"},\"query-input\":\"required name=search_term_string\"}],\"inLanguage\":\"pt-BR\"},{\"@type\":\"Person\",\"@id\":\"https:\/\/portalnpm.com\/#\/schema\/person\/49313e563cfdefcc167f1ee4c017c294\",\"name\":\"Genival Barbosa\",\"image\":{\"@type\":\"ImageObject\",\"inLanguage\":\"pt-BR\",\"@id\":\"https:\/\/portalnpm.com\/#\/schema\/person\/image\/\",\"url\":\"https:\/\/portalnpm.com\/wp-content\/uploads\/2024\/02\/avatar_user_2_1707743258-96x96.jpeg\",\"contentUrl\":\"https:\/\/portalnpm.com\/wp-content\/uploads\/2024\/02\/avatar_user_2_1707743258-96x96.jpeg\",\"caption\":\"Genival Barbosa\"},\"url\":\"https:\/\/portalnpm.com\/index.php\/author\/genival\/\"}]}<\/script>\n<!-- \/ Yoast SEO plugin. -->","yoast_head_json":{"title":"Galv\u00e3o Bueno testa negativo para Covid-19 e \u00e9 liberado para viagem ao Catar - Portal NPM","robots":{"index":"index","follow":"follow","max-snippet":"max-snippet:-1","max-image-preview":"max-image-preview:large","max-video-preview":"max-video-preview:-1"},"canonical":"https:\/\/portalnpm.com\/index.php\/2022\/11\/19\/galvao-bueno-testa-negativo-para-covid-19-e-e-liberado-para-viagem-ao-catar\/","og_locale":"pt_BR","og_type":"article","og_title":"Galv\u00e3o Bueno testa negativo para Covid-19 e \u00e9 liberado para viagem ao Catar - Portal NPM","og_description":"Que al\u00edvio. Nesta sexta-feira, 18 novembro Galv\u00e3o Bueno\u00a0teve uma \u00f3tima not\u00edcia. O narrador da Globo testou negativo para Covid-19. O profissional recebeu o diagn\u00f3stico e est\u00e1 liberado para viajar ao Catar, onde ser\u00e1 realizada a Copa do Mundo. O an\u00fancio ocorreu no programa \u2018Que Doha \u00e9 essa?\u2019, que faz parte da programa\u00e7\u00e3o da emissora durante &hellip;","og_url":"https:\/\/portalnpm.com\/index.php\/2022\/11\/19\/galvao-bueno-testa-negativo-para-covid-19-e-e-liberado-para-viagem-ao-catar\/","og_site_name":"Portal NPM","article_published_time":"2022-11-19T14:08:17+00:00","author":"Genival Barbosa","twitter_card":"summary_large_image","twitter_misc":{"Escrito por":"Genival Barbosa","Est. tempo de leitura":"2 minutos"},"schema":{"@context":"https:\/\/schema.org","@graph":[{"@type":"WebPage","@id":"https:\/\/portalnpm.com\/index.php\/2022\/11\/19\/galvao-bueno-testa-negativo-para-covid-19-e-e-liberado-para-viagem-ao-catar\/","url":"https:\/\/portalnpm.com\/index.php\/2022\/11\/19\/galvao-bueno-testa-negativo-para-covid-19-e-e-liberado-para-viagem-ao-catar\/","name":"Galv\u00e3o Bueno testa negativo para Covid-19 e \u00e9 liberado para viagem ao Catar - Portal NPM","isPartOf":{"@id":"https:\/\/portalnpm.com\/#website"},"primaryImageOfPage":{"@id":"https:\/\/portalnpm.com\/index.php\/2022\/11\/19\/galvao-bueno-testa-negativo-para-covid-19-e-e-liberado-para-viagem-ao-catar\/#primaryimage"},"image":{"@id":"https:\/\/portalnpm.com\/index.php\/2022\/11\/19\/galvao-bueno-testa-negativo-para-covid-19-e-e-liberado-para-viagem-ao-catar\/#primaryimage"},"thumbnailUrl":"","datePublished":"2022-11-19T14:08:17+00:00","dateModified":"2022-11-19T14:08:17+00:00","author":{"@id":"https:\/\/portalnpm.com\/#\/schema\/person\/49313e563cfdefcc167f1ee4c017c294"},"breadcrumb":{"@id":"https:\/\/portalnpm.com\/index.php\/2022\/11\/19\/galvao-bueno-testa-negativo-para-covid-19-e-e-liberado-para-viagem-ao-catar\/#breadcrumb"},"inLanguage":"pt-BR","potentialAction":[{"@type":"ReadAction","target":["https:\/\/portalnpm.com\/index.php\/2022\/11\/19\/galvao-bueno-testa-negativo-para-covid-19-e-e-liberado-para-viagem-ao-catar\/"]}]},{"@type":"ImageObject","inLanguage":"pt-BR","@id":"https:\/\/portalnpm.com\/index.php\/2022\/11\/19\/galvao-bueno-testa-negativo-para-covid-19-e-e-liberado-para-viagem-ao-catar\/#primaryimage","url":"","contentUrl":""},{"@type":"BreadcrumbList","@id":"https:\/\/portalnpm.com\/index.php\/2022\/11\/19\/galvao-bueno-testa-negativo-para-covid-19-e-e-liberado-para-viagem-ao-catar\/#breadcrumb","itemListElement":[{"@type":"ListItem","position":1,"name":"In\u00edcio","item":"https:\/\/portalnpm.com\/"},{"@type":"ListItem","position":2,"name":"Galv\u00e3o Bueno testa negativo para Covid-19 e \u00e9 liberado para viagem ao Catar"}]},{"@type":"WebSite","@id":"https:\/\/portalnpm.com\/#website","url":"https:\/\/portalnpm.com\/","name":"Portal NPM","description":"Not\u00edcias em Primeira M\u00e3o","potentialAction":[{"@type":"SearchAction","target":{"@type":"EntryPoint","urlTemplate":"https:\/\/portalnpm.com\/?s={search_term_string}"},"query-input":"required name=search_term_string"}],"inLanguage":"pt-BR"},{"@type":"Person","@id":"https:\/\/portalnpm.com\/#\/schema\/person\/49313e563cfdefcc167f1ee4c017c294","name":"Genival Barbosa","image":{"@type":"ImageObject","inLanguage":"pt-BR","@id":"https:\/\/portalnpm.com\/#\/schema\/person\/image\/","url":"https:\/\/portalnpm.com\/wp-content\/uploads\/2024\/02\/avatar_user_2_1707743258-96x96.jpeg","contentUrl":"https:\/\/portalnpm.com\/wp-content\/uploads\/2024\/02\/avatar_user_2_1707743258-96x96.jpeg","caption":"Genival Barbosa"},"url":"https:\/\/portalnpm.com\/index.php\/author\/genival\/"}]}},"jetpack_sharing_enabled":true,"jetpack_featured_media_url":"","_links":{"self":[{"href":"https:\/\/portalnpm.com\/index.php\/wp-json\/wp\/v2\/posts\/44090"}],"collection":[{"href":"https:\/\/portalnpm.com\/index.php\/wp-json\/wp\/v2\/posts"}],"about":[{"href":"https:\/\/portalnpm.com\/index.php\/wp-json\/wp\/v2\/types\/post"}],"author":[{"embeddable":true,"href":"https:\/\/portalnpm.com\/index.php\/wp-json\/wp\/v2\/users\/2"}],"replies":[{"embeddable":true,"href":"https:\/\/portalnpm.com\/index.php\/wp-json\/wp\/v2\/comments?post=44090"}],"version-history":[{"count":0,"href":"https:\/\/portalnpm.com\/index.php\/wp-json\/wp\/v2\/posts\/44090\/revisions"}],"wp:featuredmedia":[{"embeddable":true,"href":"https:\/\/portalnpm.com\/index.php\/wp-json\/"}],"wp:attachment":[{"href":"https:\/\/portalnpm.com\/index.php\/wp-json\/wp\/v2\/media?parent=44090"}],"wp:term":[{"taxonomy":"category","embeddable":true,"href":"https:\/\/portalnpm.com\/index.php\/wp-json\/wp\/v2\/categories?post=44090"},{"taxonomy":"post_tag","embeddable":true,"href":"https:\/\/portalnpm.com\/index.php\/wp-json\/wp\/v2\/tags?post=44090"}],"curies":[{"name":"wp","href":"https:\/\/api.w.org\/{rel}","templated":true}]}}