{"id":4417,"date":"2018-12-31T12:51:45","date_gmt":"2018-12-31T14:51:45","guid":{"rendered":"http:\/\/srv.portalnpm.com.br\/?p=4417"},"modified":"2018-12-31T12:51:45","modified_gmt":"2018-12-31T14:51:45","slug":"jovem-natural-de-pio-ix-morre-eletrocutado-no-interior-do-pernambuco","status":"publish","type":"post","link":"https:\/\/portalnpm.com\/index.php\/2018\/12\/31\/jovem-natural-de-pio-ix-morre-eletrocutado-no-interior-do-pernambuco\/","title":{"rendered":"Jovem natural de Pio IX morre eletrocutado no interior do Pernambuco"},"content":{"rendered":"<p style=\"text-align: justify;\">O jovem natural do munic\u00edpio de Pio IX, Ant\u00f4nio Welton de Sousa, 26 anos, morreu na noite deste domingo (23) por volta das 23 horas ap\u00f3s sofrer uma descarga el\u00e9trica na cidade de Ouricuri, no Pernambuco.<\/p>\n<p style=\"text-align: justify;\">Segundo informa\u00e7\u00f5es, o jovem Ant\u00f4nio Welton de Sousa, que era natural de Pio IX mas que residia na cidade de Ouricuri, estava no interior do munic\u00edpio de Ouricuri em uma festa com amigos, quando na ocasi\u00e3o faltou energia, e o mesmo teria ido tentar solucionar o problema da falta de energia em virtude que o mesmo j\u00e1 havia trabalhado como eletricista.<\/p>\n<p style=\"text-align: justify;\">Ainda segundo informa\u00e7\u00f5es, ao tentar solucionar o problema, foi que Ant\u00f4nio Welton de Sousa sofreu uma descarga el\u00e9trica, o que o levou a morte imediata. O corpo do jovem foi encaminhado para a cidade de Petrolina no Pernambuco, para a realiza\u00e7\u00e3o da necropsia.<\/p>\n<p style=\"text-align: justify;\">Ant\u00f4nio Welton de Sousa deixa uma filha e sua esposa gr\u00e1vida de 8 meses. O vel\u00f3rio do mesmo acontecer\u00e1 na casa de sua m\u00e3e, no S\u00edtio Odilandia, em Pio IX.<\/p>\n<p style=\"text-align: justify;\"><strong>Fonte: <\/strong>Piau\u00ed em Foco<\/p>\n","protected":false},"excerpt":{"rendered":"<p>O jovem natural do munic\u00edpio de Pio IX, Ant\u00f4nio Welton de Sousa, 26 anos, morreu na noite deste domingo (23) por volta das 23 horas ap\u00f3s sofrer uma descarga el\u00e9trica na cidade de Ouricuri, no Pernambuco. Segundo informa\u00e7\u00f5es, o jovem Ant\u00f4nio Welton de Sousa, que era natural de Pio IX mas que residia na cidade &hellip;<\/p>\n","protected":false},"author":8,"featured_media":4418,"comment_status":"open","ping_status":"open","sticky":false,"template":"","format":"standard","meta":{"content-type":"","rop_custom_images_group":[],"rop_custom_messages_group":[],"rop_publish_now":"initial","rop_publish_now_accounts":{"facebook_2648258775420054_1618374048415101":""},"rop_publish_now_history":[],"rop_publish_now_status":"pending","footnotes":"","_jetpack_memberships_contains_paid_content":false},"categories":[113,109,439],"tags":[172,132,1465,679],"yoast_head":"<!-- This site is optimized with the Yoast SEO plugin v22.3 - https:\/\/yoast.com\/wordpress\/plugins\/seo\/ -->\n<title>Jovem natural de Pio IX morre eletrocutado no interior do Pernambuco - Portal NPM<\/title>\n<meta name=\"robots\" content=\"index, follow, max-snippet:-1, max-image-preview:large, max-video-preview:-1\" \/>\n<link rel=\"canonical\" href=\"https:\/\/portalnpm.com\/index.php\/2018\/12\/31\/jovem-natural-de-pio-ix-morre-eletrocutado-no-interior-do-pernambuco\/\" \/>\n<meta property=\"og:locale\" content=\"pt_BR\" \/>\n<meta property=\"og:type\" content=\"article\" \/>\n<meta property=\"og:title\" content=\"Jovem natural de Pio IX morre eletrocutado no interior do Pernambuco - Portal NPM\" \/>\n<meta property=\"og:description\" content=\"O jovem natural do munic\u00edpio de Pio IX, Ant\u00f4nio Welton de Sousa, 26 anos, morreu na noite deste domingo (23) por volta das 23 horas ap\u00f3s sofrer uma descarga el\u00e9trica na cidade de Ouricuri, no Pernambuco. Segundo informa\u00e7\u00f5es, o jovem Ant\u00f4nio Welton de Sousa, que era natural de Pio IX mas que residia na cidade &hellip;\" \/>\n<meta property=\"og:url\" content=\"https:\/\/portalnpm.com\/index.php\/2018\/12\/31\/jovem-natural-de-pio-ix-morre-eletrocutado-no-interior-do-pernambuco\/\" \/>\n<meta property=\"og:site_name\" content=\"Portal NPM\" \/>\n<meta property=\"article:published_time\" content=\"2018-12-31T14:51:45+00:00\" \/>\n<meta name=\"author\" content=\"Zenilton Lima\" \/>\n<meta name=\"twitter:card\" content=\"summary_large_image\" \/>\n<meta name=\"twitter:label1\" content=\"Escrito por\" \/>\n\t<meta name=\"twitter:data1\" content=\"Zenilton Lima\" \/>\n\t<meta name=\"twitter:label2\" content=\"Est. tempo de leitura\" \/>\n\t<meta name=\"twitter:data2\" content=\"1 minuto\" \/>\n<script type=\"application\/ld+json\" class=\"yoast-schema-graph\">{\"@context\":\"https:\/\/schema.org\",\"@graph\":[{\"@type\":\"WebPage\",\"@id\":\"https:\/\/portalnpm.com\/index.php\/2018\/12\/31\/jovem-natural-de-pio-ix-morre-eletrocutado-no-interior-do-pernambuco\/\",\"url\":\"https:\/\/portalnpm.com\/index.php\/2018\/12\/31\/jovem-natural-de-pio-ix-morre-eletrocutado-no-interior-do-pernambuco\/\",\"name\":\"Jovem natural de Pio IX morre eletrocutado no interior do Pernambuco - Portal NPM\",\"isPartOf\":{\"@id\":\"https:\/\/portalnpm.com\/#website\"},\"primaryImageOfPage\":{\"@id\":\"https:\/\/portalnpm.com\/index.php\/2018\/12\/31\/jovem-natural-de-pio-ix-morre-eletrocutado-no-interior-do-pernambuco\/#primaryimage\"},\"image\":{\"@id\":\"https:\/\/portalnpm.com\/index.php\/2018\/12\/31\/jovem-natural-de-pio-ix-morre-eletrocutado-no-interior-do-pernambuco\/#primaryimage\"},\"thumbnailUrl\":\"\",\"datePublished\":\"2018-12-31T14:51:45+00:00\",\"dateModified\":\"2018-12-31T14:51:45+00:00\",\"author\":{\"@id\":\"https:\/\/portalnpm.com\/#\/schema\/person\/35cb55186eae3f074b6783da6d35591e\"},\"breadcrumb\":{\"@id\":\"https:\/\/portalnpm.com\/index.php\/2018\/12\/31\/jovem-natural-de-pio-ix-morre-eletrocutado-no-interior-do-pernambuco\/#breadcrumb\"},\"inLanguage\":\"pt-BR\",\"potentialAction\":[{\"@type\":\"ReadAction\",\"target\":[\"https:\/\/portalnpm.com\/index.php\/2018\/12\/31\/jovem-natural-de-pio-ix-morre-eletrocutado-no-interior-do-pernambuco\/\"]}]},{\"@type\":\"ImageObject\",\"inLanguage\":\"pt-BR\",\"@id\":\"https:\/\/portalnpm.com\/index.php\/2018\/12\/31\/jovem-natural-de-pio-ix-morre-eletrocutado-no-interior-do-pernambuco\/#primaryimage\",\"url\":\"\",\"contentUrl\":\"\"},{\"@type\":\"BreadcrumbList\",\"@id\":\"https:\/\/portalnpm.com\/index.php\/2018\/12\/31\/jovem-natural-de-pio-ix-morre-eletrocutado-no-interior-do-pernambuco\/#breadcrumb\",\"itemListElement\":[{\"@type\":\"ListItem\",\"position\":1,\"name\":\"In\u00edcio\",\"item\":\"https:\/\/portalnpm.com\/\"},{\"@type\":\"ListItem\",\"position\":2,\"name\":\"Jovem natural de Pio IX morre eletrocutado no interior do Pernambuco\"}]},{\"@type\":\"WebSite\",\"@id\":\"https:\/\/portalnpm.com\/#website\",\"url\":\"https:\/\/portalnpm.com\/\",\"name\":\"Portal NPM\",\"description\":\"Not\u00edcias em Primeira M\u00e3o\",\"potentialAction\":[{\"@type\":\"SearchAction\",\"target\":{\"@type\":\"EntryPoint\",\"urlTemplate\":\"https:\/\/portalnpm.com\/?s={search_term_string}\"},\"query-input\":\"required name=search_term_string\"}],\"inLanguage\":\"pt-BR\"},{\"@type\":\"Person\",\"@id\":\"https:\/\/portalnpm.com\/#\/schema\/person\/35cb55186eae3f074b6783da6d35591e\",\"name\":\"Zenilton Lima\",\"image\":{\"@type\":\"ImageObject\",\"inLanguage\":\"pt-BR\",\"@id\":\"https:\/\/portalnpm.com\/#\/schema\/person\/image\/\",\"url\":\"https:\/\/portalnpm.com\/wp-content\/uploads\/2024\/12\/avatar_user_8_1733658137-96x96.jpeg\",\"contentUrl\":\"https:\/\/portalnpm.com\/wp-content\/uploads\/2024\/12\/avatar_user_8_1733658137-96x96.jpeg\",\"caption\":\"Zenilton Lima\"},\"url\":\"https:\/\/portalnpm.com\/index.php\/author\/zenilton\/\"}]}<\/script>\n<!-- \/ Yoast SEO plugin. -->","yoast_head_json":{"title":"Jovem natural de Pio IX morre eletrocutado no interior do Pernambuco - Portal NPM","robots":{"index":"index","follow":"follow","max-snippet":"max-snippet:-1","max-image-preview":"max-image-preview:large","max-video-preview":"max-video-preview:-1"},"canonical":"https:\/\/portalnpm.com\/index.php\/2018\/12\/31\/jovem-natural-de-pio-ix-morre-eletrocutado-no-interior-do-pernambuco\/","og_locale":"pt_BR","og_type":"article","og_title":"Jovem natural de Pio IX morre eletrocutado no interior do Pernambuco - Portal NPM","og_description":"O jovem natural do munic\u00edpio de Pio IX, Ant\u00f4nio Welton de Sousa, 26 anos, morreu na noite deste domingo (23) por volta das 23 horas ap\u00f3s sofrer uma descarga el\u00e9trica na cidade de Ouricuri, no Pernambuco. Segundo informa\u00e7\u00f5es, o jovem Ant\u00f4nio Welton de Sousa, que era natural de Pio IX mas que residia na cidade &hellip;","og_url":"https:\/\/portalnpm.com\/index.php\/2018\/12\/31\/jovem-natural-de-pio-ix-morre-eletrocutado-no-interior-do-pernambuco\/","og_site_name":"Portal NPM","article_published_time":"2018-12-31T14:51:45+00:00","author":"Zenilton Lima","twitter_card":"summary_large_image","twitter_misc":{"Escrito por":"Zenilton Lima","Est. tempo de leitura":"1 minuto"},"schema":{"@context":"https:\/\/schema.org","@graph":[{"@type":"WebPage","@id":"https:\/\/portalnpm.com\/index.php\/2018\/12\/31\/jovem-natural-de-pio-ix-morre-eletrocutado-no-interior-do-pernambuco\/","url":"https:\/\/portalnpm.com\/index.php\/2018\/12\/31\/jovem-natural-de-pio-ix-morre-eletrocutado-no-interior-do-pernambuco\/","name":"Jovem natural de Pio IX morre eletrocutado no interior do Pernambuco - Portal NPM","isPartOf":{"@id":"https:\/\/portalnpm.com\/#website"},"primaryImageOfPage":{"@id":"https:\/\/portalnpm.com\/index.php\/2018\/12\/31\/jovem-natural-de-pio-ix-morre-eletrocutado-no-interior-do-pernambuco\/#primaryimage"},"image":{"@id":"https:\/\/portalnpm.com\/index.php\/2018\/12\/31\/jovem-natural-de-pio-ix-morre-eletrocutado-no-interior-do-pernambuco\/#primaryimage"},"thumbnailUrl":"","datePublished":"2018-12-31T14:51:45+00:00","dateModified":"2018-12-31T14:51:45+00:00","author":{"@id":"https:\/\/portalnpm.com\/#\/schema\/person\/35cb55186eae3f074b6783da6d35591e"},"breadcrumb":{"@id":"https:\/\/portalnpm.com\/index.php\/2018\/12\/31\/jovem-natural-de-pio-ix-morre-eletrocutado-no-interior-do-pernambuco\/#breadcrumb"},"inLanguage":"pt-BR","potentialAction":[{"@type":"ReadAction","target":["https:\/\/portalnpm.com\/index.php\/2018\/12\/31\/jovem-natural-de-pio-ix-morre-eletrocutado-no-interior-do-pernambuco\/"]}]},{"@type":"ImageObject","inLanguage":"pt-BR","@id":"https:\/\/portalnpm.com\/index.php\/2018\/12\/31\/jovem-natural-de-pio-ix-morre-eletrocutado-no-interior-do-pernambuco\/#primaryimage","url":"","contentUrl":""},{"@type":"BreadcrumbList","@id":"https:\/\/portalnpm.com\/index.php\/2018\/12\/31\/jovem-natural-de-pio-ix-morre-eletrocutado-no-interior-do-pernambuco\/#breadcrumb","itemListElement":[{"@type":"ListItem","position":1,"name":"In\u00edcio","item":"https:\/\/portalnpm.com\/"},{"@type":"ListItem","position":2,"name":"Jovem natural de Pio IX morre eletrocutado no interior do Pernambuco"}]},{"@type":"WebSite","@id":"https:\/\/portalnpm.com\/#website","url":"https:\/\/portalnpm.com\/","name":"Portal NPM","description":"Not\u00edcias em Primeira M\u00e3o","potentialAction":[{"@type":"SearchAction","target":{"@type":"EntryPoint","urlTemplate":"https:\/\/portalnpm.com\/?s={search_term_string}"},"query-input":"required name=search_term_string"}],"inLanguage":"pt-BR"},{"@type":"Person","@id":"https:\/\/portalnpm.com\/#\/schema\/person\/35cb55186eae3f074b6783da6d35591e","name":"Zenilton Lima","image":{"@type":"ImageObject","inLanguage":"pt-BR","@id":"https:\/\/portalnpm.com\/#\/schema\/person\/image\/","url":"https:\/\/portalnpm.com\/wp-content\/uploads\/2024\/12\/avatar_user_8_1733658137-96x96.jpeg","contentUrl":"https:\/\/portalnpm.com\/wp-content\/uploads\/2024\/12\/avatar_user_8_1733658137-96x96.jpeg","caption":"Zenilton Lima"},"url":"https:\/\/portalnpm.com\/index.php\/author\/zenilton\/"}]}},"jetpack_sharing_enabled":true,"jetpack_featured_media_url":"","_links":{"self":[{"href":"https:\/\/portalnpm.com\/index.php\/wp-json\/wp\/v2\/posts\/4417"}],"collection":[{"href":"https:\/\/portalnpm.com\/index.php\/wp-json\/wp\/v2\/posts"}],"about":[{"href":"https:\/\/portalnpm.com\/index.php\/wp-json\/wp\/v2\/types\/post"}],"author":[{"embeddable":true,"href":"https:\/\/portalnpm.com\/index.php\/wp-json\/wp\/v2\/users\/8"}],"replies":[{"embeddable":true,"href":"https:\/\/portalnpm.com\/index.php\/wp-json\/wp\/v2\/comments?post=4417"}],"version-history":[{"count":0,"href":"https:\/\/portalnpm.com\/index.php\/wp-json\/wp\/v2\/posts\/4417\/revisions"}],"wp:featuredmedia":[{"embeddable":true,"href":"https:\/\/portalnpm.com\/index.php\/wp-json\/"}],"wp:attachment":[{"href":"https:\/\/portalnpm.com\/index.php\/wp-json\/wp\/v2\/media?parent=4417"}],"wp:term":[{"taxonomy":"category","embeddable":true,"href":"https:\/\/portalnpm.com\/index.php\/wp-json\/wp\/v2\/categories?post=4417"},{"taxonomy":"post_tag","embeddable":true,"href":"https:\/\/portalnpm.com\/index.php\/wp-json\/wp\/v2\/tags?post=4417"}],"curies":[{"name":"wp","href":"https:\/\/api.w.org\/{rel}","templated":true}]}}