{"id":44215,"date":"2022-11-26T19:45:44","date_gmt":"2022-11-26T22:45:44","guid":{"rendered":"https:\/\/portalnpm.com\/?p=44215"},"modified":"2022-11-26T19:45:44","modified_gmt":"2022-11-26T22:45:44","slug":"aneel-mantem-bandeira-verde-e-evita-cobranca-extra-na-conta-de-luz-pelo-8o-mes-seguido","status":"publish","type":"post","link":"https:\/\/portalnpm.com\/index.php\/2022\/11\/26\/aneel-mantem-bandeira-verde-e-evita-cobranca-extra-na-conta-de-luz-pelo-8o-mes-seguido\/","title":{"rendered":"Aneel mant\u00e9m bandeira verde e evita cobran\u00e7a extra na conta de luz pelo 8\u00ba m\u00eas seguido"},"content":{"rendered":"<p style=\"text-align: justify;\">A Ag\u00eancia Nacional de Energia El\u00e9trica (Aneel) anunciou na sexta (25) a manuten\u00e7\u00e3o da bandeira tarif\u00e1ria verde no m\u00eas de dezembro para as contas de luz dos consumidores conectados ao Sistema Interligado Nacional (SIN). Com isso, n\u00e3o haver\u00e1 cobran\u00e7a extra na conta de luz pelo oitavo m\u00eas seguido.<\/p>\n<p style=\"text-align: justify;\">\n<p style=\"text-align: justify;\">\n<p style=\"text-align: justify;\">A justificativa da ag\u00eancia \u00e9 que as condi\u00e7\u00f5es de gera\u00e7\u00e3o de energia no pa\u00eds est\u00e3o boas. \u201cCom a chegada do per\u00edodo chuvoso, melhoram os n\u00edveis dos reservat\u00f3rios e as condi\u00e7\u00f5es de gera\u00e7\u00e3o das usinas hidrel\u00e9tricas, as quais possuem um custo mais baixo. Dessa forma, n\u00e3o \u00e9 necess\u00e1rio acionar empreendimentos com energia mais cara, como \u00e9 o caso das usinas termel\u00e9tricas\u201d, afirmou a Aneel, em nota.<\/p>\n<p style=\"text-align: justify;\">Bandeiras tarif\u00e1rias<br \/>\nCriadas em 2015 pela Aneel, as bandeiras tarif\u00e1rias refletem os custos vari\u00e1veis da gera\u00e7\u00e3o de energia el\u00e9trica. Divididas em n\u00edveis, as bandeiras indicam quanto est\u00e1 custando para o SIN gerar a energia usada nas casas, em estabelecimentos comerciais e nas ind\u00fastrias.<\/p>\n<p style=\"text-align: justify;\">Quando a conta de luz \u00e9 calculada pela bandeira verde, significa que a conta n\u00e3o sofre qualquer acr\u00e9scimo. Quando s\u00e3o aplicadas as bandeiras vermelha ou amarela, a conta sofre acr\u00e9scimos, que variam de R$ 2,989 (bandeira amarela) a R$ 9,795 (bandeira vermelha patamar 2) a cada 100 quilowatts-hora (kWh) consumidos. Quando a bandeira de escassez h\u00eddrica vigorou, de setembro de 2021 a 15 de abril deste ano, o consumidor pagava R$ 14,20 extras a cada 100 kWh.<\/p>\n<p style=\"text-align: justify;\">O Sistema Interligado Nacional \u00e9 dividido em quatro subsistemas: Sudeste\/Centro-Oeste, Sul, Nordeste e Norte. Praticamente todo o pa\u00eds \u00e9 coberto pelo SIN. A exce\u00e7\u00e3o s\u00e3o algumas partes de estados da Regi\u00e3o Norte e de Mato Grosso, al\u00e9m de todo o estado de Roraima. Atualmente, h\u00e1 212 localidades isoladas do SIN, nas quais o consumo \u00e9 baixo e representa menos de 1% da carga total do pa\u00eds. A demanda por energia nessas regi\u00f5es \u00e9 suprida, principalmente, por t\u00e9rmicas a \u00f3leo diesel.<\/p>\n<p style=\"text-align: justify;\"><em>Fonte: Ag\u00eancia Brasil<\/em><\/p>\n","protected":false},"excerpt":{"rendered":"<p>A Ag\u00eancia Nacional de Energia El\u00e9trica (Aneel) anunciou na sexta (25) a manuten\u00e7\u00e3o da bandeira tarif\u00e1ria verde no m\u00eas de dezembro para as contas de luz dos consumidores conectados ao Sistema Interligado Nacional (SIN). Com isso, n\u00e3o haver\u00e1 cobran\u00e7a extra na conta de luz pelo oitavo m\u00eas seguido. A justificativa da ag\u00eancia \u00e9 que as &hellip;<\/p>\n","protected":false},"author":2,"featured_media":44216,"comment_status":"open","ping_status":"open","sticky":false,"template":"","format":"standard","meta":{"content-type":"","rop_custom_images_group":[],"rop_custom_messages_group":[],"rop_publish_now":"initial","rop_publish_now_accounts":{"facebook_2648258775420054_1618374048415101":""},"rop_publish_now_history":[],"rop_publish_now_status":"pending","footnotes":"","_jetpack_memberships_contains_paid_content":false},"categories":[118],"tags":[14288,1812],"yoast_head":"<!-- This site is optimized with the Yoast SEO plugin v22.3 - https:\/\/yoast.com\/wordpress\/plugins\/seo\/ -->\n<title>Aneel mant\u00e9m bandeira verde e evita cobran\u00e7a extra na conta de luz pelo 8\u00ba m\u00eas seguido - Portal NPM<\/title>\n<meta name=\"robots\" content=\"index, follow, max-snippet:-1, max-image-preview:large, max-video-preview:-1\" \/>\n<link rel=\"canonical\" href=\"https:\/\/portalnpm.com\/index.php\/2022\/11\/26\/aneel-mantem-bandeira-verde-e-evita-cobranca-extra-na-conta-de-luz-pelo-8o-mes-seguido\/\" \/>\n<meta property=\"og:locale\" content=\"pt_BR\" \/>\n<meta property=\"og:type\" content=\"article\" \/>\n<meta property=\"og:title\" content=\"Aneel mant\u00e9m bandeira verde e evita cobran\u00e7a extra na conta de luz pelo 8\u00ba m\u00eas seguido - Portal NPM\" \/>\n<meta property=\"og:description\" content=\"A Ag\u00eancia Nacional de Energia El\u00e9trica (Aneel) anunciou na sexta (25) a manuten\u00e7\u00e3o da bandeira tarif\u00e1ria verde no m\u00eas de dezembro para as contas de luz dos consumidores conectados ao Sistema Interligado Nacional (SIN). Com isso, n\u00e3o haver\u00e1 cobran\u00e7a extra na conta de luz pelo oitavo m\u00eas seguido. A justificativa da ag\u00eancia \u00e9 que as &hellip;\" \/>\n<meta property=\"og:url\" content=\"https:\/\/portalnpm.com\/index.php\/2022\/11\/26\/aneel-mantem-bandeira-verde-e-evita-cobranca-extra-na-conta-de-luz-pelo-8o-mes-seguido\/\" \/>\n<meta property=\"og:site_name\" content=\"Portal NPM\" \/>\n<meta property=\"article:published_time\" content=\"2022-11-26T22:45:44+00:00\" \/>\n<meta name=\"author\" content=\"Genival Barbosa\" \/>\n<meta name=\"twitter:card\" content=\"summary_large_image\" \/>\n<meta name=\"twitter:label1\" content=\"Escrito por\" \/>\n\t<meta name=\"twitter:data1\" content=\"Genival Barbosa\" \/>\n\t<meta name=\"twitter:label2\" content=\"Est. tempo de leitura\" \/>\n\t<meta name=\"twitter:data2\" content=\"2 minutos\" \/>\n<script type=\"application\/ld+json\" class=\"yoast-schema-graph\">{\"@context\":\"https:\/\/schema.org\",\"@graph\":[{\"@type\":\"WebPage\",\"@id\":\"https:\/\/portalnpm.com\/index.php\/2022\/11\/26\/aneel-mantem-bandeira-verde-e-evita-cobranca-extra-na-conta-de-luz-pelo-8o-mes-seguido\/\",\"url\":\"https:\/\/portalnpm.com\/index.php\/2022\/11\/26\/aneel-mantem-bandeira-verde-e-evita-cobranca-extra-na-conta-de-luz-pelo-8o-mes-seguido\/\",\"name\":\"Aneel mant\u00e9m bandeira verde e evita cobran\u00e7a extra na conta de luz pelo 8\u00ba m\u00eas seguido - Portal NPM\",\"isPartOf\":{\"@id\":\"https:\/\/portalnpm.com\/#website\"},\"primaryImageOfPage\":{\"@id\":\"https:\/\/portalnpm.com\/index.php\/2022\/11\/26\/aneel-mantem-bandeira-verde-e-evita-cobranca-extra-na-conta-de-luz-pelo-8o-mes-seguido\/#primaryimage\"},\"image\":{\"@id\":\"https:\/\/portalnpm.com\/index.php\/2022\/11\/26\/aneel-mantem-bandeira-verde-e-evita-cobranca-extra-na-conta-de-luz-pelo-8o-mes-seguido\/#primaryimage\"},\"thumbnailUrl\":\"\",\"datePublished\":\"2022-11-26T22:45:44+00:00\",\"dateModified\":\"2022-11-26T22:45:44+00:00\",\"author\":{\"@id\":\"https:\/\/portalnpm.com\/#\/schema\/person\/49313e563cfdefcc167f1ee4c017c294\"},\"breadcrumb\":{\"@id\":\"https:\/\/portalnpm.com\/index.php\/2022\/11\/26\/aneel-mantem-bandeira-verde-e-evita-cobranca-extra-na-conta-de-luz-pelo-8o-mes-seguido\/#breadcrumb\"},\"inLanguage\":\"pt-BR\",\"potentialAction\":[{\"@type\":\"ReadAction\",\"target\":[\"https:\/\/portalnpm.com\/index.php\/2022\/11\/26\/aneel-mantem-bandeira-verde-e-evita-cobranca-extra-na-conta-de-luz-pelo-8o-mes-seguido\/\"]}]},{\"@type\":\"ImageObject\",\"inLanguage\":\"pt-BR\",\"@id\":\"https:\/\/portalnpm.com\/index.php\/2022\/11\/26\/aneel-mantem-bandeira-verde-e-evita-cobranca-extra-na-conta-de-luz-pelo-8o-mes-seguido\/#primaryimage\",\"url\":\"\",\"contentUrl\":\"\"},{\"@type\":\"BreadcrumbList\",\"@id\":\"https:\/\/portalnpm.com\/index.php\/2022\/11\/26\/aneel-mantem-bandeira-verde-e-evita-cobranca-extra-na-conta-de-luz-pelo-8o-mes-seguido\/#breadcrumb\",\"itemListElement\":[{\"@type\":\"ListItem\",\"position\":1,\"name\":\"In\u00edcio\",\"item\":\"https:\/\/portalnpm.com\/\"},{\"@type\":\"ListItem\",\"position\":2,\"name\":\"Aneel mant\u00e9m bandeira verde e evita cobran\u00e7a extra na conta de luz pelo 8\u00ba m\u00eas seguido\"}]},{\"@type\":\"WebSite\",\"@id\":\"https:\/\/portalnpm.com\/#website\",\"url\":\"https:\/\/portalnpm.com\/\",\"name\":\"Portal NPM\",\"description\":\"Not\u00edcias em Primeira M\u00e3o\",\"potentialAction\":[{\"@type\":\"SearchAction\",\"target\":{\"@type\":\"EntryPoint\",\"urlTemplate\":\"https:\/\/portalnpm.com\/?s={search_term_string}\"},\"query-input\":\"required name=search_term_string\"}],\"inLanguage\":\"pt-BR\"},{\"@type\":\"Person\",\"@id\":\"https:\/\/portalnpm.com\/#\/schema\/person\/49313e563cfdefcc167f1ee4c017c294\",\"name\":\"Genival Barbosa\",\"image\":{\"@type\":\"ImageObject\",\"inLanguage\":\"pt-BR\",\"@id\":\"https:\/\/portalnpm.com\/#\/schema\/person\/image\/\",\"url\":\"https:\/\/portalnpm.com\/wp-content\/uploads\/2024\/02\/avatar_user_2_1707743258-96x96.jpeg\",\"contentUrl\":\"https:\/\/portalnpm.com\/wp-content\/uploads\/2024\/02\/avatar_user_2_1707743258-96x96.jpeg\",\"caption\":\"Genival Barbosa\"},\"url\":\"https:\/\/portalnpm.com\/index.php\/author\/genival\/\"}]}<\/script>\n<!-- \/ Yoast SEO plugin. -->","yoast_head_json":{"title":"Aneel mant\u00e9m bandeira verde e evita cobran\u00e7a extra na conta de luz pelo 8\u00ba m\u00eas seguido - Portal NPM","robots":{"index":"index","follow":"follow","max-snippet":"max-snippet:-1","max-image-preview":"max-image-preview:large","max-video-preview":"max-video-preview:-1"},"canonical":"https:\/\/portalnpm.com\/index.php\/2022\/11\/26\/aneel-mantem-bandeira-verde-e-evita-cobranca-extra-na-conta-de-luz-pelo-8o-mes-seguido\/","og_locale":"pt_BR","og_type":"article","og_title":"Aneel mant\u00e9m bandeira verde e evita cobran\u00e7a extra na conta de luz pelo 8\u00ba m\u00eas seguido - Portal NPM","og_description":"A Ag\u00eancia Nacional de Energia El\u00e9trica (Aneel) anunciou na sexta (25) a manuten\u00e7\u00e3o da bandeira tarif\u00e1ria verde no m\u00eas de dezembro para as contas de luz dos consumidores conectados ao Sistema Interligado Nacional (SIN). Com isso, n\u00e3o haver\u00e1 cobran\u00e7a extra na conta de luz pelo oitavo m\u00eas seguido. A justificativa da ag\u00eancia \u00e9 que as &hellip;","og_url":"https:\/\/portalnpm.com\/index.php\/2022\/11\/26\/aneel-mantem-bandeira-verde-e-evita-cobranca-extra-na-conta-de-luz-pelo-8o-mes-seguido\/","og_site_name":"Portal NPM","article_published_time":"2022-11-26T22:45:44+00:00","author":"Genival Barbosa","twitter_card":"summary_large_image","twitter_misc":{"Escrito por":"Genival Barbosa","Est. tempo de leitura":"2 minutos"},"schema":{"@context":"https:\/\/schema.org","@graph":[{"@type":"WebPage","@id":"https:\/\/portalnpm.com\/index.php\/2022\/11\/26\/aneel-mantem-bandeira-verde-e-evita-cobranca-extra-na-conta-de-luz-pelo-8o-mes-seguido\/","url":"https:\/\/portalnpm.com\/index.php\/2022\/11\/26\/aneel-mantem-bandeira-verde-e-evita-cobranca-extra-na-conta-de-luz-pelo-8o-mes-seguido\/","name":"Aneel mant\u00e9m bandeira verde e evita cobran\u00e7a extra na conta de luz pelo 8\u00ba m\u00eas seguido - Portal NPM","isPartOf":{"@id":"https:\/\/portalnpm.com\/#website"},"primaryImageOfPage":{"@id":"https:\/\/portalnpm.com\/index.php\/2022\/11\/26\/aneel-mantem-bandeira-verde-e-evita-cobranca-extra-na-conta-de-luz-pelo-8o-mes-seguido\/#primaryimage"},"image":{"@id":"https:\/\/portalnpm.com\/index.php\/2022\/11\/26\/aneel-mantem-bandeira-verde-e-evita-cobranca-extra-na-conta-de-luz-pelo-8o-mes-seguido\/#primaryimage"},"thumbnailUrl":"","datePublished":"2022-11-26T22:45:44+00:00","dateModified":"2022-11-26T22:45:44+00:00","author":{"@id":"https:\/\/portalnpm.com\/#\/schema\/person\/49313e563cfdefcc167f1ee4c017c294"},"breadcrumb":{"@id":"https:\/\/portalnpm.com\/index.php\/2022\/11\/26\/aneel-mantem-bandeira-verde-e-evita-cobranca-extra-na-conta-de-luz-pelo-8o-mes-seguido\/#breadcrumb"},"inLanguage":"pt-BR","potentialAction":[{"@type":"ReadAction","target":["https:\/\/portalnpm.com\/index.php\/2022\/11\/26\/aneel-mantem-bandeira-verde-e-evita-cobranca-extra-na-conta-de-luz-pelo-8o-mes-seguido\/"]}]},{"@type":"ImageObject","inLanguage":"pt-BR","@id":"https:\/\/portalnpm.com\/index.php\/2022\/11\/26\/aneel-mantem-bandeira-verde-e-evita-cobranca-extra-na-conta-de-luz-pelo-8o-mes-seguido\/#primaryimage","url":"","contentUrl":""},{"@type":"BreadcrumbList","@id":"https:\/\/portalnpm.com\/index.php\/2022\/11\/26\/aneel-mantem-bandeira-verde-e-evita-cobranca-extra-na-conta-de-luz-pelo-8o-mes-seguido\/#breadcrumb","itemListElement":[{"@type":"ListItem","position":1,"name":"In\u00edcio","item":"https:\/\/portalnpm.com\/"},{"@type":"ListItem","position":2,"name":"Aneel mant\u00e9m bandeira verde e evita cobran\u00e7a extra na conta de luz pelo 8\u00ba m\u00eas seguido"}]},{"@type":"WebSite","@id":"https:\/\/portalnpm.com\/#website","url":"https:\/\/portalnpm.com\/","name":"Portal NPM","description":"Not\u00edcias em Primeira M\u00e3o","potentialAction":[{"@type":"SearchAction","target":{"@type":"EntryPoint","urlTemplate":"https:\/\/portalnpm.com\/?s={search_term_string}"},"query-input":"required name=search_term_string"}],"inLanguage":"pt-BR"},{"@type":"Person","@id":"https:\/\/portalnpm.com\/#\/schema\/person\/49313e563cfdefcc167f1ee4c017c294","name":"Genival Barbosa","image":{"@type":"ImageObject","inLanguage":"pt-BR","@id":"https:\/\/portalnpm.com\/#\/schema\/person\/image\/","url":"https:\/\/portalnpm.com\/wp-content\/uploads\/2024\/02\/avatar_user_2_1707743258-96x96.jpeg","contentUrl":"https:\/\/portalnpm.com\/wp-content\/uploads\/2024\/02\/avatar_user_2_1707743258-96x96.jpeg","caption":"Genival Barbosa"},"url":"https:\/\/portalnpm.com\/index.php\/author\/genival\/"}]}},"jetpack_sharing_enabled":true,"jetpack_featured_media_url":"","_links":{"self":[{"href":"https:\/\/portalnpm.com\/index.php\/wp-json\/wp\/v2\/posts\/44215"}],"collection":[{"href":"https:\/\/portalnpm.com\/index.php\/wp-json\/wp\/v2\/posts"}],"about":[{"href":"https:\/\/portalnpm.com\/index.php\/wp-json\/wp\/v2\/types\/post"}],"author":[{"embeddable":true,"href":"https:\/\/portalnpm.com\/index.php\/wp-json\/wp\/v2\/users\/2"}],"replies":[{"embeddable":true,"href":"https:\/\/portalnpm.com\/index.php\/wp-json\/wp\/v2\/comments?post=44215"}],"version-history":[{"count":0,"href":"https:\/\/portalnpm.com\/index.php\/wp-json\/wp\/v2\/posts\/44215\/revisions"}],"wp:featuredmedia":[{"embeddable":true,"href":"https:\/\/portalnpm.com\/index.php\/wp-json\/"}],"wp:attachment":[{"href":"https:\/\/portalnpm.com\/index.php\/wp-json\/wp\/v2\/media?parent=44215"}],"wp:term":[{"taxonomy":"category","embeddable":true,"href":"https:\/\/portalnpm.com\/index.php\/wp-json\/wp\/v2\/categories?post=44215"},{"taxonomy":"post_tag","embeddable":true,"href":"https:\/\/portalnpm.com\/index.php\/wp-json\/wp\/v2\/tags?post=44215"}],"curies":[{"name":"wp","href":"https:\/\/api.w.org\/{rel}","templated":true}]}}