{"id":44469,"date":"2022-12-12T19:13:43","date_gmt":"2022-12-12T22:13:43","guid":{"rendered":"https:\/\/portalnpm.com\/?p=44469"},"modified":"2022-12-12T19:13:43","modified_gmt":"2022-12-12T22:13:43","slug":"prefeito-toninho-da-caridade-e-eleito-presidente-da-appm-com-104-votos-veja","status":"publish","type":"post","link":"https:\/\/portalnpm.com\/index.php\/2022\/12\/12\/prefeito-toninho-da-caridade-e-eleito-presidente-da-appm-com-104-votos-veja\/","title":{"rendered":"Prefeito Toninho da Caridade \u00e9 eleito presidente da APPM com 104 votos; veja!"},"content":{"rendered":"<p style=\"text-align: justify;\">Prefeito do munic\u00edpio de Caridade do Piau\u00ed, Toninho Caridade (PSD) foi eleito presidente da Associa\u00e7\u00e3o Piauiense de Munic\u00edpios (APPM) nesta segunda-feira (12) com 104 votos. Ele derrotou o prefeito de Francin\u00f3polis e atual mandat\u00e1rio da entidade, Paulo C\u00e9sar (PP), que obteve 64 votos.<\/p>\n<p style=\"text-align: justify;\">O resultado do pleito foi divulgado por volta das 17h, no audit\u00f3rio da APPM, localizada no Centro Administrativo de Teresina.\u00a0 Declarado vencedor, Toninho fez quest\u00e3o de defender a uni\u00e3o de prefeitos pela defesa dos munic\u00edpios.<\/p>\n<p style=\"text-align: justify;\">Foto: Renato Andrade\/ Cidadeverde.com<\/p>\n<p style=\"text-align: justify;\"><img decoding=\"async\" src=\"https:\/\/cidadeverde.com\/cdn-cgi\/mirage\/8a7c5893e5ea6a2bd3ddb6125916c7e1005726315d00fcf2cac0a28f7e9100e1\/1280\/https:\/\/cidadeverde.com\/assets\/uploads\/noticias\/771eb30c55317d4ea20d1c11414e1a0c.jpg\" \/><\/p>\n<p style=\"text-align: justify;\">\u201cTodos os avan\u00e7os do prefeito Paulo C\u00e9sar teve nessa casa a gente vai dar continuidade. A elei\u00e7\u00e3o passou e aqui era s\u00f3 uma discuss\u00e3o de propostas. Agora vamos se unir em um bem comum, que \u00e9 o municipalismo\u201d, declarou o novo presidente da entidade.<\/p>\n<p style=\"text-align: justify;\">Apesar de ter sa\u00eddo derrotado, Paulo C\u00e9sar se disse satisfeito com sua gest\u00e3o no comando da APPM. Em seu discurso, se colocou \u00e0 disposi\u00e7\u00e3o do sucessor, defendeu a independ\u00eancia dos munic\u00edpios\u00a0 e\u00a0<a href=\"https:\/\/cidadeverde.com\/noticias\/382926\/em-eleicao-antecipada-prefeitos-escolhem-novo-presidente-da-appm-hoje\">voltou a criticar o que chamou de interfer\u00eancias na entidade<\/a>.<\/p>\n<p style=\"text-align: justify;\">&#8220;O munic\u00edpio tem a sua autonomia. Os entes federativos, e o munic\u00edpio \u00e9 um ente federativo, \u00e9 aut\u00f4nomo e tem independ\u00eancia em rela\u00e7\u00e3o aos demais. Ent\u00e3o, nenhum presidente pode aceitar abaixar a cabe\u00e7a para algu\u00e9m, o prefeito e seu munic\u00edpio \u00e9 quem tem o voto&#8221;, reiterou o prefeito de Francin\u00f3polis.<\/p>\n<p style=\"text-align: justify;\">Apesar de ter sa\u00eddo derrotado, Paulo C\u00e9sar se disse satisfeito pela administra\u00e7\u00e3o que fez no comando da APPM. Em seu discurso, se colocou \u00e0 disposi\u00e7\u00e3o do sucessor, defendeu a independ\u00eancia dos munic\u00edpios\u00a0 e voltou a criticar o que chamou de interfer\u00eancias na entidade.<\/p>\n<p style=\"text-align: justify;\">&#8220;O munic\u00edpio tem a sua autonomia. Os entes federativos, e o munic\u00edpio \u00e9 um ente federativo, \u00e9 aut\u00f4nomo e tem independ\u00eancia em rela\u00e7\u00e3o aos demais. Ent\u00e3o, nenhum presidente pode aceitar abaixar a cabe\u00e7a para algu\u00e9m, o prefeito e seu munic\u00edpio \u00e9 quem tem o voto&#8221;, reiterou o prefeito de Francin\u00f3polis.<\/p>\n<p style=\"text-align: justify;\">A elei\u00e7\u00e3o para escolha da diretoria da APPM geralmente era realizada no m\u00eas de janeiro, mas desta vez foi antecipada por conta das festas de fim de ano e para facilitar a transi\u00e7\u00e3o. A nova gest\u00e3o tomar\u00e1 posse no dia 1\u00b0 de janeiro de 2023.<\/p>\n<p><strong><em>Flash Breno Moreno<br \/>\nredacao@cidadeverde.com<\/em><\/strong><\/p>\n","protected":false},"excerpt":{"rendered":"<p>Prefeito do munic\u00edpio de Caridade do Piau\u00ed, Toninho Caridade (PSD) foi eleito presidente da Associa\u00e7\u00e3o Piauiense de Munic\u00edpios (APPM) nesta segunda-feira (12) com 104 votos. Ele derrotou o prefeito de Francin\u00f3polis e atual mandat\u00e1rio da entidade, Paulo C\u00e9sar (PP), que obteve 64 votos. O resultado do pleito foi divulgado por volta das 17h, no audit\u00f3rio &hellip;<\/p>\n","protected":false},"author":3,"featured_media":44471,"comment_status":"open","ping_status":"open","sticky":false,"template":"","format":"standard","meta":{"content-type":"","rop_custom_images_group":[],"rop_custom_messages_group":[],"rop_publish_now":"initial","rop_publish_now_accounts":{"facebook_2648258775420054_1618374048415101":""},"rop_publish_now_history":[],"rop_publish_now_status":"pending","footnotes":"","_jetpack_memberships_contains_paid_content":false},"categories":[113,109,130],"tags":[1529,732,1004,1005],"yoast_head":"<!-- This site is optimized with the Yoast SEO plugin v22.3 - https:\/\/yoast.com\/wordpress\/plugins\/seo\/ -->\n<title>Prefeito Toninho da Caridade \u00e9 eleito presidente da APPM com 104 votos; veja! - Portal NPM<\/title>\n<meta name=\"robots\" content=\"index, follow, max-snippet:-1, max-image-preview:large, max-video-preview:-1\" \/>\n<link rel=\"canonical\" href=\"https:\/\/portalnpm.com\/index.php\/2022\/12\/12\/prefeito-toninho-da-caridade-e-eleito-presidente-da-appm-com-104-votos-veja\/\" \/>\n<meta property=\"og:locale\" content=\"pt_BR\" \/>\n<meta property=\"og:type\" content=\"article\" \/>\n<meta property=\"og:title\" content=\"Prefeito Toninho da Caridade \u00e9 eleito presidente da APPM com 104 votos; veja! - Portal NPM\" \/>\n<meta property=\"og:description\" content=\"Prefeito do munic\u00edpio de Caridade do Piau\u00ed, Toninho Caridade (PSD) foi eleito presidente da Associa\u00e7\u00e3o Piauiense de Munic\u00edpios (APPM) nesta segunda-feira (12) com 104 votos. Ele derrotou o prefeito de Francin\u00f3polis e atual mandat\u00e1rio da entidade, Paulo C\u00e9sar (PP), que obteve 64 votos. O resultado do pleito foi divulgado por volta das 17h, no audit\u00f3rio &hellip;\" \/>\n<meta property=\"og:url\" content=\"https:\/\/portalnpm.com\/index.php\/2022\/12\/12\/prefeito-toninho-da-caridade-e-eleito-presidente-da-appm-com-104-votos-veja\/\" \/>\n<meta property=\"og:site_name\" content=\"Portal NPM\" \/>\n<meta property=\"article:published_time\" content=\"2022-12-12T22:13:43+00:00\" \/>\n<meta name=\"author\" content=\"Luis Alberto\" \/>\n<meta name=\"twitter:card\" content=\"summary_large_image\" \/>\n<meta name=\"twitter:label1\" content=\"Escrito por\" \/>\n\t<meta name=\"twitter:data1\" content=\"Luis Alberto\" \/>\n\t<meta name=\"twitter:label2\" content=\"Est. tempo de leitura\" \/>\n\t<meta name=\"twitter:data2\" content=\"2 minutos\" \/>\n<script type=\"application\/ld+json\" class=\"yoast-schema-graph\">{\"@context\":\"https:\/\/schema.org\",\"@graph\":[{\"@type\":\"WebPage\",\"@id\":\"https:\/\/portalnpm.com\/index.php\/2022\/12\/12\/prefeito-toninho-da-caridade-e-eleito-presidente-da-appm-com-104-votos-veja\/\",\"url\":\"https:\/\/portalnpm.com\/index.php\/2022\/12\/12\/prefeito-toninho-da-caridade-e-eleito-presidente-da-appm-com-104-votos-veja\/\",\"name\":\"Prefeito Toninho da Caridade \u00e9 eleito presidente da APPM com 104 votos; veja! - Portal NPM\",\"isPartOf\":{\"@id\":\"https:\/\/portalnpm.com\/#website\"},\"primaryImageOfPage\":{\"@id\":\"https:\/\/portalnpm.com\/index.php\/2022\/12\/12\/prefeito-toninho-da-caridade-e-eleito-presidente-da-appm-com-104-votos-veja\/#primaryimage\"},\"image\":{\"@id\":\"https:\/\/portalnpm.com\/index.php\/2022\/12\/12\/prefeito-toninho-da-caridade-e-eleito-presidente-da-appm-com-104-votos-veja\/#primaryimage\"},\"thumbnailUrl\":\"\",\"datePublished\":\"2022-12-12T22:13:43+00:00\",\"dateModified\":\"2022-12-12T22:13:43+00:00\",\"author\":{\"@id\":\"https:\/\/portalnpm.com\/#\/schema\/person\/5c8006acdf71774cd4e7a5ab98482152\"},\"breadcrumb\":{\"@id\":\"https:\/\/portalnpm.com\/index.php\/2022\/12\/12\/prefeito-toninho-da-caridade-e-eleito-presidente-da-appm-com-104-votos-veja\/#breadcrumb\"},\"inLanguage\":\"pt-BR\",\"potentialAction\":[{\"@type\":\"ReadAction\",\"target\":[\"https:\/\/portalnpm.com\/index.php\/2022\/12\/12\/prefeito-toninho-da-caridade-e-eleito-presidente-da-appm-com-104-votos-veja\/\"]}]},{\"@type\":\"ImageObject\",\"inLanguage\":\"pt-BR\",\"@id\":\"https:\/\/portalnpm.com\/index.php\/2022\/12\/12\/prefeito-toninho-da-caridade-e-eleito-presidente-da-appm-com-104-votos-veja\/#primaryimage\",\"url\":\"\",\"contentUrl\":\"\"},{\"@type\":\"BreadcrumbList\",\"@id\":\"https:\/\/portalnpm.com\/index.php\/2022\/12\/12\/prefeito-toninho-da-caridade-e-eleito-presidente-da-appm-com-104-votos-veja\/#breadcrumb\",\"itemListElement\":[{\"@type\":\"ListItem\",\"position\":1,\"name\":\"In\u00edcio\",\"item\":\"https:\/\/portalnpm.com\/\"},{\"@type\":\"ListItem\",\"position\":2,\"name\":\"Prefeito Toninho da Caridade \u00e9 eleito presidente da APPM com 104 votos; veja!\"}]},{\"@type\":\"WebSite\",\"@id\":\"https:\/\/portalnpm.com\/#website\",\"url\":\"https:\/\/portalnpm.com\/\",\"name\":\"Portal NPM\",\"description\":\"Not\u00edcias em Primeira M\u00e3o\",\"potentialAction\":[{\"@type\":\"SearchAction\",\"target\":{\"@type\":\"EntryPoint\",\"urlTemplate\":\"https:\/\/portalnpm.com\/?s={search_term_string}\"},\"query-input\":\"required name=search_term_string\"}],\"inLanguage\":\"pt-BR\"},{\"@type\":\"Person\",\"@id\":\"https:\/\/portalnpm.com\/#\/schema\/person\/5c8006acdf71774cd4e7a5ab98482152\",\"name\":\"Luis Alberto\",\"image\":{\"@type\":\"ImageObject\",\"inLanguage\":\"pt-BR\",\"@id\":\"https:\/\/portalnpm.com\/#\/schema\/person\/image\/\",\"url\":\"https:\/\/portalnpm.com\/wp-content\/uploads\/2024\/12\/avatar_user_3_1734699769-96x96.jpeg\",\"contentUrl\":\"https:\/\/portalnpm.com\/wp-content\/uploads\/2024\/12\/avatar_user_3_1734699769-96x96.jpeg\",\"caption\":\"Luis Alberto\"},\"description\":\"Editor-geral do Portal NPM, \u00e9 formado como T\u00e9cnico em Seguran\u00e7a do Trabalho pela Escola Metropolitana de Cursos T\u00e9cnicos. Det\u00e9m ainda licenciatura em Educa\u00e7\u00e3o F\u00edsica e bacharelado em Ci\u00eancias Pol\u00edticas, ambos obtidos pela institui\u00e7\u00e3o Anhanguera\/UNOPAR.\",\"url\":\"https:\/\/portalnpm.com\/index.php\/author\/pereira\/\"}]}<\/script>\n<!-- \/ Yoast SEO plugin. -->","yoast_head_json":{"title":"Prefeito Toninho da Caridade \u00e9 eleito presidente da APPM com 104 votos; veja! - Portal NPM","robots":{"index":"index","follow":"follow","max-snippet":"max-snippet:-1","max-image-preview":"max-image-preview:large","max-video-preview":"max-video-preview:-1"},"canonical":"https:\/\/portalnpm.com\/index.php\/2022\/12\/12\/prefeito-toninho-da-caridade-e-eleito-presidente-da-appm-com-104-votos-veja\/","og_locale":"pt_BR","og_type":"article","og_title":"Prefeito Toninho da Caridade \u00e9 eleito presidente da APPM com 104 votos; veja! - Portal NPM","og_description":"Prefeito do munic\u00edpio de Caridade do Piau\u00ed, Toninho Caridade (PSD) foi eleito presidente da Associa\u00e7\u00e3o Piauiense de Munic\u00edpios (APPM) nesta segunda-feira (12) com 104 votos. Ele derrotou o prefeito de Francin\u00f3polis e atual mandat\u00e1rio da entidade, Paulo C\u00e9sar (PP), que obteve 64 votos. O resultado do pleito foi divulgado por volta das 17h, no audit\u00f3rio &hellip;","og_url":"https:\/\/portalnpm.com\/index.php\/2022\/12\/12\/prefeito-toninho-da-caridade-e-eleito-presidente-da-appm-com-104-votos-veja\/","og_site_name":"Portal NPM","article_published_time":"2022-12-12T22:13:43+00:00","author":"Luis Alberto","twitter_card":"summary_large_image","twitter_misc":{"Escrito por":"Luis Alberto","Est. tempo de leitura":"2 minutos"},"schema":{"@context":"https:\/\/schema.org","@graph":[{"@type":"WebPage","@id":"https:\/\/portalnpm.com\/index.php\/2022\/12\/12\/prefeito-toninho-da-caridade-e-eleito-presidente-da-appm-com-104-votos-veja\/","url":"https:\/\/portalnpm.com\/index.php\/2022\/12\/12\/prefeito-toninho-da-caridade-e-eleito-presidente-da-appm-com-104-votos-veja\/","name":"Prefeito Toninho da Caridade \u00e9 eleito presidente da APPM com 104 votos; veja! - Portal NPM","isPartOf":{"@id":"https:\/\/portalnpm.com\/#website"},"primaryImageOfPage":{"@id":"https:\/\/portalnpm.com\/index.php\/2022\/12\/12\/prefeito-toninho-da-caridade-e-eleito-presidente-da-appm-com-104-votos-veja\/#primaryimage"},"image":{"@id":"https:\/\/portalnpm.com\/index.php\/2022\/12\/12\/prefeito-toninho-da-caridade-e-eleito-presidente-da-appm-com-104-votos-veja\/#primaryimage"},"thumbnailUrl":"","datePublished":"2022-12-12T22:13:43+00:00","dateModified":"2022-12-12T22:13:43+00:00","author":{"@id":"https:\/\/portalnpm.com\/#\/schema\/person\/5c8006acdf71774cd4e7a5ab98482152"},"breadcrumb":{"@id":"https:\/\/portalnpm.com\/index.php\/2022\/12\/12\/prefeito-toninho-da-caridade-e-eleito-presidente-da-appm-com-104-votos-veja\/#breadcrumb"},"inLanguage":"pt-BR","potentialAction":[{"@type":"ReadAction","target":["https:\/\/portalnpm.com\/index.php\/2022\/12\/12\/prefeito-toninho-da-caridade-e-eleito-presidente-da-appm-com-104-votos-veja\/"]}]},{"@type":"ImageObject","inLanguage":"pt-BR","@id":"https:\/\/portalnpm.com\/index.php\/2022\/12\/12\/prefeito-toninho-da-caridade-e-eleito-presidente-da-appm-com-104-votos-veja\/#primaryimage","url":"","contentUrl":""},{"@type":"BreadcrumbList","@id":"https:\/\/portalnpm.com\/index.php\/2022\/12\/12\/prefeito-toninho-da-caridade-e-eleito-presidente-da-appm-com-104-votos-veja\/#breadcrumb","itemListElement":[{"@type":"ListItem","position":1,"name":"In\u00edcio","item":"https:\/\/portalnpm.com\/"},{"@type":"ListItem","position":2,"name":"Prefeito Toninho da Caridade \u00e9 eleito presidente da APPM com 104 votos; veja!"}]},{"@type":"WebSite","@id":"https:\/\/portalnpm.com\/#website","url":"https:\/\/portalnpm.com\/","name":"Portal NPM","description":"Not\u00edcias em Primeira M\u00e3o","potentialAction":[{"@type":"SearchAction","target":{"@type":"EntryPoint","urlTemplate":"https:\/\/portalnpm.com\/?s={search_term_string}"},"query-input":"required name=search_term_string"}],"inLanguage":"pt-BR"},{"@type":"Person","@id":"https:\/\/portalnpm.com\/#\/schema\/person\/5c8006acdf71774cd4e7a5ab98482152","name":"Luis Alberto","image":{"@type":"ImageObject","inLanguage":"pt-BR","@id":"https:\/\/portalnpm.com\/#\/schema\/person\/image\/","url":"https:\/\/portalnpm.com\/wp-content\/uploads\/2024\/12\/avatar_user_3_1734699769-96x96.jpeg","contentUrl":"https:\/\/portalnpm.com\/wp-content\/uploads\/2024\/12\/avatar_user_3_1734699769-96x96.jpeg","caption":"Luis Alberto"},"description":"Editor-geral do Portal NPM, \u00e9 formado como T\u00e9cnico em Seguran\u00e7a do Trabalho pela Escola Metropolitana de Cursos T\u00e9cnicos. Det\u00e9m ainda licenciatura em Educa\u00e7\u00e3o F\u00edsica e bacharelado em Ci\u00eancias Pol\u00edticas, ambos obtidos pela institui\u00e7\u00e3o Anhanguera\/UNOPAR.","url":"https:\/\/portalnpm.com\/index.php\/author\/pereira\/"}]}},"jetpack_sharing_enabled":true,"jetpack_featured_media_url":"","_links":{"self":[{"href":"https:\/\/portalnpm.com\/index.php\/wp-json\/wp\/v2\/posts\/44469"}],"collection":[{"href":"https:\/\/portalnpm.com\/index.php\/wp-json\/wp\/v2\/posts"}],"about":[{"href":"https:\/\/portalnpm.com\/index.php\/wp-json\/wp\/v2\/types\/post"}],"author":[{"embeddable":true,"href":"https:\/\/portalnpm.com\/index.php\/wp-json\/wp\/v2\/users\/3"}],"replies":[{"embeddable":true,"href":"https:\/\/portalnpm.com\/index.php\/wp-json\/wp\/v2\/comments?post=44469"}],"version-history":[{"count":0,"href":"https:\/\/portalnpm.com\/index.php\/wp-json\/wp\/v2\/posts\/44469\/revisions"}],"wp:featuredmedia":[{"embeddable":true,"href":"https:\/\/portalnpm.com\/index.php\/wp-json\/"}],"wp:attachment":[{"href":"https:\/\/portalnpm.com\/index.php\/wp-json\/wp\/v2\/media?parent=44469"}],"wp:term":[{"taxonomy":"category","embeddable":true,"href":"https:\/\/portalnpm.com\/index.php\/wp-json\/wp\/v2\/categories?post=44469"},{"taxonomy":"post_tag","embeddable":true,"href":"https:\/\/portalnpm.com\/index.php\/wp-json\/wp\/v2\/tags?post=44469"}],"curies":[{"name":"wp","href":"https:\/\/api.w.org\/{rel}","templated":true}]}}