{"id":44622,"date":"2022-12-31T15:47:08","date_gmt":"2022-12-31T18:47:08","guid":{"rendered":"https:\/\/portalnpm.com\/?p=44622"},"modified":"2022-12-31T15:47:08","modified_gmt":"2022-12-31T18:47:08","slug":"novo-governo-tera-11-ministerios-comandados-por-mulheres","status":"publish","type":"post","link":"https:\/\/portalnpm.com\/index.php\/2022\/12\/31\/novo-governo-tera-11-ministerios-comandados-por-mulheres\/","title":{"rendered":"Novo governo ter\u00e1 11 minist\u00e9rios comandados por mulheres"},"content":{"rendered":"<div class=\"post-item alt-font\">\n<div class=\"post-item-wrap\">\n<p style=\"text-align: justify;\">O presidente eleito Luiz In\u00e1cio Lula da Silva concluiu esta semana a composi\u00e7\u00e3o da Esplanada dos Minist\u00e9rios de seu\u00a0pr\u00f3ximo governo. De um total de 37 pastas, 11 ser\u00e3o comandadas por mulheres. Quando ainda estava em campanha, Lula j\u00e1 havia se comprometido a aumentar a participa\u00e7\u00e3o feminina no governo.<img decoding=\"async\" src=\"https:\/\/agenciabrasil.ebc.com.br\/ebc.png?id=1500686&amp;o=node\" \/><img decoding=\"async\" src=\"https:\/\/agenciabrasil.ebc.com.br\/ebc.gif?id=1500686&amp;o=node\" \/><\/p>\n<p style=\"text-align: justify;\">\n<p style=\"text-align: justify;\">\n<p style=\"text-align: justify;\">As seis primeiras ministras foram anunciadas pelo presidente eleito ao longo das duas \u00faltimas semanas: Luciana Santos vai chefiar Ci\u00eancia e Tecnologia; N\u00edsia Trindade, a Sa\u00fade; Margareth Menezes, a Cultura; Cida Gon\u00e7alves, o Minist\u00e9rio da Mulher; Anielle Franco, a Igualdade Racial; e Esther Dweck, o Minist\u00e9rio da Gest\u00e3o.<\/p>\n<p style=\"text-align: justify;\">Outras cinco ministras foram oficializadas por Lula nesta\u00a0quinta-feira (29): Simone Tebet assume o Planejamento; Marina Silva, o Meio Ambiente; S\u00f4nia Guajajara, o Minist\u00e9rio dos Povos Ind\u00edgenas; Ana Moser, o Esporte; e Daniela do Waguinho, o Turismo. Todas devem assumir seus postos no pr\u00f3ximo\u00a0domingo\u00a0(1\u00ba).<\/p>\n<h2 style=\"text-align: justify;\">Perfis<\/h2>\n<div class=\"dnd-widget-wrapper context-medio_4colunas type-image atom-align-left\" style=\"text-align: justify;\">\n<div class=\"dnd-atom-rendered\">\n<div class=\"shadow overflow-hidden rounded-lg d-block zoom-on-hover-sm shadow-hover w-100\"><img decoding=\"async\" class=\"flex-fill img-cover\" title=\"Marcelo Camargo\/Ag\u00eancia Brasil\" src=\"https:\/\/imagens.ebc.com.br\/kc4iL57VzWv5KVDWoASx-bRtrQk=\/365x0\/smart\/https:\/\/agenciabrasil.ebc.com.br\/sites\/default\/files\/thumbnails\/image\/lula-ministros2_mcamgo_abr_221220221818-8.jpg?itok=Ej0Yh91v\" alt=\"O presidente eleito, Luiz In\u00e1cio Lula da Silva, e a futura ministra da Ci\u00eancia e Tecnologia, Luciana Santos, durante an\u00fancio de novos ministros que compor\u00e3o o governo.\" \/><\/div>\n<\/div>\n<div class=\"dnd-caption-wrapper\">\n<div class=\"meta\"><em>O presidente eleito, Luiz In\u00e1cio Lula da Silva, e a futura ministra da Ci\u00eancia e Tecnologia, Luciana <\/em><\/div>\n<div class=\"meta\"><em>Santos. &#8211;\u00a0<strong>Marcelo Camargo\/Ag\u00eancia Brasil<\/strong><\/em><\/div>\n<\/div>\n<\/div>\n<p>&nbsp;<\/p>\n<p style=\"text-align: justify;\"><strong>Luciana Santos<\/strong>, nova ministra da Ci\u00eancia e Tecnologia,\u00a0\u00e9 presidente nacional do PCdoB e vice-governadora de Pernambuco.<\/p>\n<p style=\"text-align: justify;\">Engenheira eletricista formada pela Universidade Federal de Pernambuco (UFPE), foi secret\u00e1ria estadual de Ci\u00eancia, Tecnologia e Meio Ambiente e, como deputada federal, integrou a Comiss\u00e3o de Ci\u00eancia e Tecnologia. Ser\u00e1 a primeira mulher a ocupar o cargo de ministra da Ci\u00eancia e Tecnologia.<\/p>\n<div class=\"dnd-widget-wrapper context-medio_4colunas type-image atom-align-left\" style=\"text-align: justify;\">\n<div class=\"dnd-atom-rendered\">\n<div class=\"shadow overflow-hidden rounded-lg d-block zoom-on-hover-sm shadow-hover w-100\"><img decoding=\"async\" class=\"flex-fill img-cover\" title=\"Fernando Fraz\u00e3o\/Ag\u00eancia Brasil\" src=\"https:\/\/imagens.ebc.com.br\/SStJ4aMgdD1xprWEWwqJ0zLSh4c=\/365x0\/smart\/https:\/\/agenciabrasil.ebc.com.br\/sites\/default\/files\/thumbnails\/image\/fiocruz_completa_122_anos_ffraz_abr_190522_9.jpg?itok=lCWISwpR\" alt=\"A presidente da Funda\u00e7\u00e3o Oswaldo Cruz (Fiocruz), N\u00edsia Trindade, lan\u00e7a a exposi\u00e7\u00e3o interativa e acess\u00edvel Vida e sa\u00fade: rela\u00e7\u00f5es (in)vis\u00edveis, no Museu da Vida, em Manguinhos.\" \/><\/div>\n<\/div>\n<div class=\"dnd-caption-wrapper\">\n<div class=\"meta\"><em>A presidente da Funda\u00e7\u00e3o Oswaldo Cruz (Fiocruz), N\u00edsia Trindade &#8211;\u00a0<strong>Fernando Fraz\u00e3o\/Arquivo Ag\u00eancia Brasil<\/strong><\/em><\/div>\n<\/div>\n<\/div>\n<p style=\"text-align: justify;\">\n<p style=\"text-align: justify;\"><strong>N\u00edsia Trindade<\/strong>\u00a0\u00e9 presidente da Funda\u00e7\u00e3o Oswaldo Cruz (Fiocruz) desde 2017. Doutora em sociologia e\u00a0mestre em ci\u00eancia pol\u00edtica pelo Instituto Universit\u00e1rio de Pesquisas do Rio\u00a0de Janeiro, ela \u00e9 graduada em Ci\u00eancias Sociais pela Universidade do Estado do Rio\u00a0de Janeiro. N\u00edsia liderou as a\u00e7\u00f5es da Fiocruz no enfrentamento da pandemia de covid-19 no Brasil e, no novo governo, assume o Minist\u00e9rio da Sa\u00fade.<\/p>\n<p style=\"text-align: justify;\">\n<div class=\"dnd-widget-wrapper context-medio_4colunas type-image atom-align-left\" style=\"text-align: justify;\">\n<div class=\"dnd-atom-rendered\">\n<div class=\"shadow overflow-hidden rounded-lg d-block zoom-on-hover-sm shadow-hover w-100\"><img decoding=\"async\" class=\"flex-fill img-cover\" title=\"Antonio\" src=\"https:\/\/imagens.ebc.com.br\/HXXWEX6TyeX7Qx9P4SfXkIrrNks=\/365x0\/smart\/https:\/\/agenciabrasil.ebc.com.br\/sites\/default\/files\/thumbnails\/image\/margareth_menezes_da_purificacao_antcrz_abr_1312222891.jpg?itok=85wkOSsw\" alt=\"A cantora Margareth Menezes da Purifica\u00e7\u00e3o, fala \u00e0 imprensa no CCBB Bras\u00edlia\" \/><\/div>\n<\/div>\n<div class=\"dnd-caption-wrapper\">\n<div class=\"meta\"><em>A cantora Margareth Menezes\u00a0\u00e9 a nova ministra da Cultura &#8211;\u00a0<strong>Antonio<\/strong><\/em><\/div>\n<\/div>\n<\/div>\n<p style=\"text-align: justify;\">\n<p style=\"text-align: justify;\">Nova ministra da Cultura,<strong>\u00a0Margareth Menezes<\/strong>\u00a0\u00e9 cantora e compositora. Come\u00e7ou sua carreira musical em 1986. Em 2002, representou o Brasil na festa de comemora\u00e7\u00e3o da independ\u00eancia do Timor Leste, que reuniu cantores de l\u00edngua lus\u00f3fana.<\/p>\n<p style=\"text-align: justify;\">Em 2003, criou a Associa\u00e7\u00e3o F\u00e1brica Cultural, no intuito de contribuir para a constru\u00e7\u00e3o coletiva do reconhecimento cultural baiano.<\/p>\n<div class=\"dnd-widget-wrapper context-medio_4colunas type-image atom-align-left\" style=\"text-align: justify;\">\n<div class=\"dnd-atom-rendered\">\n<div class=\"shadow overflow-hidden rounded-lg d-block zoom-on-hover-sm shadow-hover w-100\"><img decoding=\"async\" class=\"flex-fill img-cover\" title=\"Marcelo Camargo\/Ag\u00eancia Brasil\" src=\"https:\/\/imagens.ebc.com.br\/5OtNQ89SG2fRWNMBcNzUS5JXJIg=\/365x0\/smart\/https:\/\/agenciabrasil.ebc.com.br\/sites\/default\/files\/thumbnails\/image\/lula-ministros2_mcamgo_abr_221220221818-9.jpg?itok=nwSqMMsY\" alt=\"O presidente eleito, Luiz In\u00e1cio Lula da Silva, e a futura ministra da Mulher, Cida Gon\u00e7alves, durante an\u00fancio de novos ministros que compor\u00e3o o governo.\" \/><\/div>\n<\/div>\n<div class=\"dnd-caption-wrapper\">\n<div class=\"meta\"><em>O presidente eleito, Luiz In\u00e1cio Lula da Silva, e a futura ministra da Mulher, Cida Gon\u00e7alves,. &#8211;\u00a0<strong>Marcelo Camargo\/Ag\u00eancia Brasil<\/strong><\/em><\/div>\n<\/div>\n<\/div>\n<p style=\"text-align: justify;\">\n<p style=\"text-align: justify;\"><strong>Cida Gon\u00e7alves<\/strong>\u00a0\u00e9 ativista dos direitos das mulheres e especialista em g\u00eanero e em viol\u00eancia contra a mulher.<\/p>\n<p style=\"text-align: justify;\">Natural de Campo Grande (MS), \u00e9 formada em publicidade e propaganda e trabalha como consultora em pol\u00edticas p\u00fablicas em g\u00eanero e viol\u00eancia contra a mulher. Nos governos Lula e Dilma, foi secret\u00e1ria Nacional de Enfrentamento \u00e0 Viol\u00eancia contra as Mulheres. Na nova gest\u00e3o, ela assume o Minist\u00e9rio da Mulher.<\/p>\n<div class=\"dnd-widget-wrapper context-medio_4colunas type-image atom-align-left\" style=\"text-align: justify;\">\n<div class=\"dnd-atom-rendered\">\n<div class=\"shadow overflow-hidden rounded-lg d-block zoom-on-hover-sm shadow-hover w-100\"><img decoding=\"async\" class=\"flex-fill img-cover\" title=\"Marcelo Camargo\/Ag\u00eancia Brasil\" src=\"https:\/\/imagens.ebc.com.br\/hkN4oVULfW4hKQ1l-M_XZmuHD9M=\/365x0\/smart\/https:\/\/agenciabrasil.ebc.com.br\/sites\/default\/files\/thumbnails\/image\/lula-ministros2_mcamgo_abr_221220221818-13.jpg?itok=21SMCybp\" alt=\"O presidente eleito, Luiz In\u00e1cio Lula da Silva, e a futura ministra da Igualdade Racial, Anielle Franco, durante an\u00fancio de novos ministros que compor\u00e3o o governo.\" \/><\/div>\n<\/div>\n<div class=\"dnd-caption-wrapper\">\n<div class=\"meta\"><em>O presidente eleito, Luiz In\u00e1cio Lula da Silva, e a futura ministra da Igualdade Racial, Anielle Franco &#8211;\u00a0<strong>Marcelo Camargo\/Ag\u00eancia Brasil<\/strong><\/em><\/div>\n<\/div>\n<\/div>\n<p style=\"text-align: justify;\">\n<p style=\"text-align: justify;\"><strong>Anielle Franco<\/strong>\u00a0\u00e9 educadora, jornalista e escritora. Diretora-executiva do Instituto Marielle Franco, \u00e9 irm\u00e3 da ex-vereadora do Rio\u00a0de Janeiro\u00a0que d\u00e1 nome \u00e0 institui\u00e7\u00e3o e que foi morta a tiros em 2018.<\/p>\n<p style=\"text-align: justify;\">Ativista, encabe\u00e7a o instituto que tem como proposta inspirar, conectar e potencializar mulheres negras, pessoas LGBTQIA+ e perif\u00e9ricas. Vai comandar o Minist\u00e9rio da Igualdade Racial.<\/p>\n<div class=\"dnd-widget-wrapper context-medio_4colunas type-image atom-align-left\" style=\"text-align: justify;\">\n<div class=\"dnd-atom-rendered\">\n<div class=\"shadow overflow-hidden rounded-lg d-block zoom-on-hover-sm shadow-hover w-100\"><img decoding=\"async\" class=\"flex-fill img-cover\" title=\"Marcelo Camargo\/Ag\u00eancia Brasil\" src=\"https:\/\/imagens.ebc.com.br\/XKD4ZUunvTgc7X1WC1E4MF6ZjeI=\/365x0\/smart\/https:\/\/agenciabrasil.ebc.com.br\/sites\/default\/files\/thumbnails\/image\/lula-ministros2_mcamgo_abr_221220221818-6.jpg?itok=IF73spYA\" alt=\"O presidente eleito, Luiz In\u00e1cio Lula da Silva, e a futura ministra da Gest\u00e3o, Esther Dweck, durante an\u00fancio de novos ministros que compor\u00e3o o governo.\" \/><\/div>\n<\/div>\n<div class=\"dnd-caption-wrapper\">\n<div class=\"meta\"><em>O presidente eleito, Luiz In\u00e1cio Lula da Silva, e a futura ministra da Gest\u00e3o, Esther Dweck. &#8211;\u00a0<strong>Marcelo Camargo\/Ag\u00eancia Brasil<\/strong><\/em><\/div>\n<\/div>\n<\/div>\n<p style=\"text-align: justify;\">\n<p style=\"text-align: justify;\"><strong>Esther Dweck<\/strong>\u00a0\u00e9 economista, escritora e professora do Instituto de Economia da Universidade Federal do Rio\u00a0de Janeiro.<\/p>\n<p style=\"text-align: justify;\">Entre junho de 2011 e mar\u00e7o de 2016, atuou no Minist\u00e9rio do Planejamento, Or\u00e7amento e Gest\u00e3o nos cargos de chefe da Assessoria Econ\u00f4mica e secret\u00e1ria de Or\u00e7amento Federal.<\/p>\n<p style=\"text-align: justify;\">Assume o rec\u00e9m-criado Minist\u00e9rio da Gest\u00e3o, fruto da divis\u00e3o do atual Minist\u00e9rio da Economia.<\/p>\n<div class=\"dnd-widget-wrapper context-medio_4colunas type-image atom-align-left\" style=\"text-align: justify;\">\n<div class=\"dnd-atom-rendered\">\n<div class=\"shadow overflow-hidden rounded-lg d-block zoom-on-hover-sm shadow-hover w-100\"><img decoding=\"async\" class=\"flex-fill img-cover\" title=\"Simone Tebet \/ redes sociais\" src=\"https:\/\/imagens.ebc.com.br\/9LiwSr4csbYVjbc788uKnh1ENwY=\/365x0\/smart\/https:\/\/agenciabrasil.ebc.com.br\/sites\/default\/files\/thumbnails\/image\/52369223833_1ef4d8ed00_k.jpg?itok=_A0lQW7K\" alt=\"Simone Tebet participa de sabatina do Estad\u00e3o\/Faap\" \/><\/div>\n<\/div>\n<div class=\"dnd-caption-wrapper\">\n<div class=\"meta\"><em>Simone Tebet assumir\u00e1 o Minist\u00e9rio do Planejamento\u00a0&#8211;\u00a0<strong>Simone Tebet \/ redes sociais<\/strong><\/em><\/div>\n<\/div>\n<\/div>\n<p style=\"text-align: justify;\">\n<p style=\"text-align: justify;\">Nova ministra do Planejamento,<strong>\u00a0Simone Tebet<\/strong>\u00a0\u00e9 advogada, professora e pol\u00edtica brasileira filiada ao MDB. Atualmente, \u00e9 senadora pelo estado de Mato Grosso do Sul, do qual tamb\u00e9m foi deputada estadual, secret\u00e1ria de governo e vice-governadora. Foi presidente da Comiss\u00e3o de Constitui\u00e7\u00e3o e Justi\u00e7a do Senado (bi\u00eanio 2019-2020), considerada uma das mais importantes da Casa.<\/p>\n<div class=\"dnd-widget-wrapper context-medio_4colunas type-image atom-align-left\" style=\"text-align: justify;\">\n<div class=\"dnd-atom-rendered\">\n<div class=\"shadow overflow-hidden rounded-lg d-block zoom-on-hover-sm shadow-hover w-100\"><img decoding=\"async\" class=\"flex-fill img-cover\" title=\"Reprodu\u00e7\u00e3o\/YouTube\" src=\"https:\/\/imagens.ebc.com.br\/kySECZPWhm7aFhzaQ_WbnSXy-x0=\/365x0\/smart\/https:\/\/agenciabrasil.ebc.com.br\/sites\/default\/files\/thumbnails\/image\/lula_e_marina_silva.jpg?itok=UTSJmO1I\" alt=\"O candidato do PT \u00e0 Presid\u00eancia da Rep\u00fablica, Luiz In\u00e1cio Lula da Silva,  concede entrevista \u00e0 imprensa, ao lado da ex-ministra do Meio Ambiente e ex-senadora, Marina Silva  \" \/><\/div>\n<\/div>\n<div class=\"dnd-caption-wrapper\">\n<div class=\"meta\"><em>Marina Silva volta a chefiar o Minist\u00e9rio do Meio Ambiente &#8211;\u00a0<strong>Reprodu\u00e7\u00e3o\/YouTube<\/strong><\/em><\/div>\n<\/div>\n<\/div>\n<p style=\"text-align: justify;\">\n<p style=\"text-align: justify;\"><strong>Marina Silva<\/strong>\u00a0\u00e9 historiadora, professora, psicopedagoga, ambientalista e pol\u00edtica brasileira filiada \u00e0 Rede. \u00a0Ao longo de sua carreira pol\u00edtica, foi senadora\u00a0pelo Acre e ministra do Meio Ambiente\u00a0entre 2003 e 2008. Candidatou-se \u00e0 Presid\u00eancia da Rep\u00fablica em 2010, 2014 e 2018. Em 1996, recebeu o pr\u00eamio Goldman de Meio Ambiente. Volta a comandar a pasta do Meio Ambiente.<\/p>\n<div class=\"dnd-widget-wrapper context-medio_4colunas type-image atom-align-left\" style=\"text-align: justify;\">\n<div class=\"dnd-atom-rendered\">\n<div class=\"shadow overflow-hidden rounded-lg d-block zoom-on-hover-sm shadow-hover w-100\"><img decoding=\"async\" class=\"flex-fill img-cover\" title=\"REUTERS\/Amanda Perobelli\/Direitos Reservados\" src=\"https:\/\/imagens.ebc.com.br\/GUWfxuM_h4JGR4ARfQn04LBDf0A=\/365x0\/smart\/https:\/\/agenciabrasil.ebc.com.br\/sites\/default\/files\/thumbnails\/image\/2022-09-22t170638z_1544984800_rc2slw97j1zb_rtrmadp_3_brazil-election-indigenous_0.jpg?itok=j9_sTWZ-\" alt=\"S\u00f4nia Guajajara\" \/><\/div>\n<\/div>\n<div class=\"dnd-caption-wrapper\">\n<div class=\"meta\"><em>S\u00f4nia Guajajara\u00a0chefiar\u00e1 a rec\u00e9m-criada pasta dos Povos Ind\u00edgenas &#8211;\u00a0<strong>REUTERS\/Amanda Perobelli\/Direitos Reservados<\/strong><\/em><\/div>\n<\/div>\n<\/div>\n<p style=\"text-align: justify;\">\n<p style=\"text-align: justify;\"><strong>S\u00f4nia Guajajara<\/strong>\u00a0\u00e9 l\u00edder indigenista brasileira da Terra Ind\u00edgena Ararib\u00f3ia, no Maranh\u00e3o. Formada em letras e em enfermagem, p\u00f3s-graduada em educa\u00e7\u00e3o especial e deputada federal, foi coordenadora da Articula\u00e7\u00e3o dos Povos Ind\u00edgenas do Brasil e candidata a vice-presidente em 2018 pelo PSOL.<\/p>\n<p style=\"text-align: justify;\">\u00c9 a primeira mulher ind\u00edgena do pa\u00eds a assumir o cargo de ministra. Ela chefiar\u00e1 a rec\u00e9m-criada pasta dos Povos Ind\u00edgenas.<\/p>\n<div class=\"dnd-widget-wrapper context-medio_4colunas type-image atom-align-left\" style=\"text-align: justify;\">\n<div class=\"dnd-atom-rendered\">\n<div class=\"shadow overflow-hidden rounded-lg d-block zoom-on-hover-sm shadow-hover w-100\"><img decoding=\"async\" class=\"flex-fill img-cover\" title=\"Fabio Rodrigues Pozzebom\/Ag\u00eancia Brasil\" src=\"https:\/\/imagens.ebc.com.br\/2BRVPCNLGslK4E2TBOayusHdpIk=\/365x0\/smart\/https:\/\/agenciabrasil.ebc.com.br\/sites\/default\/files\/atoms\/image\/1046907-1_210916mcamg000245.jpg?itok=hUQo0mhA\" alt=\"Bras\u00edlia - A ex-atleta Ana Moser participa de sess\u00e3o solene da C\u00e2mara dos Deputados pela educa\u00e7\u00e3o p\u00fablica de qualidade (Fabio Rodrigues Pozzebom\/Ag\u00eancia Brasil)\" \/><\/div>\n<\/div>\n<div class=\"dnd-caption-wrapper\">\n<div class=\"meta\"><em>A ex-atleta Ana Moser ser\u00e1 a nova ministra do Esporte\u00a0 &#8211;\u00a0<strong>Fabio Rodrigues Pozzebom\/Arquivo Ag\u00eancia Brasil<\/strong><\/em><\/div>\n<\/div>\n<\/div>\n<p style=\"text-align: justify;\">\n<p style=\"text-align: justify;\"><strong>Ana Moser\u00a0<\/strong>\u00e9 ex-atleta, medalhista ol\u00edmpica de v\u00f4lei e empreendedora social. H\u00e1 20 anos, preside o Instituto Esporte e Educa\u00e7\u00e3o, organiza\u00e7\u00e3o da sociedade civil que tem como objetivo implementar a metodologia do esporte educacional em comunidades de baixa renda. Integrou a equipe de transi\u00e7\u00e3o do governo eleito e vai comandar o at\u00e9 ent\u00e3o extinto Minist\u00e9rio dos Esportes.<\/p>\n<div class=\"dnd-widget-wrapper context-medio_4colunas type-image atom-align-left\" style=\"text-align: justify;\">\n<div class=\"dnd-atom-rendered\">\n<div class=\"shadow overflow-hidden rounded-lg d-block zoom-on-hover-sm shadow-hover w-100\"><img decoding=\"async\" class=\"flex-fill img-cover\" title=\"Jos\u00e9 Cruz\/Ag\u00eancia Brasil\" src=\"https:\/\/imagens.ebc.com.br\/NYhma1KcobkFzxVYcB-Yf4ZwGac=\/365x0\/smart\/https:\/\/agenciabrasil.ebc.com.br\/sites\/default\/files\/thumbnails\/image\/ccbb_2912223156.jpg?itok=49iZQPjj\" alt=\"Daniela do Waguinho\" \/><\/div>\n<\/div>\n<div class=\"dnd-caption-wrapper\">\n<div class=\"meta\"><em>Daniela do Waguinho assume o Minist\u00e9rio do Turismo &#8211;\u00a0<strong>Jos\u00e9 Cruz\/Ag\u00eancia Brasil<\/strong><\/em><\/div>\n<\/div>\n<\/div>\n<p style=\"text-align: justify;\">\n<p style=\"text-align: justify;\">Daniela Mot\u00e9 de Souza Carneiro, conhecida como\u00a0<strong>Daniela do Waguinho<\/strong>, \u00e9 pedagoga e deputada federal reeleita pelo Rio\u00a0de Janeiro\u00a0como a mais votada do estado. Filiada ao Uni\u00e3o Brasil e casada com o prefeito de Belford Roxo, na Baixada Fluminense, Wagner dos Santos Carneiro, conhecido como Waguinho, foi secret\u00e1ria municipal de Assist\u00eancia Social e Cidadania. Vai comandar o Minist\u00e9rio do Turismo.<\/p>\n<h2 style=\"text-align: justify;\">Outras mulheres<\/h2>\n<p style=\"text-align: justify;\">O futuro ministro da Fazenda, Fernando Haddad, anunciou nesta\u00a0sexta-feira (30) duas mulheres para presidir os principais bancos p\u00fablicos brasileiros.<\/p>\n<p style=\"text-align: justify;\">Tarciana Medeiros assume o Banco do Brasil e Maria Rita Serrano, a Caixa Econ\u00f4mica. Ambas s\u00e3o funcion\u00e1rias de carreira das institui\u00e7\u00f5es que ir\u00e3o presidir.<\/p>\n<p style=\"text-align: justify;\">Tarciana Medeiros t\u00eam 22 anos de carreira no Banco do Brasil. Agora, torna-se a primeira mulher a presidir o banco\u00a0em mais de 200 anos de hist\u00f3ria da institui\u00e7\u00e3o, que foi fundada ainda na \u00e9poca do Imp\u00e9rio, em 1808. Atualmente, possui cargo de gerente executiva na diretoria de Clientes. Antes,\u00a0foi superintendente comercial da BB Seguridade, subsidi\u00e1ria do banco. Formada em administra\u00e7\u00e3o de empresas, \u00e9 p\u00f3s-graduada em gest\u00e3o,\u00a0marketing, lideran\u00e7a e inova\u00e7\u00e3o.<\/p>\n<p style=\"text-align: justify;\">Rita Serrano tem 33\u00a0anos de Caixa Econ\u00f4mica Federal, sendo a atual representante dos empregados eleita para o Conselho de Administra\u00e7\u00e3o do banco estatal, cargo que ocupa desde 2014. Entre diversas fun\u00e7\u00f5es, foi, de 2006 a 2012, presidente do Sindicato dos Banc\u00e1rios do ABC Paulista. Atualmente, \u00e9 uma das l\u00edderes do movimento de defesa das empresas p\u00fablicas.<\/p>\n<\/div>\n<p class=\"alt-font font-italic my-2 small text-info\" style=\"text-align: justify;\"><em><strong>Fonte: Ag\u00eancia Brasil<\/strong><\/em><\/p>\n<\/div>\n","protected":false},"excerpt":{"rendered":"<p>O presidente eleito Luiz In\u00e1cio Lula da Silva concluiu esta semana a composi\u00e7\u00e3o da Esplanada dos Minist\u00e9rios de seu\u00a0pr\u00f3ximo governo. De um total de 37 pastas, 11 ser\u00e3o comandadas por mulheres. Quando ainda estava em campanha, Lula j\u00e1 havia se comprometido a aumentar a participa\u00e7\u00e3o feminina no governo. As seis primeiras ministras foram anunciadas pelo &hellip;<\/p>\n","protected":false},"author":2,"featured_media":44623,"comment_status":"open","ping_status":"open","sticky":false,"template":"","format":"standard","meta":{"content-type":"","rop_custom_images_group":[],"rop_custom_messages_group":[],"rop_publish_now":"initial","rop_publish_now_accounts":{"facebook_2648258775420054_1618374048415101":""},"rop_publish_now_history":[],"rop_publish_now_status":"pending","footnotes":"","_jetpack_memberships_contains_paid_content":false},"categories":[118],"tags":[524,1105],"yoast_head":"<!-- This site is optimized with the Yoast SEO plugin v22.3 - https:\/\/yoast.com\/wordpress\/plugins\/seo\/ -->\n<title>Novo governo ter\u00e1 11 minist\u00e9rios comandados por mulheres - Portal NPM<\/title>\n<meta name=\"robots\" content=\"index, follow, max-snippet:-1, max-image-preview:large, max-video-preview:-1\" \/>\n<link rel=\"canonical\" href=\"https:\/\/portalnpm.com\/index.php\/2022\/12\/31\/novo-governo-tera-11-ministerios-comandados-por-mulheres\/\" \/>\n<meta property=\"og:locale\" content=\"pt_BR\" \/>\n<meta property=\"og:type\" content=\"article\" \/>\n<meta property=\"og:title\" content=\"Novo governo ter\u00e1 11 minist\u00e9rios comandados por mulheres - Portal NPM\" \/>\n<meta property=\"og:description\" content=\"O presidente eleito Luiz In\u00e1cio Lula da Silva concluiu esta semana a composi\u00e7\u00e3o da Esplanada dos Minist\u00e9rios de seu\u00a0pr\u00f3ximo governo. De um total de 37 pastas, 11 ser\u00e3o comandadas por mulheres. Quando ainda estava em campanha, Lula j\u00e1 havia se comprometido a aumentar a participa\u00e7\u00e3o feminina no governo. As seis primeiras ministras foram anunciadas pelo &hellip;\" \/>\n<meta property=\"og:url\" content=\"https:\/\/portalnpm.com\/index.php\/2022\/12\/31\/novo-governo-tera-11-ministerios-comandados-por-mulheres\/\" \/>\n<meta property=\"og:site_name\" content=\"Portal NPM\" \/>\n<meta property=\"article:published_time\" content=\"2022-12-31T18:47:08+00:00\" \/>\n<meta name=\"author\" content=\"Genival Barbosa\" \/>\n<meta name=\"twitter:card\" content=\"summary_large_image\" \/>\n<meta name=\"twitter:label1\" content=\"Escrito por\" \/>\n\t<meta name=\"twitter:data1\" content=\"Genival Barbosa\" \/>\n\t<meta name=\"twitter:label2\" content=\"Est. tempo de leitura\" \/>\n\t<meta name=\"twitter:data2\" content=\"6 minutos\" \/>\n<script type=\"application\/ld+json\" class=\"yoast-schema-graph\">{\"@context\":\"https:\/\/schema.org\",\"@graph\":[{\"@type\":\"WebPage\",\"@id\":\"https:\/\/portalnpm.com\/index.php\/2022\/12\/31\/novo-governo-tera-11-ministerios-comandados-por-mulheres\/\",\"url\":\"https:\/\/portalnpm.com\/index.php\/2022\/12\/31\/novo-governo-tera-11-ministerios-comandados-por-mulheres\/\",\"name\":\"Novo governo ter\u00e1 11 minist\u00e9rios comandados por mulheres - Portal NPM\",\"isPartOf\":{\"@id\":\"https:\/\/portalnpm.com\/#website\"},\"primaryImageOfPage\":{\"@id\":\"https:\/\/portalnpm.com\/index.php\/2022\/12\/31\/novo-governo-tera-11-ministerios-comandados-por-mulheres\/#primaryimage\"},\"image\":{\"@id\":\"https:\/\/portalnpm.com\/index.php\/2022\/12\/31\/novo-governo-tera-11-ministerios-comandados-por-mulheres\/#primaryimage\"},\"thumbnailUrl\":\"\",\"datePublished\":\"2022-12-31T18:47:08+00:00\",\"dateModified\":\"2022-12-31T18:47:08+00:00\",\"author\":{\"@id\":\"https:\/\/portalnpm.com\/#\/schema\/person\/49313e563cfdefcc167f1ee4c017c294\"},\"breadcrumb\":{\"@id\":\"https:\/\/portalnpm.com\/index.php\/2022\/12\/31\/novo-governo-tera-11-ministerios-comandados-por-mulheres\/#breadcrumb\"},\"inLanguage\":\"pt-BR\",\"potentialAction\":[{\"@type\":\"ReadAction\",\"target\":[\"https:\/\/portalnpm.com\/index.php\/2022\/12\/31\/novo-governo-tera-11-ministerios-comandados-por-mulheres\/\"]}]},{\"@type\":\"ImageObject\",\"inLanguage\":\"pt-BR\",\"@id\":\"https:\/\/portalnpm.com\/index.php\/2022\/12\/31\/novo-governo-tera-11-ministerios-comandados-por-mulheres\/#primaryimage\",\"url\":\"\",\"contentUrl\":\"\"},{\"@type\":\"BreadcrumbList\",\"@id\":\"https:\/\/portalnpm.com\/index.php\/2022\/12\/31\/novo-governo-tera-11-ministerios-comandados-por-mulheres\/#breadcrumb\",\"itemListElement\":[{\"@type\":\"ListItem\",\"position\":1,\"name\":\"In\u00edcio\",\"item\":\"https:\/\/portalnpm.com\/\"},{\"@type\":\"ListItem\",\"position\":2,\"name\":\"Novo governo ter\u00e1 11 minist\u00e9rios comandados por mulheres\"}]},{\"@type\":\"WebSite\",\"@id\":\"https:\/\/portalnpm.com\/#website\",\"url\":\"https:\/\/portalnpm.com\/\",\"name\":\"Portal NPM\",\"description\":\"Not\u00edcias em Primeira M\u00e3o\",\"potentialAction\":[{\"@type\":\"SearchAction\",\"target\":{\"@type\":\"EntryPoint\",\"urlTemplate\":\"https:\/\/portalnpm.com\/?s={search_term_string}\"},\"query-input\":\"required name=search_term_string\"}],\"inLanguage\":\"pt-BR\"},{\"@type\":\"Person\",\"@id\":\"https:\/\/portalnpm.com\/#\/schema\/person\/49313e563cfdefcc167f1ee4c017c294\",\"name\":\"Genival Barbosa\",\"image\":{\"@type\":\"ImageObject\",\"inLanguage\":\"pt-BR\",\"@id\":\"https:\/\/portalnpm.com\/#\/schema\/person\/image\/\",\"url\":\"https:\/\/portalnpm.com\/wp-content\/uploads\/2024\/02\/avatar_user_2_1707743258-96x96.jpeg\",\"contentUrl\":\"https:\/\/portalnpm.com\/wp-content\/uploads\/2024\/02\/avatar_user_2_1707743258-96x96.jpeg\",\"caption\":\"Genival Barbosa\"},\"url\":\"https:\/\/portalnpm.com\/index.php\/author\/genival\/\"}]}<\/script>\n<!-- \/ Yoast SEO plugin. -->","yoast_head_json":{"title":"Novo governo ter\u00e1 11 minist\u00e9rios comandados por mulheres - Portal NPM","robots":{"index":"index","follow":"follow","max-snippet":"max-snippet:-1","max-image-preview":"max-image-preview:large","max-video-preview":"max-video-preview:-1"},"canonical":"https:\/\/portalnpm.com\/index.php\/2022\/12\/31\/novo-governo-tera-11-ministerios-comandados-por-mulheres\/","og_locale":"pt_BR","og_type":"article","og_title":"Novo governo ter\u00e1 11 minist\u00e9rios comandados por mulheres - Portal NPM","og_description":"O presidente eleito Luiz In\u00e1cio Lula da Silva concluiu esta semana a composi\u00e7\u00e3o da Esplanada dos Minist\u00e9rios de seu\u00a0pr\u00f3ximo governo. De um total de 37 pastas, 11 ser\u00e3o comandadas por mulheres. Quando ainda estava em campanha, Lula j\u00e1 havia se comprometido a aumentar a participa\u00e7\u00e3o feminina no governo. As seis primeiras ministras foram anunciadas pelo &hellip;","og_url":"https:\/\/portalnpm.com\/index.php\/2022\/12\/31\/novo-governo-tera-11-ministerios-comandados-por-mulheres\/","og_site_name":"Portal NPM","article_published_time":"2022-12-31T18:47:08+00:00","author":"Genival Barbosa","twitter_card":"summary_large_image","twitter_misc":{"Escrito por":"Genival Barbosa","Est. tempo de leitura":"6 minutos"},"schema":{"@context":"https:\/\/schema.org","@graph":[{"@type":"WebPage","@id":"https:\/\/portalnpm.com\/index.php\/2022\/12\/31\/novo-governo-tera-11-ministerios-comandados-por-mulheres\/","url":"https:\/\/portalnpm.com\/index.php\/2022\/12\/31\/novo-governo-tera-11-ministerios-comandados-por-mulheres\/","name":"Novo governo ter\u00e1 11 minist\u00e9rios comandados por mulheres - Portal NPM","isPartOf":{"@id":"https:\/\/portalnpm.com\/#website"},"primaryImageOfPage":{"@id":"https:\/\/portalnpm.com\/index.php\/2022\/12\/31\/novo-governo-tera-11-ministerios-comandados-por-mulheres\/#primaryimage"},"image":{"@id":"https:\/\/portalnpm.com\/index.php\/2022\/12\/31\/novo-governo-tera-11-ministerios-comandados-por-mulheres\/#primaryimage"},"thumbnailUrl":"","datePublished":"2022-12-31T18:47:08+00:00","dateModified":"2022-12-31T18:47:08+00:00","author":{"@id":"https:\/\/portalnpm.com\/#\/schema\/person\/49313e563cfdefcc167f1ee4c017c294"},"breadcrumb":{"@id":"https:\/\/portalnpm.com\/index.php\/2022\/12\/31\/novo-governo-tera-11-ministerios-comandados-por-mulheres\/#breadcrumb"},"inLanguage":"pt-BR","potentialAction":[{"@type":"ReadAction","target":["https:\/\/portalnpm.com\/index.php\/2022\/12\/31\/novo-governo-tera-11-ministerios-comandados-por-mulheres\/"]}]},{"@type":"ImageObject","inLanguage":"pt-BR","@id":"https:\/\/portalnpm.com\/index.php\/2022\/12\/31\/novo-governo-tera-11-ministerios-comandados-por-mulheres\/#primaryimage","url":"","contentUrl":""},{"@type":"BreadcrumbList","@id":"https:\/\/portalnpm.com\/index.php\/2022\/12\/31\/novo-governo-tera-11-ministerios-comandados-por-mulheres\/#breadcrumb","itemListElement":[{"@type":"ListItem","position":1,"name":"In\u00edcio","item":"https:\/\/portalnpm.com\/"},{"@type":"ListItem","position":2,"name":"Novo governo ter\u00e1 11 minist\u00e9rios comandados por mulheres"}]},{"@type":"WebSite","@id":"https:\/\/portalnpm.com\/#website","url":"https:\/\/portalnpm.com\/","name":"Portal NPM","description":"Not\u00edcias em Primeira M\u00e3o","potentialAction":[{"@type":"SearchAction","target":{"@type":"EntryPoint","urlTemplate":"https:\/\/portalnpm.com\/?s={search_term_string}"},"query-input":"required name=search_term_string"}],"inLanguage":"pt-BR"},{"@type":"Person","@id":"https:\/\/portalnpm.com\/#\/schema\/person\/49313e563cfdefcc167f1ee4c017c294","name":"Genival Barbosa","image":{"@type":"ImageObject","inLanguage":"pt-BR","@id":"https:\/\/portalnpm.com\/#\/schema\/person\/image\/","url":"https:\/\/portalnpm.com\/wp-content\/uploads\/2024\/02\/avatar_user_2_1707743258-96x96.jpeg","contentUrl":"https:\/\/portalnpm.com\/wp-content\/uploads\/2024\/02\/avatar_user_2_1707743258-96x96.jpeg","caption":"Genival Barbosa"},"url":"https:\/\/portalnpm.com\/index.php\/author\/genival\/"}]}},"jetpack_sharing_enabled":true,"jetpack_featured_media_url":"","_links":{"self":[{"href":"https:\/\/portalnpm.com\/index.php\/wp-json\/wp\/v2\/posts\/44622"}],"collection":[{"href":"https:\/\/portalnpm.com\/index.php\/wp-json\/wp\/v2\/posts"}],"about":[{"href":"https:\/\/portalnpm.com\/index.php\/wp-json\/wp\/v2\/types\/post"}],"author":[{"embeddable":true,"href":"https:\/\/portalnpm.com\/index.php\/wp-json\/wp\/v2\/users\/2"}],"replies":[{"embeddable":true,"href":"https:\/\/portalnpm.com\/index.php\/wp-json\/wp\/v2\/comments?post=44622"}],"version-history":[{"count":0,"href":"https:\/\/portalnpm.com\/index.php\/wp-json\/wp\/v2\/posts\/44622\/revisions"}],"wp:featuredmedia":[{"embeddable":true,"href":"https:\/\/portalnpm.com\/index.php\/wp-json\/"}],"wp:attachment":[{"href":"https:\/\/portalnpm.com\/index.php\/wp-json\/wp\/v2\/media?parent=44622"}],"wp:term":[{"taxonomy":"category","embeddable":true,"href":"https:\/\/portalnpm.com\/index.php\/wp-json\/wp\/v2\/categories?post=44622"},{"taxonomy":"post_tag","embeddable":true,"href":"https:\/\/portalnpm.com\/index.php\/wp-json\/wp\/v2\/tags?post=44622"}],"curies":[{"name":"wp","href":"https:\/\/api.w.org\/{rel}","templated":true}]}}