{"id":44649,"date":"2023-01-02T15:54:45","date_gmt":"2023-01-02T18:54:45","guid":{"rendered":"https:\/\/portalnpm.com\/?p=44649"},"modified":"2023-01-02T15:54:45","modified_gmt":"2023-01-02T18:54:45","slug":"posse-de-lula-foi-maior-do-que-o-7-de-setembro-de-bolsonaro-mostra-estimativa","status":"publish","type":"post","link":"https:\/\/portalnpm.com\/index.php\/2023\/01\/02\/posse-de-lula-foi-maior-do-que-o-7-de-setembro-de-bolsonaro-mostra-estimativa\/","title":{"rendered":"Posse de Lula foi maior do que o 7 de Setembro de Bolsonaro, mostra estimativa"},"content":{"rendered":"<h2 class=\"eltdf-post-excerpt\" style=\"text-align: justify;\">O evento reuniu mais pessoas em Bras\u00edlia do que as comemora\u00e7\u00f5es bolsonaristas no ano passado<\/h2>\n<p style=\"text-align: justify;\">A posse do presidente\u00a0<a href=\"https:\/\/www.cartacapital.com.br\/tag\/lula\/\" target=\"_top\" rel=\"noopener\">Lula<\/a>\u00a0(PT), no domingo\u00a01\u00ba, reuniu mais pessoas em Bras\u00edlia do que as comemora\u00e7\u00f5es do \u00faltimo 7 de Setembro promovidas pelo ex-presidente\u00a0<a href=\"https:\/\/www.cartacapital.com.br\/tag\/jair-bolsonaro\/\" target=\"_top\" rel=\"noopener\">Jair Bolsonaro<\/a> (PL) na capital federal.<\/p>\n<p style=\"text-align: justify;\">De acordo com o site\u00a0<em>Poder360<\/em>, que fez estimativas a partir de imagens a\u00e9reas da Esplanada dos Minist\u00e9rios e da Pra\u00e7a dos Tr\u00eas Poderes, o evento de ontem teve de 150 mil a 170 mil pessoas.<\/p>\n<div class=\"amp-hidden\" style=\"text-align: justify;\"><\/div>\n<p style=\"text-align: justify;\"><iframe class=\"i-amphtml-fill-content\" title=\"Advertisement\" src=\"https:\/\/d-2234030603709457796.ampproject.net\/2211302304002\/frame.html\" name=\"{&quot;host&quot;:&quot;d-2234030603709457796.ampproject.net&quot;,&quot;bootstrap&quot;:&quot;https:\/\/3p.ampproject.net\/2211302304002\/vendor\/teads.mjs&quot;,&quot;type&quot;:&quot;teads&quot;,&quot;count&quot;:1,&quot;attributes&quot;:{&quot;pid&quot;:&quot;68207&quot;,&quot;ampSlotIndex&quot;:&quot;1&quot;,&quot;width&quot;:300,&quot;height&quot;:1,&quot;_context&quot;:{&quot;ampcontextVersion&quot;:&quot;2211302304002&quot;,&quot;ampcontextFilepath&quot;:&quot;https:\/\/3p.ampproject.net\/2211302304002\/ampcontext-v0.js&quot;,&quot;sourceUrl&quot;:&quot;https:\/\/www.cartacapital.com.br\/cartaexpressa\/posse-de-lula-foi-maior-do-que-o-7-de-setembro-de-bolsonaro-mostra-estimativa\/amp\/#amp_tf=De%20%251%24s&amp;aoh=16726764199524&amp;csi=0&amp;referrer=https%3A%2F%2Fwww.google.com&amp;ampshare=https%3A%2F%2Fwww.cartacapital.com.br%2Fcartaexpressa%2Fposse-de-lula-foi-maior-do-que-o-7-de-setembro-de-bolsonaro-mostra-estimativa%2F&quot;,&quot;referrer&quot;:&quot;android-app:\/\/com.google.android.googlequicksearchbox\/&quot;,&quot;canonicalUrl&quot;:&quot;https:\/\/www.cartacapital.com.br\/cartaexpressa\/posse-de-lula-foi-maior-do-que-o-7-de-setembro-de-bolsonaro-mostra-estimativa\/&quot;,&quot;pageViewId&quot;:&quot;5757&quot;,&quot;location&quot;:{&quot;href&quot;:&quot;https:\/\/www-cartacapital-com-br.cdn.ampproject.org\/v\/s\/www.cartacapital.com.br\/cartaexpressa\/posse-de-lula-foi-maior-do-que-o-7-de-setembro-de-bolsonaro-mostra-estimativa\/amp\/?amp_gsa=1&amp;amp_js_v=a9&amp;usqp=mq331AQIKAGwASCAAgM%3D#amp_tf=De%20%251%24s&amp;aoh=16726764199524&amp;csi=0&amp;referrer=https%3A%2F%2Fwww.google.com&amp;ampshare=https%3A%2F%2Fwww.cartacapital.com.br%2Fcartaexpressa%2Fposse-de-lula-foi-maior-do-que-o-7-de-setembro-de-bolsonaro-mostra-estimativa%2F&quot;},&quot;startTime&quot;:1672685555500,&quot;tagName&quot;:&quot;AMP-AD&quot;,&quot;mode&quot;:{&quot;localDev&quot;:false,&quot;development&quot;:false,&quot;esm&quot;:true,&quot;test&quot;:false,&quot;rtvVersion&quot;:&quot;012211302304002&quot;},&quot;canary&quot;:false,&quot;hidden&quot;:false,&quot;initialLayoutRect&quot;:{&quot;left&quot;:16,&quot;top&quot;:1533,&quot;width&quot;:469,&quot;height&quot;:2},&quot;domFingerprint&quot;:&quot;422834774&quot;,&quot;experimentToggles&quot;:{&quot;canary&quot;:false,&quot;a4aProfilingRate&quot;:false,&quot;doubleclickSraExp&quot;:false,&quot;doubleclickSraReportExcludedBlock&quot;:false,&quot;flexAdSlots&quot;:false,&quot;flexible-bitrate&quot;:false,&quot;ios-fixed-no-transfer&quot;:false,&quot;story-ad-placements&quot;:false,&quot;story-disable-animations-first-page&quot;:true,&quot;story-load-inactive-outside-viewport&quot;:true,&quot;amp-sticky-ad-to-amp-ad-v4&quot;:false,&quot;story-video-cache-apply-audio&quot;:false,&quot;amp-story-subscriptions&quot;:true,&quot;esm&quot;:true,&quot;amp-story-first-page-max-bitrate&quot;:true,&quot;story-load-first-page-only&quot;:true,&quot;story-ad-page-outlink&quot;:false,&quot;amp-geo-ssr&quot;:true,&quot;story-remote-localization&quot;:true},&quot;sentinel&quot;:&quot;0-1746940547388793114&quot;,&quot;clientId&quot;:null,&quot;container&quot;:null,&quot;initialConsentState&quot;:null,&quot;consentSharedData&quot;:null,&quot;initialConsentValue&quot;:null,&quot;initialConsentMetadata&quot;:null,&quot;pageViewId64&quot;:&quot;sZm13PsIv7KLwuAr76kG9Q&quot;,&quot;initialIntersection&quot;:{&quot;time&quot;:3888.399999976158,&quot;rootBounds&quot;:{&quot;left&quot;:0,&quot;top&quot;:0,&quot;width&quot;:501,&quot;height&quot;:954,&quot;bottom&quot;:954,&quot;right&quot;:501,&quot;x&quot;:0,&quot;y&quot;:0},&quot;boundingClientRect&quot;:{&quot;left&quot;:16,&quot;top&quot;:1065.521728515625,&quot;width&quot;:469,&quot;height&quot;:2,&quot;bottom&quot;:1067.521728515625,&quot;right&quot;:485,&quot;x&quot;:16,&quot;y&quot;:1065.521728515625},&quot;intersectionRect&quot;:{&quot;left&quot;:0,&quot;top&quot;:0,&quot;width&quot;:0,&quot;height&quot;:0,&quot;bottom&quot;:0,&quot;right&quot;:0,&quot;x&quot;:0,&quot;y&quot;:0},&quot;intersectionRatio&quot;:0}},&quot;type&quot;:&quot;teads&quot;}}\" width=\"300\" height=\"1\" scrolling=\"no\" sandbox=\"allow-top-navigation-by-user-activation allow-popups-to-escape-sandbox allow-forms allow-modals allow-pointer-lock allow-popups allow-same-origin allow-scripts\" data-amp-3p-sentinel=\"0-1746940547388793114\" data-mce-fragment=\"1\"><\/iframe><\/p>\n<p style=\"text-align: justify;\">J\u00e1 o 7 de Setembro bolsonarista contou com pouco mais de 100 mil apoiadores do ex-presidente.<\/p>\n<p style=\"text-align: justify;\">Um forte esquema de seguran\u00e7a foi montado para a posse do petista. Em frente ao Pal\u00e1cio do Planalto o p\u00fablico foi limitado a 30 mil pessoas.<\/p>\n<p style=\"text-align: justify;\"><strong>Fonte: Carta Capital\u00a0<\/strong><\/p>\n","protected":false},"excerpt":{"rendered":"<p>O evento reuniu mais pessoas em Bras\u00edlia do que as comemora\u00e7\u00f5es bolsonaristas no ano passado A posse do presidente\u00a0Lula\u00a0(PT), no domingo\u00a01\u00ba, reuniu mais pessoas em Bras\u00edlia do que as comemora\u00e7\u00f5es do \u00faltimo 7 de Setembro promovidas pelo ex-presidente\u00a0Jair Bolsonaro (PL) na capital federal. De acordo com o site\u00a0Poder360, que fez estimativas a partir de imagens &hellip;<\/p>\n","protected":false},"author":3,"featured_media":44652,"comment_status":"open","ping_status":"open","sticky":false,"template":"","format":"standard","meta":{"content-type":"","rop_custom_images_group":[],"rop_custom_messages_group":[],"rop_publish_now":"initial","rop_publish_now_accounts":{"facebook_2648258775420054_1618374048415101":""},"rop_publish_now_history":[],"rop_publish_now_status":"pending","footnotes":"","_jetpack_memberships_contains_paid_content":false},"categories":[113,130],"tags":[536,1643,702],"yoast_head":"<!-- This site is optimized with the Yoast SEO plugin v22.3 - https:\/\/yoast.com\/wordpress\/plugins\/seo\/ -->\n<title>Posse de Lula foi maior do que o 7 de Setembro de Bolsonaro, mostra estimativa - Portal NPM<\/title>\n<meta name=\"robots\" content=\"index, follow, max-snippet:-1, max-image-preview:large, max-video-preview:-1\" \/>\n<link rel=\"canonical\" href=\"https:\/\/portalnpm.com\/index.php\/2023\/01\/02\/posse-de-lula-foi-maior-do-que-o-7-de-setembro-de-bolsonaro-mostra-estimativa\/\" \/>\n<meta property=\"og:locale\" content=\"pt_BR\" \/>\n<meta property=\"og:type\" content=\"article\" \/>\n<meta property=\"og:title\" content=\"Posse de Lula foi maior do que o 7 de Setembro de Bolsonaro, mostra estimativa - Portal NPM\" \/>\n<meta property=\"og:description\" content=\"O evento reuniu mais pessoas em Bras\u00edlia do que as comemora\u00e7\u00f5es bolsonaristas no ano passado A posse do presidente\u00a0Lula\u00a0(PT), no domingo\u00a01\u00ba, reuniu mais pessoas em Bras\u00edlia do que as comemora\u00e7\u00f5es do \u00faltimo 7 de Setembro promovidas pelo ex-presidente\u00a0Jair Bolsonaro (PL) na capital federal. De acordo com o site\u00a0Poder360, que fez estimativas a partir de imagens &hellip;\" \/>\n<meta property=\"og:url\" content=\"https:\/\/portalnpm.com\/index.php\/2023\/01\/02\/posse-de-lula-foi-maior-do-que-o-7-de-setembro-de-bolsonaro-mostra-estimativa\/\" \/>\n<meta property=\"og:site_name\" content=\"Portal NPM\" \/>\n<meta property=\"article:published_time\" content=\"2023-01-02T18:54:45+00:00\" \/>\n<meta name=\"author\" content=\"Luis Alberto\" \/>\n<meta name=\"twitter:card\" content=\"summary_large_image\" \/>\n<meta name=\"twitter:label1\" content=\"Escrito por\" \/>\n\t<meta name=\"twitter:data1\" content=\"Luis Alberto\" \/>\n\t<meta name=\"twitter:label2\" content=\"Est. tempo de leitura\" \/>\n\t<meta name=\"twitter:data2\" content=\"1 minuto\" \/>\n<script type=\"application\/ld+json\" class=\"yoast-schema-graph\">{\"@context\":\"https:\/\/schema.org\",\"@graph\":[{\"@type\":\"WebPage\",\"@id\":\"https:\/\/portalnpm.com\/index.php\/2023\/01\/02\/posse-de-lula-foi-maior-do-que-o-7-de-setembro-de-bolsonaro-mostra-estimativa\/\",\"url\":\"https:\/\/portalnpm.com\/index.php\/2023\/01\/02\/posse-de-lula-foi-maior-do-que-o-7-de-setembro-de-bolsonaro-mostra-estimativa\/\",\"name\":\"Posse de Lula foi maior do que o 7 de Setembro de Bolsonaro, mostra estimativa - Portal NPM\",\"isPartOf\":{\"@id\":\"https:\/\/portalnpm.com\/#website\"},\"primaryImageOfPage\":{\"@id\":\"https:\/\/portalnpm.com\/index.php\/2023\/01\/02\/posse-de-lula-foi-maior-do-que-o-7-de-setembro-de-bolsonaro-mostra-estimativa\/#primaryimage\"},\"image\":{\"@id\":\"https:\/\/portalnpm.com\/index.php\/2023\/01\/02\/posse-de-lula-foi-maior-do-que-o-7-de-setembro-de-bolsonaro-mostra-estimativa\/#primaryimage\"},\"thumbnailUrl\":\"\",\"datePublished\":\"2023-01-02T18:54:45+00:00\",\"dateModified\":\"2023-01-02T18:54:45+00:00\",\"author\":{\"@id\":\"https:\/\/portalnpm.com\/#\/schema\/person\/5c8006acdf71774cd4e7a5ab98482152\"},\"breadcrumb\":{\"@id\":\"https:\/\/portalnpm.com\/index.php\/2023\/01\/02\/posse-de-lula-foi-maior-do-que-o-7-de-setembro-de-bolsonaro-mostra-estimativa\/#breadcrumb\"},\"inLanguage\":\"pt-BR\",\"potentialAction\":[{\"@type\":\"ReadAction\",\"target\":[\"https:\/\/portalnpm.com\/index.php\/2023\/01\/02\/posse-de-lula-foi-maior-do-que-o-7-de-setembro-de-bolsonaro-mostra-estimativa\/\"]}]},{\"@type\":\"ImageObject\",\"inLanguage\":\"pt-BR\",\"@id\":\"https:\/\/portalnpm.com\/index.php\/2023\/01\/02\/posse-de-lula-foi-maior-do-que-o-7-de-setembro-de-bolsonaro-mostra-estimativa\/#primaryimage\",\"url\":\"\",\"contentUrl\":\"\"},{\"@type\":\"BreadcrumbList\",\"@id\":\"https:\/\/portalnpm.com\/index.php\/2023\/01\/02\/posse-de-lula-foi-maior-do-que-o-7-de-setembro-de-bolsonaro-mostra-estimativa\/#breadcrumb\",\"itemListElement\":[{\"@type\":\"ListItem\",\"position\":1,\"name\":\"In\u00edcio\",\"item\":\"https:\/\/portalnpm.com\/\"},{\"@type\":\"ListItem\",\"position\":2,\"name\":\"Posse de Lula foi maior do que o 7 de Setembro de Bolsonaro, mostra estimativa\"}]},{\"@type\":\"WebSite\",\"@id\":\"https:\/\/portalnpm.com\/#website\",\"url\":\"https:\/\/portalnpm.com\/\",\"name\":\"Portal NPM\",\"description\":\"Not\u00edcias em Primeira M\u00e3o\",\"potentialAction\":[{\"@type\":\"SearchAction\",\"target\":{\"@type\":\"EntryPoint\",\"urlTemplate\":\"https:\/\/portalnpm.com\/?s={search_term_string}\"},\"query-input\":\"required name=search_term_string\"}],\"inLanguage\":\"pt-BR\"},{\"@type\":\"Person\",\"@id\":\"https:\/\/portalnpm.com\/#\/schema\/person\/5c8006acdf71774cd4e7a5ab98482152\",\"name\":\"Luis Alberto\",\"image\":{\"@type\":\"ImageObject\",\"inLanguage\":\"pt-BR\",\"@id\":\"https:\/\/portalnpm.com\/#\/schema\/person\/image\/\",\"url\":\"https:\/\/portalnpm.com\/wp-content\/uploads\/2024\/12\/avatar_user_3_1734699769-96x96.jpeg\",\"contentUrl\":\"https:\/\/portalnpm.com\/wp-content\/uploads\/2024\/12\/avatar_user_3_1734699769-96x96.jpeg\",\"caption\":\"Luis Alberto\"},\"description\":\"Editor-geral do Portal NPM, \u00e9 formado como T\u00e9cnico em Seguran\u00e7a do Trabalho pela Escola Metropolitana de Cursos T\u00e9cnicos. Det\u00e9m ainda licenciatura em Educa\u00e7\u00e3o F\u00edsica e bacharelado em Ci\u00eancias Pol\u00edticas, ambos obtidos pela institui\u00e7\u00e3o Anhanguera\/UNOPAR.\",\"url\":\"https:\/\/portalnpm.com\/index.php\/author\/pereira\/\"}]}<\/script>\n<!-- \/ Yoast SEO plugin. -->","yoast_head_json":{"title":"Posse de Lula foi maior do que o 7 de Setembro de Bolsonaro, mostra estimativa - Portal NPM","robots":{"index":"index","follow":"follow","max-snippet":"max-snippet:-1","max-image-preview":"max-image-preview:large","max-video-preview":"max-video-preview:-1"},"canonical":"https:\/\/portalnpm.com\/index.php\/2023\/01\/02\/posse-de-lula-foi-maior-do-que-o-7-de-setembro-de-bolsonaro-mostra-estimativa\/","og_locale":"pt_BR","og_type":"article","og_title":"Posse de Lula foi maior do que o 7 de Setembro de Bolsonaro, mostra estimativa - Portal NPM","og_description":"O evento reuniu mais pessoas em Bras\u00edlia do que as comemora\u00e7\u00f5es bolsonaristas no ano passado A posse do presidente\u00a0Lula\u00a0(PT), no domingo\u00a01\u00ba, reuniu mais pessoas em Bras\u00edlia do que as comemora\u00e7\u00f5es do \u00faltimo 7 de Setembro promovidas pelo ex-presidente\u00a0Jair Bolsonaro (PL) na capital federal. De acordo com o site\u00a0Poder360, que fez estimativas a partir de imagens &hellip;","og_url":"https:\/\/portalnpm.com\/index.php\/2023\/01\/02\/posse-de-lula-foi-maior-do-que-o-7-de-setembro-de-bolsonaro-mostra-estimativa\/","og_site_name":"Portal NPM","article_published_time":"2023-01-02T18:54:45+00:00","author":"Luis Alberto","twitter_card":"summary_large_image","twitter_misc":{"Escrito por":"Luis Alberto","Est. tempo de leitura":"1 minuto"},"schema":{"@context":"https:\/\/schema.org","@graph":[{"@type":"WebPage","@id":"https:\/\/portalnpm.com\/index.php\/2023\/01\/02\/posse-de-lula-foi-maior-do-que-o-7-de-setembro-de-bolsonaro-mostra-estimativa\/","url":"https:\/\/portalnpm.com\/index.php\/2023\/01\/02\/posse-de-lula-foi-maior-do-que-o-7-de-setembro-de-bolsonaro-mostra-estimativa\/","name":"Posse de Lula foi maior do que o 7 de Setembro de Bolsonaro, mostra estimativa - Portal NPM","isPartOf":{"@id":"https:\/\/portalnpm.com\/#website"},"primaryImageOfPage":{"@id":"https:\/\/portalnpm.com\/index.php\/2023\/01\/02\/posse-de-lula-foi-maior-do-que-o-7-de-setembro-de-bolsonaro-mostra-estimativa\/#primaryimage"},"image":{"@id":"https:\/\/portalnpm.com\/index.php\/2023\/01\/02\/posse-de-lula-foi-maior-do-que-o-7-de-setembro-de-bolsonaro-mostra-estimativa\/#primaryimage"},"thumbnailUrl":"","datePublished":"2023-01-02T18:54:45+00:00","dateModified":"2023-01-02T18:54:45+00:00","author":{"@id":"https:\/\/portalnpm.com\/#\/schema\/person\/5c8006acdf71774cd4e7a5ab98482152"},"breadcrumb":{"@id":"https:\/\/portalnpm.com\/index.php\/2023\/01\/02\/posse-de-lula-foi-maior-do-que-o-7-de-setembro-de-bolsonaro-mostra-estimativa\/#breadcrumb"},"inLanguage":"pt-BR","potentialAction":[{"@type":"ReadAction","target":["https:\/\/portalnpm.com\/index.php\/2023\/01\/02\/posse-de-lula-foi-maior-do-que-o-7-de-setembro-de-bolsonaro-mostra-estimativa\/"]}]},{"@type":"ImageObject","inLanguage":"pt-BR","@id":"https:\/\/portalnpm.com\/index.php\/2023\/01\/02\/posse-de-lula-foi-maior-do-que-o-7-de-setembro-de-bolsonaro-mostra-estimativa\/#primaryimage","url":"","contentUrl":""},{"@type":"BreadcrumbList","@id":"https:\/\/portalnpm.com\/index.php\/2023\/01\/02\/posse-de-lula-foi-maior-do-que-o-7-de-setembro-de-bolsonaro-mostra-estimativa\/#breadcrumb","itemListElement":[{"@type":"ListItem","position":1,"name":"In\u00edcio","item":"https:\/\/portalnpm.com\/"},{"@type":"ListItem","position":2,"name":"Posse de Lula foi maior do que o 7 de Setembro de Bolsonaro, mostra estimativa"}]},{"@type":"WebSite","@id":"https:\/\/portalnpm.com\/#website","url":"https:\/\/portalnpm.com\/","name":"Portal NPM","description":"Not\u00edcias em Primeira M\u00e3o","potentialAction":[{"@type":"SearchAction","target":{"@type":"EntryPoint","urlTemplate":"https:\/\/portalnpm.com\/?s={search_term_string}"},"query-input":"required name=search_term_string"}],"inLanguage":"pt-BR"},{"@type":"Person","@id":"https:\/\/portalnpm.com\/#\/schema\/person\/5c8006acdf71774cd4e7a5ab98482152","name":"Luis Alberto","image":{"@type":"ImageObject","inLanguage":"pt-BR","@id":"https:\/\/portalnpm.com\/#\/schema\/person\/image\/","url":"https:\/\/portalnpm.com\/wp-content\/uploads\/2024\/12\/avatar_user_3_1734699769-96x96.jpeg","contentUrl":"https:\/\/portalnpm.com\/wp-content\/uploads\/2024\/12\/avatar_user_3_1734699769-96x96.jpeg","caption":"Luis Alberto"},"description":"Editor-geral do Portal NPM, \u00e9 formado como T\u00e9cnico em Seguran\u00e7a do Trabalho pela Escola Metropolitana de Cursos T\u00e9cnicos. Det\u00e9m ainda licenciatura em Educa\u00e7\u00e3o F\u00edsica e bacharelado em Ci\u00eancias Pol\u00edticas, ambos obtidos pela institui\u00e7\u00e3o Anhanguera\/UNOPAR.","url":"https:\/\/portalnpm.com\/index.php\/author\/pereira\/"}]}},"jetpack_sharing_enabled":true,"jetpack_featured_media_url":"","_links":{"self":[{"href":"https:\/\/portalnpm.com\/index.php\/wp-json\/wp\/v2\/posts\/44649"}],"collection":[{"href":"https:\/\/portalnpm.com\/index.php\/wp-json\/wp\/v2\/posts"}],"about":[{"href":"https:\/\/portalnpm.com\/index.php\/wp-json\/wp\/v2\/types\/post"}],"author":[{"embeddable":true,"href":"https:\/\/portalnpm.com\/index.php\/wp-json\/wp\/v2\/users\/3"}],"replies":[{"embeddable":true,"href":"https:\/\/portalnpm.com\/index.php\/wp-json\/wp\/v2\/comments?post=44649"}],"version-history":[{"count":0,"href":"https:\/\/portalnpm.com\/index.php\/wp-json\/wp\/v2\/posts\/44649\/revisions"}],"wp:featuredmedia":[{"embeddable":true,"href":"https:\/\/portalnpm.com\/index.php\/wp-json\/"}],"wp:attachment":[{"href":"https:\/\/portalnpm.com\/index.php\/wp-json\/wp\/v2\/media?parent=44649"}],"wp:term":[{"taxonomy":"category","embeddable":true,"href":"https:\/\/portalnpm.com\/index.php\/wp-json\/wp\/v2\/categories?post=44649"},{"taxonomy":"post_tag","embeddable":true,"href":"https:\/\/portalnpm.com\/index.php\/wp-json\/wp\/v2\/tags?post=44649"}],"curies":[{"name":"wp","href":"https:\/\/api.w.org\/{rel}","templated":true}]}}