{"id":450,"date":"2018-08-09T20:33:09","date_gmt":"2018-08-09T23:33:09","guid":{"rendered":"http:\/\/srv.portalnpm.com.br\/?p=450"},"modified":"2018-08-09T20:33:09","modified_gmt":"2018-08-09T23:33:09","slug":"moto-furtada-em-sao-juliao-e-recuperada-pela-policia-em-picos-suspeito-foi-preso","status":"publish","type":"post","link":"https:\/\/portalnpm.com\/index.php\/2018\/08\/09\/moto-furtada-em-sao-juliao-e-recuperada-pela-policia-em-picos-suspeito-foi-preso\/","title":{"rendered":"Moto furtada em S\u00e3o Juli\u00e3o \u00e9 recuperada pela pol\u00edcia em Picos; suspeito foi preso"},"content":{"rendered":"<p style=\"text-align: justify;\">A motocicleta modelo Honda CG Titan 150, ano 2015, de cor branca, que havia sido foi furtada de uma resid\u00eancia na Rua Vitalino Sabino, no centro de S\u00e3o Juli\u00e3o \u2013 PI, na noite de segunda-feira, 06 de agosto, foi recuperada pela Pol\u00edcia Civil na cidade de Picos \u2013 PI.<\/p>\n<p style=\"text-align: justify;\">De acordo com comandante do Grupamento de Pol\u00edcia Militar (GPM) de S\u00e3o Juli\u00e3o \u2013 PI, sargento Xavier, o suspeito pelo furto da motocicleta j\u00e1 tem v\u00e1rias passagens pela pol\u00edcia e foi identificado por Erislandio, natural de S\u00e3o Juli\u00e3o \u2013 PI.<\/p>\n<p style=\"text-align: justify;\">\u201cAp\u00f3s furtar a motocicleta ele a levou para cidade de Picos para vend\u00ea-la ou troc\u00e1-la por drogas, mas em a\u00e7\u00e3o conjunta com a PM de Picos \u2013 PI conseguimos intercept\u00e1-lo a tempo e recuperamos o ve\u00edculo\u201d, disse o sargento Xavier.<\/p>\n<p style=\"text-align: justify;\">A motocicleta ser\u00e1 devolvida ao leg\u00edtimo dono.<\/p>\n<figure id=\"attachment_451\" aria-describedby=\"caption-attachment-451\" style=\"width: 300px\" class=\"wp-caption alignnone\"><img fetchpriority=\"high\" decoding=\"async\" class=\"size-medium wp-image-451\" src=\"http:\/\/portalnpm.com.br\/wp-content\/uploads\/2018\/08\/74355cd6-0433-4f1a-b160-bda142225ff6-300x169.jpg\" alt=\"\" width=\"300\" height=\"169\" srcset=\"https:\/\/portalnpm.com\/wp-content\/uploads\/2018\/08\/74355cd6-0433-4f1a-b160-bda142225ff6-300x169.jpg 300w, https:\/\/portalnpm.com\/wp-content\/uploads\/2018\/08\/74355cd6-0433-4f1a-b160-bda142225ff6-768x432.jpg 768w, https:\/\/portalnpm.com\/wp-content\/uploads\/2018\/08\/74355cd6-0433-4f1a-b160-bda142225ff6.jpg 800w\" sizes=\"(max-width: 300px) 100vw, 300px\" \/><figcaption id=\"caption-attachment-451\" class=\"wp-caption-text\">Erislandio possui diversas passagens pela pol\u00edcia \u2013 Foto: GPM de S\u00e3o Juli\u00e3o \u2013 PI<\/figcaption><\/figure>\n<p style=\"text-align: justify;\"><strong>Fonte: Portal \u00c9 Not\u00edcias<\/strong><\/p>\n","protected":false},"excerpt":{"rendered":"<p>A motocicleta modelo Honda CG Titan 150, ano 2015, de cor branca, que havia sido foi furtada de uma resid\u00eancia na Rua Vitalino Sabino, no centro de S\u00e3o Juli\u00e3o \u2013 PI, na noite de segunda-feira, 06 de agosto, foi recuperada pela Pol\u00edcia Civil na cidade de Picos \u2013 PI. De acordo com comandante do Grupamento &hellip;<\/p>\n","protected":false},"author":3,"featured_media":452,"comment_status":"open","ping_status":"open","sticky":false,"template":"","format":"standard","meta":{"content-type":"","rop_custom_images_group":[],"rop_custom_messages_group":[],"rop_publish_now":"initial","rop_publish_now_accounts":{"facebook_2648258775420054_1618374048415101":""},"rop_publish_now_history":[],"rop_publish_now_status":"pending","footnotes":"","_jetpack_memberships_contains_paid_content":false},"categories":[113,136],"tags":[488,244,137],"yoast_head":"<!-- This site is optimized with the Yoast SEO plugin v22.3 - https:\/\/yoast.com\/wordpress\/plugins\/seo\/ -->\n<title>Moto furtada em S\u00e3o Juli\u00e3o \u00e9 recuperada pela pol\u00edcia em Picos; suspeito foi preso - Portal NPM<\/title>\n<meta name=\"robots\" content=\"index, follow, max-snippet:-1, max-image-preview:large, max-video-preview:-1\" \/>\n<link rel=\"canonical\" href=\"https:\/\/portalnpm.com\/index.php\/2018\/08\/09\/moto-furtada-em-sao-juliao-e-recuperada-pela-policia-em-picos-suspeito-foi-preso\/\" \/>\n<meta property=\"og:locale\" content=\"pt_BR\" \/>\n<meta property=\"og:type\" content=\"article\" \/>\n<meta property=\"og:title\" content=\"Moto furtada em S\u00e3o Juli\u00e3o \u00e9 recuperada pela pol\u00edcia em Picos; suspeito foi preso - Portal NPM\" \/>\n<meta property=\"og:description\" content=\"A motocicleta modelo Honda CG Titan 150, ano 2015, de cor branca, que havia sido foi furtada de uma resid\u00eancia na Rua Vitalino Sabino, no centro de S\u00e3o Juli\u00e3o \u2013 PI, na noite de segunda-feira, 06 de agosto, foi recuperada pela Pol\u00edcia Civil na cidade de Picos \u2013 PI. De acordo com comandante do Grupamento &hellip;\" \/>\n<meta property=\"og:url\" content=\"https:\/\/portalnpm.com\/index.php\/2018\/08\/09\/moto-furtada-em-sao-juliao-e-recuperada-pela-policia-em-picos-suspeito-foi-preso\/\" \/>\n<meta property=\"og:site_name\" content=\"Portal NPM\" \/>\n<meta property=\"article:published_time\" content=\"2018-08-09T23:33:09+00:00\" \/>\n<meta property=\"og:image\" content=\"https:\/\/portalnpm.com\/wp-content\/uploads\/2018\/08\/6254e884-2374-41b9-a49c-12da1b939918.jpg\" \/>\n\t<meta property=\"og:image:width\" content=\"800\" \/>\n\t<meta property=\"og:image:height\" content=\"600\" \/>\n\t<meta property=\"og:image:type\" content=\"image\/jpeg\" \/>\n<meta name=\"author\" content=\"Luis Alberto\" \/>\n<meta name=\"twitter:card\" content=\"summary_large_image\" \/>\n<meta name=\"twitter:label1\" content=\"Escrito por\" \/>\n\t<meta name=\"twitter:data1\" content=\"Luis Alberto\" \/>\n\t<meta name=\"twitter:label2\" content=\"Est. tempo de leitura\" \/>\n\t<meta name=\"twitter:data2\" content=\"1 minuto\" \/>\n<script type=\"application\/ld+json\" class=\"yoast-schema-graph\">{\"@context\":\"https:\/\/schema.org\",\"@graph\":[{\"@type\":\"WebPage\",\"@id\":\"https:\/\/portalnpm.com\/index.php\/2018\/08\/09\/moto-furtada-em-sao-juliao-e-recuperada-pela-policia-em-picos-suspeito-foi-preso\/\",\"url\":\"https:\/\/portalnpm.com\/index.php\/2018\/08\/09\/moto-furtada-em-sao-juliao-e-recuperada-pela-policia-em-picos-suspeito-foi-preso\/\",\"name\":\"Moto furtada em S\u00e3o Juli\u00e3o \u00e9 recuperada pela pol\u00edcia em Picos; suspeito foi preso - Portal NPM\",\"isPartOf\":{\"@id\":\"https:\/\/portalnpm.com\/#website\"},\"primaryImageOfPage\":{\"@id\":\"https:\/\/portalnpm.com\/index.php\/2018\/08\/09\/moto-furtada-em-sao-juliao-e-recuperada-pela-policia-em-picos-suspeito-foi-preso\/#primaryimage\"},\"image\":{\"@id\":\"https:\/\/portalnpm.com\/index.php\/2018\/08\/09\/moto-furtada-em-sao-juliao-e-recuperada-pela-policia-em-picos-suspeito-foi-preso\/#primaryimage\"},\"thumbnailUrl\":\"https:\/\/portalnpm.com\/wp-content\/uploads\/2018\/08\/6254e884-2374-41b9-a49c-12da1b939918.jpg\",\"datePublished\":\"2018-08-09T23:33:09+00:00\",\"dateModified\":\"2018-08-09T23:33:09+00:00\",\"author\":{\"@id\":\"https:\/\/portalnpm.com\/#\/schema\/person\/5c8006acdf71774cd4e7a5ab98482152\"},\"breadcrumb\":{\"@id\":\"https:\/\/portalnpm.com\/index.php\/2018\/08\/09\/moto-furtada-em-sao-juliao-e-recuperada-pela-policia-em-picos-suspeito-foi-preso\/#breadcrumb\"},\"inLanguage\":\"pt-BR\",\"potentialAction\":[{\"@type\":\"ReadAction\",\"target\":[\"https:\/\/portalnpm.com\/index.php\/2018\/08\/09\/moto-furtada-em-sao-juliao-e-recuperada-pela-policia-em-picos-suspeito-foi-preso\/\"]}]},{\"@type\":\"ImageObject\",\"inLanguage\":\"pt-BR\",\"@id\":\"https:\/\/portalnpm.com\/index.php\/2018\/08\/09\/moto-furtada-em-sao-juliao-e-recuperada-pela-policia-em-picos-suspeito-foi-preso\/#primaryimage\",\"url\":\"https:\/\/portalnpm.com\/wp-content\/uploads\/2018\/08\/6254e884-2374-41b9-a49c-12da1b939918.jpg\",\"contentUrl\":\"https:\/\/portalnpm.com\/wp-content\/uploads\/2018\/08\/6254e884-2374-41b9-a49c-12da1b939918.jpg\",\"width\":800,\"height\":600},{\"@type\":\"BreadcrumbList\",\"@id\":\"https:\/\/portalnpm.com\/index.php\/2018\/08\/09\/moto-furtada-em-sao-juliao-e-recuperada-pela-policia-em-picos-suspeito-foi-preso\/#breadcrumb\",\"itemListElement\":[{\"@type\":\"ListItem\",\"position\":1,\"name\":\"In\u00edcio\",\"item\":\"https:\/\/portalnpm.com\/\"},{\"@type\":\"ListItem\",\"position\":2,\"name\":\"Moto furtada em S\u00e3o Juli\u00e3o \u00e9 recuperada pela pol\u00edcia em Picos; suspeito foi preso\"}]},{\"@type\":\"WebSite\",\"@id\":\"https:\/\/portalnpm.com\/#website\",\"url\":\"https:\/\/portalnpm.com\/\",\"name\":\"Portal NPM\",\"description\":\"Not\u00edcias em Primeira M\u00e3o\",\"potentialAction\":[{\"@type\":\"SearchAction\",\"target\":{\"@type\":\"EntryPoint\",\"urlTemplate\":\"https:\/\/portalnpm.com\/?s={search_term_string}\"},\"query-input\":\"required name=search_term_string\"}],\"inLanguage\":\"pt-BR\"},{\"@type\":\"Person\",\"@id\":\"https:\/\/portalnpm.com\/#\/schema\/person\/5c8006acdf71774cd4e7a5ab98482152\",\"name\":\"Luis Alberto\",\"image\":{\"@type\":\"ImageObject\",\"inLanguage\":\"pt-BR\",\"@id\":\"https:\/\/portalnpm.com\/#\/schema\/person\/image\/\",\"url\":\"https:\/\/portalnpm.com\/wp-content\/uploads\/2024\/12\/avatar_user_3_1734699769-96x96.jpeg\",\"contentUrl\":\"https:\/\/portalnpm.com\/wp-content\/uploads\/2024\/12\/avatar_user_3_1734699769-96x96.jpeg\",\"caption\":\"Luis Alberto\"},\"description\":\"Editor-geral do Portal NPM, \u00e9 formado como T\u00e9cnico em Seguran\u00e7a do Trabalho pela Escola Metropolitana de Cursos T\u00e9cnicos. Det\u00e9m ainda licenciatura em Educa\u00e7\u00e3o F\u00edsica e bacharelado em Ci\u00eancias Pol\u00edticas, ambos obtidos pela institui\u00e7\u00e3o Anhanguera\/UNOPAR.\",\"url\":\"https:\/\/portalnpm.com\/index.php\/author\/pereira\/\"}]}<\/script>\n<!-- \/ Yoast SEO plugin. -->","yoast_head_json":{"title":"Moto furtada em S\u00e3o Juli\u00e3o \u00e9 recuperada pela pol\u00edcia em Picos; suspeito foi preso - Portal NPM","robots":{"index":"index","follow":"follow","max-snippet":"max-snippet:-1","max-image-preview":"max-image-preview:large","max-video-preview":"max-video-preview:-1"},"canonical":"https:\/\/portalnpm.com\/index.php\/2018\/08\/09\/moto-furtada-em-sao-juliao-e-recuperada-pela-policia-em-picos-suspeito-foi-preso\/","og_locale":"pt_BR","og_type":"article","og_title":"Moto furtada em S\u00e3o Juli\u00e3o \u00e9 recuperada pela pol\u00edcia em Picos; suspeito foi preso - Portal NPM","og_description":"A motocicleta modelo Honda CG Titan 150, ano 2015, de cor branca, que havia sido foi furtada de uma resid\u00eancia na Rua Vitalino Sabino, no centro de S\u00e3o Juli\u00e3o \u2013 PI, na noite de segunda-feira, 06 de agosto, foi recuperada pela Pol\u00edcia Civil na cidade de Picos \u2013 PI. De acordo com comandante do Grupamento &hellip;","og_url":"https:\/\/portalnpm.com\/index.php\/2018\/08\/09\/moto-furtada-em-sao-juliao-e-recuperada-pela-policia-em-picos-suspeito-foi-preso\/","og_site_name":"Portal NPM","article_published_time":"2018-08-09T23:33:09+00:00","og_image":[{"width":800,"height":600,"url":"https:\/\/portalnpm.com\/wp-content\/uploads\/2018\/08\/6254e884-2374-41b9-a49c-12da1b939918.jpg","type":"image\/jpeg"}],"author":"Luis Alberto","twitter_card":"summary_large_image","twitter_misc":{"Escrito por":"Luis Alberto","Est. tempo de leitura":"1 minuto"},"schema":{"@context":"https:\/\/schema.org","@graph":[{"@type":"WebPage","@id":"https:\/\/portalnpm.com\/index.php\/2018\/08\/09\/moto-furtada-em-sao-juliao-e-recuperada-pela-policia-em-picos-suspeito-foi-preso\/","url":"https:\/\/portalnpm.com\/index.php\/2018\/08\/09\/moto-furtada-em-sao-juliao-e-recuperada-pela-policia-em-picos-suspeito-foi-preso\/","name":"Moto furtada em S\u00e3o Juli\u00e3o \u00e9 recuperada pela pol\u00edcia em Picos; suspeito foi preso - Portal NPM","isPartOf":{"@id":"https:\/\/portalnpm.com\/#website"},"primaryImageOfPage":{"@id":"https:\/\/portalnpm.com\/index.php\/2018\/08\/09\/moto-furtada-em-sao-juliao-e-recuperada-pela-policia-em-picos-suspeito-foi-preso\/#primaryimage"},"image":{"@id":"https:\/\/portalnpm.com\/index.php\/2018\/08\/09\/moto-furtada-em-sao-juliao-e-recuperada-pela-policia-em-picos-suspeito-foi-preso\/#primaryimage"},"thumbnailUrl":"https:\/\/portalnpm.com\/wp-content\/uploads\/2018\/08\/6254e884-2374-41b9-a49c-12da1b939918.jpg","datePublished":"2018-08-09T23:33:09+00:00","dateModified":"2018-08-09T23:33:09+00:00","author":{"@id":"https:\/\/portalnpm.com\/#\/schema\/person\/5c8006acdf71774cd4e7a5ab98482152"},"breadcrumb":{"@id":"https:\/\/portalnpm.com\/index.php\/2018\/08\/09\/moto-furtada-em-sao-juliao-e-recuperada-pela-policia-em-picos-suspeito-foi-preso\/#breadcrumb"},"inLanguage":"pt-BR","potentialAction":[{"@type":"ReadAction","target":["https:\/\/portalnpm.com\/index.php\/2018\/08\/09\/moto-furtada-em-sao-juliao-e-recuperada-pela-policia-em-picos-suspeito-foi-preso\/"]}]},{"@type":"ImageObject","inLanguage":"pt-BR","@id":"https:\/\/portalnpm.com\/index.php\/2018\/08\/09\/moto-furtada-em-sao-juliao-e-recuperada-pela-policia-em-picos-suspeito-foi-preso\/#primaryimage","url":"https:\/\/portalnpm.com\/wp-content\/uploads\/2018\/08\/6254e884-2374-41b9-a49c-12da1b939918.jpg","contentUrl":"https:\/\/portalnpm.com\/wp-content\/uploads\/2018\/08\/6254e884-2374-41b9-a49c-12da1b939918.jpg","width":800,"height":600},{"@type":"BreadcrumbList","@id":"https:\/\/portalnpm.com\/index.php\/2018\/08\/09\/moto-furtada-em-sao-juliao-e-recuperada-pela-policia-em-picos-suspeito-foi-preso\/#breadcrumb","itemListElement":[{"@type":"ListItem","position":1,"name":"In\u00edcio","item":"https:\/\/portalnpm.com\/"},{"@type":"ListItem","position":2,"name":"Moto furtada em S\u00e3o Juli\u00e3o \u00e9 recuperada pela pol\u00edcia em Picos; suspeito foi preso"}]},{"@type":"WebSite","@id":"https:\/\/portalnpm.com\/#website","url":"https:\/\/portalnpm.com\/","name":"Portal NPM","description":"Not\u00edcias em Primeira M\u00e3o","potentialAction":[{"@type":"SearchAction","target":{"@type":"EntryPoint","urlTemplate":"https:\/\/portalnpm.com\/?s={search_term_string}"},"query-input":"required name=search_term_string"}],"inLanguage":"pt-BR"},{"@type":"Person","@id":"https:\/\/portalnpm.com\/#\/schema\/person\/5c8006acdf71774cd4e7a5ab98482152","name":"Luis Alberto","image":{"@type":"ImageObject","inLanguage":"pt-BR","@id":"https:\/\/portalnpm.com\/#\/schema\/person\/image\/","url":"https:\/\/portalnpm.com\/wp-content\/uploads\/2024\/12\/avatar_user_3_1734699769-96x96.jpeg","contentUrl":"https:\/\/portalnpm.com\/wp-content\/uploads\/2024\/12\/avatar_user_3_1734699769-96x96.jpeg","caption":"Luis Alberto"},"description":"Editor-geral do Portal NPM, \u00e9 formado como T\u00e9cnico em Seguran\u00e7a do Trabalho pela Escola Metropolitana de Cursos T\u00e9cnicos. Det\u00e9m ainda licenciatura em Educa\u00e7\u00e3o F\u00edsica e bacharelado em Ci\u00eancias Pol\u00edticas, ambos obtidos pela institui\u00e7\u00e3o Anhanguera\/UNOPAR.","url":"https:\/\/portalnpm.com\/index.php\/author\/pereira\/"}]}},"jetpack_sharing_enabled":true,"jetpack_featured_media_url":"https:\/\/portalnpm.com\/wp-content\/uploads\/2018\/08\/6254e884-2374-41b9-a49c-12da1b939918.jpg","_links":{"self":[{"href":"https:\/\/portalnpm.com\/index.php\/wp-json\/wp\/v2\/posts\/450"}],"collection":[{"href":"https:\/\/portalnpm.com\/index.php\/wp-json\/wp\/v2\/posts"}],"about":[{"href":"https:\/\/portalnpm.com\/index.php\/wp-json\/wp\/v2\/types\/post"}],"author":[{"embeddable":true,"href":"https:\/\/portalnpm.com\/index.php\/wp-json\/wp\/v2\/users\/3"}],"replies":[{"embeddable":true,"href":"https:\/\/portalnpm.com\/index.php\/wp-json\/wp\/v2\/comments?post=450"}],"version-history":[{"count":0,"href":"https:\/\/portalnpm.com\/index.php\/wp-json\/wp\/v2\/posts\/450\/revisions"}],"wp:featuredmedia":[{"embeddable":true,"href":"https:\/\/portalnpm.com\/index.php\/wp-json\/wp\/v2\/media\/452"}],"wp:attachment":[{"href":"https:\/\/portalnpm.com\/index.php\/wp-json\/wp\/v2\/media?parent=450"}],"wp:term":[{"taxonomy":"category","embeddable":true,"href":"https:\/\/portalnpm.com\/index.php\/wp-json\/wp\/v2\/categories?post=450"},{"taxonomy":"post_tag","embeddable":true,"href":"https:\/\/portalnpm.com\/index.php\/wp-json\/wp\/v2\/tags?post=450"}],"curies":[{"name":"wp","href":"https:\/\/api.w.org\/{rel}","templated":true}]}}