{"id":45047,"date":"2023-01-22T18:57:15","date_gmt":"2023-01-22T21:57:15","guid":{"rendered":"https:\/\/portalnpm.com\/?p=45047"},"modified":"2023-01-22T18:57:15","modified_gmt":"2023-01-22T21:57:15","slug":"justica-libera-e-25-mil-professores-terao-direito-a-receber-o-fundef-no-piaui-veja-quem-tem-direito","status":"publish","type":"post","link":"https:\/\/portalnpm.com\/index.php\/2023\/01\/22\/justica-libera-e-25-mil-professores-terao-direito-a-receber-o-fundef-no-piaui-veja-quem-tem-direito\/","title":{"rendered":"Justi\u00e7a libera e 25 mil professores ter\u00e3o direito a receber o Fundef no Piau\u00ed; veja quem tem direito"},"content":{"rendered":"<p style=\"text-align: justify;\">\n<p style=\"text-align: justify;\">O secret\u00e1rio estadual de Educa\u00e7\u00e3o, Washington Bandeira, informou neste domingo (22) que a Justi\u00e7a Federal liberou os R$ 107 milh\u00f5es do Fundef (Fundo de Manuten\u00e7\u00e3o e Desenvolvimento do Ensino Fundamental e de Valoriza\u00e7\u00e3o do Magist\u00e9rio) que\u00a0<a href=\"https:\/\/cidadeverde.com\/noticias\/385118\/professores-da-seduc-podem-receber-ate-r-6-mil-do-fundef-veja-quem-tem-direito\">ser\u00e3o pagos aos professores da rede estadual<\/a>.<\/p>\n<p style=\"text-align: justify;\">\n<p style=\"text-align: justify;\">\n<p style=\"text-align: justify;\">Segundo o gestor, o rateio ainda n\u00e3o tinha sido realizado porque o recurso estava em uma conta jur\u00eddica e precisava ser transferido para a espec\u00edfica do Fundef, feito ap\u00f3s o t\u00e9rmino do recesso do Judici\u00e1rio. &#8220;Cerca de 40 mil matr\u00edculas ter\u00e3o direito ao precat\u00f3rio, que corresponde em torno de 25 mil professores&#8221;, frisou.<\/p>\n<p style=\"text-align: justify;\">A informa\u00e7\u00e3o foi dada em entrevista ao\u00a0<strong>Cidadeverde.com<\/strong>\u00a0durante as\u00a0<a href=\"https:\/\/cidadeverde.com\/noticias\/385577\/e-preciso-honrar-a-luta-de-nossos-ancestrais-diz-rafael-fonteles-em-piracuruca\">solenidades do Governo do Estado pelos 200 de ades\u00e3o do Piau\u00ed \u00e0 independ\u00eancia do Brasil<\/a>, em Piracuruca.<\/p>\n<p style=\"text-align: justify;\">De acordo com o secret\u00e1rio, o rateio deve ser feito ainda neste m\u00eas de janeiro. &#8220;Os valores do Fundef foram para a conta correta por despacho do juiz federal e j\u00e1 est\u00e3o dispon\u00edveis para pagamento. \u00c9 s\u00f3 formatar a log\u00edstica e o pagamento ser\u00e1 feito no final deste m\u00eas ou in\u00edcio do pr\u00f3ximo&#8221;, afirmou.<\/p>\n<p style=\"text-align: justify;\">Washington Bandeira tamb\u00e9m explicou que os servidores com matr\u00edcula ativa na rede ir\u00e3o receber o precat\u00f3rio pela conta normal, muito provavelmente no final do m\u00eas. J\u00e1 os que est\u00e3o fora da rede precisam atualizar um cadastro atrav\u00e9s de um link que ser\u00e1 disponibilizado no site da Seduc (Secretaria de Estado da Educa\u00e7\u00e3o).<\/p>\n<p style=\"text-align: justify;\">\u201cSer\u00e1 preciso o preenchimento dos dados para que a pessoa possa receber o dinheiro\u201d, ressaltou o secret\u00e1rio.<\/p>\n<p style=\"text-align: justify;\">A comiss\u00e3o do Fundef divulgou que ter\u00e3o direito ao precat\u00f3rio somente os professores que trabalhavam na rede de 1 janeiro de 1997 a dezembro de 2006.<\/p>\n<p style=\"text-align: justify;\"><strong>Quem tem direito:<\/strong><\/p>\n<p style=\"text-align: justify;\">Professores &#8220;seletistas&#8221;, bolsistas, tempor\u00e1rios, aposentados, pensionistas e herdeiros.<\/p>\n<p style=\"text-align: justify;\"><strong>Per\u00edodo trabalhado<\/strong><\/p>\n<p style=\"text-align: justify;\">Que estavam na rede de janeiro de 1997 a dezembro de 2006.<\/p>\n<p style=\"text-align: justify;\"><strong>Como ser\u00e1 pago<\/strong><\/p>\n<p style=\"text-align: justify;\">O servidor da rede receber\u00e1 na sua conta e o servidor que saiu da rede precisa fazer um cadastro disponibilizado no site da Seduc.<\/p>\n<p style=\"text-align: justify;\">Fabio Matos, membro da comiss\u00e3o do Fundef, refor\u00e7ou a necessidade de quem estiver fora da rede realizar o cadastro. \u201cJ\u00e1 os herdeiros precisam apresentar um alvar\u00e1 ou autoriza\u00e7\u00e3o judicial, como est\u00e1 previsto na legisla\u00e7\u00e3o&#8221;, concluiu.<\/p>\n<p style=\"text-align: justify;\"><em>Fonte: Cidade Verde<br \/>\n<\/em><\/p>\n","protected":false},"excerpt":{"rendered":"<p>O secret\u00e1rio estadual de Educa\u00e7\u00e3o, Washington Bandeira, informou neste domingo (22) que a Justi\u00e7a Federal liberou os R$ 107 milh\u00f5es do Fundef (Fundo de Manuten\u00e7\u00e3o e Desenvolvimento do Ensino Fundamental e de Valoriza\u00e7\u00e3o do Magist\u00e9rio) que\u00a0ser\u00e3o pagos aos professores da rede estadual. Segundo o gestor, o rateio ainda n\u00e3o tinha sido realizado porque o recurso &hellip;<\/p>\n","protected":false},"author":2,"featured_media":45048,"comment_status":"open","ping_status":"open","sticky":false,"template":"","format":"standard","meta":{"content-type":"","rop_custom_images_group":[],"rop_custom_messages_group":[],"rop_publish_now":"initial","rop_publish_now_accounts":{"facebook_2648258775420054_1618374048415101":""},"rop_publish_now_history":[],"rop_publish_now_status":"pending","footnotes":"","_jetpack_memberships_contains_paid_content":false},"categories":[118],"tags":[187,185],"yoast_head":"<!-- This site is optimized with the Yoast SEO plugin v22.3 - https:\/\/yoast.com\/wordpress\/plugins\/seo\/ -->\n<title>Justi\u00e7a libera e 25 mil professores ter\u00e3o direito a receber o Fundef no Piau\u00ed; veja quem tem direito - Portal NPM<\/title>\n<meta name=\"robots\" content=\"index, follow, max-snippet:-1, max-image-preview:large, max-video-preview:-1\" \/>\n<link rel=\"canonical\" href=\"https:\/\/portalnpm.com\/index.php\/2023\/01\/22\/justica-libera-e-25-mil-professores-terao-direito-a-receber-o-fundef-no-piaui-veja-quem-tem-direito\/\" \/>\n<meta property=\"og:locale\" content=\"pt_BR\" \/>\n<meta property=\"og:type\" content=\"article\" \/>\n<meta property=\"og:title\" content=\"Justi\u00e7a libera e 25 mil professores ter\u00e3o direito a receber o Fundef no Piau\u00ed; veja quem tem direito - Portal NPM\" \/>\n<meta property=\"og:description\" content=\"O secret\u00e1rio estadual de Educa\u00e7\u00e3o, Washington Bandeira, informou neste domingo (22) que a Justi\u00e7a Federal liberou os R$ 107 milh\u00f5es do Fundef (Fundo de Manuten\u00e7\u00e3o e Desenvolvimento do Ensino Fundamental e de Valoriza\u00e7\u00e3o do Magist\u00e9rio) que\u00a0ser\u00e3o pagos aos professores da rede estadual. Segundo o gestor, o rateio ainda n\u00e3o tinha sido realizado porque o recurso &hellip;\" \/>\n<meta property=\"og:url\" content=\"https:\/\/portalnpm.com\/index.php\/2023\/01\/22\/justica-libera-e-25-mil-professores-terao-direito-a-receber-o-fundef-no-piaui-veja-quem-tem-direito\/\" \/>\n<meta property=\"og:site_name\" content=\"Portal NPM\" \/>\n<meta property=\"article:published_time\" content=\"2023-01-22T21:57:15+00:00\" \/>\n<meta name=\"author\" content=\"Genival Barbosa\" \/>\n<meta name=\"twitter:card\" content=\"summary_large_image\" \/>\n<meta name=\"twitter:label1\" content=\"Escrito por\" \/>\n\t<meta name=\"twitter:data1\" content=\"Genival Barbosa\" \/>\n\t<meta name=\"twitter:label2\" content=\"Est. tempo de leitura\" \/>\n\t<meta name=\"twitter:data2\" content=\"2 minutos\" \/>\n<script type=\"application\/ld+json\" class=\"yoast-schema-graph\">{\"@context\":\"https:\/\/schema.org\",\"@graph\":[{\"@type\":\"WebPage\",\"@id\":\"https:\/\/portalnpm.com\/index.php\/2023\/01\/22\/justica-libera-e-25-mil-professores-terao-direito-a-receber-o-fundef-no-piaui-veja-quem-tem-direito\/\",\"url\":\"https:\/\/portalnpm.com\/index.php\/2023\/01\/22\/justica-libera-e-25-mil-professores-terao-direito-a-receber-o-fundef-no-piaui-veja-quem-tem-direito\/\",\"name\":\"Justi\u00e7a libera e 25 mil professores ter\u00e3o direito a receber o Fundef no Piau\u00ed; veja quem tem direito - Portal NPM\",\"isPartOf\":{\"@id\":\"https:\/\/portalnpm.com\/#website\"},\"primaryImageOfPage\":{\"@id\":\"https:\/\/portalnpm.com\/index.php\/2023\/01\/22\/justica-libera-e-25-mil-professores-terao-direito-a-receber-o-fundef-no-piaui-veja-quem-tem-direito\/#primaryimage\"},\"image\":{\"@id\":\"https:\/\/portalnpm.com\/index.php\/2023\/01\/22\/justica-libera-e-25-mil-professores-terao-direito-a-receber-o-fundef-no-piaui-veja-quem-tem-direito\/#primaryimage\"},\"thumbnailUrl\":\"\",\"datePublished\":\"2023-01-22T21:57:15+00:00\",\"dateModified\":\"2023-01-22T21:57:15+00:00\",\"author\":{\"@id\":\"https:\/\/portalnpm.com\/#\/schema\/person\/49313e563cfdefcc167f1ee4c017c294\"},\"breadcrumb\":{\"@id\":\"https:\/\/portalnpm.com\/index.php\/2023\/01\/22\/justica-libera-e-25-mil-professores-terao-direito-a-receber-o-fundef-no-piaui-veja-quem-tem-direito\/#breadcrumb\"},\"inLanguage\":\"pt-BR\",\"potentialAction\":[{\"@type\":\"ReadAction\",\"target\":[\"https:\/\/portalnpm.com\/index.php\/2023\/01\/22\/justica-libera-e-25-mil-professores-terao-direito-a-receber-o-fundef-no-piaui-veja-quem-tem-direito\/\"]}]},{\"@type\":\"ImageObject\",\"inLanguage\":\"pt-BR\",\"@id\":\"https:\/\/portalnpm.com\/index.php\/2023\/01\/22\/justica-libera-e-25-mil-professores-terao-direito-a-receber-o-fundef-no-piaui-veja-quem-tem-direito\/#primaryimage\",\"url\":\"\",\"contentUrl\":\"\"},{\"@type\":\"BreadcrumbList\",\"@id\":\"https:\/\/portalnpm.com\/index.php\/2023\/01\/22\/justica-libera-e-25-mil-professores-terao-direito-a-receber-o-fundef-no-piaui-veja-quem-tem-direito\/#breadcrumb\",\"itemListElement\":[{\"@type\":\"ListItem\",\"position\":1,\"name\":\"In\u00edcio\",\"item\":\"https:\/\/portalnpm.com\/\"},{\"@type\":\"ListItem\",\"position\":2,\"name\":\"Justi\u00e7a libera e 25 mil professores ter\u00e3o direito a receber o Fundef no Piau\u00ed; veja quem tem direito\"}]},{\"@type\":\"WebSite\",\"@id\":\"https:\/\/portalnpm.com\/#website\",\"url\":\"https:\/\/portalnpm.com\/\",\"name\":\"Portal NPM\",\"description\":\"Not\u00edcias em Primeira M\u00e3o\",\"potentialAction\":[{\"@type\":\"SearchAction\",\"target\":{\"@type\":\"EntryPoint\",\"urlTemplate\":\"https:\/\/portalnpm.com\/?s={search_term_string}\"},\"query-input\":\"required name=search_term_string\"}],\"inLanguage\":\"pt-BR\"},{\"@type\":\"Person\",\"@id\":\"https:\/\/portalnpm.com\/#\/schema\/person\/49313e563cfdefcc167f1ee4c017c294\",\"name\":\"Genival Barbosa\",\"image\":{\"@type\":\"ImageObject\",\"inLanguage\":\"pt-BR\",\"@id\":\"https:\/\/portalnpm.com\/#\/schema\/person\/image\/\",\"url\":\"https:\/\/portalnpm.com\/wp-content\/uploads\/2024\/02\/avatar_user_2_1707743258-96x96.jpeg\",\"contentUrl\":\"https:\/\/portalnpm.com\/wp-content\/uploads\/2024\/02\/avatar_user_2_1707743258-96x96.jpeg\",\"caption\":\"Genival Barbosa\"},\"url\":\"https:\/\/portalnpm.com\/index.php\/author\/genival\/\"}]}<\/script>\n<!-- \/ Yoast SEO plugin. -->","yoast_head_json":{"title":"Justi\u00e7a libera e 25 mil professores ter\u00e3o direito a receber o Fundef no Piau\u00ed; veja quem tem direito - Portal NPM","robots":{"index":"index","follow":"follow","max-snippet":"max-snippet:-1","max-image-preview":"max-image-preview:large","max-video-preview":"max-video-preview:-1"},"canonical":"https:\/\/portalnpm.com\/index.php\/2023\/01\/22\/justica-libera-e-25-mil-professores-terao-direito-a-receber-o-fundef-no-piaui-veja-quem-tem-direito\/","og_locale":"pt_BR","og_type":"article","og_title":"Justi\u00e7a libera e 25 mil professores ter\u00e3o direito a receber o Fundef no Piau\u00ed; veja quem tem direito - Portal NPM","og_description":"O secret\u00e1rio estadual de Educa\u00e7\u00e3o, Washington Bandeira, informou neste domingo (22) que a Justi\u00e7a Federal liberou os R$ 107 milh\u00f5es do Fundef (Fundo de Manuten\u00e7\u00e3o e Desenvolvimento do Ensino Fundamental e de Valoriza\u00e7\u00e3o do Magist\u00e9rio) que\u00a0ser\u00e3o pagos aos professores da rede estadual. Segundo o gestor, o rateio ainda n\u00e3o tinha sido realizado porque o recurso &hellip;","og_url":"https:\/\/portalnpm.com\/index.php\/2023\/01\/22\/justica-libera-e-25-mil-professores-terao-direito-a-receber-o-fundef-no-piaui-veja-quem-tem-direito\/","og_site_name":"Portal NPM","article_published_time":"2023-01-22T21:57:15+00:00","author":"Genival Barbosa","twitter_card":"summary_large_image","twitter_misc":{"Escrito por":"Genival Barbosa","Est. tempo de leitura":"2 minutos"},"schema":{"@context":"https:\/\/schema.org","@graph":[{"@type":"WebPage","@id":"https:\/\/portalnpm.com\/index.php\/2023\/01\/22\/justica-libera-e-25-mil-professores-terao-direito-a-receber-o-fundef-no-piaui-veja-quem-tem-direito\/","url":"https:\/\/portalnpm.com\/index.php\/2023\/01\/22\/justica-libera-e-25-mil-professores-terao-direito-a-receber-o-fundef-no-piaui-veja-quem-tem-direito\/","name":"Justi\u00e7a libera e 25 mil professores ter\u00e3o direito a receber o Fundef no Piau\u00ed; veja quem tem direito - Portal NPM","isPartOf":{"@id":"https:\/\/portalnpm.com\/#website"},"primaryImageOfPage":{"@id":"https:\/\/portalnpm.com\/index.php\/2023\/01\/22\/justica-libera-e-25-mil-professores-terao-direito-a-receber-o-fundef-no-piaui-veja-quem-tem-direito\/#primaryimage"},"image":{"@id":"https:\/\/portalnpm.com\/index.php\/2023\/01\/22\/justica-libera-e-25-mil-professores-terao-direito-a-receber-o-fundef-no-piaui-veja-quem-tem-direito\/#primaryimage"},"thumbnailUrl":"","datePublished":"2023-01-22T21:57:15+00:00","dateModified":"2023-01-22T21:57:15+00:00","author":{"@id":"https:\/\/portalnpm.com\/#\/schema\/person\/49313e563cfdefcc167f1ee4c017c294"},"breadcrumb":{"@id":"https:\/\/portalnpm.com\/index.php\/2023\/01\/22\/justica-libera-e-25-mil-professores-terao-direito-a-receber-o-fundef-no-piaui-veja-quem-tem-direito\/#breadcrumb"},"inLanguage":"pt-BR","potentialAction":[{"@type":"ReadAction","target":["https:\/\/portalnpm.com\/index.php\/2023\/01\/22\/justica-libera-e-25-mil-professores-terao-direito-a-receber-o-fundef-no-piaui-veja-quem-tem-direito\/"]}]},{"@type":"ImageObject","inLanguage":"pt-BR","@id":"https:\/\/portalnpm.com\/index.php\/2023\/01\/22\/justica-libera-e-25-mil-professores-terao-direito-a-receber-o-fundef-no-piaui-veja-quem-tem-direito\/#primaryimage","url":"","contentUrl":""},{"@type":"BreadcrumbList","@id":"https:\/\/portalnpm.com\/index.php\/2023\/01\/22\/justica-libera-e-25-mil-professores-terao-direito-a-receber-o-fundef-no-piaui-veja-quem-tem-direito\/#breadcrumb","itemListElement":[{"@type":"ListItem","position":1,"name":"In\u00edcio","item":"https:\/\/portalnpm.com\/"},{"@type":"ListItem","position":2,"name":"Justi\u00e7a libera e 25 mil professores ter\u00e3o direito a receber o Fundef no Piau\u00ed; veja quem tem direito"}]},{"@type":"WebSite","@id":"https:\/\/portalnpm.com\/#website","url":"https:\/\/portalnpm.com\/","name":"Portal NPM","description":"Not\u00edcias em Primeira M\u00e3o","potentialAction":[{"@type":"SearchAction","target":{"@type":"EntryPoint","urlTemplate":"https:\/\/portalnpm.com\/?s={search_term_string}"},"query-input":"required name=search_term_string"}],"inLanguage":"pt-BR"},{"@type":"Person","@id":"https:\/\/portalnpm.com\/#\/schema\/person\/49313e563cfdefcc167f1ee4c017c294","name":"Genival Barbosa","image":{"@type":"ImageObject","inLanguage":"pt-BR","@id":"https:\/\/portalnpm.com\/#\/schema\/person\/image\/","url":"https:\/\/portalnpm.com\/wp-content\/uploads\/2024\/02\/avatar_user_2_1707743258-96x96.jpeg","contentUrl":"https:\/\/portalnpm.com\/wp-content\/uploads\/2024\/02\/avatar_user_2_1707743258-96x96.jpeg","caption":"Genival Barbosa"},"url":"https:\/\/portalnpm.com\/index.php\/author\/genival\/"}]}},"jetpack_sharing_enabled":true,"jetpack_featured_media_url":"","_links":{"self":[{"href":"https:\/\/portalnpm.com\/index.php\/wp-json\/wp\/v2\/posts\/45047"}],"collection":[{"href":"https:\/\/portalnpm.com\/index.php\/wp-json\/wp\/v2\/posts"}],"about":[{"href":"https:\/\/portalnpm.com\/index.php\/wp-json\/wp\/v2\/types\/post"}],"author":[{"embeddable":true,"href":"https:\/\/portalnpm.com\/index.php\/wp-json\/wp\/v2\/users\/2"}],"replies":[{"embeddable":true,"href":"https:\/\/portalnpm.com\/index.php\/wp-json\/wp\/v2\/comments?post=45047"}],"version-history":[{"count":0,"href":"https:\/\/portalnpm.com\/index.php\/wp-json\/wp\/v2\/posts\/45047\/revisions"}],"wp:featuredmedia":[{"embeddable":true,"href":"https:\/\/portalnpm.com\/index.php\/wp-json\/"}],"wp:attachment":[{"href":"https:\/\/portalnpm.com\/index.php\/wp-json\/wp\/v2\/media?parent=45047"}],"wp:term":[{"taxonomy":"category","embeddable":true,"href":"https:\/\/portalnpm.com\/index.php\/wp-json\/wp\/v2\/categories?post=45047"},{"taxonomy":"post_tag","embeddable":true,"href":"https:\/\/portalnpm.com\/index.php\/wp-json\/wp\/v2\/tags?post=45047"}],"curies":[{"name":"wp","href":"https:\/\/api.w.org\/{rel}","templated":true}]}}