{"id":45117,"date":"2023-01-31T21:14:33","date_gmt":"2023-02-01T00:14:33","guid":{"rendered":"https:\/\/portalnpm.com\/?p=45117"},"modified":"2023-01-31T21:14:33","modified_gmt":"2023-02-01T00:14:33","slug":"abono-do-pis-pasep-comeca-a-ser-pago-em-fevereiro-veja-o-calendario","status":"publish","type":"post","link":"https:\/\/portalnpm.com\/index.php\/2023\/01\/31\/abono-do-pis-pasep-comeca-a-ser-pago-em-fevereiro-veja-o-calendario\/","title":{"rendered":"Abono do PIS\/Pasep come\u00e7a a ser pago em fevereiro; veja o calend\u00e1rio"},"content":{"rendered":"<p style=\"text-align: justify;\">Os trabalhadores que t\u00eam direito ao\u00a0<a href=\"https:\/\/www.tecmundo.com.br\/mercado\/232459-pis-2022-saiba-consultar-abono-celular.htm\" target=\"_blank\" rel=\"noopener noreferrer\">PIS<\/a>\/Pasep\u00a0<strong>come\u00e7am a receber o abono salarial 2023 no dia 15 de fevereiro<\/strong>. O pagamento \u00e9 referente ao ano-base 2021, mas o valor \u00e9 de at\u00e9 um sal\u00e1rio m\u00ednimo atualizado, R$ 1.302, beneficiando 23,6 milh\u00f5es de brasileiros.<\/p>\n<h2 style=\"text-align: justify;\">Calend\u00e1rio PIS<\/h2>\n<p style=\"text-align: justify;\">O\u00a0<strong>PIS \u00e9 pago aos trabalhadores do setor privado<\/strong>. A data de pagamento do abono dos primeiros acontece de acordo com o m\u00eas de nascimento.<\/p>\n<p style=\"text-align: justify;\">Nascidos em janeiro e fevereiro recebem a partir de 15 de fevereiro. Aqueles de mar\u00e7o e abril ficam para 15 de mar\u00e7o. O calend\u00e1rio segue assim, com maio e junho no dia 17 de abril e julho e agosto em 15 de maio.<\/p>\n<p style=\"text-align: justify;\">Os trabalhadores nascidos em setembro e outubro recebem o PIS a partir de 15 de junho. Completam o pagamento do benef\u00edcio aqueles que fazem anivers\u00e1rio em novembro e dezembro, recebendo em 17 de julho.<\/p>\n<h2 style=\"text-align: justify;\">Calend\u00e1rio Pasep<\/h2>\n<p style=\"text-align: justify;\">O\u00a0<strong>Pasep vale para servidores p\u00fablicos<\/strong>\u00a0e o pagamento segue o d\u00edgito final do n\u00famero de inscri\u00e7\u00e3o. As datas s\u00e3o as mesmas: n\u00famero 0 recebe a partir de 15 de fevereiro. O final 1 em 15 de mar\u00e7o, enquanto 2 e 3 em 17 de abril.<\/p>\n<p style=\"text-align: justify;\">Aqueles com final 4 e 5 recebem em 15 de maio. Servidores com inscri\u00e7\u00e3o de final 6 e 7 v\u00e3o receber o dinheiro no dia 15 de junho. Fechando as datas, em 17 de julho, ficam aqueles de inscri\u00e7\u00e3o 8 e 9.<\/p>\n<div id=\"aggressive_1\" class=\"st-placement aggressive_1 inImage\" style=\"text-align: justify;\">\n<div class=\"st-adunit st-adunit-tagged st-reset st-show\">\n<div class=\"st-adunit-ad st-reset\">\n<div class=\"st-display-render st-reset\">\n<div class=\"important-styled st-canvas-container open LeaderboardModule display-standard fssquz2\">\n<div class=\"important-styled st-canvas-el fhxwyqa\">\n<div class=\"important-styled st-canvas-container undefined fssquz2\">\n<div class=\"important-styled st-canvas-el fcwgdv\">\n<div class=\"important-styled st-canvas-container undefined fssquz2\">\n<div class=\"important-styled st-canvas-el f1rh6x5f\">\n<div class=\"important-styled display-render x-to-close f9k8010\"><\/div>\n<\/div>\n<\/div>\n<\/div>\n<\/div>\n<\/div>\n<\/div>\n<\/div>\n<\/div>\n<\/div>\n<\/div>\n<p style=\"text-align: justify;\"><span class=\"img-fc\" data-fonte=\"\u00a0Marcello Casal Jr\/Ag\u00eancia Brasil\u00a0\" data-fonte-url=\"https:\/\/agenciabrasil.ebc.com.br\/foto\/2022-07\/dinheiro-1659120716\"><img decoding=\"async\" class=\"\" src=\"https:\/\/img.ibxk.com.br\/2023\/01\/31\/31131631238197.jpg?ims=328x\" srcset=\"https:\/\/img.ibxk.com.br\/2023\/01\/31\/31131631238197.jpg?ims=328x 328w, https:\/\/img.ibxk.com.br\/2023\/01\/31\/31131631238197.jpg?ims=380x 380w, https:\/\/img.ibxk.com.br\/2023\/01\/31\/31131631238197.jpg?ims=528x 528w, https:\/\/img.ibxk.com.br\/2023\/01\/31\/31131631238197.jpg?ims=704x 704w\" alt=\"Trabalhadores podem consultar o valor a partir deste domingo (5).\" data-sizes=\"auto\" data-src=\"https:\/\/img.ibxk.com.br\/2023\/01\/31\/31131631238197.jpg?ims=328x\" data-srcset=\"https:\/\/img.ibxk.com.br\/2023\/01\/31\/31131631238197.jpg?ims=328x 328w, https:\/\/img.ibxk.com.br\/2023\/01\/31\/31131631238197.jpg?ims=380x 380w, https:\/\/img.ibxk.com.br\/2023\/01\/31\/31131631238197.jpg?ims=528x 528w, https:\/\/img.ibxk.com.br\/2023\/01\/31\/31131631238197.jpg?ims=704x 704w\" data-loaded=\"true\" \/><span class=\"desc\">Trabalhadores podem consultar o valor a partir deste domingo (5).<\/span><\/span><\/p>\n<h2 style=\"text-align: justify;\">Quem recebe?<\/h2>\n<p style=\"text-align: justify;\">T\u00eam direito ao benef\u00edcio trabalhadores informados na Rais at\u00e9 21 de junho de 2022 e no eSocial at\u00e9 5 de dezembro de 2022. \u00c9 preciso tamb\u00e9m ter inscri\u00e7\u00e3o no PIS ou no Pasep h\u00e1 5 anos.<\/p>\n<p style=\"text-align: justify;\">Ainda, ter trabalhado de carteira assinada por pelo menos 30 dias no ano-base com remunera\u00e7\u00e3o de at\u00e9 dois sal\u00e1rios. Os dados informados pelo empregador ao governo precisam estar corretos.<\/p>\n<p style=\"text-align: justify;\">O PIS \u00e9 pago pela Caixa e o Pasep pelo Banco do Brasil. Clientes Caixa recebem na conta corrente, poupan\u00e7a ou poupan\u00e7a digital. Aqueles que n\u00e3o t\u00eam conta podem sacar com o Cart\u00e3o Cidad\u00e3o. Se n\u00e3o tiver o cart\u00e3o, pode receber em ag\u00eancia com documento de identifica\u00e7\u00e3o.<\/p>\n<p><span class=\"img-fc\" data-fonte=\"\u00a0Marcello Casal Jr\/Ag\u00eancia Brasil\u00a0\" data-fonte-url=\"https:\/\/agenciabrasil.ebc.com.br\/foto\/2022-07\/dinheiro-1659120716\"><span class=\"desc\">Fonte:\u00a0<a href=\"https:\/\/agenciabrasil.ebc.com.br\/foto\/2022-07\/dinheiro-1659120716\" target=\"_blank\" rel=\"noopener\">\u00a0Marcello Casal Jr\/Ag\u00eancia Brasil\u00a0<\/a><\/span><\/span><\/p>\n","protected":false},"excerpt":{"rendered":"<p>Os trabalhadores que t\u00eam direito ao\u00a0PIS\/Pasep\u00a0come\u00e7am a receber o abono salarial 2023 no dia 15 de fevereiro. O pagamento \u00e9 referente ao ano-base 2021, mas o valor \u00e9 de at\u00e9 um sal\u00e1rio m\u00ednimo atualizado, R$ 1.302, beneficiando 23,6 milh\u00f5es de brasileiros. Calend\u00e1rio PIS O\u00a0PIS \u00e9 pago aos trabalhadores do setor privado. A data de pagamento &hellip;<\/p>\n","protected":false},"author":2,"featured_media":45118,"comment_status":"open","ping_status":"open","sticky":false,"template":"","format":"standard","meta":{"content-type":"","rop_custom_images_group":[],"rop_custom_messages_group":[],"rop_publish_now":"initial","rop_publish_now_accounts":{"facebook_2648258775420054_1618374048415101":""},"rop_publish_now_history":[],"rop_publish_now_status":"pending","footnotes":"","_jetpack_memberships_contains_paid_content":false},"categories":[113],"tags":[386,470],"yoast_head":"<!-- This site is optimized with the Yoast SEO plugin v22.3 - https:\/\/yoast.com\/wordpress\/plugins\/seo\/ -->\n<title>Abono do PIS\/Pasep come\u00e7a a ser pago em fevereiro; veja o calend\u00e1rio - Portal NPM<\/title>\n<meta name=\"robots\" content=\"index, follow, max-snippet:-1, max-image-preview:large, max-video-preview:-1\" \/>\n<link rel=\"canonical\" href=\"https:\/\/portalnpm.com\/index.php\/2023\/01\/31\/abono-do-pis-pasep-comeca-a-ser-pago-em-fevereiro-veja-o-calendario\/\" \/>\n<meta property=\"og:locale\" content=\"pt_BR\" \/>\n<meta property=\"og:type\" content=\"article\" \/>\n<meta property=\"og:title\" content=\"Abono do PIS\/Pasep come\u00e7a a ser pago em fevereiro; veja o calend\u00e1rio - Portal NPM\" \/>\n<meta property=\"og:description\" content=\"Os trabalhadores que t\u00eam direito ao\u00a0PIS\/Pasep\u00a0come\u00e7am a receber o abono salarial 2023 no dia 15 de fevereiro. O pagamento \u00e9 referente ao ano-base 2021, mas o valor \u00e9 de at\u00e9 um sal\u00e1rio m\u00ednimo atualizado, R$ 1.302, beneficiando 23,6 milh\u00f5es de brasileiros. Calend\u00e1rio PIS O\u00a0PIS \u00e9 pago aos trabalhadores do setor privado. A data de pagamento &hellip;\" \/>\n<meta property=\"og:url\" content=\"https:\/\/portalnpm.com\/index.php\/2023\/01\/31\/abono-do-pis-pasep-comeca-a-ser-pago-em-fevereiro-veja-o-calendario\/\" \/>\n<meta property=\"og:site_name\" content=\"Portal NPM\" \/>\n<meta property=\"article:published_time\" content=\"2023-02-01T00:14:33+00:00\" \/>\n<meta name=\"author\" content=\"Genival Barbosa\" \/>\n<meta name=\"twitter:card\" content=\"summary_large_image\" \/>\n<meta name=\"twitter:label1\" content=\"Escrito por\" \/>\n\t<meta name=\"twitter:data1\" content=\"Genival Barbosa\" \/>\n\t<meta name=\"twitter:label2\" content=\"Est. tempo de leitura\" \/>\n\t<meta name=\"twitter:data2\" content=\"2 minutos\" \/>\n<script type=\"application\/ld+json\" class=\"yoast-schema-graph\">{\"@context\":\"https:\/\/schema.org\",\"@graph\":[{\"@type\":\"WebPage\",\"@id\":\"https:\/\/portalnpm.com\/index.php\/2023\/01\/31\/abono-do-pis-pasep-comeca-a-ser-pago-em-fevereiro-veja-o-calendario\/\",\"url\":\"https:\/\/portalnpm.com\/index.php\/2023\/01\/31\/abono-do-pis-pasep-comeca-a-ser-pago-em-fevereiro-veja-o-calendario\/\",\"name\":\"Abono do PIS\/Pasep come\u00e7a a ser pago em fevereiro; veja o calend\u00e1rio - Portal NPM\",\"isPartOf\":{\"@id\":\"https:\/\/portalnpm.com\/#website\"},\"primaryImageOfPage\":{\"@id\":\"https:\/\/portalnpm.com\/index.php\/2023\/01\/31\/abono-do-pis-pasep-comeca-a-ser-pago-em-fevereiro-veja-o-calendario\/#primaryimage\"},\"image\":{\"@id\":\"https:\/\/portalnpm.com\/index.php\/2023\/01\/31\/abono-do-pis-pasep-comeca-a-ser-pago-em-fevereiro-veja-o-calendario\/#primaryimage\"},\"thumbnailUrl\":\"\",\"datePublished\":\"2023-02-01T00:14:33+00:00\",\"dateModified\":\"2023-02-01T00:14:33+00:00\",\"author\":{\"@id\":\"https:\/\/portalnpm.com\/#\/schema\/person\/49313e563cfdefcc167f1ee4c017c294\"},\"breadcrumb\":{\"@id\":\"https:\/\/portalnpm.com\/index.php\/2023\/01\/31\/abono-do-pis-pasep-comeca-a-ser-pago-em-fevereiro-veja-o-calendario\/#breadcrumb\"},\"inLanguage\":\"pt-BR\",\"potentialAction\":[{\"@type\":\"ReadAction\",\"target\":[\"https:\/\/portalnpm.com\/index.php\/2023\/01\/31\/abono-do-pis-pasep-comeca-a-ser-pago-em-fevereiro-veja-o-calendario\/\"]}]},{\"@type\":\"ImageObject\",\"inLanguage\":\"pt-BR\",\"@id\":\"https:\/\/portalnpm.com\/index.php\/2023\/01\/31\/abono-do-pis-pasep-comeca-a-ser-pago-em-fevereiro-veja-o-calendario\/#primaryimage\",\"url\":\"\",\"contentUrl\":\"\"},{\"@type\":\"BreadcrumbList\",\"@id\":\"https:\/\/portalnpm.com\/index.php\/2023\/01\/31\/abono-do-pis-pasep-comeca-a-ser-pago-em-fevereiro-veja-o-calendario\/#breadcrumb\",\"itemListElement\":[{\"@type\":\"ListItem\",\"position\":1,\"name\":\"In\u00edcio\",\"item\":\"https:\/\/portalnpm.com\/\"},{\"@type\":\"ListItem\",\"position\":2,\"name\":\"Abono do PIS\/Pasep come\u00e7a a ser pago em fevereiro; veja o calend\u00e1rio\"}]},{\"@type\":\"WebSite\",\"@id\":\"https:\/\/portalnpm.com\/#website\",\"url\":\"https:\/\/portalnpm.com\/\",\"name\":\"Portal NPM\",\"description\":\"Not\u00edcias em Primeira M\u00e3o\",\"potentialAction\":[{\"@type\":\"SearchAction\",\"target\":{\"@type\":\"EntryPoint\",\"urlTemplate\":\"https:\/\/portalnpm.com\/?s={search_term_string}\"},\"query-input\":\"required name=search_term_string\"}],\"inLanguage\":\"pt-BR\"},{\"@type\":\"Person\",\"@id\":\"https:\/\/portalnpm.com\/#\/schema\/person\/49313e563cfdefcc167f1ee4c017c294\",\"name\":\"Genival Barbosa\",\"image\":{\"@type\":\"ImageObject\",\"inLanguage\":\"pt-BR\",\"@id\":\"https:\/\/portalnpm.com\/#\/schema\/person\/image\/\",\"url\":\"https:\/\/portalnpm.com\/wp-content\/uploads\/2024\/02\/avatar_user_2_1707743258-96x96.jpeg\",\"contentUrl\":\"https:\/\/portalnpm.com\/wp-content\/uploads\/2024\/02\/avatar_user_2_1707743258-96x96.jpeg\",\"caption\":\"Genival Barbosa\"},\"url\":\"https:\/\/portalnpm.com\/index.php\/author\/genival\/\"}]}<\/script>\n<!-- \/ Yoast SEO plugin. -->","yoast_head_json":{"title":"Abono do PIS\/Pasep come\u00e7a a ser pago em fevereiro; veja o calend\u00e1rio - Portal NPM","robots":{"index":"index","follow":"follow","max-snippet":"max-snippet:-1","max-image-preview":"max-image-preview:large","max-video-preview":"max-video-preview:-1"},"canonical":"https:\/\/portalnpm.com\/index.php\/2023\/01\/31\/abono-do-pis-pasep-comeca-a-ser-pago-em-fevereiro-veja-o-calendario\/","og_locale":"pt_BR","og_type":"article","og_title":"Abono do PIS\/Pasep come\u00e7a a ser pago em fevereiro; veja o calend\u00e1rio - Portal NPM","og_description":"Os trabalhadores que t\u00eam direito ao\u00a0PIS\/Pasep\u00a0come\u00e7am a receber o abono salarial 2023 no dia 15 de fevereiro. O pagamento \u00e9 referente ao ano-base 2021, mas o valor \u00e9 de at\u00e9 um sal\u00e1rio m\u00ednimo atualizado, R$ 1.302, beneficiando 23,6 milh\u00f5es de brasileiros. Calend\u00e1rio PIS O\u00a0PIS \u00e9 pago aos trabalhadores do setor privado. A data de pagamento &hellip;","og_url":"https:\/\/portalnpm.com\/index.php\/2023\/01\/31\/abono-do-pis-pasep-comeca-a-ser-pago-em-fevereiro-veja-o-calendario\/","og_site_name":"Portal NPM","article_published_time":"2023-02-01T00:14:33+00:00","author":"Genival Barbosa","twitter_card":"summary_large_image","twitter_misc":{"Escrito por":"Genival Barbosa","Est. tempo de leitura":"2 minutos"},"schema":{"@context":"https:\/\/schema.org","@graph":[{"@type":"WebPage","@id":"https:\/\/portalnpm.com\/index.php\/2023\/01\/31\/abono-do-pis-pasep-comeca-a-ser-pago-em-fevereiro-veja-o-calendario\/","url":"https:\/\/portalnpm.com\/index.php\/2023\/01\/31\/abono-do-pis-pasep-comeca-a-ser-pago-em-fevereiro-veja-o-calendario\/","name":"Abono do PIS\/Pasep come\u00e7a a ser pago em fevereiro; veja o calend\u00e1rio - Portal NPM","isPartOf":{"@id":"https:\/\/portalnpm.com\/#website"},"primaryImageOfPage":{"@id":"https:\/\/portalnpm.com\/index.php\/2023\/01\/31\/abono-do-pis-pasep-comeca-a-ser-pago-em-fevereiro-veja-o-calendario\/#primaryimage"},"image":{"@id":"https:\/\/portalnpm.com\/index.php\/2023\/01\/31\/abono-do-pis-pasep-comeca-a-ser-pago-em-fevereiro-veja-o-calendario\/#primaryimage"},"thumbnailUrl":"","datePublished":"2023-02-01T00:14:33+00:00","dateModified":"2023-02-01T00:14:33+00:00","author":{"@id":"https:\/\/portalnpm.com\/#\/schema\/person\/49313e563cfdefcc167f1ee4c017c294"},"breadcrumb":{"@id":"https:\/\/portalnpm.com\/index.php\/2023\/01\/31\/abono-do-pis-pasep-comeca-a-ser-pago-em-fevereiro-veja-o-calendario\/#breadcrumb"},"inLanguage":"pt-BR","potentialAction":[{"@type":"ReadAction","target":["https:\/\/portalnpm.com\/index.php\/2023\/01\/31\/abono-do-pis-pasep-comeca-a-ser-pago-em-fevereiro-veja-o-calendario\/"]}]},{"@type":"ImageObject","inLanguage":"pt-BR","@id":"https:\/\/portalnpm.com\/index.php\/2023\/01\/31\/abono-do-pis-pasep-comeca-a-ser-pago-em-fevereiro-veja-o-calendario\/#primaryimage","url":"","contentUrl":""},{"@type":"BreadcrumbList","@id":"https:\/\/portalnpm.com\/index.php\/2023\/01\/31\/abono-do-pis-pasep-comeca-a-ser-pago-em-fevereiro-veja-o-calendario\/#breadcrumb","itemListElement":[{"@type":"ListItem","position":1,"name":"In\u00edcio","item":"https:\/\/portalnpm.com\/"},{"@type":"ListItem","position":2,"name":"Abono do PIS\/Pasep come\u00e7a a ser pago em fevereiro; veja o calend\u00e1rio"}]},{"@type":"WebSite","@id":"https:\/\/portalnpm.com\/#website","url":"https:\/\/portalnpm.com\/","name":"Portal NPM","description":"Not\u00edcias em Primeira M\u00e3o","potentialAction":[{"@type":"SearchAction","target":{"@type":"EntryPoint","urlTemplate":"https:\/\/portalnpm.com\/?s={search_term_string}"},"query-input":"required name=search_term_string"}],"inLanguage":"pt-BR"},{"@type":"Person","@id":"https:\/\/portalnpm.com\/#\/schema\/person\/49313e563cfdefcc167f1ee4c017c294","name":"Genival Barbosa","image":{"@type":"ImageObject","inLanguage":"pt-BR","@id":"https:\/\/portalnpm.com\/#\/schema\/person\/image\/","url":"https:\/\/portalnpm.com\/wp-content\/uploads\/2024\/02\/avatar_user_2_1707743258-96x96.jpeg","contentUrl":"https:\/\/portalnpm.com\/wp-content\/uploads\/2024\/02\/avatar_user_2_1707743258-96x96.jpeg","caption":"Genival Barbosa"},"url":"https:\/\/portalnpm.com\/index.php\/author\/genival\/"}]}},"jetpack_sharing_enabled":true,"jetpack_featured_media_url":"","_links":{"self":[{"href":"https:\/\/portalnpm.com\/index.php\/wp-json\/wp\/v2\/posts\/45117"}],"collection":[{"href":"https:\/\/portalnpm.com\/index.php\/wp-json\/wp\/v2\/posts"}],"about":[{"href":"https:\/\/portalnpm.com\/index.php\/wp-json\/wp\/v2\/types\/post"}],"author":[{"embeddable":true,"href":"https:\/\/portalnpm.com\/index.php\/wp-json\/wp\/v2\/users\/2"}],"replies":[{"embeddable":true,"href":"https:\/\/portalnpm.com\/index.php\/wp-json\/wp\/v2\/comments?post=45117"}],"version-history":[{"count":0,"href":"https:\/\/portalnpm.com\/index.php\/wp-json\/wp\/v2\/posts\/45117\/revisions"}],"wp:featuredmedia":[{"embeddable":true,"href":"https:\/\/portalnpm.com\/index.php\/wp-json\/"}],"wp:attachment":[{"href":"https:\/\/portalnpm.com\/index.php\/wp-json\/wp\/v2\/media?parent=45117"}],"wp:term":[{"taxonomy":"category","embeddable":true,"href":"https:\/\/portalnpm.com\/index.php\/wp-json\/wp\/v2\/categories?post=45117"},{"taxonomy":"post_tag","embeddable":true,"href":"https:\/\/portalnpm.com\/index.php\/wp-json\/wp\/v2\/tags?post=45117"}],"curies":[{"name":"wp","href":"https:\/\/api.w.org\/{rel}","templated":true}]}}