{"id":45151,"date":"2023-02-03T19:41:22","date_gmt":"2023-02-03T22:41:22","guid":{"rendered":"https:\/\/portalnpm.com\/?p=45151"},"modified":"2023-02-03T19:41:22","modified_gmt":"2023-02-03T22:41:22","slug":"governo-anuncia-reducao-de-taxas-e-multas-para-motocicletas-no-piaui","status":"publish","type":"post","link":"https:\/\/portalnpm.com\/index.php\/2023\/02\/03\/governo-anuncia-reducao-de-taxas-e-multas-para-motocicletas-no-piaui\/","title":{"rendered":"Governo anuncia redu\u00e7\u00e3o de taxas e multas para motocicletas no Piau\u00ed"},"content":{"rendered":"<p style=\"text-align: justify;\">O governador Rafael Fonteles anunciou nesta sexta-feira (03) uma s\u00e9rie de medidas que visam facilitar a regulariza\u00e7\u00e3o de motocicletas de at\u00e9 170 cilindradas. Na pr\u00f3xima semana, um projeto de Lei com as mudan\u00e7as ser\u00e1 encaminhado para a Assembleia Legislativa.<\/p>\n<p style=\"text-align: justify;\"><strong>Entre as a\u00e7\u00f5es anunciadas est\u00e3o:\u00a0<\/strong><\/p>\n<ul style=\"text-align: justify;\">\n<li>IPVA zerado em 2023<\/li>\n<li>Desconto de 90% nas d\u00edvidas de IPVA e nas taxas de licenciamento e multas de tr\u00e2nsito da Setrans e do Detran relativas a anos anteriores<\/li>\n<li>Taxa Anual de Licenciamento reduzida de R$ 73,44 para R$ 49,00;<\/li>\n<li>Taxa de primeiro emplacamento reduzida de R$ 148,50 para R$ 9;<\/li>\n<\/ul>\n<p style=\"text-align: justify;\">Uma outra medida anunciada \u00e9 a redu\u00e7\u00e3o da taxa para Carteira de Habilita\u00e7\u00e3o para moto (categoria A), que ser\u00e1 reduzida de R$ 302,40 para R$ 199;<\/p>\n<p style=\"text-align: justify;\">Outra a\u00e7\u00e3o \u00e9 a entrega de capacete gr\u00e1tis para o condutor que pagar eventual multa desse ano, pela Setrans\/Detran, por conduzir sem capacete.<\/p>\n<p style=\"text-align: justify;\">O an\u00fancio da medida foi feito pelo governador Rafael Fonteles ap\u00f3s reuni\u00e3o, nessa quinta-feira (2), com o secret\u00e1rio de Estado da Fazenda, Em\u00edlio J\u00fanior, e a diretora-geral do Departamento Estadual de Tr\u00e2nsito (Detran), Luana Barradas.<\/p>\n<p style=\"text-align: justify;\"><em>Foto: Ccom<\/em><\/p>\n<p style=\"text-align: justify;\"><img decoding=\"async\" src=\"https:\/\/cidadeverde.com\/cdn-cgi\/mirage\/faa7561b25d0547d267abaa8bcbbec847a2bddd039d88bbd2e0cb94c32655e92\/1280\/https:\/\/cidadeverde.com\/assets\/uploads\/noticias\/869d3f5c8c29986907d797f3bb29c403.jpg\" \/>\n<\/p>\n<p style=\"text-align: justify;\">As a\u00e7\u00f5es fazem parte do projeto de fiscaliza\u00e7\u00e3o e preven\u00e7\u00e3o no tr\u00e2nsito. \u201cOs acidentes de tr\u00e2nsito matam centenas de piauienses todos os anos e deixam milhares com sequelas graves. A grande maioria dos acidentes graves envolve motocicletas. Portanto, \u00e9 imprescind\u00edvel que os ve\u00edculos sejam regularizados, os condutores estejam habilitados e utilizando capacete e as regras de tr\u00e2nsito sejam obedecidas. Igualmente importante que seja evitada a combina\u00e7\u00e3o de \u00e1lcool e dire\u00e7\u00e3o, e os \u00f3rg\u00e3os competentes atuem na educa\u00e7\u00e3o e na fiscaliza\u00e7\u00e3o de tr\u00e2nsito\u201d, disse Rafael Fonteles ao apresentar as medidas que v\u00e3o compor o projeto de lei.<\/p>\n<p style=\"text-align: justify;\">Todos os benef\u00edcios ser\u00e3o v\u00e1lidos ap\u00f3s a aprova\u00e7\u00e3o da lei pela Assembleia Legislativa do Piau\u00ed.<\/p>\n<p style=\"text-align: justify;\">\n<em>Fonte: Cidade Verde\u00a0<\/em><\/p>\n","protected":false},"excerpt":{"rendered":"<p>O governador Rafael Fonteles anunciou nesta sexta-feira (03) uma s\u00e9rie de medidas que visam facilitar a regulariza\u00e7\u00e3o de motocicletas de at\u00e9 170 cilindradas. Na pr\u00f3xima semana, um projeto de Lei com as mudan\u00e7as ser\u00e1 encaminhado para a Assembleia Legislativa. Entre as a\u00e7\u00f5es anunciadas est\u00e3o:\u00a0 IPVA zerado em 2023 Desconto de 90% nas d\u00edvidas de IPVA &hellip;<\/p>\n","protected":false},"author":2,"featured_media":45152,"comment_status":"open","ping_status":"open","sticky":false,"template":"","format":"standard","meta":{"content-type":"","rop_custom_images_group":[],"rop_custom_messages_group":[],"rop_publish_now":"initial","rop_publish_now_accounts":{"facebook_2648258775420054_1618374048415101":""},"rop_publish_now_history":[],"rop_publish_now_status":"pending","footnotes":"","_jetpack_memberships_contains_paid_content":false},"categories":[113,414],"tags":[524,187,1651],"yoast_head":"<!-- This site is optimized with the Yoast SEO plugin v22.3 - https:\/\/yoast.com\/wordpress\/plugins\/seo\/ -->\n<title>Governo anuncia redu\u00e7\u00e3o de taxas e multas para motocicletas no Piau\u00ed - Portal NPM<\/title>\n<meta name=\"robots\" content=\"index, follow, max-snippet:-1, max-image-preview:large, max-video-preview:-1\" \/>\n<link rel=\"canonical\" href=\"https:\/\/portalnpm.com\/index.php\/2023\/02\/03\/governo-anuncia-reducao-de-taxas-e-multas-para-motocicletas-no-piaui\/\" \/>\n<meta property=\"og:locale\" content=\"pt_BR\" \/>\n<meta property=\"og:type\" content=\"article\" \/>\n<meta property=\"og:title\" content=\"Governo anuncia redu\u00e7\u00e3o de taxas e multas para motocicletas no Piau\u00ed - Portal NPM\" \/>\n<meta property=\"og:description\" content=\"O governador Rafael Fonteles anunciou nesta sexta-feira (03) uma s\u00e9rie de medidas que visam facilitar a regulariza\u00e7\u00e3o de motocicletas de at\u00e9 170 cilindradas. Na pr\u00f3xima semana, um projeto de Lei com as mudan\u00e7as ser\u00e1 encaminhado para a Assembleia Legislativa. Entre as a\u00e7\u00f5es anunciadas est\u00e3o:\u00a0 IPVA zerado em 2023 Desconto de 90% nas d\u00edvidas de IPVA &hellip;\" \/>\n<meta property=\"og:url\" content=\"https:\/\/portalnpm.com\/index.php\/2023\/02\/03\/governo-anuncia-reducao-de-taxas-e-multas-para-motocicletas-no-piaui\/\" \/>\n<meta property=\"og:site_name\" content=\"Portal NPM\" \/>\n<meta property=\"article:published_time\" content=\"2023-02-03T22:41:22+00:00\" \/>\n<meta name=\"author\" content=\"Genival Barbosa\" \/>\n<meta name=\"twitter:card\" content=\"summary_large_image\" \/>\n<meta name=\"twitter:label1\" content=\"Escrito por\" \/>\n\t<meta name=\"twitter:data1\" content=\"Genival Barbosa\" \/>\n\t<meta name=\"twitter:label2\" content=\"Est. tempo de leitura\" \/>\n\t<meta name=\"twitter:data2\" content=\"2 minutos\" \/>\n<script type=\"application\/ld+json\" class=\"yoast-schema-graph\">{\"@context\":\"https:\/\/schema.org\",\"@graph\":[{\"@type\":\"WebPage\",\"@id\":\"https:\/\/portalnpm.com\/index.php\/2023\/02\/03\/governo-anuncia-reducao-de-taxas-e-multas-para-motocicletas-no-piaui\/\",\"url\":\"https:\/\/portalnpm.com\/index.php\/2023\/02\/03\/governo-anuncia-reducao-de-taxas-e-multas-para-motocicletas-no-piaui\/\",\"name\":\"Governo anuncia redu\u00e7\u00e3o de taxas e multas para motocicletas no Piau\u00ed - Portal NPM\",\"isPartOf\":{\"@id\":\"https:\/\/portalnpm.com\/#website\"},\"primaryImageOfPage\":{\"@id\":\"https:\/\/portalnpm.com\/index.php\/2023\/02\/03\/governo-anuncia-reducao-de-taxas-e-multas-para-motocicletas-no-piaui\/#primaryimage\"},\"image\":{\"@id\":\"https:\/\/portalnpm.com\/index.php\/2023\/02\/03\/governo-anuncia-reducao-de-taxas-e-multas-para-motocicletas-no-piaui\/#primaryimage\"},\"thumbnailUrl\":\"\",\"datePublished\":\"2023-02-03T22:41:22+00:00\",\"dateModified\":\"2023-02-03T22:41:22+00:00\",\"author\":{\"@id\":\"https:\/\/portalnpm.com\/#\/schema\/person\/49313e563cfdefcc167f1ee4c017c294\"},\"breadcrumb\":{\"@id\":\"https:\/\/portalnpm.com\/index.php\/2023\/02\/03\/governo-anuncia-reducao-de-taxas-e-multas-para-motocicletas-no-piaui\/#breadcrumb\"},\"inLanguage\":\"pt-BR\",\"potentialAction\":[{\"@type\":\"ReadAction\",\"target\":[\"https:\/\/portalnpm.com\/index.php\/2023\/02\/03\/governo-anuncia-reducao-de-taxas-e-multas-para-motocicletas-no-piaui\/\"]}]},{\"@type\":\"ImageObject\",\"inLanguage\":\"pt-BR\",\"@id\":\"https:\/\/portalnpm.com\/index.php\/2023\/02\/03\/governo-anuncia-reducao-de-taxas-e-multas-para-motocicletas-no-piaui\/#primaryimage\",\"url\":\"\",\"contentUrl\":\"\"},{\"@type\":\"BreadcrumbList\",\"@id\":\"https:\/\/portalnpm.com\/index.php\/2023\/02\/03\/governo-anuncia-reducao-de-taxas-e-multas-para-motocicletas-no-piaui\/#breadcrumb\",\"itemListElement\":[{\"@type\":\"ListItem\",\"position\":1,\"name\":\"In\u00edcio\",\"item\":\"https:\/\/portalnpm.com\/\"},{\"@type\":\"ListItem\",\"position\":2,\"name\":\"Governo anuncia redu\u00e7\u00e3o de taxas e multas para motocicletas no Piau\u00ed\"}]},{\"@type\":\"WebSite\",\"@id\":\"https:\/\/portalnpm.com\/#website\",\"url\":\"https:\/\/portalnpm.com\/\",\"name\":\"Portal NPM\",\"description\":\"Not\u00edcias em Primeira M\u00e3o\",\"potentialAction\":[{\"@type\":\"SearchAction\",\"target\":{\"@type\":\"EntryPoint\",\"urlTemplate\":\"https:\/\/portalnpm.com\/?s={search_term_string}\"},\"query-input\":\"required name=search_term_string\"}],\"inLanguage\":\"pt-BR\"},{\"@type\":\"Person\",\"@id\":\"https:\/\/portalnpm.com\/#\/schema\/person\/49313e563cfdefcc167f1ee4c017c294\",\"name\":\"Genival Barbosa\",\"image\":{\"@type\":\"ImageObject\",\"inLanguage\":\"pt-BR\",\"@id\":\"https:\/\/portalnpm.com\/#\/schema\/person\/image\/\",\"url\":\"https:\/\/portalnpm.com\/wp-content\/uploads\/2024\/02\/avatar_user_2_1707743258-96x96.jpeg\",\"contentUrl\":\"https:\/\/portalnpm.com\/wp-content\/uploads\/2024\/02\/avatar_user_2_1707743258-96x96.jpeg\",\"caption\":\"Genival Barbosa\"},\"url\":\"https:\/\/portalnpm.com\/index.php\/author\/genival\/\"}]}<\/script>\n<!-- \/ Yoast SEO plugin. -->","yoast_head_json":{"title":"Governo anuncia redu\u00e7\u00e3o de taxas e multas para motocicletas no Piau\u00ed - Portal NPM","robots":{"index":"index","follow":"follow","max-snippet":"max-snippet:-1","max-image-preview":"max-image-preview:large","max-video-preview":"max-video-preview:-1"},"canonical":"https:\/\/portalnpm.com\/index.php\/2023\/02\/03\/governo-anuncia-reducao-de-taxas-e-multas-para-motocicletas-no-piaui\/","og_locale":"pt_BR","og_type":"article","og_title":"Governo anuncia redu\u00e7\u00e3o de taxas e multas para motocicletas no Piau\u00ed - Portal NPM","og_description":"O governador Rafael Fonteles anunciou nesta sexta-feira (03) uma s\u00e9rie de medidas que visam facilitar a regulariza\u00e7\u00e3o de motocicletas de at\u00e9 170 cilindradas. Na pr\u00f3xima semana, um projeto de Lei com as mudan\u00e7as ser\u00e1 encaminhado para a Assembleia Legislativa. Entre as a\u00e7\u00f5es anunciadas est\u00e3o:\u00a0 IPVA zerado em 2023 Desconto de 90% nas d\u00edvidas de IPVA &hellip;","og_url":"https:\/\/portalnpm.com\/index.php\/2023\/02\/03\/governo-anuncia-reducao-de-taxas-e-multas-para-motocicletas-no-piaui\/","og_site_name":"Portal NPM","article_published_time":"2023-02-03T22:41:22+00:00","author":"Genival Barbosa","twitter_card":"summary_large_image","twitter_misc":{"Escrito por":"Genival Barbosa","Est. tempo de leitura":"2 minutos"},"schema":{"@context":"https:\/\/schema.org","@graph":[{"@type":"WebPage","@id":"https:\/\/portalnpm.com\/index.php\/2023\/02\/03\/governo-anuncia-reducao-de-taxas-e-multas-para-motocicletas-no-piaui\/","url":"https:\/\/portalnpm.com\/index.php\/2023\/02\/03\/governo-anuncia-reducao-de-taxas-e-multas-para-motocicletas-no-piaui\/","name":"Governo anuncia redu\u00e7\u00e3o de taxas e multas para motocicletas no Piau\u00ed - Portal NPM","isPartOf":{"@id":"https:\/\/portalnpm.com\/#website"},"primaryImageOfPage":{"@id":"https:\/\/portalnpm.com\/index.php\/2023\/02\/03\/governo-anuncia-reducao-de-taxas-e-multas-para-motocicletas-no-piaui\/#primaryimage"},"image":{"@id":"https:\/\/portalnpm.com\/index.php\/2023\/02\/03\/governo-anuncia-reducao-de-taxas-e-multas-para-motocicletas-no-piaui\/#primaryimage"},"thumbnailUrl":"","datePublished":"2023-02-03T22:41:22+00:00","dateModified":"2023-02-03T22:41:22+00:00","author":{"@id":"https:\/\/portalnpm.com\/#\/schema\/person\/49313e563cfdefcc167f1ee4c017c294"},"breadcrumb":{"@id":"https:\/\/portalnpm.com\/index.php\/2023\/02\/03\/governo-anuncia-reducao-de-taxas-e-multas-para-motocicletas-no-piaui\/#breadcrumb"},"inLanguage":"pt-BR","potentialAction":[{"@type":"ReadAction","target":["https:\/\/portalnpm.com\/index.php\/2023\/02\/03\/governo-anuncia-reducao-de-taxas-e-multas-para-motocicletas-no-piaui\/"]}]},{"@type":"ImageObject","inLanguage":"pt-BR","@id":"https:\/\/portalnpm.com\/index.php\/2023\/02\/03\/governo-anuncia-reducao-de-taxas-e-multas-para-motocicletas-no-piaui\/#primaryimage","url":"","contentUrl":""},{"@type":"BreadcrumbList","@id":"https:\/\/portalnpm.com\/index.php\/2023\/02\/03\/governo-anuncia-reducao-de-taxas-e-multas-para-motocicletas-no-piaui\/#breadcrumb","itemListElement":[{"@type":"ListItem","position":1,"name":"In\u00edcio","item":"https:\/\/portalnpm.com\/"},{"@type":"ListItem","position":2,"name":"Governo anuncia redu\u00e7\u00e3o de taxas e multas para motocicletas no Piau\u00ed"}]},{"@type":"WebSite","@id":"https:\/\/portalnpm.com\/#website","url":"https:\/\/portalnpm.com\/","name":"Portal NPM","description":"Not\u00edcias em Primeira M\u00e3o","potentialAction":[{"@type":"SearchAction","target":{"@type":"EntryPoint","urlTemplate":"https:\/\/portalnpm.com\/?s={search_term_string}"},"query-input":"required name=search_term_string"}],"inLanguage":"pt-BR"},{"@type":"Person","@id":"https:\/\/portalnpm.com\/#\/schema\/person\/49313e563cfdefcc167f1ee4c017c294","name":"Genival Barbosa","image":{"@type":"ImageObject","inLanguage":"pt-BR","@id":"https:\/\/portalnpm.com\/#\/schema\/person\/image\/","url":"https:\/\/portalnpm.com\/wp-content\/uploads\/2024\/02\/avatar_user_2_1707743258-96x96.jpeg","contentUrl":"https:\/\/portalnpm.com\/wp-content\/uploads\/2024\/02\/avatar_user_2_1707743258-96x96.jpeg","caption":"Genival Barbosa"},"url":"https:\/\/portalnpm.com\/index.php\/author\/genival\/"}]}},"jetpack_sharing_enabled":true,"jetpack_featured_media_url":"","_links":{"self":[{"href":"https:\/\/portalnpm.com\/index.php\/wp-json\/wp\/v2\/posts\/45151"}],"collection":[{"href":"https:\/\/portalnpm.com\/index.php\/wp-json\/wp\/v2\/posts"}],"about":[{"href":"https:\/\/portalnpm.com\/index.php\/wp-json\/wp\/v2\/types\/post"}],"author":[{"embeddable":true,"href":"https:\/\/portalnpm.com\/index.php\/wp-json\/wp\/v2\/users\/2"}],"replies":[{"embeddable":true,"href":"https:\/\/portalnpm.com\/index.php\/wp-json\/wp\/v2\/comments?post=45151"}],"version-history":[{"count":0,"href":"https:\/\/portalnpm.com\/index.php\/wp-json\/wp\/v2\/posts\/45151\/revisions"}],"wp:featuredmedia":[{"embeddable":true,"href":"https:\/\/portalnpm.com\/index.php\/wp-json\/"}],"wp:attachment":[{"href":"https:\/\/portalnpm.com\/index.php\/wp-json\/wp\/v2\/media?parent=45151"}],"wp:term":[{"taxonomy":"category","embeddable":true,"href":"https:\/\/portalnpm.com\/index.php\/wp-json\/wp\/v2\/categories?post=45151"},{"taxonomy":"post_tag","embeddable":true,"href":"https:\/\/portalnpm.com\/index.php\/wp-json\/wp\/v2\/tags?post=45151"}],"curies":[{"name":"wp","href":"https:\/\/api.w.org\/{rel}","templated":true}]}}