{"id":45429,"date":"2023-02-23T22:20:53","date_gmt":"2023-02-24T01:20:53","guid":{"rendered":"https:\/\/portalnpm.com\/?p=45429"},"modified":"2023-02-23T22:20:53","modified_gmt":"2023-02-24T01:20:53","slug":"alexandre-de-moraes-diz-no-stf-que-palmeiras-nao-tem-mundial-veja-video","status":"publish","type":"post","link":"https:\/\/portalnpm.com\/index.php\/2023\/02\/23\/alexandre-de-moraes-diz-no-stf-que-palmeiras-nao-tem-mundial-veja-video\/","title":{"rendered":"Alexandre de Moraes diz no STF que Palmeiras n\u00e3o tem Mundial; veja v\u00eddeo"},"content":{"rendered":"<p style=\"text-align: justify;\">O ministro Alexandre de Moraes, do\u00a0<a href=\"https:\/\/noticias.uol.com.br\/politica\/stf-supremo-tribunal-federal\/\" target=\"_top\" rel=\"noopener\">STF<\/a>, afirmou ao vivo que o\u00a0<a href=\"https:\/\/www.uol.com.br\/esporte\/futebol\/times\/palmeiras\/\" target=\"_top\" rel=\"noopener\">Palmeiras<\/a>\u00a0n\u00e3o tem t\u00edtulo do Mundial de Clubes (assista abaixo).<\/p>\n<p style=\"text-align: justify;\"><strong>Corintiano declarado, o jurista fez a brincadeira com o colega Dias Toffoli<\/strong>, torcedor da equipe alviverde, durante uma sess\u00e3o transmitida pela TV Justi\u00e7a.<\/p>\n<p style=\"text-align: justify;\"><cite>Depois daquele tr\u00e1gico evento do\u00a0<a href=\"https:\/\/www.uol.com.br\/esporte\/futebol\/times\/corinthians\/\" target=\"_top\" rel=\"noopener\">Corinthians<\/a>\u00a0com a R\u00fassia, n\u00f3s extirparmos os russos do Corinthians e, depois, ainda fomos campe\u00f5es mais duas vezes do Brasileiro e uma do Mundial, em 2012, [t\u00edtulo] que o Palmeiras n\u00e3o tem, infelizmente, ministro Toffoli&#8221;<\/cite>\u00a0<strong>Alexandre de Moraes<\/strong><\/p>\n<p style=\"text-align: justify;\"><strong>O assunto da pauta era o problema envolvendo o uso de aplicativo russos no Brasil<\/strong>\u00a0\u2014 como o\u00a0Telegram, citado pouco antes da declara\u00e7\u00e3o.<\/p>\n<p style=\"text-align: justify;\"><strong>Moraes falou sobre o Palmeiras ao citar o fim da parceria entre Corinthians e\u00a0MSI<\/strong>, que teve ind\u00edcios de\u00a0<a href=\"https:\/\/www.uol.com.br\/esporte\/futebol\/ultimas-noticias\/2013\/03\/23\/investigado-por-participacao-na-msicorinthians-boris-berezovsky-e-encontrado-morto.htm\" target=\"_blank\" rel=\"noopener\">envolvimento do magnata russo Boris Berezovscky.<\/a><\/p>\n<h2>Assista ao momento:<\/h2>\n<blockquote class=\"twitter-tweet\" data-width=\"500\" data-dnt=\"true\">\n<p lang=\"pt\" dir=\"ltr\">\u201cDepois daquele tr\u00e1gico evento do Corinthians com a R\u00fassia, n\u00f3s extirparmos os russos do Corinthians e, depois, ainda fomos campe\u00f5es mais duas vezes do Brasileiro e uma do Mundial, em 2012, [t\u00edtulo] que o Palmeiras n\u00e3o tem, infelizmente, ministro Toffoli&quot;<\/p>\n<p>\ud83d\udde3\ufe0f\ud83d\udde3\ufe0f\ud83d\udde3\ufe0f <a href=\"https:\/\/t.co\/7T0CSbzVc7\">https:\/\/t.co\/7T0CSbzVc7<\/a> <a href=\"https:\/\/t.co\/mfMX3kIgdU\">pic.twitter.com\/mfMX3kIgdU<\/a><\/p>\n<p>&mdash; Jeff Nascimento (@jnascim) <a href=\"https:\/\/twitter.com\/jnascim\/status\/1628885844160311300?ref_src=twsrc%5Etfw\">February 23, 2023<\/a><\/p><\/blockquote>\n<p><script async src=\"https:\/\/platform.twitter.com\/widgets.js\" charset=\"utf-8\"><\/script><\/p>\n<p><strong><em>Fonte: UOL\u00a0<\/em><\/strong><\/p>\n","protected":false},"excerpt":{"rendered":"<p>O ministro Alexandre de Moraes, do\u00a0STF, afirmou ao vivo que o\u00a0Palmeiras\u00a0n\u00e3o tem t\u00edtulo do Mundial de Clubes (assista abaixo). Corintiano declarado, o jurista fez a brincadeira com o colega Dias Toffoli, torcedor da equipe alviverde, durante uma sess\u00e3o transmitida pela TV Justi\u00e7a. Depois daquele tr\u00e1gico evento do\u00a0Corinthians\u00a0com a R\u00fassia, n\u00f3s extirparmos os russos do Corinthians &hellip;<\/p>\n","protected":false},"author":3,"featured_media":45436,"comment_status":"open","ping_status":"open","sticky":false,"template":"","format":"standard","meta":{"content-type":"","rop_custom_images_group":[],"rop_custom_messages_group":[],"rop_publish_now":"initial","rop_publish_now_accounts":{"facebook_2648258775420054_1618374048415101":""},"rop_publish_now_history":[],"rop_publish_now_status":"pending","footnotes":"","_jetpack_memberships_contains_paid_content":false},"categories":[113,125],"tags":[14386,7963,157,2527],"yoast_head":"<!-- This site is optimized with the Yoast SEO plugin v22.3 - https:\/\/yoast.com\/wordpress\/plugins\/seo\/ -->\n<title>Alexandre de Moraes diz no STF que Palmeiras n\u00e3o tem Mundial; veja v\u00eddeo - Portal NPM<\/title>\n<meta name=\"robots\" content=\"index, follow, max-snippet:-1, max-image-preview:large, max-video-preview:-1\" \/>\n<link rel=\"canonical\" href=\"https:\/\/portalnpm.com\/index.php\/2023\/02\/23\/alexandre-de-moraes-diz-no-stf-que-palmeiras-nao-tem-mundial-veja-video\/\" \/>\n<meta property=\"og:locale\" content=\"pt_BR\" \/>\n<meta property=\"og:type\" content=\"article\" \/>\n<meta property=\"og:title\" content=\"Alexandre de Moraes diz no STF que Palmeiras n\u00e3o tem Mundial; veja v\u00eddeo - Portal NPM\" \/>\n<meta property=\"og:description\" content=\"O ministro Alexandre de Moraes, do\u00a0STF, afirmou ao vivo que o\u00a0Palmeiras\u00a0n\u00e3o tem t\u00edtulo do Mundial de Clubes (assista abaixo). Corintiano declarado, o jurista fez a brincadeira com o colega Dias Toffoli, torcedor da equipe alviverde, durante uma sess\u00e3o transmitida pela TV Justi\u00e7a. Depois daquele tr\u00e1gico evento do\u00a0Corinthians\u00a0com a R\u00fassia, n\u00f3s extirparmos os russos do Corinthians &hellip;\" \/>\n<meta property=\"og:url\" content=\"https:\/\/portalnpm.com\/index.php\/2023\/02\/23\/alexandre-de-moraes-diz-no-stf-que-palmeiras-nao-tem-mundial-veja-video\/\" \/>\n<meta property=\"og:site_name\" content=\"Portal NPM\" \/>\n<meta property=\"article:published_time\" content=\"2023-02-24T01:20:53+00:00\" \/>\n<meta name=\"author\" content=\"Luis Alberto\" \/>\n<meta name=\"twitter:card\" content=\"summary_large_image\" \/>\n<meta name=\"twitter:label1\" content=\"Escrito por\" \/>\n\t<meta name=\"twitter:data1\" content=\"Luis Alberto\" \/>\n\t<meta name=\"twitter:label2\" content=\"Est. tempo de leitura\" \/>\n\t<meta name=\"twitter:data2\" content=\"1 minuto\" \/>\n<script type=\"application\/ld+json\" class=\"yoast-schema-graph\">{\"@context\":\"https:\/\/schema.org\",\"@graph\":[{\"@type\":\"WebPage\",\"@id\":\"https:\/\/portalnpm.com\/index.php\/2023\/02\/23\/alexandre-de-moraes-diz-no-stf-que-palmeiras-nao-tem-mundial-veja-video\/\",\"url\":\"https:\/\/portalnpm.com\/index.php\/2023\/02\/23\/alexandre-de-moraes-diz-no-stf-que-palmeiras-nao-tem-mundial-veja-video\/\",\"name\":\"Alexandre de Moraes diz no STF que Palmeiras n\u00e3o tem Mundial; veja v\u00eddeo - Portal NPM\",\"isPartOf\":{\"@id\":\"https:\/\/portalnpm.com\/#website\"},\"primaryImageOfPage\":{\"@id\":\"https:\/\/portalnpm.com\/index.php\/2023\/02\/23\/alexandre-de-moraes-diz-no-stf-que-palmeiras-nao-tem-mundial-veja-video\/#primaryimage\"},\"image\":{\"@id\":\"https:\/\/portalnpm.com\/index.php\/2023\/02\/23\/alexandre-de-moraes-diz-no-stf-que-palmeiras-nao-tem-mundial-veja-video\/#primaryimage\"},\"thumbnailUrl\":\"\",\"datePublished\":\"2023-02-24T01:20:53+00:00\",\"dateModified\":\"2023-02-24T01:20:53+00:00\",\"author\":{\"@id\":\"https:\/\/portalnpm.com\/#\/schema\/person\/5c8006acdf71774cd4e7a5ab98482152\"},\"breadcrumb\":{\"@id\":\"https:\/\/portalnpm.com\/index.php\/2023\/02\/23\/alexandre-de-moraes-diz-no-stf-que-palmeiras-nao-tem-mundial-veja-video\/#breadcrumb\"},\"inLanguage\":\"pt-BR\",\"potentialAction\":[{\"@type\":\"ReadAction\",\"target\":[\"https:\/\/portalnpm.com\/index.php\/2023\/02\/23\/alexandre-de-moraes-diz-no-stf-que-palmeiras-nao-tem-mundial-veja-video\/\"]}]},{\"@type\":\"ImageObject\",\"inLanguage\":\"pt-BR\",\"@id\":\"https:\/\/portalnpm.com\/index.php\/2023\/02\/23\/alexandre-de-moraes-diz-no-stf-que-palmeiras-nao-tem-mundial-veja-video\/#primaryimage\",\"url\":\"\",\"contentUrl\":\"\"},{\"@type\":\"BreadcrumbList\",\"@id\":\"https:\/\/portalnpm.com\/index.php\/2023\/02\/23\/alexandre-de-moraes-diz-no-stf-que-palmeiras-nao-tem-mundial-veja-video\/#breadcrumb\",\"itemListElement\":[{\"@type\":\"ListItem\",\"position\":1,\"name\":\"In\u00edcio\",\"item\":\"https:\/\/portalnpm.com\/\"},{\"@type\":\"ListItem\",\"position\":2,\"name\":\"Alexandre de Moraes diz no STF que Palmeiras n\u00e3o tem Mundial; veja v\u00eddeo\"}]},{\"@type\":\"WebSite\",\"@id\":\"https:\/\/portalnpm.com\/#website\",\"url\":\"https:\/\/portalnpm.com\/\",\"name\":\"Portal NPM\",\"description\":\"Not\u00edcias em Primeira M\u00e3o\",\"potentialAction\":[{\"@type\":\"SearchAction\",\"target\":{\"@type\":\"EntryPoint\",\"urlTemplate\":\"https:\/\/portalnpm.com\/?s={search_term_string}\"},\"query-input\":\"required name=search_term_string\"}],\"inLanguage\":\"pt-BR\"},{\"@type\":\"Person\",\"@id\":\"https:\/\/portalnpm.com\/#\/schema\/person\/5c8006acdf71774cd4e7a5ab98482152\",\"name\":\"Luis Alberto\",\"image\":{\"@type\":\"ImageObject\",\"inLanguage\":\"pt-BR\",\"@id\":\"https:\/\/portalnpm.com\/#\/schema\/person\/image\/\",\"url\":\"https:\/\/portalnpm.com\/wp-content\/uploads\/2024\/12\/avatar_user_3_1734699769-96x96.jpeg\",\"contentUrl\":\"https:\/\/portalnpm.com\/wp-content\/uploads\/2024\/12\/avatar_user_3_1734699769-96x96.jpeg\",\"caption\":\"Luis Alberto\"},\"description\":\"Editor-geral do Portal NPM, \u00e9 formado como T\u00e9cnico em Seguran\u00e7a do Trabalho pela Escola Metropolitana de Cursos T\u00e9cnicos. Det\u00e9m ainda licenciatura em Educa\u00e7\u00e3o F\u00edsica e bacharelado em Ci\u00eancias Pol\u00edticas, ambos obtidos pela institui\u00e7\u00e3o Anhanguera\/UNOPAR.\",\"url\":\"https:\/\/portalnpm.com\/index.php\/author\/pereira\/\"}]}<\/script>\n<!-- \/ Yoast SEO plugin. -->","yoast_head_json":{"title":"Alexandre de Moraes diz no STF que Palmeiras n\u00e3o tem Mundial; veja v\u00eddeo - Portal NPM","robots":{"index":"index","follow":"follow","max-snippet":"max-snippet:-1","max-image-preview":"max-image-preview:large","max-video-preview":"max-video-preview:-1"},"canonical":"https:\/\/portalnpm.com\/index.php\/2023\/02\/23\/alexandre-de-moraes-diz-no-stf-que-palmeiras-nao-tem-mundial-veja-video\/","og_locale":"pt_BR","og_type":"article","og_title":"Alexandre de Moraes diz no STF que Palmeiras n\u00e3o tem Mundial; veja v\u00eddeo - Portal NPM","og_description":"O ministro Alexandre de Moraes, do\u00a0STF, afirmou ao vivo que o\u00a0Palmeiras\u00a0n\u00e3o tem t\u00edtulo do Mundial de Clubes (assista abaixo). Corintiano declarado, o jurista fez a brincadeira com o colega Dias Toffoli, torcedor da equipe alviverde, durante uma sess\u00e3o transmitida pela TV Justi\u00e7a. Depois daquele tr\u00e1gico evento do\u00a0Corinthians\u00a0com a R\u00fassia, n\u00f3s extirparmos os russos do Corinthians &hellip;","og_url":"https:\/\/portalnpm.com\/index.php\/2023\/02\/23\/alexandre-de-moraes-diz-no-stf-que-palmeiras-nao-tem-mundial-veja-video\/","og_site_name":"Portal NPM","article_published_time":"2023-02-24T01:20:53+00:00","author":"Luis Alberto","twitter_card":"summary_large_image","twitter_misc":{"Escrito por":"Luis Alberto","Est. tempo de leitura":"1 minuto"},"schema":{"@context":"https:\/\/schema.org","@graph":[{"@type":"WebPage","@id":"https:\/\/portalnpm.com\/index.php\/2023\/02\/23\/alexandre-de-moraes-diz-no-stf-que-palmeiras-nao-tem-mundial-veja-video\/","url":"https:\/\/portalnpm.com\/index.php\/2023\/02\/23\/alexandre-de-moraes-diz-no-stf-que-palmeiras-nao-tem-mundial-veja-video\/","name":"Alexandre de Moraes diz no STF que Palmeiras n\u00e3o tem Mundial; veja v\u00eddeo - Portal NPM","isPartOf":{"@id":"https:\/\/portalnpm.com\/#website"},"primaryImageOfPage":{"@id":"https:\/\/portalnpm.com\/index.php\/2023\/02\/23\/alexandre-de-moraes-diz-no-stf-que-palmeiras-nao-tem-mundial-veja-video\/#primaryimage"},"image":{"@id":"https:\/\/portalnpm.com\/index.php\/2023\/02\/23\/alexandre-de-moraes-diz-no-stf-que-palmeiras-nao-tem-mundial-veja-video\/#primaryimage"},"thumbnailUrl":"","datePublished":"2023-02-24T01:20:53+00:00","dateModified":"2023-02-24T01:20:53+00:00","author":{"@id":"https:\/\/portalnpm.com\/#\/schema\/person\/5c8006acdf71774cd4e7a5ab98482152"},"breadcrumb":{"@id":"https:\/\/portalnpm.com\/index.php\/2023\/02\/23\/alexandre-de-moraes-diz-no-stf-que-palmeiras-nao-tem-mundial-veja-video\/#breadcrumb"},"inLanguage":"pt-BR","potentialAction":[{"@type":"ReadAction","target":["https:\/\/portalnpm.com\/index.php\/2023\/02\/23\/alexandre-de-moraes-diz-no-stf-que-palmeiras-nao-tem-mundial-veja-video\/"]}]},{"@type":"ImageObject","inLanguage":"pt-BR","@id":"https:\/\/portalnpm.com\/index.php\/2023\/02\/23\/alexandre-de-moraes-diz-no-stf-que-palmeiras-nao-tem-mundial-veja-video\/#primaryimage","url":"","contentUrl":""},{"@type":"BreadcrumbList","@id":"https:\/\/portalnpm.com\/index.php\/2023\/02\/23\/alexandre-de-moraes-diz-no-stf-que-palmeiras-nao-tem-mundial-veja-video\/#breadcrumb","itemListElement":[{"@type":"ListItem","position":1,"name":"In\u00edcio","item":"https:\/\/portalnpm.com\/"},{"@type":"ListItem","position":2,"name":"Alexandre de Moraes diz no STF que Palmeiras n\u00e3o tem Mundial; veja v\u00eddeo"}]},{"@type":"WebSite","@id":"https:\/\/portalnpm.com\/#website","url":"https:\/\/portalnpm.com\/","name":"Portal NPM","description":"Not\u00edcias em Primeira M\u00e3o","potentialAction":[{"@type":"SearchAction","target":{"@type":"EntryPoint","urlTemplate":"https:\/\/portalnpm.com\/?s={search_term_string}"},"query-input":"required name=search_term_string"}],"inLanguage":"pt-BR"},{"@type":"Person","@id":"https:\/\/portalnpm.com\/#\/schema\/person\/5c8006acdf71774cd4e7a5ab98482152","name":"Luis Alberto","image":{"@type":"ImageObject","inLanguage":"pt-BR","@id":"https:\/\/portalnpm.com\/#\/schema\/person\/image\/","url":"https:\/\/portalnpm.com\/wp-content\/uploads\/2024\/12\/avatar_user_3_1734699769-96x96.jpeg","contentUrl":"https:\/\/portalnpm.com\/wp-content\/uploads\/2024\/12\/avatar_user_3_1734699769-96x96.jpeg","caption":"Luis Alberto"},"description":"Editor-geral do Portal NPM, \u00e9 formado como T\u00e9cnico em Seguran\u00e7a do Trabalho pela Escola Metropolitana de Cursos T\u00e9cnicos. Det\u00e9m ainda licenciatura em Educa\u00e7\u00e3o F\u00edsica e bacharelado em Ci\u00eancias Pol\u00edticas, ambos obtidos pela institui\u00e7\u00e3o Anhanguera\/UNOPAR.","url":"https:\/\/portalnpm.com\/index.php\/author\/pereira\/"}]}},"jetpack_sharing_enabled":true,"jetpack_featured_media_url":"","_links":{"self":[{"href":"https:\/\/portalnpm.com\/index.php\/wp-json\/wp\/v2\/posts\/45429"}],"collection":[{"href":"https:\/\/portalnpm.com\/index.php\/wp-json\/wp\/v2\/posts"}],"about":[{"href":"https:\/\/portalnpm.com\/index.php\/wp-json\/wp\/v2\/types\/post"}],"author":[{"embeddable":true,"href":"https:\/\/portalnpm.com\/index.php\/wp-json\/wp\/v2\/users\/3"}],"replies":[{"embeddable":true,"href":"https:\/\/portalnpm.com\/index.php\/wp-json\/wp\/v2\/comments?post=45429"}],"version-history":[{"count":0,"href":"https:\/\/portalnpm.com\/index.php\/wp-json\/wp\/v2\/posts\/45429\/revisions"}],"wp:featuredmedia":[{"embeddable":true,"href":"https:\/\/portalnpm.com\/index.php\/wp-json\/"}],"wp:attachment":[{"href":"https:\/\/portalnpm.com\/index.php\/wp-json\/wp\/v2\/media?parent=45429"}],"wp:term":[{"taxonomy":"category","embeddable":true,"href":"https:\/\/portalnpm.com\/index.php\/wp-json\/wp\/v2\/categories?post=45429"},{"taxonomy":"post_tag","embeddable":true,"href":"https:\/\/portalnpm.com\/index.php\/wp-json\/wp\/v2\/tags?post=45429"}],"curies":[{"name":"wp","href":"https:\/\/api.w.org\/{rel}","templated":true}]}}