{"id":45560,"date":"2023-02-27T19:37:24","date_gmt":"2023-02-27T22:37:24","guid":{"rendered":"https:\/\/portalnpm.com\/?p=45560"},"modified":"2023-02-27T19:37:24","modified_gmt":"2023-02-27T22:37:24","slug":"brasil-comeca-a-aplicar-vacina-bivalente-contra-covid-19","status":"publish","type":"post","link":"https:\/\/portalnpm.com\/index.php\/2023\/02\/27\/brasil-comeca-a-aplicar-vacina-bivalente-contra-covid-19\/","title":{"rendered":"Brasil come\u00e7a a aplicar vacina bivalente contra covid-19"},"content":{"rendered":"<p style=\"text-align: justify;\">Come\u00e7a a ser aplicada\u00a0hoje\u00a0(27) em todo o pa\u00eds a vacina bivalente contra a covid-19. De acordo com o Minist\u00e9rio da Sa\u00fade, a vacina\u00a0melhora a imunidade contra o v\u00edrus da cepa original e tamb\u00e9m contra a variante \u00d4micron e tem\u00a0perfil de seguran\u00e7a e efic\u00e1cia semelhante ao das vacinas monovalentes.<img decoding=\"async\" src=\"https:\/\/agenciabrasil.ebc.com.br\/ebc.png?id=1512927&amp;o=node\" \/><\/p>\n<p style=\"text-align: justify;\"><img decoding=\"async\" src=\"https:\/\/agenciabrasil.ebc.com.br\/ebc.gif?id=1512927&amp;o=node\" \/><\/p>\n<p style=\"text-align: justify;\">\u201cA vacina monovalente, como o pr\u00f3prio nome diz, tem um tipo s\u00f3 do v\u00edrus que causa a covid. Ela foi originalmente desenhada com aquele chamado v\u00edrus ancestral, o primeiro que apareceu na China no fim de 2019. Ent\u00e3o, todas as vacinas que a gente tinha e usou at\u00e9 agora eram monovalentes, independentemente do laborat\u00f3rio fabricante\u201d, explicou o diretor da Sociedade Brasileira de Imuniza\u00e7\u00f5es, Juarez Cunha.<\/p>\n<p style=\"text-align: justify;\">Inicialmente, a vacina ser\u00e1 aplicada somente nos chamados grupos de risco. Conforme divis\u00e3o anunciada pelo minist\u00e9rio, a imuniza\u00e7\u00e3o ser\u00e1 feita da seguinte forma: na fase 1, pessoas acima de 70 anos, imunocomprometidos, ind\u00edgenas, ribeirinhos e quilombolas; na fase 2, pessoas com idade entre 60 e 69 anos; na fase 3, gestantes e pu\u00e9rperas; e na fase 4, profissionais de sa\u00fade.<\/p>\n<p style=\"text-align: justify;\">\u201cEssas popula\u00e7\u00f5es, do que a gente tem nesses tr\u00eas anos de pandemia, s\u00e3o as pessoas que mais sofreram e mais sofrem com a doen\u00e7a. \u00c9 importante\u00a0termos um planejamento porque n\u00e3o tem vacina suficiente para incluir toda a popula\u00e7\u00e3o com a bivalente. A tend\u00eancia \u00e9 que, com o passar do tempo, a gente v\u00e1 aumentando os grupos que v\u00e3o receber.\u201d<\/p>\n<p style=\"text-align: justify;\">No Brasil, duas vacinas\u00a0bivalentes, ambas produzidas pelo laborat\u00f3rio Pfizer, receberam autoriza\u00e7\u00e3o da Ag\u00eancia Nacional de Vigil\u00e2ncia Sanit\u00e1ria (Anvisa) para uso emergencial. Elas s\u00e3o indicadas como dose \u00fanica de refor\u00e7o para crian\u00e7as e adultos, ap\u00f3s dois meses da conclus\u00e3o do esquema vacinal prim\u00e1rio, ou como \u00faltima dose de refor\u00e7o.<\/p>\n<p style=\"text-align: justify;\">\u201cPara quem \u00e9 recomendada a bivalente? S\u00f3 como refor\u00e7o. Para pessoas que foram plenamente vacinadas com o esquema prim\u00e1rio que, em geral, s\u00e3o duas doses ou dose \u00fanica. Mesmo para aquelas que j\u00e1 fizeram a terceira e a\u00a0quarta\u00a0doses, dois refor\u00e7os\u201d, disse Juarez. \u201cEssas pessoas que t\u00eam essa vacina\u00e7\u00e3o j\u00e1 feita, desde que tenham se passado quatro meses da \u00faltima dose, podem receber a bivalente.\u201d<\/p>\n<p style=\"text-align: justify;\">O minist\u00e9rio refor\u00e7a que as vacinas monovalentes contra a covid-19 seguem dispon\u00edveis em unidades b\u00e1sicas de Sa\u00fade (UBS) para a popula\u00e7\u00e3o em geral e s\u00e3o classificadas como \u201caltamente eficazes contra a doen\u00e7a\u201d, garantindo grau elevado de imunidade e evitando casos leves, graves e \u00f3bitos pela doen\u00e7a.<\/p>\n<p style=\"text-align: justify;\">\u201cA aplica\u00e7\u00e3o da bivalente n\u00e3o significa que as vacinas monovalentes n\u00e3o continuam protegendo. Elas continuam protegendo, mesmo para a variante \u00d4micron, mas, claro, tendo a possibilidade de uma vacina desenhada mais especificamente para a variante circulante, a tend\u00eancia \u00e9 termos melhor resposta.\u201d<\/p>\n<p style=\"text-align: justify;\"><em>*Colaborou Priscilla Mazenotti, da\u00a0<strong>R\u00e1dio Nacional Via Ag\u00eancia Brasil\u00a0<\/strong><\/em><\/p>\n","protected":false},"excerpt":{"rendered":"<p>Come\u00e7a a ser aplicada\u00a0hoje\u00a0(27) em todo o pa\u00eds a vacina bivalente contra a covid-19. De acordo com o Minist\u00e9rio da Sa\u00fade, a vacina\u00a0melhora a imunidade contra o v\u00edrus da cepa original e tamb\u00e9m contra a variante \u00d4micron e tem\u00a0perfil de seguran\u00e7a e efic\u00e1cia semelhante ao das vacinas monovalentes. \u201cA vacina monovalente, como o pr\u00f3prio nome &hellip;<\/p>\n","protected":false},"author":2,"featured_media":45561,"comment_status":"open","ping_status":"open","sticky":false,"template":"","format":"standard","meta":{"content-type":"","rop_custom_images_group":[],"rop_custom_messages_group":[],"rop_publish_now":"initial","rop_publish_now_accounts":{"facebook_2648258775420054_1618374048415101":""},"rop_publish_now_history":[],"rop_publish_now_status":"pending","footnotes":"","_jetpack_memberships_contains_paid_content":false},"categories":[113],"tags":[674,2807],"yoast_head":"<!-- This site is optimized with the Yoast SEO plugin v22.3 - https:\/\/yoast.com\/wordpress\/plugins\/seo\/ -->\n<title>Brasil come\u00e7a a aplicar vacina bivalente contra covid-19 - Portal NPM<\/title>\n<meta name=\"robots\" content=\"index, follow, max-snippet:-1, max-image-preview:large, max-video-preview:-1\" \/>\n<link rel=\"canonical\" href=\"https:\/\/portalnpm.com\/index.php\/2023\/02\/27\/brasil-comeca-a-aplicar-vacina-bivalente-contra-covid-19\/\" \/>\n<meta property=\"og:locale\" content=\"pt_BR\" \/>\n<meta property=\"og:type\" content=\"article\" \/>\n<meta property=\"og:title\" content=\"Brasil come\u00e7a a aplicar vacina bivalente contra covid-19 - Portal NPM\" \/>\n<meta property=\"og:description\" content=\"Come\u00e7a a ser aplicada\u00a0hoje\u00a0(27) em todo o pa\u00eds a vacina bivalente contra a covid-19. De acordo com o Minist\u00e9rio da Sa\u00fade, a vacina\u00a0melhora a imunidade contra o v\u00edrus da cepa original e tamb\u00e9m contra a variante \u00d4micron e tem\u00a0perfil de seguran\u00e7a e efic\u00e1cia semelhante ao das vacinas monovalentes. \u201cA vacina monovalente, como o pr\u00f3prio nome &hellip;\" \/>\n<meta property=\"og:url\" content=\"https:\/\/portalnpm.com\/index.php\/2023\/02\/27\/brasil-comeca-a-aplicar-vacina-bivalente-contra-covid-19\/\" \/>\n<meta property=\"og:site_name\" content=\"Portal NPM\" \/>\n<meta property=\"article:published_time\" content=\"2023-02-27T22:37:24+00:00\" \/>\n<meta name=\"author\" content=\"Genival Barbosa\" \/>\n<meta name=\"twitter:card\" content=\"summary_large_image\" \/>\n<meta name=\"twitter:label1\" content=\"Escrito por\" \/>\n\t<meta name=\"twitter:data1\" content=\"Genival Barbosa\" \/>\n\t<meta name=\"twitter:label2\" content=\"Est. tempo de leitura\" \/>\n\t<meta name=\"twitter:data2\" content=\"2 minutos\" \/>\n<script type=\"application\/ld+json\" class=\"yoast-schema-graph\">{\"@context\":\"https:\/\/schema.org\",\"@graph\":[{\"@type\":\"WebPage\",\"@id\":\"https:\/\/portalnpm.com\/index.php\/2023\/02\/27\/brasil-comeca-a-aplicar-vacina-bivalente-contra-covid-19\/\",\"url\":\"https:\/\/portalnpm.com\/index.php\/2023\/02\/27\/brasil-comeca-a-aplicar-vacina-bivalente-contra-covid-19\/\",\"name\":\"Brasil come\u00e7a a aplicar vacina bivalente contra covid-19 - Portal NPM\",\"isPartOf\":{\"@id\":\"https:\/\/portalnpm.com\/#website\"},\"primaryImageOfPage\":{\"@id\":\"https:\/\/portalnpm.com\/index.php\/2023\/02\/27\/brasil-comeca-a-aplicar-vacina-bivalente-contra-covid-19\/#primaryimage\"},\"image\":{\"@id\":\"https:\/\/portalnpm.com\/index.php\/2023\/02\/27\/brasil-comeca-a-aplicar-vacina-bivalente-contra-covid-19\/#primaryimage\"},\"thumbnailUrl\":\"\",\"datePublished\":\"2023-02-27T22:37:24+00:00\",\"dateModified\":\"2023-02-27T22:37:24+00:00\",\"author\":{\"@id\":\"https:\/\/portalnpm.com\/#\/schema\/person\/49313e563cfdefcc167f1ee4c017c294\"},\"breadcrumb\":{\"@id\":\"https:\/\/portalnpm.com\/index.php\/2023\/02\/27\/brasil-comeca-a-aplicar-vacina-bivalente-contra-covid-19\/#breadcrumb\"},\"inLanguage\":\"pt-BR\",\"potentialAction\":[{\"@type\":\"ReadAction\",\"target\":[\"https:\/\/portalnpm.com\/index.php\/2023\/02\/27\/brasil-comeca-a-aplicar-vacina-bivalente-contra-covid-19\/\"]}]},{\"@type\":\"ImageObject\",\"inLanguage\":\"pt-BR\",\"@id\":\"https:\/\/portalnpm.com\/index.php\/2023\/02\/27\/brasil-comeca-a-aplicar-vacina-bivalente-contra-covid-19\/#primaryimage\",\"url\":\"\",\"contentUrl\":\"\"},{\"@type\":\"BreadcrumbList\",\"@id\":\"https:\/\/portalnpm.com\/index.php\/2023\/02\/27\/brasil-comeca-a-aplicar-vacina-bivalente-contra-covid-19\/#breadcrumb\",\"itemListElement\":[{\"@type\":\"ListItem\",\"position\":1,\"name\":\"In\u00edcio\",\"item\":\"https:\/\/portalnpm.com\/\"},{\"@type\":\"ListItem\",\"position\":2,\"name\":\"Brasil come\u00e7a a aplicar vacina bivalente contra covid-19\"}]},{\"@type\":\"WebSite\",\"@id\":\"https:\/\/portalnpm.com\/#website\",\"url\":\"https:\/\/portalnpm.com\/\",\"name\":\"Portal NPM\",\"description\":\"Not\u00edcias em Primeira M\u00e3o\",\"potentialAction\":[{\"@type\":\"SearchAction\",\"target\":{\"@type\":\"EntryPoint\",\"urlTemplate\":\"https:\/\/portalnpm.com\/?s={search_term_string}\"},\"query-input\":\"required name=search_term_string\"}],\"inLanguage\":\"pt-BR\"},{\"@type\":\"Person\",\"@id\":\"https:\/\/portalnpm.com\/#\/schema\/person\/49313e563cfdefcc167f1ee4c017c294\",\"name\":\"Genival Barbosa\",\"image\":{\"@type\":\"ImageObject\",\"inLanguage\":\"pt-BR\",\"@id\":\"https:\/\/portalnpm.com\/#\/schema\/person\/image\/\",\"url\":\"https:\/\/portalnpm.com\/wp-content\/uploads\/2024\/02\/avatar_user_2_1707743258-96x96.jpeg\",\"contentUrl\":\"https:\/\/portalnpm.com\/wp-content\/uploads\/2024\/02\/avatar_user_2_1707743258-96x96.jpeg\",\"caption\":\"Genival Barbosa\"},\"url\":\"https:\/\/portalnpm.com\/index.php\/author\/genival\/\"}]}<\/script>\n<!-- \/ Yoast SEO plugin. -->","yoast_head_json":{"title":"Brasil come\u00e7a a aplicar vacina bivalente contra covid-19 - Portal NPM","robots":{"index":"index","follow":"follow","max-snippet":"max-snippet:-1","max-image-preview":"max-image-preview:large","max-video-preview":"max-video-preview:-1"},"canonical":"https:\/\/portalnpm.com\/index.php\/2023\/02\/27\/brasil-comeca-a-aplicar-vacina-bivalente-contra-covid-19\/","og_locale":"pt_BR","og_type":"article","og_title":"Brasil come\u00e7a a aplicar vacina bivalente contra covid-19 - Portal NPM","og_description":"Come\u00e7a a ser aplicada\u00a0hoje\u00a0(27) em todo o pa\u00eds a vacina bivalente contra a covid-19. De acordo com o Minist\u00e9rio da Sa\u00fade, a vacina\u00a0melhora a imunidade contra o v\u00edrus da cepa original e tamb\u00e9m contra a variante \u00d4micron e tem\u00a0perfil de seguran\u00e7a e efic\u00e1cia semelhante ao das vacinas monovalentes. \u201cA vacina monovalente, como o pr\u00f3prio nome &hellip;","og_url":"https:\/\/portalnpm.com\/index.php\/2023\/02\/27\/brasil-comeca-a-aplicar-vacina-bivalente-contra-covid-19\/","og_site_name":"Portal NPM","article_published_time":"2023-02-27T22:37:24+00:00","author":"Genival Barbosa","twitter_card":"summary_large_image","twitter_misc":{"Escrito por":"Genival Barbosa","Est. tempo de leitura":"2 minutos"},"schema":{"@context":"https:\/\/schema.org","@graph":[{"@type":"WebPage","@id":"https:\/\/portalnpm.com\/index.php\/2023\/02\/27\/brasil-comeca-a-aplicar-vacina-bivalente-contra-covid-19\/","url":"https:\/\/portalnpm.com\/index.php\/2023\/02\/27\/brasil-comeca-a-aplicar-vacina-bivalente-contra-covid-19\/","name":"Brasil come\u00e7a a aplicar vacina bivalente contra covid-19 - Portal NPM","isPartOf":{"@id":"https:\/\/portalnpm.com\/#website"},"primaryImageOfPage":{"@id":"https:\/\/portalnpm.com\/index.php\/2023\/02\/27\/brasil-comeca-a-aplicar-vacina-bivalente-contra-covid-19\/#primaryimage"},"image":{"@id":"https:\/\/portalnpm.com\/index.php\/2023\/02\/27\/brasil-comeca-a-aplicar-vacina-bivalente-contra-covid-19\/#primaryimage"},"thumbnailUrl":"","datePublished":"2023-02-27T22:37:24+00:00","dateModified":"2023-02-27T22:37:24+00:00","author":{"@id":"https:\/\/portalnpm.com\/#\/schema\/person\/49313e563cfdefcc167f1ee4c017c294"},"breadcrumb":{"@id":"https:\/\/portalnpm.com\/index.php\/2023\/02\/27\/brasil-comeca-a-aplicar-vacina-bivalente-contra-covid-19\/#breadcrumb"},"inLanguage":"pt-BR","potentialAction":[{"@type":"ReadAction","target":["https:\/\/portalnpm.com\/index.php\/2023\/02\/27\/brasil-comeca-a-aplicar-vacina-bivalente-contra-covid-19\/"]}]},{"@type":"ImageObject","inLanguage":"pt-BR","@id":"https:\/\/portalnpm.com\/index.php\/2023\/02\/27\/brasil-comeca-a-aplicar-vacina-bivalente-contra-covid-19\/#primaryimage","url":"","contentUrl":""},{"@type":"BreadcrumbList","@id":"https:\/\/portalnpm.com\/index.php\/2023\/02\/27\/brasil-comeca-a-aplicar-vacina-bivalente-contra-covid-19\/#breadcrumb","itemListElement":[{"@type":"ListItem","position":1,"name":"In\u00edcio","item":"https:\/\/portalnpm.com\/"},{"@type":"ListItem","position":2,"name":"Brasil come\u00e7a a aplicar vacina bivalente contra covid-19"}]},{"@type":"WebSite","@id":"https:\/\/portalnpm.com\/#website","url":"https:\/\/portalnpm.com\/","name":"Portal NPM","description":"Not\u00edcias em Primeira M\u00e3o","potentialAction":[{"@type":"SearchAction","target":{"@type":"EntryPoint","urlTemplate":"https:\/\/portalnpm.com\/?s={search_term_string}"},"query-input":"required name=search_term_string"}],"inLanguage":"pt-BR"},{"@type":"Person","@id":"https:\/\/portalnpm.com\/#\/schema\/person\/49313e563cfdefcc167f1ee4c017c294","name":"Genival Barbosa","image":{"@type":"ImageObject","inLanguage":"pt-BR","@id":"https:\/\/portalnpm.com\/#\/schema\/person\/image\/","url":"https:\/\/portalnpm.com\/wp-content\/uploads\/2024\/02\/avatar_user_2_1707743258-96x96.jpeg","contentUrl":"https:\/\/portalnpm.com\/wp-content\/uploads\/2024\/02\/avatar_user_2_1707743258-96x96.jpeg","caption":"Genival Barbosa"},"url":"https:\/\/portalnpm.com\/index.php\/author\/genival\/"}]}},"jetpack_sharing_enabled":true,"jetpack_featured_media_url":"","_links":{"self":[{"href":"https:\/\/portalnpm.com\/index.php\/wp-json\/wp\/v2\/posts\/45560"}],"collection":[{"href":"https:\/\/portalnpm.com\/index.php\/wp-json\/wp\/v2\/posts"}],"about":[{"href":"https:\/\/portalnpm.com\/index.php\/wp-json\/wp\/v2\/types\/post"}],"author":[{"embeddable":true,"href":"https:\/\/portalnpm.com\/index.php\/wp-json\/wp\/v2\/users\/2"}],"replies":[{"embeddable":true,"href":"https:\/\/portalnpm.com\/index.php\/wp-json\/wp\/v2\/comments?post=45560"}],"version-history":[{"count":0,"href":"https:\/\/portalnpm.com\/index.php\/wp-json\/wp\/v2\/posts\/45560\/revisions"}],"wp:featuredmedia":[{"embeddable":true,"href":"https:\/\/portalnpm.com\/index.php\/wp-json\/"}],"wp:attachment":[{"href":"https:\/\/portalnpm.com\/index.php\/wp-json\/wp\/v2\/media?parent=45560"}],"wp:term":[{"taxonomy":"category","embeddable":true,"href":"https:\/\/portalnpm.com\/index.php\/wp-json\/wp\/v2\/categories?post=45560"},{"taxonomy":"post_tag","embeddable":true,"href":"https:\/\/portalnpm.com\/index.php\/wp-json\/wp\/v2\/tags?post=45560"}],"curies":[{"name":"wp","href":"https:\/\/api.w.org\/{rel}","templated":true}]}}