{"id":45789,"date":"2023-03-25T13:57:49","date_gmt":"2023-03-25T16:57:49","guid":{"rendered":"https:\/\/portalnpm.com\/?p=45789"},"modified":"2023-03-25T13:57:49","modified_gmt":"2023-03-25T16:57:49","slug":"bolsonaro-diz-que-volta-ao-brasil-esta-pre-marcada-para-o-dia-30","status":"publish","type":"post","link":"https:\/\/portalnpm.com\/index.php\/2023\/03\/25\/bolsonaro-diz-que-volta-ao-brasil-esta-pre-marcada-para-o-dia-30\/","title":{"rendered":"Bolsonaro diz que volta ao Brasil est\u00e1 &#8216;pr\u00e9-marcada&#8217; para o dia 30"},"content":{"rendered":"<p style=\"text-align: justify;\">O ex-presidente Jair Bolsonaro (PL) afirmou que deve retornar ao Brasil no dia 30, \u00e0s 7h, para &#8220;trabalhar com o Partido Liberal&#8221; e &#8220;fazer pol\u00edtica&#8221;. Em entrevista \u00e0 Record TV veiculada nesta quinta-feira, 23, Bolsonaro disse ainda que n\u00e3o pretendia &#8220;sumir&#8221; com o conjunto de joias que recebeu de presente do regime da Ar\u00e1bia Saudita.<\/p>\n<p style=\"text-align: justify;\">\n<p style=\"text-align: justify;\">\n<p style=\"text-align: justify;\">&#8220;Est\u00e1 pr\u00e9-marcado para dia 30 pousar em Bras\u00edlia \u00e0s 7 horas da manh\u00e3. Est\u00e1 quase certo. Voltar com atividade normal. Vou trabalhar com o Partido Liberal. Vamos andar pelo Brasil e fazer pol\u00edtica. Afinal de contas, o PL \u00e9 um grande partido. N\u00f3s temos como manter de p\u00e9 essa bandeira do conservadorismo que levantamos ao longo de quatro anos&#8221;, afirmou o ex-presidente.<\/p>\n<p style=\"text-align: justify;\">Bolsonaro alegou que n\u00e3o cometeu irregularidades ao receber da Ar\u00e1bia Saudita um estojo que continha um rel\u00f3gio com pulseira de couro, um par de abotoaduras, uma caneta, um anel e um masbaha (ros\u00e1rio isl\u00e2mico). O ex-presidente disse que n\u00e3o tinha inten\u00e7\u00e3o de &#8220;sumir&#8221; com os materiais e que a ex-primeira-dama Michelle Bolsonaro ficou &#8220;sabendo pela imprensa&#8221; da exist\u00eancia de um segundo conjunto de joias, que foi apreendido no Aeroporto de Guarulhos (SP), que seria destinado a ela.<\/p>\n<p style=\"text-align: justify;\">&#8220;Nosso ministro recebeu duas caixas de presente. Uma ficou retida na alf\u00e2ndega, a outra foi para presente. Eu s\u00f3 tomei conhecimento disso um ano depois. A minha esposa tomou conhecimento pela imprensa. Ela n\u00e3o tem nada a ver com isso. A caixa que seria para ela, est\u00e1 na Receita. A minha, desde o primeiro momento falei que est\u00e1 \u00e0 disposi\u00e7\u00e3o&#8221;, disse. &#8220;Tanto \u00e9 que tem uma liminar do ministro [Augusto] Nardes, do TCU, que caiu agora, de que o material n\u00e3o poderia vender. Desde o primeiro momento n\u00e3o existe a inten\u00e7\u00e3o de sumir.&#8221;<\/p>\n<p style=\"text-align: justify;\">Como mostrou o Estad\u00e3o\/Broadcast, por\u00e9m, o ex-presidente atuou pessoalmente para tentar liberar o conjunto de joias preso na alf\u00e2ndega. Ao todo, foram oito tentativas desde a entrada ilegal do material, sem declara\u00e7\u00e3o. Bolsonaro defende que poderia ficar com os presentes e, se quisesse se desfazer deles, bastaria &#8220;pagar os impostos devidos&#8221;.<\/p>\n<p style=\"text-align: justify;\">O ex-presidente tamb\u00e9m disse que vai entregar &#8220;com dor no cora\u00e7\u00e3o&#8221; armas recebidas dos Emirados \u00c1rabes Unidos. &#8220;Eu pagaria por aquelas duas armas, mas n\u00e3o vamos criar qualquer pol\u00eamica. A gente vai entregar as armas para a PF e as joias em uma ag\u00eancia da Caixa.&#8221;<\/p>\n<p style=\"text-align: justify;\">Questionado pela reportagem da Record TV sobre a pris\u00e3o de suspeitos de participar de um ataque contra o senador Sergio Moro (Uni\u00e3o Brasil-PR), Bolsonaro disse achar &#8220;uma tremenda coincid\u00eancia&#8221; a proximidade da opera\u00e7\u00e3o com a declara\u00e7\u00e3o do presidente Luiz In\u00e1cio Lula da Silva (PT) de que, quando estava na cadeia, queria &#8220;f***r com o Moro&#8221;.<\/p>\n<p style=\"text-align: justify;\">&#8220;Eu acho uma tremenda coincid\u00eancia ontem o cara falar que gostaria de ferrar o atual senador Sergio Moro. Ent\u00e3o foram essas pris\u00f5es. Pelo que tudo indica gente do PCC. Entra o PCC nessa hist\u00f3ria&#8221;, afirmou.<\/p>\n<p style=\"text-align: justify;\">O ex-presidente ainda acusou Lula de ter feito uma &#8220;armadilha&#8221; nos ataques que depredaram a sede do Poder P\u00fablico em Bras\u00edlia, no dia 8 de janeiro. &#8220;Lamento o epis\u00f3dio, realmente inacredit\u00e1vel. Estamos esperan\u00e7osos de que haja uma CPMI para botar em pratos limpos isso da\u00ed. Foi uma armadilha feita pela esquerda, tanto \u00e9 que o presidente n\u00e3o quer [a CPMI]&#8221;, disse Bolsonaro. &#8220;Vamos abrir uma CPMI para ver at\u00e9 onde vai a minha responsabilidade ou a dele, que eu n\u00e3o chamo de op\u00e7\u00e3o, ele no meu entender tem a\u00e7\u00e3o nesse evento do dia 8.&#8221;<\/p>\n<p style=\"text-align: justify;\">\n<p style=\"text-align: justify;\"><em>Fonte: Estad\u00e3o Conte\u00fado<\/em><\/p>\n","protected":false},"excerpt":{"rendered":"<p>O ex-presidente Jair Bolsonaro (PL) afirmou que deve retornar ao Brasil no dia 30, \u00e0s 7h, para &#8220;trabalhar com o Partido Liberal&#8221; e &#8220;fazer pol\u00edtica&#8221;. Em entrevista \u00e0 Record TV veiculada nesta quinta-feira, 23, Bolsonaro disse ainda que n\u00e3o pretendia &#8220;sumir&#8221; com o conjunto de joias que recebeu de presente do regime da Ar\u00e1bia Saudita. &hellip;<\/p>\n","protected":false},"author":2,"featured_media":45790,"comment_status":"open","ping_status":"open","sticky":false,"template":"","format":"standard","meta":{"content-type":"","rop_custom_images_group":[],"rop_custom_messages_group":[],"rop_publish_now":"initial","rop_publish_now_accounts":{"facebook_2648258775420054_1618374048415101":""},"rop_publish_now_history":[],"rop_publish_now_status":"pending","footnotes":"","_jetpack_memberships_contains_paid_content":false},"categories":[118],"tags":[680,674,922],"yoast_head":"<!-- This site is optimized with the Yoast SEO plugin v22.3 - https:\/\/yoast.com\/wordpress\/plugins\/seo\/ -->\n<title>Bolsonaro diz que volta ao Brasil est\u00e1 &#039;pr\u00e9-marcada&#039; para o dia 30 - Portal NPM<\/title>\n<meta name=\"robots\" content=\"index, follow, max-snippet:-1, max-image-preview:large, max-video-preview:-1\" \/>\n<link rel=\"canonical\" href=\"https:\/\/portalnpm.com\/index.php\/2023\/03\/25\/bolsonaro-diz-que-volta-ao-brasil-esta-pre-marcada-para-o-dia-30\/\" \/>\n<meta property=\"og:locale\" content=\"pt_BR\" \/>\n<meta property=\"og:type\" content=\"article\" \/>\n<meta property=\"og:title\" content=\"Bolsonaro diz que volta ao Brasil est\u00e1 &#039;pr\u00e9-marcada&#039; para o dia 30 - Portal NPM\" \/>\n<meta property=\"og:description\" content=\"O ex-presidente Jair Bolsonaro (PL) afirmou que deve retornar ao Brasil no dia 30, \u00e0s 7h, para &#8220;trabalhar com o Partido Liberal&#8221; e &#8220;fazer pol\u00edtica&#8221;. Em entrevista \u00e0 Record TV veiculada nesta quinta-feira, 23, Bolsonaro disse ainda que n\u00e3o pretendia &#8220;sumir&#8221; com o conjunto de joias que recebeu de presente do regime da Ar\u00e1bia Saudita. &hellip;\" \/>\n<meta property=\"og:url\" content=\"https:\/\/portalnpm.com\/index.php\/2023\/03\/25\/bolsonaro-diz-que-volta-ao-brasil-esta-pre-marcada-para-o-dia-30\/\" \/>\n<meta property=\"og:site_name\" content=\"Portal NPM\" \/>\n<meta property=\"article:published_time\" content=\"2023-03-25T16:57:49+00:00\" \/>\n<meta name=\"author\" content=\"Genival Barbosa\" \/>\n<meta name=\"twitter:card\" content=\"summary_large_image\" \/>\n<meta name=\"twitter:label1\" content=\"Escrito por\" \/>\n\t<meta name=\"twitter:data1\" content=\"Genival Barbosa\" \/>\n\t<meta name=\"twitter:label2\" content=\"Est. tempo de leitura\" \/>\n\t<meta name=\"twitter:data2\" content=\"3 minutos\" \/>\n<script type=\"application\/ld+json\" class=\"yoast-schema-graph\">{\"@context\":\"https:\/\/schema.org\",\"@graph\":[{\"@type\":\"WebPage\",\"@id\":\"https:\/\/portalnpm.com\/index.php\/2023\/03\/25\/bolsonaro-diz-que-volta-ao-brasil-esta-pre-marcada-para-o-dia-30\/\",\"url\":\"https:\/\/portalnpm.com\/index.php\/2023\/03\/25\/bolsonaro-diz-que-volta-ao-brasil-esta-pre-marcada-para-o-dia-30\/\",\"name\":\"Bolsonaro diz que volta ao Brasil est\u00e1 'pr\u00e9-marcada' para o dia 30 - Portal NPM\",\"isPartOf\":{\"@id\":\"https:\/\/portalnpm.com\/#website\"},\"primaryImageOfPage\":{\"@id\":\"https:\/\/portalnpm.com\/index.php\/2023\/03\/25\/bolsonaro-diz-que-volta-ao-brasil-esta-pre-marcada-para-o-dia-30\/#primaryimage\"},\"image\":{\"@id\":\"https:\/\/portalnpm.com\/index.php\/2023\/03\/25\/bolsonaro-diz-que-volta-ao-brasil-esta-pre-marcada-para-o-dia-30\/#primaryimage\"},\"thumbnailUrl\":\"\",\"datePublished\":\"2023-03-25T16:57:49+00:00\",\"dateModified\":\"2023-03-25T16:57:49+00:00\",\"author\":{\"@id\":\"https:\/\/portalnpm.com\/#\/schema\/person\/49313e563cfdefcc167f1ee4c017c294\"},\"breadcrumb\":{\"@id\":\"https:\/\/portalnpm.com\/index.php\/2023\/03\/25\/bolsonaro-diz-que-volta-ao-brasil-esta-pre-marcada-para-o-dia-30\/#breadcrumb\"},\"inLanguage\":\"pt-BR\",\"potentialAction\":[{\"@type\":\"ReadAction\",\"target\":[\"https:\/\/portalnpm.com\/index.php\/2023\/03\/25\/bolsonaro-diz-que-volta-ao-brasil-esta-pre-marcada-para-o-dia-30\/\"]}]},{\"@type\":\"ImageObject\",\"inLanguage\":\"pt-BR\",\"@id\":\"https:\/\/portalnpm.com\/index.php\/2023\/03\/25\/bolsonaro-diz-que-volta-ao-brasil-esta-pre-marcada-para-o-dia-30\/#primaryimage\",\"url\":\"\",\"contentUrl\":\"\"},{\"@type\":\"BreadcrumbList\",\"@id\":\"https:\/\/portalnpm.com\/index.php\/2023\/03\/25\/bolsonaro-diz-que-volta-ao-brasil-esta-pre-marcada-para-o-dia-30\/#breadcrumb\",\"itemListElement\":[{\"@type\":\"ListItem\",\"position\":1,\"name\":\"In\u00edcio\",\"item\":\"https:\/\/portalnpm.com\/\"},{\"@type\":\"ListItem\",\"position\":2,\"name\":\"Bolsonaro diz que volta ao Brasil est\u00e1 &#8216;pr\u00e9-marcada&#8217; para o dia 30\"}]},{\"@type\":\"WebSite\",\"@id\":\"https:\/\/portalnpm.com\/#website\",\"url\":\"https:\/\/portalnpm.com\/\",\"name\":\"Portal NPM\",\"description\":\"Not\u00edcias em Primeira M\u00e3o\",\"potentialAction\":[{\"@type\":\"SearchAction\",\"target\":{\"@type\":\"EntryPoint\",\"urlTemplate\":\"https:\/\/portalnpm.com\/?s={search_term_string}\"},\"query-input\":\"required name=search_term_string\"}],\"inLanguage\":\"pt-BR\"},{\"@type\":\"Person\",\"@id\":\"https:\/\/portalnpm.com\/#\/schema\/person\/49313e563cfdefcc167f1ee4c017c294\",\"name\":\"Genival Barbosa\",\"image\":{\"@type\":\"ImageObject\",\"inLanguage\":\"pt-BR\",\"@id\":\"https:\/\/portalnpm.com\/#\/schema\/person\/image\/\",\"url\":\"https:\/\/portalnpm.com\/wp-content\/uploads\/2024\/02\/avatar_user_2_1707743258-96x96.jpeg\",\"contentUrl\":\"https:\/\/portalnpm.com\/wp-content\/uploads\/2024\/02\/avatar_user_2_1707743258-96x96.jpeg\",\"caption\":\"Genival Barbosa\"},\"url\":\"https:\/\/portalnpm.com\/index.php\/author\/genival\/\"}]}<\/script>\n<!-- \/ Yoast SEO plugin. -->","yoast_head_json":{"title":"Bolsonaro diz que volta ao Brasil est\u00e1 'pr\u00e9-marcada' para o dia 30 - Portal NPM","robots":{"index":"index","follow":"follow","max-snippet":"max-snippet:-1","max-image-preview":"max-image-preview:large","max-video-preview":"max-video-preview:-1"},"canonical":"https:\/\/portalnpm.com\/index.php\/2023\/03\/25\/bolsonaro-diz-que-volta-ao-brasil-esta-pre-marcada-para-o-dia-30\/","og_locale":"pt_BR","og_type":"article","og_title":"Bolsonaro diz que volta ao Brasil est\u00e1 'pr\u00e9-marcada' para o dia 30 - Portal NPM","og_description":"O ex-presidente Jair Bolsonaro (PL) afirmou que deve retornar ao Brasil no dia 30, \u00e0s 7h, para &#8220;trabalhar com o Partido Liberal&#8221; e &#8220;fazer pol\u00edtica&#8221;. Em entrevista \u00e0 Record TV veiculada nesta quinta-feira, 23, Bolsonaro disse ainda que n\u00e3o pretendia &#8220;sumir&#8221; com o conjunto de joias que recebeu de presente do regime da Ar\u00e1bia Saudita. &hellip;","og_url":"https:\/\/portalnpm.com\/index.php\/2023\/03\/25\/bolsonaro-diz-que-volta-ao-brasil-esta-pre-marcada-para-o-dia-30\/","og_site_name":"Portal NPM","article_published_time":"2023-03-25T16:57:49+00:00","author":"Genival Barbosa","twitter_card":"summary_large_image","twitter_misc":{"Escrito por":"Genival Barbosa","Est. tempo de leitura":"3 minutos"},"schema":{"@context":"https:\/\/schema.org","@graph":[{"@type":"WebPage","@id":"https:\/\/portalnpm.com\/index.php\/2023\/03\/25\/bolsonaro-diz-que-volta-ao-brasil-esta-pre-marcada-para-o-dia-30\/","url":"https:\/\/portalnpm.com\/index.php\/2023\/03\/25\/bolsonaro-diz-que-volta-ao-brasil-esta-pre-marcada-para-o-dia-30\/","name":"Bolsonaro diz que volta ao Brasil est\u00e1 'pr\u00e9-marcada' para o dia 30 - Portal NPM","isPartOf":{"@id":"https:\/\/portalnpm.com\/#website"},"primaryImageOfPage":{"@id":"https:\/\/portalnpm.com\/index.php\/2023\/03\/25\/bolsonaro-diz-que-volta-ao-brasil-esta-pre-marcada-para-o-dia-30\/#primaryimage"},"image":{"@id":"https:\/\/portalnpm.com\/index.php\/2023\/03\/25\/bolsonaro-diz-que-volta-ao-brasil-esta-pre-marcada-para-o-dia-30\/#primaryimage"},"thumbnailUrl":"","datePublished":"2023-03-25T16:57:49+00:00","dateModified":"2023-03-25T16:57:49+00:00","author":{"@id":"https:\/\/portalnpm.com\/#\/schema\/person\/49313e563cfdefcc167f1ee4c017c294"},"breadcrumb":{"@id":"https:\/\/portalnpm.com\/index.php\/2023\/03\/25\/bolsonaro-diz-que-volta-ao-brasil-esta-pre-marcada-para-o-dia-30\/#breadcrumb"},"inLanguage":"pt-BR","potentialAction":[{"@type":"ReadAction","target":["https:\/\/portalnpm.com\/index.php\/2023\/03\/25\/bolsonaro-diz-que-volta-ao-brasil-esta-pre-marcada-para-o-dia-30\/"]}]},{"@type":"ImageObject","inLanguage":"pt-BR","@id":"https:\/\/portalnpm.com\/index.php\/2023\/03\/25\/bolsonaro-diz-que-volta-ao-brasil-esta-pre-marcada-para-o-dia-30\/#primaryimage","url":"","contentUrl":""},{"@type":"BreadcrumbList","@id":"https:\/\/portalnpm.com\/index.php\/2023\/03\/25\/bolsonaro-diz-que-volta-ao-brasil-esta-pre-marcada-para-o-dia-30\/#breadcrumb","itemListElement":[{"@type":"ListItem","position":1,"name":"In\u00edcio","item":"https:\/\/portalnpm.com\/"},{"@type":"ListItem","position":2,"name":"Bolsonaro diz que volta ao Brasil est\u00e1 &#8216;pr\u00e9-marcada&#8217; para o dia 30"}]},{"@type":"WebSite","@id":"https:\/\/portalnpm.com\/#website","url":"https:\/\/portalnpm.com\/","name":"Portal NPM","description":"Not\u00edcias em Primeira M\u00e3o","potentialAction":[{"@type":"SearchAction","target":{"@type":"EntryPoint","urlTemplate":"https:\/\/portalnpm.com\/?s={search_term_string}"},"query-input":"required name=search_term_string"}],"inLanguage":"pt-BR"},{"@type":"Person","@id":"https:\/\/portalnpm.com\/#\/schema\/person\/49313e563cfdefcc167f1ee4c017c294","name":"Genival Barbosa","image":{"@type":"ImageObject","inLanguage":"pt-BR","@id":"https:\/\/portalnpm.com\/#\/schema\/person\/image\/","url":"https:\/\/portalnpm.com\/wp-content\/uploads\/2024\/02\/avatar_user_2_1707743258-96x96.jpeg","contentUrl":"https:\/\/portalnpm.com\/wp-content\/uploads\/2024\/02\/avatar_user_2_1707743258-96x96.jpeg","caption":"Genival Barbosa"},"url":"https:\/\/portalnpm.com\/index.php\/author\/genival\/"}]}},"jetpack_sharing_enabled":true,"jetpack_featured_media_url":"","_links":{"self":[{"href":"https:\/\/portalnpm.com\/index.php\/wp-json\/wp\/v2\/posts\/45789"}],"collection":[{"href":"https:\/\/portalnpm.com\/index.php\/wp-json\/wp\/v2\/posts"}],"about":[{"href":"https:\/\/portalnpm.com\/index.php\/wp-json\/wp\/v2\/types\/post"}],"author":[{"embeddable":true,"href":"https:\/\/portalnpm.com\/index.php\/wp-json\/wp\/v2\/users\/2"}],"replies":[{"embeddable":true,"href":"https:\/\/portalnpm.com\/index.php\/wp-json\/wp\/v2\/comments?post=45789"}],"version-history":[{"count":0,"href":"https:\/\/portalnpm.com\/index.php\/wp-json\/wp\/v2\/posts\/45789\/revisions"}],"wp:featuredmedia":[{"embeddable":true,"href":"https:\/\/portalnpm.com\/index.php\/wp-json\/"}],"wp:attachment":[{"href":"https:\/\/portalnpm.com\/index.php\/wp-json\/wp\/v2\/media?parent=45789"}],"wp:term":[{"taxonomy":"category","embeddable":true,"href":"https:\/\/portalnpm.com\/index.php\/wp-json\/wp\/v2\/categories?post=45789"},{"taxonomy":"post_tag","embeddable":true,"href":"https:\/\/portalnpm.com\/index.php\/wp-json\/wp\/v2\/tags?post=45789"}],"curies":[{"name":"wp","href":"https:\/\/api.w.org\/{rel}","templated":true}]}}