{"id":4608,"date":"2019-01-07T09:18:31","date_gmt":"2019-01-07T11:18:31","guid":{"rendered":"http:\/\/srv.portalnpm.com.br\/?p=4608"},"modified":"2019-01-07T09:18:31","modified_gmt":"2019-01-07T11:18:31","slug":"donald-trump-anuncia-morte-de-lider-da-al-qaeda","status":"publish","type":"post","link":"https:\/\/portalnpm.com\/index.php\/2019\/01\/07\/donald-trump-anuncia-morte-de-lider-da-al-qaeda\/","title":{"rendered":"Donald Trump anuncia morte de l\u00edder da Al Qaeda"},"content":{"rendered":"<p style=\"text-align: justify;\">O presidente americano\u00a0<strong>Donald<\/strong> <strong>Trump<\/strong> anunciou neste domingo, 6, que as for\u00e7as de seguran\u00e7a dos Estados Unidos mataram um dos l\u00edderes da rede Al Qaeda Yamal al Badawi, suspeito de planejar um ataque contra um navio da marinha americana na costa do Yemen, em 2000. No ataque, 17 soldados norte-americanos morreram.<\/p>\n<p style=\"text-align: justify;\">\u201cAcabamos de matar o l\u00edder deste ataque, Yamal al Badawi. Nosso trabalho contra Al Qaeda continua. Nunca nos deteremos em nossa luta contra o terrorismo radical isl\u00e2mico\u201d, disse Trump em sua conta no Twitter.<\/p>\n<p style=\"text-align: justify;\">Al Badawi estava na lista do FBI \u201cdos terroristas mais procurados\u201d e foi condenado por um juri federal em 2003, por v\u00e1rios crimes de terrorismo incluindo o assassinato de cidad\u00e3os e militares americanos. Al\u00e9m disso, foi apontado pelo Pent\u00e1gono como o idealizador do ataque contra o navio da Marinha norte-americana, na costa da cidade de Aeden, no Yemen, um dos atentados da Al Qaeda contra os EUA que marcou a escalada de ataques anteriores ao das Torres G\u00eameas e ao Pent\u00e1gono, em setembro de 2001.<\/p>\n<p><strong>Fonte: Veja\u00a0<\/strong><\/p>\n","protected":false},"excerpt":{"rendered":"<p>O presidente americano\u00a0Donald Trump anunciou neste domingo, 6, que as for\u00e7as de seguran\u00e7a dos Estados Unidos mataram um dos l\u00edderes da rede Al Qaeda Yamal al Badawi, suspeito de planejar um ataque contra um navio da marinha americana na costa do Yemen, em 2000. No ataque, 17 soldados norte-americanos morreram. \u201cAcabamos de matar o l\u00edder &hellip;<\/p>\n","protected":false},"author":3,"featured_media":4609,"comment_status":"open","ping_status":"open","sticky":false,"template":"","format":"standard","meta":{"content-type":"","rop_custom_images_group":[],"rop_custom_messages_group":[],"rop_publish_now":"initial","rop_publish_now_accounts":{"facebook_2648258775420054_1618374048415101":""},"rop_publish_now_history":[],"rop_publish_now_status":"pending","footnotes":"","_jetpack_memberships_contains_paid_content":false},"categories":[113,901],"tags":[1845,1846,1847],"yoast_head":"<!-- This site is optimized with the Yoast SEO plugin v22.3 - https:\/\/yoast.com\/wordpress\/plugins\/seo\/ -->\n<title>Donald Trump anuncia morte de l\u00edder da Al Qaeda - Portal NPM<\/title>\n<meta name=\"robots\" content=\"index, follow, max-snippet:-1, max-image-preview:large, max-video-preview:-1\" \/>\n<link rel=\"canonical\" href=\"https:\/\/portalnpm.com\/index.php\/2019\/01\/07\/donald-trump-anuncia-morte-de-lider-da-al-qaeda\/\" \/>\n<meta property=\"og:locale\" content=\"pt_BR\" \/>\n<meta property=\"og:type\" content=\"article\" \/>\n<meta property=\"og:title\" content=\"Donald Trump anuncia morte de l\u00edder da Al Qaeda - Portal NPM\" \/>\n<meta property=\"og:description\" content=\"O presidente americano\u00a0Donald Trump anunciou neste domingo, 6, que as for\u00e7as de seguran\u00e7a dos Estados Unidos mataram um dos l\u00edderes da rede Al Qaeda Yamal al Badawi, suspeito de planejar um ataque contra um navio da marinha americana na costa do Yemen, em 2000. No ataque, 17 soldados norte-americanos morreram. \u201cAcabamos de matar o l\u00edder &hellip;\" \/>\n<meta property=\"og:url\" content=\"https:\/\/portalnpm.com\/index.php\/2019\/01\/07\/donald-trump-anuncia-morte-de-lider-da-al-qaeda\/\" \/>\n<meta property=\"og:site_name\" content=\"Portal NPM\" \/>\n<meta property=\"article:published_time\" content=\"2019-01-07T11:18:31+00:00\" \/>\n<meta name=\"author\" content=\"Luis Alberto\" \/>\n<meta name=\"twitter:card\" content=\"summary_large_image\" \/>\n<meta name=\"twitter:label1\" content=\"Escrito por\" \/>\n\t<meta name=\"twitter:data1\" content=\"Luis Alberto\" \/>\n\t<meta name=\"twitter:label2\" content=\"Est. tempo de leitura\" \/>\n\t<meta name=\"twitter:data2\" content=\"1 minuto\" \/>\n<script type=\"application\/ld+json\" class=\"yoast-schema-graph\">{\"@context\":\"https:\/\/schema.org\",\"@graph\":[{\"@type\":\"WebPage\",\"@id\":\"https:\/\/portalnpm.com\/index.php\/2019\/01\/07\/donald-trump-anuncia-morte-de-lider-da-al-qaeda\/\",\"url\":\"https:\/\/portalnpm.com\/index.php\/2019\/01\/07\/donald-trump-anuncia-morte-de-lider-da-al-qaeda\/\",\"name\":\"Donald Trump anuncia morte de l\u00edder da Al Qaeda - Portal NPM\",\"isPartOf\":{\"@id\":\"https:\/\/portalnpm.com\/#website\"},\"primaryImageOfPage\":{\"@id\":\"https:\/\/portalnpm.com\/index.php\/2019\/01\/07\/donald-trump-anuncia-morte-de-lider-da-al-qaeda\/#primaryimage\"},\"image\":{\"@id\":\"https:\/\/portalnpm.com\/index.php\/2019\/01\/07\/donald-trump-anuncia-morte-de-lider-da-al-qaeda\/#primaryimage\"},\"thumbnailUrl\":\"\",\"datePublished\":\"2019-01-07T11:18:31+00:00\",\"dateModified\":\"2019-01-07T11:18:31+00:00\",\"author\":{\"@id\":\"https:\/\/portalnpm.com\/#\/schema\/person\/5c8006acdf71774cd4e7a5ab98482152\"},\"breadcrumb\":{\"@id\":\"https:\/\/portalnpm.com\/index.php\/2019\/01\/07\/donald-trump-anuncia-morte-de-lider-da-al-qaeda\/#breadcrumb\"},\"inLanguage\":\"pt-BR\",\"potentialAction\":[{\"@type\":\"ReadAction\",\"target\":[\"https:\/\/portalnpm.com\/index.php\/2019\/01\/07\/donald-trump-anuncia-morte-de-lider-da-al-qaeda\/\"]}]},{\"@type\":\"ImageObject\",\"inLanguage\":\"pt-BR\",\"@id\":\"https:\/\/portalnpm.com\/index.php\/2019\/01\/07\/donald-trump-anuncia-morte-de-lider-da-al-qaeda\/#primaryimage\",\"url\":\"\",\"contentUrl\":\"\"},{\"@type\":\"BreadcrumbList\",\"@id\":\"https:\/\/portalnpm.com\/index.php\/2019\/01\/07\/donald-trump-anuncia-morte-de-lider-da-al-qaeda\/#breadcrumb\",\"itemListElement\":[{\"@type\":\"ListItem\",\"position\":1,\"name\":\"In\u00edcio\",\"item\":\"https:\/\/portalnpm.com\/\"},{\"@type\":\"ListItem\",\"position\":2,\"name\":\"Donald Trump anuncia morte de l\u00edder da Al Qaeda\"}]},{\"@type\":\"WebSite\",\"@id\":\"https:\/\/portalnpm.com\/#website\",\"url\":\"https:\/\/portalnpm.com\/\",\"name\":\"Portal NPM\",\"description\":\"Not\u00edcias em Primeira M\u00e3o\",\"potentialAction\":[{\"@type\":\"SearchAction\",\"target\":{\"@type\":\"EntryPoint\",\"urlTemplate\":\"https:\/\/portalnpm.com\/?s={search_term_string}\"},\"query-input\":\"required name=search_term_string\"}],\"inLanguage\":\"pt-BR\"},{\"@type\":\"Person\",\"@id\":\"https:\/\/portalnpm.com\/#\/schema\/person\/5c8006acdf71774cd4e7a5ab98482152\",\"name\":\"Luis Alberto\",\"image\":{\"@type\":\"ImageObject\",\"inLanguage\":\"pt-BR\",\"@id\":\"https:\/\/portalnpm.com\/#\/schema\/person\/image\/\",\"url\":\"https:\/\/portalnpm.com\/wp-content\/uploads\/2024\/12\/avatar_user_3_1734699769-96x96.jpeg\",\"contentUrl\":\"https:\/\/portalnpm.com\/wp-content\/uploads\/2024\/12\/avatar_user_3_1734699769-96x96.jpeg\",\"caption\":\"Luis Alberto\"},\"description\":\"Editor-geral do Portal NPM, \u00e9 formado como T\u00e9cnico em Seguran\u00e7a do Trabalho pela Escola Metropolitana de Cursos T\u00e9cnicos. Det\u00e9m ainda licenciatura em Educa\u00e7\u00e3o F\u00edsica e bacharelado em Ci\u00eancias Pol\u00edticas, ambos obtidos pela institui\u00e7\u00e3o Anhanguera\/UNOPAR.\",\"url\":\"https:\/\/portalnpm.com\/index.php\/author\/pereira\/\"}]}<\/script>\n<!-- \/ Yoast SEO plugin. -->","yoast_head_json":{"title":"Donald Trump anuncia morte de l\u00edder da Al Qaeda - Portal NPM","robots":{"index":"index","follow":"follow","max-snippet":"max-snippet:-1","max-image-preview":"max-image-preview:large","max-video-preview":"max-video-preview:-1"},"canonical":"https:\/\/portalnpm.com\/index.php\/2019\/01\/07\/donald-trump-anuncia-morte-de-lider-da-al-qaeda\/","og_locale":"pt_BR","og_type":"article","og_title":"Donald Trump anuncia morte de l\u00edder da Al Qaeda - Portal NPM","og_description":"O presidente americano\u00a0Donald Trump anunciou neste domingo, 6, que as for\u00e7as de seguran\u00e7a dos Estados Unidos mataram um dos l\u00edderes da rede Al Qaeda Yamal al Badawi, suspeito de planejar um ataque contra um navio da marinha americana na costa do Yemen, em 2000. No ataque, 17 soldados norte-americanos morreram. \u201cAcabamos de matar o l\u00edder &hellip;","og_url":"https:\/\/portalnpm.com\/index.php\/2019\/01\/07\/donald-trump-anuncia-morte-de-lider-da-al-qaeda\/","og_site_name":"Portal NPM","article_published_time":"2019-01-07T11:18:31+00:00","author":"Luis Alberto","twitter_card":"summary_large_image","twitter_misc":{"Escrito por":"Luis Alberto","Est. tempo de leitura":"1 minuto"},"schema":{"@context":"https:\/\/schema.org","@graph":[{"@type":"WebPage","@id":"https:\/\/portalnpm.com\/index.php\/2019\/01\/07\/donald-trump-anuncia-morte-de-lider-da-al-qaeda\/","url":"https:\/\/portalnpm.com\/index.php\/2019\/01\/07\/donald-trump-anuncia-morte-de-lider-da-al-qaeda\/","name":"Donald Trump anuncia morte de l\u00edder da Al Qaeda - Portal NPM","isPartOf":{"@id":"https:\/\/portalnpm.com\/#website"},"primaryImageOfPage":{"@id":"https:\/\/portalnpm.com\/index.php\/2019\/01\/07\/donald-trump-anuncia-morte-de-lider-da-al-qaeda\/#primaryimage"},"image":{"@id":"https:\/\/portalnpm.com\/index.php\/2019\/01\/07\/donald-trump-anuncia-morte-de-lider-da-al-qaeda\/#primaryimage"},"thumbnailUrl":"","datePublished":"2019-01-07T11:18:31+00:00","dateModified":"2019-01-07T11:18:31+00:00","author":{"@id":"https:\/\/portalnpm.com\/#\/schema\/person\/5c8006acdf71774cd4e7a5ab98482152"},"breadcrumb":{"@id":"https:\/\/portalnpm.com\/index.php\/2019\/01\/07\/donald-trump-anuncia-morte-de-lider-da-al-qaeda\/#breadcrumb"},"inLanguage":"pt-BR","potentialAction":[{"@type":"ReadAction","target":["https:\/\/portalnpm.com\/index.php\/2019\/01\/07\/donald-trump-anuncia-morte-de-lider-da-al-qaeda\/"]}]},{"@type":"ImageObject","inLanguage":"pt-BR","@id":"https:\/\/portalnpm.com\/index.php\/2019\/01\/07\/donald-trump-anuncia-morte-de-lider-da-al-qaeda\/#primaryimage","url":"","contentUrl":""},{"@type":"BreadcrumbList","@id":"https:\/\/portalnpm.com\/index.php\/2019\/01\/07\/donald-trump-anuncia-morte-de-lider-da-al-qaeda\/#breadcrumb","itemListElement":[{"@type":"ListItem","position":1,"name":"In\u00edcio","item":"https:\/\/portalnpm.com\/"},{"@type":"ListItem","position":2,"name":"Donald Trump anuncia morte de l\u00edder da Al Qaeda"}]},{"@type":"WebSite","@id":"https:\/\/portalnpm.com\/#website","url":"https:\/\/portalnpm.com\/","name":"Portal NPM","description":"Not\u00edcias em Primeira M\u00e3o","potentialAction":[{"@type":"SearchAction","target":{"@type":"EntryPoint","urlTemplate":"https:\/\/portalnpm.com\/?s={search_term_string}"},"query-input":"required name=search_term_string"}],"inLanguage":"pt-BR"},{"@type":"Person","@id":"https:\/\/portalnpm.com\/#\/schema\/person\/5c8006acdf71774cd4e7a5ab98482152","name":"Luis Alberto","image":{"@type":"ImageObject","inLanguage":"pt-BR","@id":"https:\/\/portalnpm.com\/#\/schema\/person\/image\/","url":"https:\/\/portalnpm.com\/wp-content\/uploads\/2024\/12\/avatar_user_3_1734699769-96x96.jpeg","contentUrl":"https:\/\/portalnpm.com\/wp-content\/uploads\/2024\/12\/avatar_user_3_1734699769-96x96.jpeg","caption":"Luis Alberto"},"description":"Editor-geral do Portal NPM, \u00e9 formado como T\u00e9cnico em Seguran\u00e7a do Trabalho pela Escola Metropolitana de Cursos T\u00e9cnicos. Det\u00e9m ainda licenciatura em Educa\u00e7\u00e3o F\u00edsica e bacharelado em Ci\u00eancias Pol\u00edticas, ambos obtidos pela institui\u00e7\u00e3o Anhanguera\/UNOPAR.","url":"https:\/\/portalnpm.com\/index.php\/author\/pereira\/"}]}},"jetpack_sharing_enabled":true,"jetpack_featured_media_url":"","_links":{"self":[{"href":"https:\/\/portalnpm.com\/index.php\/wp-json\/wp\/v2\/posts\/4608"}],"collection":[{"href":"https:\/\/portalnpm.com\/index.php\/wp-json\/wp\/v2\/posts"}],"about":[{"href":"https:\/\/portalnpm.com\/index.php\/wp-json\/wp\/v2\/types\/post"}],"author":[{"embeddable":true,"href":"https:\/\/portalnpm.com\/index.php\/wp-json\/wp\/v2\/users\/3"}],"replies":[{"embeddable":true,"href":"https:\/\/portalnpm.com\/index.php\/wp-json\/wp\/v2\/comments?post=4608"}],"version-history":[{"count":0,"href":"https:\/\/portalnpm.com\/index.php\/wp-json\/wp\/v2\/posts\/4608\/revisions"}],"wp:featuredmedia":[{"embeddable":true,"href":"https:\/\/portalnpm.com\/index.php\/wp-json\/"}],"wp:attachment":[{"href":"https:\/\/portalnpm.com\/index.php\/wp-json\/wp\/v2\/media?parent=4608"}],"wp:term":[{"taxonomy":"category","embeddable":true,"href":"https:\/\/portalnpm.com\/index.php\/wp-json\/wp\/v2\/categories?post=4608"},{"taxonomy":"post_tag","embeddable":true,"href":"https:\/\/portalnpm.com\/index.php\/wp-json\/wp\/v2\/tags?post=4608"}],"curies":[{"name":"wp","href":"https:\/\/api.w.org\/{rel}","templated":true}]}}