{"id":46080,"date":"2023-04-30T11:42:40","date_gmt":"2023-04-30T14:42:40","guid":{"rendered":"https:\/\/portalnpm.com\/?p=46080"},"modified":"2023-04-30T11:42:40","modified_gmt":"2023-04-30T14:42:40","slug":"wellington-dias-anuncia-volta-do-programa-de-cisternas-com-36-mil-unidades-para-o-nordeste","status":"publish","type":"post","link":"https:\/\/portalnpm.com\/index.php\/2023\/04\/30\/wellington-dias-anuncia-volta-do-programa-de-cisternas-com-36-mil-unidades-para-o-nordeste\/","title":{"rendered":"Wellington Dias anuncia volta do programa de cisternas com 36 mil unidades para o Nordeste"},"content":{"rendered":"<p style=\"text-align: justify;\">O ministro do Desenvolvimento e Assist\u00eancia Social, Fam\u00edlia e Combate \u00e0 Fome, Wellington Dias (PT), anunciou nesta sexta-feira (28) a retomada do Projeto Cisternas durante reuni\u00e3o do\u00a0Cons\u00f3rcio Interestadual de Desenvolvimento Sustent\u00e1vel do Nordeste (Cons\u00f3rcio Nordeste), em Jo\u00e3o Pessoa.<\/p>\n<p style=\"text-align: justify;\">\n<p style=\"text-align: justify;\">\n<p style=\"text-align: justify;\">Segundo o petista, o programa ser\u00e1 retomado este ano e a meta \u00e9 entregar 36 mil cisternas para todos os estados do Nordeste, em especial para a regi\u00e3o do semi\u00e1rido. A pasta prev\u00ea a assinatura do acordo relacionado \u00e0 iniciativa j\u00e1 no pr\u00f3ximo m\u00eas.<\/p>\n<p style=\"text-align: justify;\">\u201c\u00c9 isso que o presidente Lula prop\u00f4s para este mandato. Estou bastante animado e acredito no Nordeste como o estado que vai tirar mais brasileiros e brasileiras da pobreza e da extrema pobreza\u201d, afirmou o ministro.<\/p>\n<p style=\"text-align: justify;\">O Programa Cisternas se insere no contexto de promo\u00e7\u00e3o de a\u00e7\u00f5es de adapta\u00e7\u00e3o clim\u00e1tica e de melhoria da qualidade de vida das popula\u00e7\u00f5es rurais, com grande incid\u00eancia no territ\u00f3rio semi\u00e1rido brasileiro.<\/p>\n<p style=\"text-align: justify;\">Durante a reuni\u00e3o com os governadores, Wellington Dias, tamb\u00e9m tratou da cria\u00e7\u00e3o do Fundo Nordeste de Investimentos no Banco Nacional de Desenvolvimento Econ\u00f4mico e Social (BNDES).<\/p>\n<p style=\"text-align: justify;\">Al\u00e9m disso, foi assinado Termo de Coopera\u00e7\u00e3o com o Programa das Na\u00e7\u00f5es Unidas para o Desenvolvimento (PNUD) para que os Estados desenvolvam a\u00e7\u00f5es de combate \u00e0 fome.<\/p>\n<p style=\"text-align: justify;\">\u201cEntre as 21 milh\u00f5es de fam\u00edlias que est\u00e3o no Bolsa Fam\u00edlia, 9,7 milh\u00f5es s\u00e3o do Nordeste. \u00c9 menor do que foi h\u00e1 alguns anos, mas ainda \u00e9 um n\u00famero elevado comparado ao patamar que chegamos entre 2012 e 2014, quando o Brasil saiu do Mapa da Fome. Todas as vezes que a gente tem pol\u00edtica para reduzir a pobreza e a extrema pobreza, tem tamb\u00e9m o crescimento econ\u00f4mico e da classe m\u00e9dia\u201d, comentou o petista.<\/p>\n<p style=\"text-align: justify;\">\n<p style=\"text-align: justify;\"><em>Adriana Magalh\u00e3es (Com informa\u00e7\u00f5es do MDS)<br \/>\nredacao@cidadeverde.com<\/em><\/p>\n","protected":false},"excerpt":{"rendered":"<p>O ministro do Desenvolvimento e Assist\u00eancia Social, Fam\u00edlia e Combate \u00e0 Fome, Wellington Dias (PT), anunciou nesta sexta-feira (28) a retomada do Projeto Cisternas durante reuni\u00e3o do\u00a0Cons\u00f3rcio Interestadual de Desenvolvimento Sustent\u00e1vel do Nordeste (Cons\u00f3rcio Nordeste), em Jo\u00e3o Pessoa. Segundo o petista, o programa ser\u00e1 retomado este ano e a meta \u00e9 entregar 36 mil cisternas &hellip;<\/p>\n","protected":false},"author":2,"featured_media":46081,"comment_status":"open","ping_status":"open","sticky":false,"template":"","format":"standard","meta":{"content-type":"","rop_custom_images_group":[],"rop_custom_messages_group":[],"rop_publish_now":"initial","rop_publish_now_accounts":{"facebook_2648258775420054_1618374048415101":""},"rop_publish_now_history":[],"rop_publish_now_status":"pending","footnotes":"","_jetpack_memberships_contains_paid_content":false},"categories":[118],"tags":[14426,2630],"yoast_head":"<!-- This site is optimized with the Yoast SEO plugin v22.3 - https:\/\/yoast.com\/wordpress\/plugins\/seo\/ -->\n<title>Wellington Dias anuncia volta do programa de cisternas com 36 mil unidades para o Nordeste - Portal NPM<\/title>\n<meta name=\"robots\" content=\"index, follow, max-snippet:-1, max-image-preview:large, max-video-preview:-1\" \/>\n<link rel=\"canonical\" href=\"https:\/\/portalnpm.com\/index.php\/2023\/04\/30\/wellington-dias-anuncia-volta-do-programa-de-cisternas-com-36-mil-unidades-para-o-nordeste\/\" \/>\n<meta property=\"og:locale\" content=\"pt_BR\" \/>\n<meta property=\"og:type\" content=\"article\" \/>\n<meta property=\"og:title\" content=\"Wellington Dias anuncia volta do programa de cisternas com 36 mil unidades para o Nordeste - Portal NPM\" \/>\n<meta property=\"og:description\" content=\"O ministro do Desenvolvimento e Assist\u00eancia Social, Fam\u00edlia e Combate \u00e0 Fome, Wellington Dias (PT), anunciou nesta sexta-feira (28) a retomada do Projeto Cisternas durante reuni\u00e3o do\u00a0Cons\u00f3rcio Interestadual de Desenvolvimento Sustent\u00e1vel do Nordeste (Cons\u00f3rcio Nordeste), em Jo\u00e3o Pessoa. Segundo o petista, o programa ser\u00e1 retomado este ano e a meta \u00e9 entregar 36 mil cisternas &hellip;\" \/>\n<meta property=\"og:url\" content=\"https:\/\/portalnpm.com\/index.php\/2023\/04\/30\/wellington-dias-anuncia-volta-do-programa-de-cisternas-com-36-mil-unidades-para-o-nordeste\/\" \/>\n<meta property=\"og:site_name\" content=\"Portal NPM\" \/>\n<meta property=\"article:published_time\" content=\"2023-04-30T14:42:40+00:00\" \/>\n<meta name=\"author\" content=\"Genival Barbosa\" \/>\n<meta name=\"twitter:card\" content=\"summary_large_image\" \/>\n<meta name=\"twitter:label1\" content=\"Escrito por\" \/>\n\t<meta name=\"twitter:data1\" content=\"Genival Barbosa\" \/>\n\t<meta name=\"twitter:label2\" content=\"Est. tempo de leitura\" \/>\n\t<meta name=\"twitter:data2\" content=\"2 minutos\" \/>\n<script type=\"application\/ld+json\" class=\"yoast-schema-graph\">{\"@context\":\"https:\/\/schema.org\",\"@graph\":[{\"@type\":\"WebPage\",\"@id\":\"https:\/\/portalnpm.com\/index.php\/2023\/04\/30\/wellington-dias-anuncia-volta-do-programa-de-cisternas-com-36-mil-unidades-para-o-nordeste\/\",\"url\":\"https:\/\/portalnpm.com\/index.php\/2023\/04\/30\/wellington-dias-anuncia-volta-do-programa-de-cisternas-com-36-mil-unidades-para-o-nordeste\/\",\"name\":\"Wellington Dias anuncia volta do programa de cisternas com 36 mil unidades para o Nordeste - Portal NPM\",\"isPartOf\":{\"@id\":\"https:\/\/portalnpm.com\/#website\"},\"primaryImageOfPage\":{\"@id\":\"https:\/\/portalnpm.com\/index.php\/2023\/04\/30\/wellington-dias-anuncia-volta-do-programa-de-cisternas-com-36-mil-unidades-para-o-nordeste\/#primaryimage\"},\"image\":{\"@id\":\"https:\/\/portalnpm.com\/index.php\/2023\/04\/30\/wellington-dias-anuncia-volta-do-programa-de-cisternas-com-36-mil-unidades-para-o-nordeste\/#primaryimage\"},\"thumbnailUrl\":\"\",\"datePublished\":\"2023-04-30T14:42:40+00:00\",\"dateModified\":\"2023-04-30T14:42:40+00:00\",\"author\":{\"@id\":\"https:\/\/portalnpm.com\/#\/schema\/person\/49313e563cfdefcc167f1ee4c017c294\"},\"breadcrumb\":{\"@id\":\"https:\/\/portalnpm.com\/index.php\/2023\/04\/30\/wellington-dias-anuncia-volta-do-programa-de-cisternas-com-36-mil-unidades-para-o-nordeste\/#breadcrumb\"},\"inLanguage\":\"pt-BR\",\"potentialAction\":[{\"@type\":\"ReadAction\",\"target\":[\"https:\/\/portalnpm.com\/index.php\/2023\/04\/30\/wellington-dias-anuncia-volta-do-programa-de-cisternas-com-36-mil-unidades-para-o-nordeste\/\"]}]},{\"@type\":\"ImageObject\",\"inLanguage\":\"pt-BR\",\"@id\":\"https:\/\/portalnpm.com\/index.php\/2023\/04\/30\/wellington-dias-anuncia-volta-do-programa-de-cisternas-com-36-mil-unidades-para-o-nordeste\/#primaryimage\",\"url\":\"\",\"contentUrl\":\"\"},{\"@type\":\"BreadcrumbList\",\"@id\":\"https:\/\/portalnpm.com\/index.php\/2023\/04\/30\/wellington-dias-anuncia-volta-do-programa-de-cisternas-com-36-mil-unidades-para-o-nordeste\/#breadcrumb\",\"itemListElement\":[{\"@type\":\"ListItem\",\"position\":1,\"name\":\"In\u00edcio\",\"item\":\"https:\/\/portalnpm.com\/\"},{\"@type\":\"ListItem\",\"position\":2,\"name\":\"Wellington Dias anuncia volta do programa de cisternas com 36 mil unidades para o Nordeste\"}]},{\"@type\":\"WebSite\",\"@id\":\"https:\/\/portalnpm.com\/#website\",\"url\":\"https:\/\/portalnpm.com\/\",\"name\":\"Portal NPM\",\"description\":\"Not\u00edcias em Primeira M\u00e3o\",\"potentialAction\":[{\"@type\":\"SearchAction\",\"target\":{\"@type\":\"EntryPoint\",\"urlTemplate\":\"https:\/\/portalnpm.com\/?s={search_term_string}\"},\"query-input\":\"required name=search_term_string\"}],\"inLanguage\":\"pt-BR\"},{\"@type\":\"Person\",\"@id\":\"https:\/\/portalnpm.com\/#\/schema\/person\/49313e563cfdefcc167f1ee4c017c294\",\"name\":\"Genival Barbosa\",\"image\":{\"@type\":\"ImageObject\",\"inLanguage\":\"pt-BR\",\"@id\":\"https:\/\/portalnpm.com\/#\/schema\/person\/image\/\",\"url\":\"https:\/\/portalnpm.com\/wp-content\/uploads\/2024\/02\/avatar_user_2_1707743258-96x96.jpeg\",\"contentUrl\":\"https:\/\/portalnpm.com\/wp-content\/uploads\/2024\/02\/avatar_user_2_1707743258-96x96.jpeg\",\"caption\":\"Genival Barbosa\"},\"url\":\"https:\/\/portalnpm.com\/index.php\/author\/genival\/\"}]}<\/script>\n<!-- \/ Yoast SEO plugin. -->","yoast_head_json":{"title":"Wellington Dias anuncia volta do programa de cisternas com 36 mil unidades para o Nordeste - Portal NPM","robots":{"index":"index","follow":"follow","max-snippet":"max-snippet:-1","max-image-preview":"max-image-preview:large","max-video-preview":"max-video-preview:-1"},"canonical":"https:\/\/portalnpm.com\/index.php\/2023\/04\/30\/wellington-dias-anuncia-volta-do-programa-de-cisternas-com-36-mil-unidades-para-o-nordeste\/","og_locale":"pt_BR","og_type":"article","og_title":"Wellington Dias anuncia volta do programa de cisternas com 36 mil unidades para o Nordeste - Portal NPM","og_description":"O ministro do Desenvolvimento e Assist\u00eancia Social, Fam\u00edlia e Combate \u00e0 Fome, Wellington Dias (PT), anunciou nesta sexta-feira (28) a retomada do Projeto Cisternas durante reuni\u00e3o do\u00a0Cons\u00f3rcio Interestadual de Desenvolvimento Sustent\u00e1vel do Nordeste (Cons\u00f3rcio Nordeste), em Jo\u00e3o Pessoa. Segundo o petista, o programa ser\u00e1 retomado este ano e a meta \u00e9 entregar 36 mil cisternas &hellip;","og_url":"https:\/\/portalnpm.com\/index.php\/2023\/04\/30\/wellington-dias-anuncia-volta-do-programa-de-cisternas-com-36-mil-unidades-para-o-nordeste\/","og_site_name":"Portal NPM","article_published_time":"2023-04-30T14:42:40+00:00","author":"Genival Barbosa","twitter_card":"summary_large_image","twitter_misc":{"Escrito por":"Genival Barbosa","Est. tempo de leitura":"2 minutos"},"schema":{"@context":"https:\/\/schema.org","@graph":[{"@type":"WebPage","@id":"https:\/\/portalnpm.com\/index.php\/2023\/04\/30\/wellington-dias-anuncia-volta-do-programa-de-cisternas-com-36-mil-unidades-para-o-nordeste\/","url":"https:\/\/portalnpm.com\/index.php\/2023\/04\/30\/wellington-dias-anuncia-volta-do-programa-de-cisternas-com-36-mil-unidades-para-o-nordeste\/","name":"Wellington Dias anuncia volta do programa de cisternas com 36 mil unidades para o Nordeste - Portal NPM","isPartOf":{"@id":"https:\/\/portalnpm.com\/#website"},"primaryImageOfPage":{"@id":"https:\/\/portalnpm.com\/index.php\/2023\/04\/30\/wellington-dias-anuncia-volta-do-programa-de-cisternas-com-36-mil-unidades-para-o-nordeste\/#primaryimage"},"image":{"@id":"https:\/\/portalnpm.com\/index.php\/2023\/04\/30\/wellington-dias-anuncia-volta-do-programa-de-cisternas-com-36-mil-unidades-para-o-nordeste\/#primaryimage"},"thumbnailUrl":"","datePublished":"2023-04-30T14:42:40+00:00","dateModified":"2023-04-30T14:42:40+00:00","author":{"@id":"https:\/\/portalnpm.com\/#\/schema\/person\/49313e563cfdefcc167f1ee4c017c294"},"breadcrumb":{"@id":"https:\/\/portalnpm.com\/index.php\/2023\/04\/30\/wellington-dias-anuncia-volta-do-programa-de-cisternas-com-36-mil-unidades-para-o-nordeste\/#breadcrumb"},"inLanguage":"pt-BR","potentialAction":[{"@type":"ReadAction","target":["https:\/\/portalnpm.com\/index.php\/2023\/04\/30\/wellington-dias-anuncia-volta-do-programa-de-cisternas-com-36-mil-unidades-para-o-nordeste\/"]}]},{"@type":"ImageObject","inLanguage":"pt-BR","@id":"https:\/\/portalnpm.com\/index.php\/2023\/04\/30\/wellington-dias-anuncia-volta-do-programa-de-cisternas-com-36-mil-unidades-para-o-nordeste\/#primaryimage","url":"","contentUrl":""},{"@type":"BreadcrumbList","@id":"https:\/\/portalnpm.com\/index.php\/2023\/04\/30\/wellington-dias-anuncia-volta-do-programa-de-cisternas-com-36-mil-unidades-para-o-nordeste\/#breadcrumb","itemListElement":[{"@type":"ListItem","position":1,"name":"In\u00edcio","item":"https:\/\/portalnpm.com\/"},{"@type":"ListItem","position":2,"name":"Wellington Dias anuncia volta do programa de cisternas com 36 mil unidades para o Nordeste"}]},{"@type":"WebSite","@id":"https:\/\/portalnpm.com\/#website","url":"https:\/\/portalnpm.com\/","name":"Portal NPM","description":"Not\u00edcias em Primeira M\u00e3o","potentialAction":[{"@type":"SearchAction","target":{"@type":"EntryPoint","urlTemplate":"https:\/\/portalnpm.com\/?s={search_term_string}"},"query-input":"required name=search_term_string"}],"inLanguage":"pt-BR"},{"@type":"Person","@id":"https:\/\/portalnpm.com\/#\/schema\/person\/49313e563cfdefcc167f1ee4c017c294","name":"Genival Barbosa","image":{"@type":"ImageObject","inLanguage":"pt-BR","@id":"https:\/\/portalnpm.com\/#\/schema\/person\/image\/","url":"https:\/\/portalnpm.com\/wp-content\/uploads\/2024\/02\/avatar_user_2_1707743258-96x96.jpeg","contentUrl":"https:\/\/portalnpm.com\/wp-content\/uploads\/2024\/02\/avatar_user_2_1707743258-96x96.jpeg","caption":"Genival Barbosa"},"url":"https:\/\/portalnpm.com\/index.php\/author\/genival\/"}]}},"jetpack_sharing_enabled":true,"jetpack_featured_media_url":"","_links":{"self":[{"href":"https:\/\/portalnpm.com\/index.php\/wp-json\/wp\/v2\/posts\/46080"}],"collection":[{"href":"https:\/\/portalnpm.com\/index.php\/wp-json\/wp\/v2\/posts"}],"about":[{"href":"https:\/\/portalnpm.com\/index.php\/wp-json\/wp\/v2\/types\/post"}],"author":[{"embeddable":true,"href":"https:\/\/portalnpm.com\/index.php\/wp-json\/wp\/v2\/users\/2"}],"replies":[{"embeddable":true,"href":"https:\/\/portalnpm.com\/index.php\/wp-json\/wp\/v2\/comments?post=46080"}],"version-history":[{"count":0,"href":"https:\/\/portalnpm.com\/index.php\/wp-json\/wp\/v2\/posts\/46080\/revisions"}],"wp:featuredmedia":[{"embeddable":true,"href":"https:\/\/portalnpm.com\/index.php\/wp-json\/"}],"wp:attachment":[{"href":"https:\/\/portalnpm.com\/index.php\/wp-json\/wp\/v2\/media?parent=46080"}],"wp:term":[{"taxonomy":"category","embeddable":true,"href":"https:\/\/portalnpm.com\/index.php\/wp-json\/wp\/v2\/categories?post=46080"},{"taxonomy":"post_tag","embeddable":true,"href":"https:\/\/portalnpm.com\/index.php\/wp-json\/wp\/v2\/tags?post=46080"}],"curies":[{"name":"wp","href":"https:\/\/api.w.org\/{rel}","templated":true}]}}