{"id":46141,"date":"2023-05-01T20:51:41","date_gmt":"2023-05-01T23:51:41","guid":{"rendered":"https:\/\/portalnpm.com\/?p=46141"},"modified":"2023-05-01T20:51:41","modified_gmt":"2023-05-01T23:51:41","slug":"falece-ex-vereador-e-lideranca-politica-de-belem-do-piaui-francisco-felipe-de-sousa-aos-80-anos","status":"publish","type":"post","link":"https:\/\/portalnpm.com\/index.php\/2023\/05\/01\/falece-ex-vereador-e-lideranca-politica-de-belem-do-piaui-francisco-felipe-de-sousa-aos-80-anos\/","title":{"rendered":"Falece ex-vereador e lideran\u00e7a pol\u00edtica de Bel\u00e9m do Piau\u00ed, Francisco Felipe de Sousa, aos 80 anos"},"content":{"rendered":"<p style=\"text-align: justify;\">Faleceu na tarde desta segunda-feira, dia 01 de maio, o L\u00edder Pol\u00edtico de Bel\u00e9m do Piau\u00ed, Francisco Felipe de Sousa, mais conhecido como Chico Felipe, aos 80 anos de idade. Chico Felipe faleceu enquanto era levado ao Hospital Flosrisa Silva, em Jaic\u00f3s, ap\u00f3s passar mal.<\/p>\n<p style=\"text-align: justify;\">\n<p style=\"text-align: justify;\">\n<p style=\"text-align: justify;\">Chico Felipe foi uma importante lideran\u00e7a pol\u00edtica e comunit\u00e1ria do povoado Caboclo, onde residia h\u00e1 muitos anos. Ele tamb\u00e9m foi vereador do munic\u00edpio de Padre Marcos \u2014 PI, conhecida como a terra da Boa Esperan\u00e7a, quando Bel\u00e9m ainda era o povoado Malhada Grande.<\/p>\n<p style=\"text-align: justify;\"><img decoding=\"async\" class=\" lazyloaded\" src=\"https:\/\/infonewss.com\/wp-content\/uploads\/2021\/08\/Povoado-Caboclo-recebe-Pavimentacao-Asfaltica-DSC_0697.jpg\" data-src=\"https:\/\/infonewss.com\/wp-content\/uploads\/2021\/08\/Povoado-Caboclo-recebe-Pavimentacao-Asfaltica-DSC_0697.jpg\" \/><\/p>\n<p style=\"text-align: justify;\">Durante sua trajet\u00f3ria pol\u00edtica ap\u00f3s emancipa\u00e7\u00e3o politica de Bel\u00e9m do Piau\u00ed, Chico Felipe lutou pela emancipa\u00e7\u00e3o da comunidade e chegou a ser candidato a vice-prefeito pelo munic\u00edpio, mas n\u00e3o foi eleito. Ele tamb\u00e9m foi presidente do Sindicato dos Trabalhadores Rurais de Padre Marcos e era funcion\u00e1rio aposentado do estado.<\/p>\n<p style=\"text-align: justify;\">Chico Felipe era um pol\u00edtico querido e respeitado e deixar\u00e1 um legado de luta e dedica\u00e7\u00e3o pelo povo de Bel\u00e9m do Piau\u00ed. Seu falecimento \u00e9 uma grande perda n\u00e3o s\u00f3 para seus familiares e amigos, mas para toda a regi\u00e3o que reconhece seu trabalho em prol do desenvolvimento do munic\u00edpio.<\/p>\n<p style=\"text-align: justify;\">Chico Felipe, parte deixando sua esposa, Dona Vilma, com quem era casado a 58 anos, 9 filhos, entres eles o atual vereador do munic\u00edpio de Bel\u00e9m do Piau\u00ed, Francisco Felipe de Sousa Filho, o Cississo, que seguiu seu legado na pol\u00edtica, al\u00e9m de 20 netos e 10 bisnetos.<\/p>\n<p style=\"text-align: justify;\">Fonte: Portal Infonewss<\/p>\n","protected":false},"excerpt":{"rendered":"<p>Faleceu na tarde desta segunda-feira, dia 01 de maio, o L\u00edder Pol\u00edtico de Bel\u00e9m do Piau\u00ed, Francisco Felipe de Sousa, mais conhecido como Chico Felipe, aos 80 anos de idade. Chico Felipe faleceu enquanto era levado ao Hospital Flosrisa Silva, em Jaic\u00f3s, ap\u00f3s passar mal. Chico Felipe foi uma importante lideran\u00e7a pol\u00edtica e comunit\u00e1ria do &hellip;<\/p>\n","protected":false},"author":2,"featured_media":46142,"comment_status":"open","ping_status":"open","sticky":false,"template":"","format":"standard","meta":{"content-type":"","rop_custom_images_group":[],"rop_custom_messages_group":[],"rop_publish_now":"initial","rop_publish_now_accounts":{"facebook_2648258775420054_1618374048415101":""},"rop_publish_now_history":[],"rop_publish_now_status":"pending","footnotes":"","_jetpack_memberships_contains_paid_content":false},"categories":[106,109],"tags":[105,725,194],"yoast_head":"<!-- This site is optimized with the Yoast SEO plugin v22.3 - https:\/\/yoast.com\/wordpress\/plugins\/seo\/ -->\n<title>Falece ex-vereador e lideran\u00e7a pol\u00edtica de Bel\u00e9m do Piau\u00ed, Francisco Felipe de Sousa, aos 80 anos - Portal NPM<\/title>\n<meta name=\"robots\" content=\"index, follow, max-snippet:-1, max-image-preview:large, max-video-preview:-1\" \/>\n<link rel=\"canonical\" href=\"https:\/\/portalnpm.com\/index.php\/2023\/05\/01\/falece-ex-vereador-e-lideranca-politica-de-belem-do-piaui-francisco-felipe-de-sousa-aos-80-anos\/\" \/>\n<meta property=\"og:locale\" content=\"pt_BR\" \/>\n<meta property=\"og:type\" content=\"article\" \/>\n<meta property=\"og:title\" content=\"Falece ex-vereador e lideran\u00e7a pol\u00edtica de Bel\u00e9m do Piau\u00ed, Francisco Felipe de Sousa, aos 80 anos - Portal NPM\" \/>\n<meta property=\"og:description\" content=\"Faleceu na tarde desta segunda-feira, dia 01 de maio, o L\u00edder Pol\u00edtico de Bel\u00e9m do Piau\u00ed, Francisco Felipe de Sousa, mais conhecido como Chico Felipe, aos 80 anos de idade. Chico Felipe faleceu enquanto era levado ao Hospital Flosrisa Silva, em Jaic\u00f3s, ap\u00f3s passar mal. Chico Felipe foi uma importante lideran\u00e7a pol\u00edtica e comunit\u00e1ria do &hellip;\" \/>\n<meta property=\"og:url\" content=\"https:\/\/portalnpm.com\/index.php\/2023\/05\/01\/falece-ex-vereador-e-lideranca-politica-de-belem-do-piaui-francisco-felipe-de-sousa-aos-80-anos\/\" \/>\n<meta property=\"og:site_name\" content=\"Portal NPM\" \/>\n<meta property=\"article:published_time\" content=\"2023-05-01T23:51:41+00:00\" \/>\n<meta name=\"author\" content=\"Genival Barbosa\" \/>\n<meta name=\"twitter:card\" content=\"summary_large_image\" \/>\n<meta name=\"twitter:label1\" content=\"Escrito por\" \/>\n\t<meta name=\"twitter:data1\" content=\"Genival Barbosa\" \/>\n\t<meta name=\"twitter:label2\" content=\"Est. tempo de leitura\" \/>\n\t<meta name=\"twitter:data2\" content=\"1 minuto\" \/>\n<script type=\"application\/ld+json\" class=\"yoast-schema-graph\">{\"@context\":\"https:\/\/schema.org\",\"@graph\":[{\"@type\":\"WebPage\",\"@id\":\"https:\/\/portalnpm.com\/index.php\/2023\/05\/01\/falece-ex-vereador-e-lideranca-politica-de-belem-do-piaui-francisco-felipe-de-sousa-aos-80-anos\/\",\"url\":\"https:\/\/portalnpm.com\/index.php\/2023\/05\/01\/falece-ex-vereador-e-lideranca-politica-de-belem-do-piaui-francisco-felipe-de-sousa-aos-80-anos\/\",\"name\":\"Falece ex-vereador e lideran\u00e7a pol\u00edtica de Bel\u00e9m do Piau\u00ed, Francisco Felipe de Sousa, aos 80 anos - Portal NPM\",\"isPartOf\":{\"@id\":\"https:\/\/portalnpm.com\/#website\"},\"primaryImageOfPage\":{\"@id\":\"https:\/\/portalnpm.com\/index.php\/2023\/05\/01\/falece-ex-vereador-e-lideranca-politica-de-belem-do-piaui-francisco-felipe-de-sousa-aos-80-anos\/#primaryimage\"},\"image\":{\"@id\":\"https:\/\/portalnpm.com\/index.php\/2023\/05\/01\/falece-ex-vereador-e-lideranca-politica-de-belem-do-piaui-francisco-felipe-de-sousa-aos-80-anos\/#primaryimage\"},\"thumbnailUrl\":\"\",\"datePublished\":\"2023-05-01T23:51:41+00:00\",\"dateModified\":\"2023-05-01T23:51:41+00:00\",\"author\":{\"@id\":\"https:\/\/portalnpm.com\/#\/schema\/person\/49313e563cfdefcc167f1ee4c017c294\"},\"breadcrumb\":{\"@id\":\"https:\/\/portalnpm.com\/index.php\/2023\/05\/01\/falece-ex-vereador-e-lideranca-politica-de-belem-do-piaui-francisco-felipe-de-sousa-aos-80-anos\/#breadcrumb\"},\"inLanguage\":\"pt-BR\",\"potentialAction\":[{\"@type\":\"ReadAction\",\"target\":[\"https:\/\/portalnpm.com\/index.php\/2023\/05\/01\/falece-ex-vereador-e-lideranca-politica-de-belem-do-piaui-francisco-felipe-de-sousa-aos-80-anos\/\"]}]},{\"@type\":\"ImageObject\",\"inLanguage\":\"pt-BR\",\"@id\":\"https:\/\/portalnpm.com\/index.php\/2023\/05\/01\/falece-ex-vereador-e-lideranca-politica-de-belem-do-piaui-francisco-felipe-de-sousa-aos-80-anos\/#primaryimage\",\"url\":\"\",\"contentUrl\":\"\"},{\"@type\":\"BreadcrumbList\",\"@id\":\"https:\/\/portalnpm.com\/index.php\/2023\/05\/01\/falece-ex-vereador-e-lideranca-politica-de-belem-do-piaui-francisco-felipe-de-sousa-aos-80-anos\/#breadcrumb\",\"itemListElement\":[{\"@type\":\"ListItem\",\"position\":1,\"name\":\"In\u00edcio\",\"item\":\"https:\/\/portalnpm.com\/\"},{\"@type\":\"ListItem\",\"position\":2,\"name\":\"Falece ex-vereador e lideran\u00e7a pol\u00edtica de Bel\u00e9m do Piau\u00ed, Francisco Felipe de Sousa, aos 80 anos\"}]},{\"@type\":\"WebSite\",\"@id\":\"https:\/\/portalnpm.com\/#website\",\"url\":\"https:\/\/portalnpm.com\/\",\"name\":\"Portal NPM\",\"description\":\"Not\u00edcias em Primeira M\u00e3o\",\"potentialAction\":[{\"@type\":\"SearchAction\",\"target\":{\"@type\":\"EntryPoint\",\"urlTemplate\":\"https:\/\/portalnpm.com\/?s={search_term_string}\"},\"query-input\":\"required name=search_term_string\"}],\"inLanguage\":\"pt-BR\"},{\"@type\":\"Person\",\"@id\":\"https:\/\/portalnpm.com\/#\/schema\/person\/49313e563cfdefcc167f1ee4c017c294\",\"name\":\"Genival Barbosa\",\"image\":{\"@type\":\"ImageObject\",\"inLanguage\":\"pt-BR\",\"@id\":\"https:\/\/portalnpm.com\/#\/schema\/person\/image\/\",\"url\":\"https:\/\/portalnpm.com\/wp-content\/uploads\/2024\/02\/avatar_user_2_1707743258-96x96.jpeg\",\"contentUrl\":\"https:\/\/portalnpm.com\/wp-content\/uploads\/2024\/02\/avatar_user_2_1707743258-96x96.jpeg\",\"caption\":\"Genival Barbosa\"},\"url\":\"https:\/\/portalnpm.com\/index.php\/author\/genival\/\"}]}<\/script>\n<!-- \/ Yoast SEO plugin. -->","yoast_head_json":{"title":"Falece ex-vereador e lideran\u00e7a pol\u00edtica de Bel\u00e9m do Piau\u00ed, Francisco Felipe de Sousa, aos 80 anos - Portal NPM","robots":{"index":"index","follow":"follow","max-snippet":"max-snippet:-1","max-image-preview":"max-image-preview:large","max-video-preview":"max-video-preview:-1"},"canonical":"https:\/\/portalnpm.com\/index.php\/2023\/05\/01\/falece-ex-vereador-e-lideranca-politica-de-belem-do-piaui-francisco-felipe-de-sousa-aos-80-anos\/","og_locale":"pt_BR","og_type":"article","og_title":"Falece ex-vereador e lideran\u00e7a pol\u00edtica de Bel\u00e9m do Piau\u00ed, Francisco Felipe de Sousa, aos 80 anos - Portal NPM","og_description":"Faleceu na tarde desta segunda-feira, dia 01 de maio, o L\u00edder Pol\u00edtico de Bel\u00e9m do Piau\u00ed, Francisco Felipe de Sousa, mais conhecido como Chico Felipe, aos 80 anos de idade. Chico Felipe faleceu enquanto era levado ao Hospital Flosrisa Silva, em Jaic\u00f3s, ap\u00f3s passar mal. Chico Felipe foi uma importante lideran\u00e7a pol\u00edtica e comunit\u00e1ria do &hellip;","og_url":"https:\/\/portalnpm.com\/index.php\/2023\/05\/01\/falece-ex-vereador-e-lideranca-politica-de-belem-do-piaui-francisco-felipe-de-sousa-aos-80-anos\/","og_site_name":"Portal NPM","article_published_time":"2023-05-01T23:51:41+00:00","author":"Genival Barbosa","twitter_card":"summary_large_image","twitter_misc":{"Escrito por":"Genival Barbosa","Est. tempo de leitura":"1 minuto"},"schema":{"@context":"https:\/\/schema.org","@graph":[{"@type":"WebPage","@id":"https:\/\/portalnpm.com\/index.php\/2023\/05\/01\/falece-ex-vereador-e-lideranca-politica-de-belem-do-piaui-francisco-felipe-de-sousa-aos-80-anos\/","url":"https:\/\/portalnpm.com\/index.php\/2023\/05\/01\/falece-ex-vereador-e-lideranca-politica-de-belem-do-piaui-francisco-felipe-de-sousa-aos-80-anos\/","name":"Falece ex-vereador e lideran\u00e7a pol\u00edtica de Bel\u00e9m do Piau\u00ed, Francisco Felipe de Sousa, aos 80 anos - Portal NPM","isPartOf":{"@id":"https:\/\/portalnpm.com\/#website"},"primaryImageOfPage":{"@id":"https:\/\/portalnpm.com\/index.php\/2023\/05\/01\/falece-ex-vereador-e-lideranca-politica-de-belem-do-piaui-francisco-felipe-de-sousa-aos-80-anos\/#primaryimage"},"image":{"@id":"https:\/\/portalnpm.com\/index.php\/2023\/05\/01\/falece-ex-vereador-e-lideranca-politica-de-belem-do-piaui-francisco-felipe-de-sousa-aos-80-anos\/#primaryimage"},"thumbnailUrl":"","datePublished":"2023-05-01T23:51:41+00:00","dateModified":"2023-05-01T23:51:41+00:00","author":{"@id":"https:\/\/portalnpm.com\/#\/schema\/person\/49313e563cfdefcc167f1ee4c017c294"},"breadcrumb":{"@id":"https:\/\/portalnpm.com\/index.php\/2023\/05\/01\/falece-ex-vereador-e-lideranca-politica-de-belem-do-piaui-francisco-felipe-de-sousa-aos-80-anos\/#breadcrumb"},"inLanguage":"pt-BR","potentialAction":[{"@type":"ReadAction","target":["https:\/\/portalnpm.com\/index.php\/2023\/05\/01\/falece-ex-vereador-e-lideranca-politica-de-belem-do-piaui-francisco-felipe-de-sousa-aos-80-anos\/"]}]},{"@type":"ImageObject","inLanguage":"pt-BR","@id":"https:\/\/portalnpm.com\/index.php\/2023\/05\/01\/falece-ex-vereador-e-lideranca-politica-de-belem-do-piaui-francisco-felipe-de-sousa-aos-80-anos\/#primaryimage","url":"","contentUrl":""},{"@type":"BreadcrumbList","@id":"https:\/\/portalnpm.com\/index.php\/2023\/05\/01\/falece-ex-vereador-e-lideranca-politica-de-belem-do-piaui-francisco-felipe-de-sousa-aos-80-anos\/#breadcrumb","itemListElement":[{"@type":"ListItem","position":1,"name":"In\u00edcio","item":"https:\/\/portalnpm.com\/"},{"@type":"ListItem","position":2,"name":"Falece ex-vereador e lideran\u00e7a pol\u00edtica de Bel\u00e9m do Piau\u00ed, Francisco Felipe de Sousa, aos 80 anos"}]},{"@type":"WebSite","@id":"https:\/\/portalnpm.com\/#website","url":"https:\/\/portalnpm.com\/","name":"Portal NPM","description":"Not\u00edcias em Primeira M\u00e3o","potentialAction":[{"@type":"SearchAction","target":{"@type":"EntryPoint","urlTemplate":"https:\/\/portalnpm.com\/?s={search_term_string}"},"query-input":"required name=search_term_string"}],"inLanguage":"pt-BR"},{"@type":"Person","@id":"https:\/\/portalnpm.com\/#\/schema\/person\/49313e563cfdefcc167f1ee4c017c294","name":"Genival Barbosa","image":{"@type":"ImageObject","inLanguage":"pt-BR","@id":"https:\/\/portalnpm.com\/#\/schema\/person\/image\/","url":"https:\/\/portalnpm.com\/wp-content\/uploads\/2024\/02\/avatar_user_2_1707743258-96x96.jpeg","contentUrl":"https:\/\/portalnpm.com\/wp-content\/uploads\/2024\/02\/avatar_user_2_1707743258-96x96.jpeg","caption":"Genival Barbosa"},"url":"https:\/\/portalnpm.com\/index.php\/author\/genival\/"}]}},"jetpack_sharing_enabled":true,"jetpack_featured_media_url":"","_links":{"self":[{"href":"https:\/\/portalnpm.com\/index.php\/wp-json\/wp\/v2\/posts\/46141"}],"collection":[{"href":"https:\/\/portalnpm.com\/index.php\/wp-json\/wp\/v2\/posts"}],"about":[{"href":"https:\/\/portalnpm.com\/index.php\/wp-json\/wp\/v2\/types\/post"}],"author":[{"embeddable":true,"href":"https:\/\/portalnpm.com\/index.php\/wp-json\/wp\/v2\/users\/2"}],"replies":[{"embeddable":true,"href":"https:\/\/portalnpm.com\/index.php\/wp-json\/wp\/v2\/comments?post=46141"}],"version-history":[{"count":0,"href":"https:\/\/portalnpm.com\/index.php\/wp-json\/wp\/v2\/posts\/46141\/revisions"}],"wp:featuredmedia":[{"embeddable":true,"href":"https:\/\/portalnpm.com\/index.php\/wp-json\/"}],"wp:attachment":[{"href":"https:\/\/portalnpm.com\/index.php\/wp-json\/wp\/v2\/media?parent=46141"}],"wp:term":[{"taxonomy":"category","embeddable":true,"href":"https:\/\/portalnpm.com\/index.php\/wp-json\/wp\/v2\/categories?post=46141"},{"taxonomy":"post_tag","embeddable":true,"href":"https:\/\/portalnpm.com\/index.php\/wp-json\/wp\/v2\/tags?post=46141"}],"curies":[{"name":"wp","href":"https:\/\/api.w.org\/{rel}","templated":true}]}}