{"id":4624,"date":"2019-01-07T18:55:27","date_gmt":"2019-01-07T20:55:27","guid":{"rendered":"http:\/\/srv.portalnpm.com.br\/?p=4624"},"modified":"2019-01-07T18:55:27","modified_gmt":"2019-01-07T20:55:27","slug":"nova-estrutura-do-mec-tem-secretaria-para-alfabetizacao-e-escolas-militares","status":"publish","type":"post","link":"https:\/\/portalnpm.com\/index.php\/2019\/01\/07\/nova-estrutura-do-mec-tem-secretaria-para-alfabetizacao-e-escolas-militares\/","title":{"rendered":"Nova estrutura do MEC tem secretaria para alfabetiza\u00e7\u00e3o e escolas militares"},"content":{"rendered":"<p style=\"text-align: justify;\">Com a posse do presidente Jair Bolsonaro e do ministro Ricardo V\u00e9lez Rodr\u00edguez foram feitas, esta semana, mudan\u00e7as na estrutura do Minist\u00e9rio da Educa\u00e7\u00e3o (MEC). A pasta passa a contar agora com a Secretaria de Alfabetiza\u00e7\u00e3o, a Secretaria de Modalidades Especializadas de Educa\u00e7\u00e3o, al\u00e9m de uma Subsecretaria de Fomento \u00e0s Escolas C\u00edvico-Militares.<\/p>\n<p style=\"text-align: justify;\">As novas secretarias e subsecretaria s\u00e3o voltadas principalmente para a educa\u00e7\u00e3o b\u00e1sica, etapa que compreende desde as creches ao ensino m\u00e9dio e que, segundo V\u00e9lez Rodr\u00edguez, ser\u00e1 prioridade do governo. Para implementar as mudan\u00e7as nas escolas, o MEC precisar\u00e1 do apoio de estados e munic\u00edpios, que det\u00eam a maior parte das matr\u00edculas.<\/p>\n<p style=\"text-align: justify;\"><strong>Escolas c\u00edvico-militares<\/strong><br \/>\nBaseado no alto desempenho de col\u00e9gios militares em avalia\u00e7\u00f5es nacionais, o governo quer expandir o modelo. Segundo o decreto que detalha as atribui\u00e7\u00f5es do MEC, haver\u00e1 uma subsecretaria para desenhar uma modelagem de gest\u00e3o escolar que envolve militares e civis e garantir a aplica\u00e7\u00e3o desse modelo nos estados e munic\u00edpios.<\/p>\n<p style=\"text-align: justify;\">\u00c9 a chamada Subsecretaria de Fomento \u00e0s Escolas C\u00edvico-Militares. Pelo decreto, a ades\u00e3o de estados e munic\u00edpios ao modelo ser\u00e1 volunt\u00e1ria. Em nota, o MEC explica que a presen\u00e7a de militares na gest\u00e3o administrativa \u201cter\u00e1 como meta a resolu\u00e7\u00e3o de pequenos conflitos que ser\u00e3o prontamente gerenciados, a utiliza\u00e7\u00e3o destes como tutores educacionais, para a garantia da prote\u00e7\u00e3o individual e coletiva, dentre outras visando a disciplina geral da escola. Os militares contribuir\u00e3o com sua vis\u00e3o organizacional e sua intr\u00ednseca disciplina; os civis com seus conhecimentos pedag\u00f3gicos, todos juntos far\u00e3o parte desta proposta de estrutura educacional\u201d.<\/p>\n<p style=\"text-align: justify;\">Ainda segundo o MEC, o Brasil apresenta altos \u00edndices de criminalidade.\u201cNeste contexto o Minist\u00e9rio da Educa\u00e7\u00e3o buscar\u00e1 uma alternativa para forma\u00e7\u00e3o cultural das futuras gera\u00e7\u00f5es, pautando a forma\u00e7\u00e3o no civismo, na hierarquia, no respeito m\u00fatuo sem qualquer tipo de ideologia tornando-os desta forma cidad\u00e3os conhecedores da realidade e cr\u00edticos de fatos reais\u201d. Esse modelo ser\u00e1 implementado preferencialmente em escolas em situa\u00e7\u00e3o de vulnerabilidade social e para as fam\u00edlias que concordam com essa proposta educacional.<\/p>\n<p style=\"text-align: justify;\"><strong>Novas secretarias<\/strong><br \/>\nAs duas novas secretarias do MEC foram criadas a partir da extin\u00e7\u00e3o da Secretaria de Educa\u00e7\u00e3o Continuada, Alfabetiza\u00e7\u00e3o, Diversidade e Inclus\u00e3o (Secadi): a Secretaria de Modalidades Especializadas de Educa\u00e7\u00e3o e Secretaria de Alfabetiza\u00e7\u00e3o. Dentro da primeira, haver\u00e1, entre outras, uma diretoria voltada apenas para pessoas surdas, a Diretoria de Pol\u00edticas de Educa\u00e7\u00e3o Bil\u00edngue de Surdos, al\u00e9m de uma estrutura voltada para apoio a pessoas com defici\u00eancia.<\/p>\n<p style=\"text-align: justify;\">A pauta ganhou destaque no governo com a primeira-dama, Michelle Bolsonaro, que \u00e9 int\u00e9rprete de L\u00edngua de Sinais Brasileira (Libras). Na posse presidencial, ela quebrou o protocolo e discursou em Libras. A secretaria de Alfabetiza\u00e7\u00e3o, segundo o MEC, cuidar\u00e1 da alfabetiza\u00e7\u00e3o n\u00e3o apenas em portugu\u00eas e matem\u00e1tica, mas tamb\u00e9m em novas tecnologias. Segundo o decreto, a secretaria se ocupar\u00e1 ainda da forma\u00e7\u00e3o dos professores por meio da Diretoria de Desenvolvimento Curricular e Forma\u00e7\u00e3o de Professores Alfabetizadores.<\/p>\n<p style=\"text-align: justify;\"><strong>Estados e munic\u00edpios<\/strong><br \/>\nPara que essas medidas cheguem \u00e0s salas de aula, ser\u00e1 necess\u00e1ria a participa\u00e7\u00e3o de estados e munic\u00edpios. As entidades que representam os secret\u00e1rios municipais e estaduais de Educa\u00e7\u00e3o ainda n\u00e3o se reuniram com a atual gest\u00e3o do MEC. O Conselho Nacional de Secret\u00e1rios de Educa\u00e7\u00e3o (Consed), que representa os estados, tem reuni\u00e3o agendada para o final deste m\u00eas.<\/p>\n<p style=\"text-align: justify;\">A presidente do Consed, Maria Cec\u00edlia da Motta, secret\u00e1ria de Educa\u00e7\u00e3o do Mato Grosso do Sul, disse que a entidade ainda n\u00e3o tem um posicionamento sobre as mudan\u00e7as, uma vez que muitos secret\u00e1rios assumiram nesta semana. Segundo ela, independentemente do modelo escolar, c\u00edvico, militar ou c\u00edvico-militar, a prioridade dos estados, que s\u00e3o respons\u00e1veis pela maior parte das matr\u00edculas do ensino m\u00e9dio, \u00e9 a implementa\u00e7\u00e3o do novo curr\u00edculo.<\/p>\n<p style=\"text-align: justify;\">No ano passado, o MEC aprovou a Base Nacional Comum Curricular (BNCC) para essa etapa de ensino, que define o m\u00ednimo que deve ser ensinado em todas as escolas em todo o pa\u00eds. O prazo para a implementa\u00e7\u00e3o \u00e9 o ano letivo de 2021, quando come\u00e7a a valer o novo ensino m\u00e9dio. \u201cO nosso trabalho este ano todo \u00e9 escrever o novo curr\u00edculo, com a flexibiliza\u00e7\u00e3o. Ainda n\u00e3o sabemos o que vem de orienta\u00e7\u00e3o, mas estamos organizando nosso movimento de forma\u00e7\u00e3o em cima da BNCC\u201d, disse Cec\u00edlia.<\/p>\n<p style=\"text-align: justify;\"><strong>Metodologia<\/strong><br \/>\nO presidente da Uni\u00e3o Nacional dos Dirigentes Municipais de Educa\u00e7\u00e3o (Undime), Alessio Costa Lima, disse esperar o detalhamento das escolas c\u00edvico-militares. Em rela\u00e7\u00e3o \u00e0 alfabetiza\u00e7\u00e3o, Lima destaca que os m\u00e9todos aplicados no pa\u00eds s\u00e3o variados e devem ser considerados nas a\u00e7\u00f5es.<\/p>\n<p style=\"text-align: justify;\">\u201cA diversidade que existe no nosso pa\u00eds, metodol\u00f3gica, de pr\u00e1ticas pedag\u00f3gicas, de cultura, precisa ser respeitada. Nesse sentido, a nova secretaria tem que ter a sensibilidade para compreender todas essas nuances, para compreender os m\u00e9todos aplicados\u201d, afirmou, acrescentando que a melhor pr\u00e1tica \u201c\u00e9 aquela que o aluno aprende\u201d.<\/p>\n<p style=\"text-align: justify;\"><strong>Fonte:<\/strong> Ag\u00eancia Brasil<\/p>\n","protected":false},"excerpt":{"rendered":"<p>Com a posse do presidente Jair Bolsonaro e do ministro Ricardo V\u00e9lez Rodr\u00edguez foram feitas, esta semana, mudan\u00e7as na estrutura do Minist\u00e9rio da Educa\u00e7\u00e3o (MEC). A pasta passa a contar agora com a Secretaria de Alfabetiza\u00e7\u00e3o, a Secretaria de Modalidades Especializadas de Educa\u00e7\u00e3o, al\u00e9m de uma Subsecretaria de Fomento \u00e0s Escolas C\u00edvico-Militares. As novas secretarias &hellip;<\/p>\n","protected":false},"author":8,"featured_media":4625,"comment_status":"open","ping_status":"open","sticky":false,"template":"","format":"standard","meta":{"content-type":"","rop_custom_images_group":[],"rop_custom_messages_group":[],"rop_publish_now":"initial","rop_publish_now_accounts":{"facebook_2648258775420054_1618374048415101":""},"rop_publish_now_history":[],"rop_publish_now_status":"pending","footnotes":"","_jetpack_memberships_contains_paid_content":false},"categories":[113,125],"tags":[426,875,928],"yoast_head":"<!-- This site is optimized with the Yoast SEO plugin v22.3 - https:\/\/yoast.com\/wordpress\/plugins\/seo\/ -->\n<title>Nova estrutura do MEC tem secretaria para alfabetiza\u00e7\u00e3o e escolas militares - Portal NPM<\/title>\n<meta name=\"robots\" content=\"index, follow, max-snippet:-1, max-image-preview:large, max-video-preview:-1\" \/>\n<link rel=\"canonical\" href=\"https:\/\/portalnpm.com\/index.php\/2019\/01\/07\/nova-estrutura-do-mec-tem-secretaria-para-alfabetizacao-e-escolas-militares\/\" \/>\n<meta property=\"og:locale\" content=\"pt_BR\" \/>\n<meta property=\"og:type\" content=\"article\" \/>\n<meta property=\"og:title\" content=\"Nova estrutura do MEC tem secretaria para alfabetiza\u00e7\u00e3o e escolas militares - Portal NPM\" \/>\n<meta property=\"og:description\" content=\"Com a posse do presidente Jair Bolsonaro e do ministro Ricardo V\u00e9lez Rodr\u00edguez foram feitas, esta semana, mudan\u00e7as na estrutura do Minist\u00e9rio da Educa\u00e7\u00e3o (MEC). A pasta passa a contar agora com a Secretaria de Alfabetiza\u00e7\u00e3o, a Secretaria de Modalidades Especializadas de Educa\u00e7\u00e3o, al\u00e9m de uma Subsecretaria de Fomento \u00e0s Escolas C\u00edvico-Militares. As novas secretarias &hellip;\" \/>\n<meta property=\"og:url\" content=\"https:\/\/portalnpm.com\/index.php\/2019\/01\/07\/nova-estrutura-do-mec-tem-secretaria-para-alfabetizacao-e-escolas-militares\/\" \/>\n<meta property=\"og:site_name\" content=\"Portal NPM\" \/>\n<meta property=\"article:published_time\" content=\"2019-01-07T20:55:27+00:00\" \/>\n<meta name=\"author\" content=\"Zenilton Lima\" \/>\n<meta name=\"twitter:card\" content=\"summary_large_image\" \/>\n<meta name=\"twitter:label1\" content=\"Escrito por\" \/>\n\t<meta name=\"twitter:data1\" content=\"Zenilton Lima\" \/>\n\t<meta name=\"twitter:label2\" content=\"Est. tempo de leitura\" \/>\n\t<meta name=\"twitter:data2\" content=\"4 minutos\" \/>\n<script type=\"application\/ld+json\" class=\"yoast-schema-graph\">{\"@context\":\"https:\/\/schema.org\",\"@graph\":[{\"@type\":\"WebPage\",\"@id\":\"https:\/\/portalnpm.com\/index.php\/2019\/01\/07\/nova-estrutura-do-mec-tem-secretaria-para-alfabetizacao-e-escolas-militares\/\",\"url\":\"https:\/\/portalnpm.com\/index.php\/2019\/01\/07\/nova-estrutura-do-mec-tem-secretaria-para-alfabetizacao-e-escolas-militares\/\",\"name\":\"Nova estrutura do MEC tem secretaria para alfabetiza\u00e7\u00e3o e escolas militares - Portal NPM\",\"isPartOf\":{\"@id\":\"https:\/\/portalnpm.com\/#website\"},\"primaryImageOfPage\":{\"@id\":\"https:\/\/portalnpm.com\/index.php\/2019\/01\/07\/nova-estrutura-do-mec-tem-secretaria-para-alfabetizacao-e-escolas-militares\/#primaryimage\"},\"image\":{\"@id\":\"https:\/\/portalnpm.com\/index.php\/2019\/01\/07\/nova-estrutura-do-mec-tem-secretaria-para-alfabetizacao-e-escolas-militares\/#primaryimage\"},\"thumbnailUrl\":\"\",\"datePublished\":\"2019-01-07T20:55:27+00:00\",\"dateModified\":\"2019-01-07T20:55:27+00:00\",\"author\":{\"@id\":\"https:\/\/portalnpm.com\/#\/schema\/person\/35cb55186eae3f074b6783da6d35591e\"},\"breadcrumb\":{\"@id\":\"https:\/\/portalnpm.com\/index.php\/2019\/01\/07\/nova-estrutura-do-mec-tem-secretaria-para-alfabetizacao-e-escolas-militares\/#breadcrumb\"},\"inLanguage\":\"pt-BR\",\"potentialAction\":[{\"@type\":\"ReadAction\",\"target\":[\"https:\/\/portalnpm.com\/index.php\/2019\/01\/07\/nova-estrutura-do-mec-tem-secretaria-para-alfabetizacao-e-escolas-militares\/\"]}]},{\"@type\":\"ImageObject\",\"inLanguage\":\"pt-BR\",\"@id\":\"https:\/\/portalnpm.com\/index.php\/2019\/01\/07\/nova-estrutura-do-mec-tem-secretaria-para-alfabetizacao-e-escolas-militares\/#primaryimage\",\"url\":\"\",\"contentUrl\":\"\"},{\"@type\":\"BreadcrumbList\",\"@id\":\"https:\/\/portalnpm.com\/index.php\/2019\/01\/07\/nova-estrutura-do-mec-tem-secretaria-para-alfabetizacao-e-escolas-militares\/#breadcrumb\",\"itemListElement\":[{\"@type\":\"ListItem\",\"position\":1,\"name\":\"In\u00edcio\",\"item\":\"https:\/\/portalnpm.com\/\"},{\"@type\":\"ListItem\",\"position\":2,\"name\":\"Nova estrutura do MEC tem secretaria para alfabetiza\u00e7\u00e3o e escolas militares\"}]},{\"@type\":\"WebSite\",\"@id\":\"https:\/\/portalnpm.com\/#website\",\"url\":\"https:\/\/portalnpm.com\/\",\"name\":\"Portal NPM\",\"description\":\"Not\u00edcias em Primeira M\u00e3o\",\"potentialAction\":[{\"@type\":\"SearchAction\",\"target\":{\"@type\":\"EntryPoint\",\"urlTemplate\":\"https:\/\/portalnpm.com\/?s={search_term_string}\"},\"query-input\":\"required name=search_term_string\"}],\"inLanguage\":\"pt-BR\"},{\"@type\":\"Person\",\"@id\":\"https:\/\/portalnpm.com\/#\/schema\/person\/35cb55186eae3f074b6783da6d35591e\",\"name\":\"Zenilton Lima\",\"image\":{\"@type\":\"ImageObject\",\"inLanguage\":\"pt-BR\",\"@id\":\"https:\/\/portalnpm.com\/#\/schema\/person\/image\/\",\"url\":\"https:\/\/portalnpm.com\/wp-content\/uploads\/2024\/12\/avatar_user_8_1733658137-96x96.jpeg\",\"contentUrl\":\"https:\/\/portalnpm.com\/wp-content\/uploads\/2024\/12\/avatar_user_8_1733658137-96x96.jpeg\",\"caption\":\"Zenilton Lima\"},\"url\":\"https:\/\/portalnpm.com\/index.php\/author\/zenilton\/\"}]}<\/script>\n<!-- \/ Yoast SEO plugin. -->","yoast_head_json":{"title":"Nova estrutura do MEC tem secretaria para alfabetiza\u00e7\u00e3o e escolas militares - Portal NPM","robots":{"index":"index","follow":"follow","max-snippet":"max-snippet:-1","max-image-preview":"max-image-preview:large","max-video-preview":"max-video-preview:-1"},"canonical":"https:\/\/portalnpm.com\/index.php\/2019\/01\/07\/nova-estrutura-do-mec-tem-secretaria-para-alfabetizacao-e-escolas-militares\/","og_locale":"pt_BR","og_type":"article","og_title":"Nova estrutura do MEC tem secretaria para alfabetiza\u00e7\u00e3o e escolas militares - Portal NPM","og_description":"Com a posse do presidente Jair Bolsonaro e do ministro Ricardo V\u00e9lez Rodr\u00edguez foram feitas, esta semana, mudan\u00e7as na estrutura do Minist\u00e9rio da Educa\u00e7\u00e3o (MEC). A pasta passa a contar agora com a Secretaria de Alfabetiza\u00e7\u00e3o, a Secretaria de Modalidades Especializadas de Educa\u00e7\u00e3o, al\u00e9m de uma Subsecretaria de Fomento \u00e0s Escolas C\u00edvico-Militares. As novas secretarias &hellip;","og_url":"https:\/\/portalnpm.com\/index.php\/2019\/01\/07\/nova-estrutura-do-mec-tem-secretaria-para-alfabetizacao-e-escolas-militares\/","og_site_name":"Portal NPM","article_published_time":"2019-01-07T20:55:27+00:00","author":"Zenilton Lima","twitter_card":"summary_large_image","twitter_misc":{"Escrito por":"Zenilton Lima","Est. tempo de leitura":"4 minutos"},"schema":{"@context":"https:\/\/schema.org","@graph":[{"@type":"WebPage","@id":"https:\/\/portalnpm.com\/index.php\/2019\/01\/07\/nova-estrutura-do-mec-tem-secretaria-para-alfabetizacao-e-escolas-militares\/","url":"https:\/\/portalnpm.com\/index.php\/2019\/01\/07\/nova-estrutura-do-mec-tem-secretaria-para-alfabetizacao-e-escolas-militares\/","name":"Nova estrutura do MEC tem secretaria para alfabetiza\u00e7\u00e3o e escolas militares - Portal NPM","isPartOf":{"@id":"https:\/\/portalnpm.com\/#website"},"primaryImageOfPage":{"@id":"https:\/\/portalnpm.com\/index.php\/2019\/01\/07\/nova-estrutura-do-mec-tem-secretaria-para-alfabetizacao-e-escolas-militares\/#primaryimage"},"image":{"@id":"https:\/\/portalnpm.com\/index.php\/2019\/01\/07\/nova-estrutura-do-mec-tem-secretaria-para-alfabetizacao-e-escolas-militares\/#primaryimage"},"thumbnailUrl":"","datePublished":"2019-01-07T20:55:27+00:00","dateModified":"2019-01-07T20:55:27+00:00","author":{"@id":"https:\/\/portalnpm.com\/#\/schema\/person\/35cb55186eae3f074b6783da6d35591e"},"breadcrumb":{"@id":"https:\/\/portalnpm.com\/index.php\/2019\/01\/07\/nova-estrutura-do-mec-tem-secretaria-para-alfabetizacao-e-escolas-militares\/#breadcrumb"},"inLanguage":"pt-BR","potentialAction":[{"@type":"ReadAction","target":["https:\/\/portalnpm.com\/index.php\/2019\/01\/07\/nova-estrutura-do-mec-tem-secretaria-para-alfabetizacao-e-escolas-militares\/"]}]},{"@type":"ImageObject","inLanguage":"pt-BR","@id":"https:\/\/portalnpm.com\/index.php\/2019\/01\/07\/nova-estrutura-do-mec-tem-secretaria-para-alfabetizacao-e-escolas-militares\/#primaryimage","url":"","contentUrl":""},{"@type":"BreadcrumbList","@id":"https:\/\/portalnpm.com\/index.php\/2019\/01\/07\/nova-estrutura-do-mec-tem-secretaria-para-alfabetizacao-e-escolas-militares\/#breadcrumb","itemListElement":[{"@type":"ListItem","position":1,"name":"In\u00edcio","item":"https:\/\/portalnpm.com\/"},{"@type":"ListItem","position":2,"name":"Nova estrutura do MEC tem secretaria para alfabetiza\u00e7\u00e3o e escolas militares"}]},{"@type":"WebSite","@id":"https:\/\/portalnpm.com\/#website","url":"https:\/\/portalnpm.com\/","name":"Portal NPM","description":"Not\u00edcias em Primeira M\u00e3o","potentialAction":[{"@type":"SearchAction","target":{"@type":"EntryPoint","urlTemplate":"https:\/\/portalnpm.com\/?s={search_term_string}"},"query-input":"required name=search_term_string"}],"inLanguage":"pt-BR"},{"@type":"Person","@id":"https:\/\/portalnpm.com\/#\/schema\/person\/35cb55186eae3f074b6783da6d35591e","name":"Zenilton Lima","image":{"@type":"ImageObject","inLanguage":"pt-BR","@id":"https:\/\/portalnpm.com\/#\/schema\/person\/image\/","url":"https:\/\/portalnpm.com\/wp-content\/uploads\/2024\/12\/avatar_user_8_1733658137-96x96.jpeg","contentUrl":"https:\/\/portalnpm.com\/wp-content\/uploads\/2024\/12\/avatar_user_8_1733658137-96x96.jpeg","caption":"Zenilton Lima"},"url":"https:\/\/portalnpm.com\/index.php\/author\/zenilton\/"}]}},"jetpack_sharing_enabled":true,"jetpack_featured_media_url":"","_links":{"self":[{"href":"https:\/\/portalnpm.com\/index.php\/wp-json\/wp\/v2\/posts\/4624"}],"collection":[{"href":"https:\/\/portalnpm.com\/index.php\/wp-json\/wp\/v2\/posts"}],"about":[{"href":"https:\/\/portalnpm.com\/index.php\/wp-json\/wp\/v2\/types\/post"}],"author":[{"embeddable":true,"href":"https:\/\/portalnpm.com\/index.php\/wp-json\/wp\/v2\/users\/8"}],"replies":[{"embeddable":true,"href":"https:\/\/portalnpm.com\/index.php\/wp-json\/wp\/v2\/comments?post=4624"}],"version-history":[{"count":0,"href":"https:\/\/portalnpm.com\/index.php\/wp-json\/wp\/v2\/posts\/4624\/revisions"}],"wp:featuredmedia":[{"embeddable":true,"href":"https:\/\/portalnpm.com\/index.php\/wp-json\/"}],"wp:attachment":[{"href":"https:\/\/portalnpm.com\/index.php\/wp-json\/wp\/v2\/media?parent=4624"}],"wp:term":[{"taxonomy":"category","embeddable":true,"href":"https:\/\/portalnpm.com\/index.php\/wp-json\/wp\/v2\/categories?post=4624"},{"taxonomy":"post_tag","embeddable":true,"href":"https:\/\/portalnpm.com\/index.php\/wp-json\/wp\/v2\/tags?post=4624"}],"curies":[{"name":"wp","href":"https:\/\/api.w.org\/{rel}","templated":true}]}}