{"id":46245,"date":"2023-05-11T11:57:05","date_gmt":"2023-05-11T14:57:05","guid":{"rendered":"https:\/\/portalnpm.com\/?p=46245"},"modified":"2023-05-11T11:57:05","modified_gmt":"2023-05-11T14:57:05","slug":"carro-roubado-em-sequestro-e-encontrado-queimado","status":"publish","type":"post","link":"https:\/\/portalnpm.com\/index.php\/2023\/05\/11\/carro-roubado-em-sequestro-e-encontrado-queimado\/","title":{"rendered":"Carro roubado em sequestro \u00e9 encontrado queimado"},"content":{"rendered":"<p style=\"text-align: justify;\">Um carro de modelo Corolla, de cor branca, roubado em um assalto rel\u00e2mpago na noite desta ter\u00e7a-feira (09), foi encontrado queimado por atr\u00e1s do est\u00e1dio municipal de Sussuapara.<\/p>\n<p style=\"text-align: justify;\">\n<p style=\"text-align: justify;\">\n<p style=\"text-align: justify;\">No in\u00edcio da noite desta ter\u00e7a-feira (09) um homem de 44 anos teve o carro de passeio roubado e uma quantia em dinheiro subtra\u00edda por uma dupla encapuzada e armada. A a\u00e7\u00e3o ocorreu na rodovia que interliga o Povoado Vaca Morta ao bairro Samambaia.<\/p>\n<p style=\"text-align: justify;\">O crime ocorreu por volta de 18h30min quando a v\u00edtima buscava realizar um atendimento a um cliente. Dois homens armados transitando em um carro de cor preta o interceptaram e anunciaram o sequestro.<\/p>\n<p style=\"text-align: justify;\">\u201cEstava tentando realizar um atendimento a cliente que reside numa ch\u00e1cara. N\u00e3o consegui contat\u00e1-lo, foi quando resolvi retornar pela rodovia e no trajeto um carro de cor preta atravessou na minha frente. Dois homens encapuzados desceram do carro, colocaram a arma no vidro e j\u00e1 foram cobrindo o meu rosto com um saco, uma sacola, n\u00e3o me recordo, me colocaram no banco de tr\u00e1s do carro. Mandaram eu ficar calado\u201d, informou a v\u00edtima.<\/p>\n<p style=\"text-align: justify;\"><img fetchpriority=\"high\" decoding=\"async\" class=\" wp-image-72319 aligncenter\" src=\"https:\/\/www.webpiaui.com.br\/wp-content\/uploads\/2023\/05\/corola-asasas.jpg\" sizes=\"(max-width: 705px) 100vw, 705px\" srcset=\"https:\/\/www.webpiaui.com.br\/wp-content\/uploads\/2023\/05\/corola-asasas.jpg 790w, https:\/\/www.webpiaui.com.br\/wp-content\/uploads\/2023\/05\/corola-asasas-300x218.jpg 300w, https:\/\/www.webpiaui.com.br\/wp-content\/uploads\/2023\/05\/corola-asasas-768x559.jpg 768w\" alt=\"\" width=\"705\" height=\"513\" \/><\/p>\n<p style=\"text-align: justify;\">O homem ainda relatou que ap\u00f3s ter o rosto coberto perdeu a no\u00e7\u00e3o de dire\u00e7\u00e3o e a dupla dirigiu por quase uma hora. Num dado momento, os assaltantes pediram que a v\u00edtima descesse do carro e sa\u00edsse correndo numa \u00e1rea de mato.<\/p>\n<p style=\"text-align: justify;\">\u201cMandaram eu descer e sair correndo dentro do mato. Ainda desorientado me deparei com um pared\u00e3o, muitas linhas de poste e vi luzes. Foi quando percebi que se tratava do loteamento Reserva do Vale, do grupo Duas Barras. Me localizei, sa\u00ed numa estrada carro\u00e7al e caminhei por 2 km at\u00e9 chegar a rodovia que liga Picos \u00e0 Bocaina. Continuei caminhando quando cheguei numa pizzaria e consegui contatar uma amiga pedindo ajuda\u201d, disse a v\u00edtima.<\/p>\n<p style=\"text-align: justify;\">Os criminosos ap\u00f3s liberarem a v\u00edtima do sequestro, subtra\u00edram-lhe o carro e uma quantia em dinheiro que estava na carteira. No entanto, n\u00e3o roubaram aparelho celular e nem cart\u00f5es banc\u00e1rios.<\/p>\n<p style=\"text-align: justify;\">A v\u00edtima ap\u00f3s ser resgatada por amigos se deslocou para Picos e registrou Boletim de Ocorr\u00eancia na Delegacia de Pol\u00edcia Civil. At\u00e9 o momento n\u00e3o se tem informa\u00e7\u00f5es sobre suspeitos.<\/p>\n<p style=\"text-align: justify;\"><strong><em>Com informa\u00e7\u00f5es do Acervo News\/ T\u00f4 de olho e Cidade Verde<\/em><\/strong><\/p>\n","protected":false},"excerpt":{"rendered":"<p>Um carro de modelo Corolla, de cor branca, roubado em um assalto rel\u00e2mpago na noite desta ter\u00e7a-feira (09), foi encontrado queimado por atr\u00e1s do est\u00e1dio municipal de Sussuapara. No in\u00edcio da noite desta ter\u00e7a-feira (09) um homem de 44 anos teve o carro de passeio roubado e uma quantia em dinheiro subtra\u00edda por uma dupla &hellip;<\/p>\n","protected":false},"author":2,"featured_media":46246,"comment_status":"open","ping_status":"open","sticky":false,"template":"","format":"standard","meta":{"content-type":"","rop_custom_images_group":[],"rop_custom_messages_group":[],"rop_publish_now":"initial","rop_publish_now_accounts":{"facebook_2648258775420054_1618374048415101":""},"rop_publish_now_history":[],"rop_publish_now_status":"pending","footnotes":"","_jetpack_memberships_contains_paid_content":false},"categories":[109,127],"tags":[14439,14440,14441],"yoast_head":"<!-- This site is optimized with the Yoast SEO plugin v22.3 - https:\/\/yoast.com\/wordpress\/plugins\/seo\/ -->\n<title>Carro roubado em sequestro \u00e9 encontrado queimado - Portal NPM<\/title>\n<meta name=\"robots\" content=\"index, follow, max-snippet:-1, max-image-preview:large, max-video-preview:-1\" \/>\n<link rel=\"canonical\" href=\"https:\/\/portalnpm.com\/index.php\/2023\/05\/11\/carro-roubado-em-sequestro-e-encontrado-queimado\/\" \/>\n<meta property=\"og:locale\" content=\"pt_BR\" \/>\n<meta property=\"og:type\" content=\"article\" \/>\n<meta property=\"og:title\" content=\"Carro roubado em sequestro \u00e9 encontrado queimado - Portal NPM\" \/>\n<meta property=\"og:description\" content=\"Um carro de modelo Corolla, de cor branca, roubado em um assalto rel\u00e2mpago na noite desta ter\u00e7a-feira (09), foi encontrado queimado por atr\u00e1s do est\u00e1dio municipal de Sussuapara. No in\u00edcio da noite desta ter\u00e7a-feira (09) um homem de 44 anos teve o carro de passeio roubado e uma quantia em dinheiro subtra\u00edda por uma dupla &hellip;\" \/>\n<meta property=\"og:url\" content=\"https:\/\/portalnpm.com\/index.php\/2023\/05\/11\/carro-roubado-em-sequestro-e-encontrado-queimado\/\" \/>\n<meta property=\"og:site_name\" content=\"Portal NPM\" \/>\n<meta property=\"article:published_time\" content=\"2023-05-11T14:57:05+00:00\" \/>\n<meta name=\"author\" content=\"Genival Barbosa\" \/>\n<meta name=\"twitter:card\" content=\"summary_large_image\" \/>\n<meta name=\"twitter:label1\" content=\"Escrito por\" \/>\n\t<meta name=\"twitter:data1\" content=\"Genival Barbosa\" \/>\n\t<meta name=\"twitter:label2\" content=\"Est. tempo de leitura\" \/>\n\t<meta name=\"twitter:data2\" content=\"2 minutos\" \/>\n<script type=\"application\/ld+json\" class=\"yoast-schema-graph\">{\"@context\":\"https:\/\/schema.org\",\"@graph\":[{\"@type\":\"WebPage\",\"@id\":\"https:\/\/portalnpm.com\/index.php\/2023\/05\/11\/carro-roubado-em-sequestro-e-encontrado-queimado\/\",\"url\":\"https:\/\/portalnpm.com\/index.php\/2023\/05\/11\/carro-roubado-em-sequestro-e-encontrado-queimado\/\",\"name\":\"Carro roubado em sequestro \u00e9 encontrado queimado - Portal NPM\",\"isPartOf\":{\"@id\":\"https:\/\/portalnpm.com\/#website\"},\"primaryImageOfPage\":{\"@id\":\"https:\/\/portalnpm.com\/index.php\/2023\/05\/11\/carro-roubado-em-sequestro-e-encontrado-queimado\/#primaryimage\"},\"image\":{\"@id\":\"https:\/\/portalnpm.com\/index.php\/2023\/05\/11\/carro-roubado-em-sequestro-e-encontrado-queimado\/#primaryimage\"},\"thumbnailUrl\":\"\",\"datePublished\":\"2023-05-11T14:57:05+00:00\",\"dateModified\":\"2023-05-11T14:57:05+00:00\",\"author\":{\"@id\":\"https:\/\/portalnpm.com\/#\/schema\/person\/49313e563cfdefcc167f1ee4c017c294\"},\"breadcrumb\":{\"@id\":\"https:\/\/portalnpm.com\/index.php\/2023\/05\/11\/carro-roubado-em-sequestro-e-encontrado-queimado\/#breadcrumb\"},\"inLanguage\":\"pt-BR\",\"potentialAction\":[{\"@type\":\"ReadAction\",\"target\":[\"https:\/\/portalnpm.com\/index.php\/2023\/05\/11\/carro-roubado-em-sequestro-e-encontrado-queimado\/\"]}]},{\"@type\":\"ImageObject\",\"inLanguage\":\"pt-BR\",\"@id\":\"https:\/\/portalnpm.com\/index.php\/2023\/05\/11\/carro-roubado-em-sequestro-e-encontrado-queimado\/#primaryimage\",\"url\":\"\",\"contentUrl\":\"\"},{\"@type\":\"BreadcrumbList\",\"@id\":\"https:\/\/portalnpm.com\/index.php\/2023\/05\/11\/carro-roubado-em-sequestro-e-encontrado-queimado\/#breadcrumb\",\"itemListElement\":[{\"@type\":\"ListItem\",\"position\":1,\"name\":\"In\u00edcio\",\"item\":\"https:\/\/portalnpm.com\/\"},{\"@type\":\"ListItem\",\"position\":2,\"name\":\"Carro roubado em sequestro \u00e9 encontrado queimado\"}]},{\"@type\":\"WebSite\",\"@id\":\"https:\/\/portalnpm.com\/#website\",\"url\":\"https:\/\/portalnpm.com\/\",\"name\":\"Portal NPM\",\"description\":\"Not\u00edcias em Primeira M\u00e3o\",\"potentialAction\":[{\"@type\":\"SearchAction\",\"target\":{\"@type\":\"EntryPoint\",\"urlTemplate\":\"https:\/\/portalnpm.com\/?s={search_term_string}\"},\"query-input\":\"required name=search_term_string\"}],\"inLanguage\":\"pt-BR\"},{\"@type\":\"Person\",\"@id\":\"https:\/\/portalnpm.com\/#\/schema\/person\/49313e563cfdefcc167f1ee4c017c294\",\"name\":\"Genival Barbosa\",\"image\":{\"@type\":\"ImageObject\",\"inLanguage\":\"pt-BR\",\"@id\":\"https:\/\/portalnpm.com\/#\/schema\/person\/image\/\",\"url\":\"https:\/\/portalnpm.com\/wp-content\/uploads\/2024\/02\/avatar_user_2_1707743258-96x96.jpeg\",\"contentUrl\":\"https:\/\/portalnpm.com\/wp-content\/uploads\/2024\/02\/avatar_user_2_1707743258-96x96.jpeg\",\"caption\":\"Genival Barbosa\"},\"url\":\"https:\/\/portalnpm.com\/index.php\/author\/genival\/\"}]}<\/script>\n<!-- \/ Yoast SEO plugin. -->","yoast_head_json":{"title":"Carro roubado em sequestro \u00e9 encontrado queimado - Portal NPM","robots":{"index":"index","follow":"follow","max-snippet":"max-snippet:-1","max-image-preview":"max-image-preview:large","max-video-preview":"max-video-preview:-1"},"canonical":"https:\/\/portalnpm.com\/index.php\/2023\/05\/11\/carro-roubado-em-sequestro-e-encontrado-queimado\/","og_locale":"pt_BR","og_type":"article","og_title":"Carro roubado em sequestro \u00e9 encontrado queimado - Portal NPM","og_description":"Um carro de modelo Corolla, de cor branca, roubado em um assalto rel\u00e2mpago na noite desta ter\u00e7a-feira (09), foi encontrado queimado por atr\u00e1s do est\u00e1dio municipal de Sussuapara. No in\u00edcio da noite desta ter\u00e7a-feira (09) um homem de 44 anos teve o carro de passeio roubado e uma quantia em dinheiro subtra\u00edda por uma dupla &hellip;","og_url":"https:\/\/portalnpm.com\/index.php\/2023\/05\/11\/carro-roubado-em-sequestro-e-encontrado-queimado\/","og_site_name":"Portal NPM","article_published_time":"2023-05-11T14:57:05+00:00","author":"Genival Barbosa","twitter_card":"summary_large_image","twitter_misc":{"Escrito por":"Genival Barbosa","Est. tempo de leitura":"2 minutos"},"schema":{"@context":"https:\/\/schema.org","@graph":[{"@type":"WebPage","@id":"https:\/\/portalnpm.com\/index.php\/2023\/05\/11\/carro-roubado-em-sequestro-e-encontrado-queimado\/","url":"https:\/\/portalnpm.com\/index.php\/2023\/05\/11\/carro-roubado-em-sequestro-e-encontrado-queimado\/","name":"Carro roubado em sequestro \u00e9 encontrado queimado - Portal NPM","isPartOf":{"@id":"https:\/\/portalnpm.com\/#website"},"primaryImageOfPage":{"@id":"https:\/\/portalnpm.com\/index.php\/2023\/05\/11\/carro-roubado-em-sequestro-e-encontrado-queimado\/#primaryimage"},"image":{"@id":"https:\/\/portalnpm.com\/index.php\/2023\/05\/11\/carro-roubado-em-sequestro-e-encontrado-queimado\/#primaryimage"},"thumbnailUrl":"","datePublished":"2023-05-11T14:57:05+00:00","dateModified":"2023-05-11T14:57:05+00:00","author":{"@id":"https:\/\/portalnpm.com\/#\/schema\/person\/49313e563cfdefcc167f1ee4c017c294"},"breadcrumb":{"@id":"https:\/\/portalnpm.com\/index.php\/2023\/05\/11\/carro-roubado-em-sequestro-e-encontrado-queimado\/#breadcrumb"},"inLanguage":"pt-BR","potentialAction":[{"@type":"ReadAction","target":["https:\/\/portalnpm.com\/index.php\/2023\/05\/11\/carro-roubado-em-sequestro-e-encontrado-queimado\/"]}]},{"@type":"ImageObject","inLanguage":"pt-BR","@id":"https:\/\/portalnpm.com\/index.php\/2023\/05\/11\/carro-roubado-em-sequestro-e-encontrado-queimado\/#primaryimage","url":"","contentUrl":""},{"@type":"BreadcrumbList","@id":"https:\/\/portalnpm.com\/index.php\/2023\/05\/11\/carro-roubado-em-sequestro-e-encontrado-queimado\/#breadcrumb","itemListElement":[{"@type":"ListItem","position":1,"name":"In\u00edcio","item":"https:\/\/portalnpm.com\/"},{"@type":"ListItem","position":2,"name":"Carro roubado em sequestro \u00e9 encontrado queimado"}]},{"@type":"WebSite","@id":"https:\/\/portalnpm.com\/#website","url":"https:\/\/portalnpm.com\/","name":"Portal NPM","description":"Not\u00edcias em Primeira M\u00e3o","potentialAction":[{"@type":"SearchAction","target":{"@type":"EntryPoint","urlTemplate":"https:\/\/portalnpm.com\/?s={search_term_string}"},"query-input":"required name=search_term_string"}],"inLanguage":"pt-BR"},{"@type":"Person","@id":"https:\/\/portalnpm.com\/#\/schema\/person\/49313e563cfdefcc167f1ee4c017c294","name":"Genival Barbosa","image":{"@type":"ImageObject","inLanguage":"pt-BR","@id":"https:\/\/portalnpm.com\/#\/schema\/person\/image\/","url":"https:\/\/portalnpm.com\/wp-content\/uploads\/2024\/02\/avatar_user_2_1707743258-96x96.jpeg","contentUrl":"https:\/\/portalnpm.com\/wp-content\/uploads\/2024\/02\/avatar_user_2_1707743258-96x96.jpeg","caption":"Genival Barbosa"},"url":"https:\/\/portalnpm.com\/index.php\/author\/genival\/"}]}},"jetpack_sharing_enabled":true,"jetpack_featured_media_url":"","_links":{"self":[{"href":"https:\/\/portalnpm.com\/index.php\/wp-json\/wp\/v2\/posts\/46245"}],"collection":[{"href":"https:\/\/portalnpm.com\/index.php\/wp-json\/wp\/v2\/posts"}],"about":[{"href":"https:\/\/portalnpm.com\/index.php\/wp-json\/wp\/v2\/types\/post"}],"author":[{"embeddable":true,"href":"https:\/\/portalnpm.com\/index.php\/wp-json\/wp\/v2\/users\/2"}],"replies":[{"embeddable":true,"href":"https:\/\/portalnpm.com\/index.php\/wp-json\/wp\/v2\/comments?post=46245"}],"version-history":[{"count":0,"href":"https:\/\/portalnpm.com\/index.php\/wp-json\/wp\/v2\/posts\/46245\/revisions"}],"wp:featuredmedia":[{"embeddable":true,"href":"https:\/\/portalnpm.com\/index.php\/wp-json\/"}],"wp:attachment":[{"href":"https:\/\/portalnpm.com\/index.php\/wp-json\/wp\/v2\/media?parent=46245"}],"wp:term":[{"taxonomy":"category","embeddable":true,"href":"https:\/\/portalnpm.com\/index.php\/wp-json\/wp\/v2\/categories?post=46245"},{"taxonomy":"post_tag","embeddable":true,"href":"https:\/\/portalnpm.com\/index.php\/wp-json\/wp\/v2\/tags?post=46245"}],"curies":[{"name":"wp","href":"https:\/\/api.w.org\/{rel}","templated":true}]}}