{"id":4627,"date":"2019-01-07T19:01:50","date_gmt":"2019-01-07T21:01:50","guid":{"rendered":"http:\/\/srv.portalnpm.com.br\/?p=4627"},"modified":"2019-01-07T19:01:50","modified_gmt":"2019-01-07T21:01:50","slug":"picoense-romulo-se-apresenta-no-gremio-e-sonha-em-dar-a-volta-por-cima-na-carreira","status":"publish","type":"post","link":"https:\/\/portalnpm.com\/index.php\/2019\/01\/07\/picoense-romulo-se-apresenta-no-gremio-e-sonha-em-dar-a-volta-por-cima-na-carreira\/","title":{"rendered":"Picoense R\u00f4mulo se apresenta no Gr\u00eamio e sonha em \u2018dar a volta por cima\u2019 na carreira"},"content":{"rendered":"<p style=\"text-align: justify;\">O volante R\u00f4mulo se apresentou oficialmente nesta segunda-feira no Gr\u00eamio. O jogador, de 28 anos, que foi contratado junto ao Flamengo, disse que espera \u201cdar a volta por cima\u201d na equipe ga\u00facha e recuperar o futebol que o levou para a sele\u00e7\u00e3o brasileira.<\/p>\n<p style=\"text-align: justify;\">\u201c\u00c9 importante chegar em uma equipe t\u00e3o vitoriosa como o Gr\u00eamio e com um ambiente t\u00e3o bom. A confian\u00e7a e a responsabilidade aumentam\u201d, disse o jogador, que treina com o resto do time em Porto Alegre desde a semana passada.<\/p>\n<p style=\"text-align: justify;\">R\u00f4mulo revelou que teve uma conversa r\u00e1pida com o t\u00e9cnico Renato Ga\u00facho na \u00faltima sexta-feira, mas espera atuar como primeiro volante. \u201cA gente n\u00e3o desaprende de jogar. Acho que o importante \u00e9 ter confian\u00e7a para atuar e espero repetir as boas atua\u00e7\u00f5es aqui no Gr\u00eamio\u201d.<\/p>\n<p style=\"text-align: justify;\">O jogador foi formado no Porto, de Pernambuco, obteve destaque nacional defendendo o Vasco e se transferiu em 2012 para o Spartak Moscou, da R\u00fassia. Esteve nas temporadas de 2017 e 2018 no Flamengo. Entre 2011 e 2014 foi convocado oito vezes para a sele\u00e7\u00e3o brasileira.<\/p>\n<p style=\"text-align: justify;\"><strong>Fonte:<\/strong> Estad\u00e3o Conte\u00fado<\/p>\n","protected":false},"excerpt":{"rendered":"<p>O volante R\u00f4mulo se apresentou oficialmente nesta segunda-feira no Gr\u00eamio. O jogador, de 28 anos, que foi contratado junto ao Flamengo, disse que espera \u201cdar a volta por cima\u201d na equipe ga\u00facha e recuperar o futebol que o levou para a sele\u00e7\u00e3o brasileira. \u201c\u00c9 importante chegar em uma equipe t\u00e3o vitoriosa como o Gr\u00eamio e &hellip;<\/p>\n","protected":false},"author":8,"featured_media":4628,"comment_status":"open","ping_status":"open","sticky":false,"template":"","format":"standard","meta":{"content-type":"","rop_custom_images_group":[],"rop_custom_messages_group":[],"rop_publish_now":"initial","rop_publish_now_accounts":{"facebook_2648258775420054_1618374048415101":""},"rop_publish_now_history":[],"rop_publish_now_status":"pending","footnotes":"","_jetpack_memberships_contains_paid_content":false},"categories":[113,109,127],"tags":[1288,158,1851,1852],"yoast_head":"<!-- This site is optimized with the Yoast SEO plugin v22.3 - https:\/\/yoast.com\/wordpress\/plugins\/seo\/ -->\n<title>Picoense R\u00f4mulo se apresenta no Gr\u00eamio e sonha em \u2018dar a volta por cima\u2019 na carreira - Portal NPM<\/title>\n<meta name=\"robots\" content=\"index, follow, max-snippet:-1, max-image-preview:large, max-video-preview:-1\" \/>\n<link rel=\"canonical\" href=\"https:\/\/portalnpm.com\/index.php\/2019\/01\/07\/picoense-romulo-se-apresenta-no-gremio-e-sonha-em-dar-a-volta-por-cima-na-carreira\/\" \/>\n<meta property=\"og:locale\" content=\"pt_BR\" \/>\n<meta property=\"og:type\" content=\"article\" \/>\n<meta property=\"og:title\" content=\"Picoense R\u00f4mulo se apresenta no Gr\u00eamio e sonha em \u2018dar a volta por cima\u2019 na carreira - Portal NPM\" \/>\n<meta property=\"og:description\" content=\"O volante R\u00f4mulo se apresentou oficialmente nesta segunda-feira no Gr\u00eamio. O jogador, de 28 anos, que foi contratado junto ao Flamengo, disse que espera \u201cdar a volta por cima\u201d na equipe ga\u00facha e recuperar o futebol que o levou para a sele\u00e7\u00e3o brasileira. \u201c\u00c9 importante chegar em uma equipe t\u00e3o vitoriosa como o Gr\u00eamio e &hellip;\" \/>\n<meta property=\"og:url\" content=\"https:\/\/portalnpm.com\/index.php\/2019\/01\/07\/picoense-romulo-se-apresenta-no-gremio-e-sonha-em-dar-a-volta-por-cima-na-carreira\/\" \/>\n<meta property=\"og:site_name\" content=\"Portal NPM\" \/>\n<meta property=\"article:published_time\" content=\"2019-01-07T21:01:50+00:00\" \/>\n<meta name=\"author\" content=\"Zenilton Lima\" \/>\n<meta name=\"twitter:card\" content=\"summary_large_image\" \/>\n<meta name=\"twitter:label1\" content=\"Escrito por\" \/>\n\t<meta name=\"twitter:data1\" content=\"Zenilton Lima\" \/>\n\t<meta name=\"twitter:label2\" content=\"Est. tempo de leitura\" \/>\n\t<meta name=\"twitter:data2\" content=\"1 minuto\" \/>\n<script type=\"application\/ld+json\" class=\"yoast-schema-graph\">{\"@context\":\"https:\/\/schema.org\",\"@graph\":[{\"@type\":\"WebPage\",\"@id\":\"https:\/\/portalnpm.com\/index.php\/2019\/01\/07\/picoense-romulo-se-apresenta-no-gremio-e-sonha-em-dar-a-volta-por-cima-na-carreira\/\",\"url\":\"https:\/\/portalnpm.com\/index.php\/2019\/01\/07\/picoense-romulo-se-apresenta-no-gremio-e-sonha-em-dar-a-volta-por-cima-na-carreira\/\",\"name\":\"Picoense R\u00f4mulo se apresenta no Gr\u00eamio e sonha em \u2018dar a volta por cima\u2019 na carreira - Portal NPM\",\"isPartOf\":{\"@id\":\"https:\/\/portalnpm.com\/#website\"},\"primaryImageOfPage\":{\"@id\":\"https:\/\/portalnpm.com\/index.php\/2019\/01\/07\/picoense-romulo-se-apresenta-no-gremio-e-sonha-em-dar-a-volta-por-cima-na-carreira\/#primaryimage\"},\"image\":{\"@id\":\"https:\/\/portalnpm.com\/index.php\/2019\/01\/07\/picoense-romulo-se-apresenta-no-gremio-e-sonha-em-dar-a-volta-por-cima-na-carreira\/#primaryimage\"},\"thumbnailUrl\":\"\",\"datePublished\":\"2019-01-07T21:01:50+00:00\",\"dateModified\":\"2019-01-07T21:01:50+00:00\",\"author\":{\"@id\":\"https:\/\/portalnpm.com\/#\/schema\/person\/35cb55186eae3f074b6783da6d35591e\"},\"breadcrumb\":{\"@id\":\"https:\/\/portalnpm.com\/index.php\/2019\/01\/07\/picoense-romulo-se-apresenta-no-gremio-e-sonha-em-dar-a-volta-por-cima-na-carreira\/#breadcrumb\"},\"inLanguage\":\"pt-BR\",\"potentialAction\":[{\"@type\":\"ReadAction\",\"target\":[\"https:\/\/portalnpm.com\/index.php\/2019\/01\/07\/picoense-romulo-se-apresenta-no-gremio-e-sonha-em-dar-a-volta-por-cima-na-carreira\/\"]}]},{\"@type\":\"ImageObject\",\"inLanguage\":\"pt-BR\",\"@id\":\"https:\/\/portalnpm.com\/index.php\/2019\/01\/07\/picoense-romulo-se-apresenta-no-gremio-e-sonha-em-dar-a-volta-por-cima-na-carreira\/#primaryimage\",\"url\":\"\",\"contentUrl\":\"\"},{\"@type\":\"BreadcrumbList\",\"@id\":\"https:\/\/portalnpm.com\/index.php\/2019\/01\/07\/picoense-romulo-se-apresenta-no-gremio-e-sonha-em-dar-a-volta-por-cima-na-carreira\/#breadcrumb\",\"itemListElement\":[{\"@type\":\"ListItem\",\"position\":1,\"name\":\"In\u00edcio\",\"item\":\"https:\/\/portalnpm.com\/\"},{\"@type\":\"ListItem\",\"position\":2,\"name\":\"Picoense R\u00f4mulo se apresenta no Gr\u00eamio e sonha em \u2018dar a volta por cima\u2019 na carreira\"}]},{\"@type\":\"WebSite\",\"@id\":\"https:\/\/portalnpm.com\/#website\",\"url\":\"https:\/\/portalnpm.com\/\",\"name\":\"Portal NPM\",\"description\":\"Not\u00edcias em Primeira M\u00e3o\",\"potentialAction\":[{\"@type\":\"SearchAction\",\"target\":{\"@type\":\"EntryPoint\",\"urlTemplate\":\"https:\/\/portalnpm.com\/?s={search_term_string}\"},\"query-input\":\"required name=search_term_string\"}],\"inLanguage\":\"pt-BR\"},{\"@type\":\"Person\",\"@id\":\"https:\/\/portalnpm.com\/#\/schema\/person\/35cb55186eae3f074b6783da6d35591e\",\"name\":\"Zenilton Lima\",\"image\":{\"@type\":\"ImageObject\",\"inLanguage\":\"pt-BR\",\"@id\":\"https:\/\/portalnpm.com\/#\/schema\/person\/image\/\",\"url\":\"https:\/\/portalnpm.com\/wp-content\/uploads\/2024\/12\/avatar_user_8_1733658137-96x96.jpeg\",\"contentUrl\":\"https:\/\/portalnpm.com\/wp-content\/uploads\/2024\/12\/avatar_user_8_1733658137-96x96.jpeg\",\"caption\":\"Zenilton Lima\"},\"url\":\"https:\/\/portalnpm.com\/index.php\/author\/zenilton\/\"}]}<\/script>\n<!-- \/ Yoast SEO plugin. -->","yoast_head_json":{"title":"Picoense R\u00f4mulo se apresenta no Gr\u00eamio e sonha em \u2018dar a volta por cima\u2019 na carreira - Portal NPM","robots":{"index":"index","follow":"follow","max-snippet":"max-snippet:-1","max-image-preview":"max-image-preview:large","max-video-preview":"max-video-preview:-1"},"canonical":"https:\/\/portalnpm.com\/index.php\/2019\/01\/07\/picoense-romulo-se-apresenta-no-gremio-e-sonha-em-dar-a-volta-por-cima-na-carreira\/","og_locale":"pt_BR","og_type":"article","og_title":"Picoense R\u00f4mulo se apresenta no Gr\u00eamio e sonha em \u2018dar a volta por cima\u2019 na carreira - Portal NPM","og_description":"O volante R\u00f4mulo se apresentou oficialmente nesta segunda-feira no Gr\u00eamio. O jogador, de 28 anos, que foi contratado junto ao Flamengo, disse que espera \u201cdar a volta por cima\u201d na equipe ga\u00facha e recuperar o futebol que o levou para a sele\u00e7\u00e3o brasileira. \u201c\u00c9 importante chegar em uma equipe t\u00e3o vitoriosa como o Gr\u00eamio e &hellip;","og_url":"https:\/\/portalnpm.com\/index.php\/2019\/01\/07\/picoense-romulo-se-apresenta-no-gremio-e-sonha-em-dar-a-volta-por-cima-na-carreira\/","og_site_name":"Portal NPM","article_published_time":"2019-01-07T21:01:50+00:00","author":"Zenilton Lima","twitter_card":"summary_large_image","twitter_misc":{"Escrito por":"Zenilton Lima","Est. tempo de leitura":"1 minuto"},"schema":{"@context":"https:\/\/schema.org","@graph":[{"@type":"WebPage","@id":"https:\/\/portalnpm.com\/index.php\/2019\/01\/07\/picoense-romulo-se-apresenta-no-gremio-e-sonha-em-dar-a-volta-por-cima-na-carreira\/","url":"https:\/\/portalnpm.com\/index.php\/2019\/01\/07\/picoense-romulo-se-apresenta-no-gremio-e-sonha-em-dar-a-volta-por-cima-na-carreira\/","name":"Picoense R\u00f4mulo se apresenta no Gr\u00eamio e sonha em \u2018dar a volta por cima\u2019 na carreira - Portal NPM","isPartOf":{"@id":"https:\/\/portalnpm.com\/#website"},"primaryImageOfPage":{"@id":"https:\/\/portalnpm.com\/index.php\/2019\/01\/07\/picoense-romulo-se-apresenta-no-gremio-e-sonha-em-dar-a-volta-por-cima-na-carreira\/#primaryimage"},"image":{"@id":"https:\/\/portalnpm.com\/index.php\/2019\/01\/07\/picoense-romulo-se-apresenta-no-gremio-e-sonha-em-dar-a-volta-por-cima-na-carreira\/#primaryimage"},"thumbnailUrl":"","datePublished":"2019-01-07T21:01:50+00:00","dateModified":"2019-01-07T21:01:50+00:00","author":{"@id":"https:\/\/portalnpm.com\/#\/schema\/person\/35cb55186eae3f074b6783da6d35591e"},"breadcrumb":{"@id":"https:\/\/portalnpm.com\/index.php\/2019\/01\/07\/picoense-romulo-se-apresenta-no-gremio-e-sonha-em-dar-a-volta-por-cima-na-carreira\/#breadcrumb"},"inLanguage":"pt-BR","potentialAction":[{"@type":"ReadAction","target":["https:\/\/portalnpm.com\/index.php\/2019\/01\/07\/picoense-romulo-se-apresenta-no-gremio-e-sonha-em-dar-a-volta-por-cima-na-carreira\/"]}]},{"@type":"ImageObject","inLanguage":"pt-BR","@id":"https:\/\/portalnpm.com\/index.php\/2019\/01\/07\/picoense-romulo-se-apresenta-no-gremio-e-sonha-em-dar-a-volta-por-cima-na-carreira\/#primaryimage","url":"","contentUrl":""},{"@type":"BreadcrumbList","@id":"https:\/\/portalnpm.com\/index.php\/2019\/01\/07\/picoense-romulo-se-apresenta-no-gremio-e-sonha-em-dar-a-volta-por-cima-na-carreira\/#breadcrumb","itemListElement":[{"@type":"ListItem","position":1,"name":"In\u00edcio","item":"https:\/\/portalnpm.com\/"},{"@type":"ListItem","position":2,"name":"Picoense R\u00f4mulo se apresenta no Gr\u00eamio e sonha em \u2018dar a volta por cima\u2019 na carreira"}]},{"@type":"WebSite","@id":"https:\/\/portalnpm.com\/#website","url":"https:\/\/portalnpm.com\/","name":"Portal NPM","description":"Not\u00edcias em Primeira M\u00e3o","potentialAction":[{"@type":"SearchAction","target":{"@type":"EntryPoint","urlTemplate":"https:\/\/portalnpm.com\/?s={search_term_string}"},"query-input":"required name=search_term_string"}],"inLanguage":"pt-BR"},{"@type":"Person","@id":"https:\/\/portalnpm.com\/#\/schema\/person\/35cb55186eae3f074b6783da6d35591e","name":"Zenilton Lima","image":{"@type":"ImageObject","inLanguage":"pt-BR","@id":"https:\/\/portalnpm.com\/#\/schema\/person\/image\/","url":"https:\/\/portalnpm.com\/wp-content\/uploads\/2024\/12\/avatar_user_8_1733658137-96x96.jpeg","contentUrl":"https:\/\/portalnpm.com\/wp-content\/uploads\/2024\/12\/avatar_user_8_1733658137-96x96.jpeg","caption":"Zenilton Lima"},"url":"https:\/\/portalnpm.com\/index.php\/author\/zenilton\/"}]}},"jetpack_sharing_enabled":true,"jetpack_featured_media_url":"","_links":{"self":[{"href":"https:\/\/portalnpm.com\/index.php\/wp-json\/wp\/v2\/posts\/4627"}],"collection":[{"href":"https:\/\/portalnpm.com\/index.php\/wp-json\/wp\/v2\/posts"}],"about":[{"href":"https:\/\/portalnpm.com\/index.php\/wp-json\/wp\/v2\/types\/post"}],"author":[{"embeddable":true,"href":"https:\/\/portalnpm.com\/index.php\/wp-json\/wp\/v2\/users\/8"}],"replies":[{"embeddable":true,"href":"https:\/\/portalnpm.com\/index.php\/wp-json\/wp\/v2\/comments?post=4627"}],"version-history":[{"count":0,"href":"https:\/\/portalnpm.com\/index.php\/wp-json\/wp\/v2\/posts\/4627\/revisions"}],"wp:featuredmedia":[{"embeddable":true,"href":"https:\/\/portalnpm.com\/index.php\/wp-json\/"}],"wp:attachment":[{"href":"https:\/\/portalnpm.com\/index.php\/wp-json\/wp\/v2\/media?parent=4627"}],"wp:term":[{"taxonomy":"category","embeddable":true,"href":"https:\/\/portalnpm.com\/index.php\/wp-json\/wp\/v2\/categories?post=4627"},{"taxonomy":"post_tag","embeddable":true,"href":"https:\/\/portalnpm.com\/index.php\/wp-json\/wp\/v2\/tags?post=4627"}],"curies":[{"name":"wp","href":"https:\/\/api.w.org\/{rel}","templated":true}]}}