{"id":46347,"date":"2023-05-14T12:40:30","date_gmt":"2023-05-14T15:40:30","guid":{"rendered":"https:\/\/portalnpm.com\/?p=46347"},"modified":"2023-05-14T12:40:30","modified_gmt":"2023-05-14T15:40:30","slug":"vargas-desencanta-atletico-mg-bate-internacional-e-arranca-no-brasileirao","status":"publish","type":"post","link":"https:\/\/portalnpm.com\/index.php\/2023\/05\/14\/vargas-desencanta-atletico-mg-bate-internacional-e-arranca-no-brasileirao\/","title":{"rendered":"Vargas desencanta, Atl\u00e9tico-MG bate Internacional e arranca no Brasileir\u00e3o"},"content":{"rendered":"<div class=\"fsNewsArticle__content\">\n<blockquote>\n<p style=\"text-align: justify;\">O Atl\u00e9tico-MG venceu o Internacional por 2 a 0 neste s\u00e1bado (13), no Mineir\u00e3o, pela 6\u00aa rodada do Brasileir\u00e3o. Os gols sa\u00edram no come\u00e7o do primeiro tempo e nos acr\u00e9scimos do segundo, com Eduardo Vargas e Paulinho. O resultado levou o Galo ao 4\u00ba lugar, com 10 pontos, \u00e0 espera dos jogos de domingo (14).<\/p>\n<\/blockquote>\n<p style=\"text-align: justify;\">\n<p style=\"text-align: justify;\">Ap\u00f3s um per\u00edodo conturbado, o\u00a0<a href=\"https:\/\/www.flashscore.com.br\/equipe\/atletico-mg\/hGLC5Bah\/\">Atl\u00e9tico<\/a>\u00a0chegou a quatro vit\u00f3rias nos \u00faltimos cinco jogos, com dois triunfos consecutivos. A equipe est\u00e1 cinco pontos atr\u00e1s do l\u00edder da S\u00e9rie A,\u00a0<a href=\"https:\/\/www.flashscore.com.br\/equipe\/botafogo\/jXzWoWa5\/\">Botafogo<\/a>, que visita o Goi\u00e1s neste domingo.<\/p>\n<div class=\"adsenvelopeCont\" style=\"text-align: justify;\"><\/div>\n<p style=\"text-align: justify;\">Na dire\u00e7\u00e3o oposta, o\u00a0<a href=\"https:\/\/www.flashscore.com.br\/equipe\/internacional\/tSCiHj0I\/\">Inter<\/a>\u00a0amargou a\u00a0<b>terceira derrota seguida<\/b>\u00a0no\u00a0<a href=\"https:\/\/www.flashscore.com.br\/futebol\/brasil\/serie-a\/\">Brasileir\u00e3o<\/a>, todas por 2 a 0. O Colorado estacionou nos sete pontos e est\u00e1 em\u00a0<b>12\u00ba lugar<\/b>, mas ainda pode perder duas posi\u00e7\u00f5es na sequ\u00eancia da rodada.<\/p>\n<p style=\"text-align: justify;\"><b><a href=\"https:\/\/www.flashscore.com.br\/futebol\/brasil\/serie-a\/classificacao\/#\/WGqehPkI\">Confira a classifica\u00e7\u00e3o atualizada do Brasileir\u00e3o<\/a><\/b><\/p>\n<p style=\"text-align: justify;\">Agora, ambos os times voltam suas aten\u00e7\u00f5es para a ida das oitavas de final da\u00a0<a href=\"https:\/\/www.flashscore.com.br\/futebol\/brasil\/copa-do-brasil\/\">Copa do Brasil<\/a>, na quarta-feira (17), \u00e0s 21h30. O Atl\u00e9tico-MG\u00a0<a href=\"https:\/\/www.flashscore.com.br\/jogo\/M1BzHbT8\/#\/resumo-de-jogo\/\">recebe o Corinthians<\/a>, enquanto o Internacional\u00a0<a href=\"https:\/\/www.flashscore.com.br\/jogo\/MPgN7fje\/#\/resumo-de-jogo\/\">visita o Am\u00e9rica-MG<\/a>. Na pr\u00f3xima rodada do Brasileir\u00e3o, os dois jogam fora de casa: o Galo enfrenta o Coritiba e o Inter faz cl\u00e1ssico com o Gr\u00eamio.<\/p>\n<div class=\"imageContainer\" style=\"text-align: justify;\">\n<div class=\"imageContainer__element\">\n<figure class=\"ui-media ui-media--article ui-media--preview\"><picture class=\"ui-media__placeholder ska__di\"><source srcset=\"https:\/\/livesport-ott-images.ssl.cdn.cra.cz\/r120xfq60\/1f17d0bb-7828-4ea0-8a25-e627c0cf1535.avif 120w, https:\/\/livesport-ott-images.ssl.cdn.cra.cz\/r300xfq60\/1f17d0bb-7828-4ea0-8a25-e627c0cf1535.avif 300w, https:\/\/livesport-ott-images.ssl.cdn.cra.cz\/r600xfq60\/1f17d0bb-7828-4ea0-8a25-e627c0cf1535.avif 600w, https:\/\/livesport-ott-images.ssl.cdn.cra.cz\/r900xfq60\/1f17d0bb-7828-4ea0-8a25-e627c0cf1535.avif 900w, https:\/\/livesport-ott-images.ssl.cdn.cra.cz\/r1200xfq60\/1f17d0bb-7828-4ea0-8a25-e627c0cf1535.avif 1200w\" type=\"image\/avif\" sizes=\"(max-width: 1047px) 100vw, 614px\" \/><source srcset=\"https:\/\/livesport-ott-images.ssl.cdn.cra.cz\/r120xfq60\/1f17d0bb-7828-4ea0-8a25-e627c0cf1535.webp 120w, https:\/\/livesport-ott-images.ssl.cdn.cra.cz\/r300xfq60\/1f17d0bb-7828-4ea0-8a25-e627c0cf1535.webp 300w, https:\/\/livesport-ott-images.ssl.cdn.cra.cz\/r600xfq60\/1f17d0bb-7828-4ea0-8a25-e627c0cf1535.webp 600w, https:\/\/livesport-ott-images.ssl.cdn.cra.cz\/r900xfq60\/1f17d0bb-7828-4ea0-8a25-e627c0cf1535.webp 900w, https:\/\/livesport-ott-images.ssl.cdn.cra.cz\/r1200xfq60\/1f17d0bb-7828-4ea0-8a25-e627c0cf1535.webp 1200w\" type=\"image\/webp\" sizes=\"(max-width: 1047px) 100vw, 614px\" \/><source srcset=\"https:\/\/livesport-ott-images.ssl.cdn.cra.cz\/r120xfq60\/1f17d0bb-7828-4ea0-8a25-e627c0cf1535.jpg 120w, https:\/\/livesport-ott-images.ssl.cdn.cra.cz\/r300xfq60\/1f17d0bb-7828-4ea0-8a25-e627c0cf1535.jpg 300w, https:\/\/livesport-ott-images.ssl.cdn.cra.cz\/r600xfq60\/1f17d0bb-7828-4ea0-8a25-e627c0cf1535.jpg 600w, https:\/\/livesport-ott-images.ssl.cdn.cra.cz\/r900xfq60\/1f17d0bb-7828-4ea0-8a25-e627c0cf1535.jpg 900w, https:\/\/livesport-ott-images.ssl.cdn.cra.cz\/r1200xfq60\/1f17d0bb-7828-4ea0-8a25-e627c0cf1535.jpg 1200w\" type=\"image\/jpeg\" sizes=\"(max-width: 1047px) 100vw, 614px\" \/><img decoding=\"async\" class=\"ui-media__image ui-media__image--loaded\" title=\"As estat\u00edsticas da vit\u00f3ria do Galo no Mineir\u00e3o\" src=\"https:\/\/livesport-ott-images.ssl.cdn.cra.cz\/r900xfq60\/1f17d0bb-7828-4ea0-8a25-e627c0cf1535.jpg\" alt=\"As estat\u00edsticas da vit\u00f3ria do Galo no Mineir\u00e3o\" \/><\/picture><figcaption class=\"ui-media__caption fsNewsArticle__provider\">\n<div class=\"fsNewsArticle__label\">As estat\u00edsticas da vit\u00f3ria do Galo no Mineir\u00e3o<\/div>\n<p>Opta by Stats Perform<\/p>\n<\/figcaption><\/figure>\n<\/div>\n<\/div>\n<h2 style=\"text-align: justify;\">Vargas marca e provoca<\/h2>\n<p style=\"text-align: justify;\">Muito criticado pela torcida do Atl\u00e9tico neste ano,\u00a0<a href=\"https:\/\/www.flashscore.com.br\/jogador\/eduardo-vargas\/zPqz7CNT\/\">Eduardo Vargas<\/a>\u00a0abriu o placar logo aos\u00a0<b>tr\u00eas minutos do primeiro tempo<\/b>, de cabe\u00e7a, ap\u00f3s cruzamento preciso de\u00a0<a href=\"https:\/\/www.flashscore.com.br\/jogador\/cristian-pavon\/0MlBjhee\/\">Pav\u00f3n<\/a>. O atacante voltou a balan\u00e7ar a rede depois de\u00a0<b>11 partidas em branco<\/b>. O \u00faltimo gol havia sido em 4 de mar\u00e7o, contra o Democrata-GV, pelo Campeonato Mineiro.<\/p>\n<p style=\"text-align: justify;\">Na comemora\u00e7\u00e3o, Vargas colocou as m\u00e3os nas orelhas, em resposta \u00e0s contesta\u00e7\u00f5es que vinha recebendo. No intervalo, em entrevista ao Premiere, o chileno disse que n\u00e3o se importa com as cr\u00edticas.<\/p>\n<p style=\"text-align: justify;\">&#8220;Estava precisando muito deste gol. A gente, com um gol, pega muita confian\u00e7a.\u00a0<b>Mas n\u00e3o ligo para o torcedor.<\/b>\u00a0\u00c9 nosso trabalho.\u00a0<b>Eles podem xingar, elogiar, mas eu n\u00e3o ligo.<\/b>\u00a0Sempre estou com a cabe\u00e7a boa e continuo trabalhando&#8221;, disparou.<\/p>\n<div class=\"imageContainer\" style=\"text-align: justify;\">\n<div class=\"imageContainer__element\">\n<figure class=\"ui-media ui-media--article ui-media--preview\"><picture class=\"ui-media__placeholder ska__di\"><source srcset=\"https:\/\/livesport-ott-images.ssl.cdn.cra.cz\/r120xfq60\/87123fa2-07c7-40f1-b834-41dd72380636.avif 120w, https:\/\/livesport-ott-images.ssl.cdn.cra.cz\/r300xfq60\/87123fa2-07c7-40f1-b834-41dd72380636.avif 300w, https:\/\/livesport-ott-images.ssl.cdn.cra.cz\/r600xfq60\/87123fa2-07c7-40f1-b834-41dd72380636.avif 600w, https:\/\/livesport-ott-images.ssl.cdn.cra.cz\/r900xfq60\/87123fa2-07c7-40f1-b834-41dd72380636.avif 900w, https:\/\/livesport-ott-images.ssl.cdn.cra.cz\/r1200xfq60\/87123fa2-07c7-40f1-b834-41dd72380636.avif 1200w\" type=\"image\/avif\" sizes=\"(max-width: 1047px) 100vw, 614px\" \/><source srcset=\"https:\/\/livesport-ott-images.ssl.cdn.cra.cz\/r120xfq60\/87123fa2-07c7-40f1-b834-41dd72380636.webp 120w, https:\/\/livesport-ott-images.ssl.cdn.cra.cz\/r300xfq60\/87123fa2-07c7-40f1-b834-41dd72380636.webp 300w, https:\/\/livesport-ott-images.ssl.cdn.cra.cz\/r600xfq60\/87123fa2-07c7-40f1-b834-41dd72380636.webp 600w, https:\/\/livesport-ott-images.ssl.cdn.cra.cz\/r900xfq60\/87123fa2-07c7-40f1-b834-41dd72380636.webp 900w, https:\/\/livesport-ott-images.ssl.cdn.cra.cz\/r1200xfq60\/87123fa2-07c7-40f1-b834-41dd72380636.webp 1200w\" type=\"image\/webp\" sizes=\"(max-width: 1047px) 100vw, 614px\" \/><source srcset=\"https:\/\/livesport-ott-images.ssl.cdn.cra.cz\/r120xfq60\/87123fa2-07c7-40f1-b834-41dd72380636.jpg 120w, https:\/\/livesport-ott-images.ssl.cdn.cra.cz\/r300xfq60\/87123fa2-07c7-40f1-b834-41dd72380636.jpg 300w, https:\/\/livesport-ott-images.ssl.cdn.cra.cz\/r600xfq60\/87123fa2-07c7-40f1-b834-41dd72380636.jpg 600w, https:\/\/livesport-ott-images.ssl.cdn.cra.cz\/r900xfq60\/87123fa2-07c7-40f1-b834-41dd72380636.jpg 900w, https:\/\/livesport-ott-images.ssl.cdn.cra.cz\/r1200xfq60\/87123fa2-07c7-40f1-b834-41dd72380636.jpg 1200w\" type=\"image\/jpeg\" sizes=\"(max-width: 1047px) 100vw, 614px\" \/><img decoding=\"async\" class=\"ui-media__image ui-media__image--loaded\" title=\"Vargas celebra gol que abriu o placar para o Galo\" src=\"https:\/\/livesport-ott-images.ssl.cdn.cra.cz\/r900xfq60\/87123fa2-07c7-40f1-b834-41dd72380636.jpg\" alt=\"Vargas celebra gol que abriu o placar para o Galo\" \/><\/picture><figcaption class=\"ui-media__caption fsNewsArticle__provider\">\n<div class=\"fsNewsArticle__label\">Vargas celebra gol que abriu o placar para o Galo<\/div>\n<p>Pedro Souza\/Atl\u00e9tico<\/p>\n<\/figcaption><\/figure>\n<\/div>\n<\/div>\n<h2 style=\"text-align: justify;\">Galo perde chances e mata no fim<\/h2>\n<p style=\"text-align: justify;\">O gol no come\u00e7o n\u00e3o tirou o \u00edmpeto do Atl\u00e9tico, que foi\u00a0<b>superior em quase toda a partida<\/b>. Ainda no primeiro tempo,\u00a0<a href=\"https:\/\/www.flashscore.com.br\/jogador\/hyoran\/EsG83w7g\/\">Hyoran<\/a>\u00a0perdeu \u00f3tima chance dentro da \u00e1rea. No segundo, desperdi\u00e7ou outra grande ocasi\u00e3o.\u00a0<a href=\"https:\/\/www.flashscore.com.br\/jogador\/paulinho\/GExeArGJ\/\">Paulinho<\/a>\u00a0foi outro a perder um gol na cara de\u00a0<a href=\"https:\/\/www.flashscore.com.br\/jogador\/keiller\/Cl2gIFug\/\">Keiller<\/a>, mas se redimiu perto do fim. O atacante tabelou com\u00a0<a href=\"https:\/\/www.flashscore.com.br\/jogador\/hulk\/lKBIrwVE\/\">Hulk<\/a>\u00a0\u2014 que entrou no segundo tempo \u2014 e bateu na sa\u00edda do goleiro para fechar o placar.<\/p>\n<p style=\"text-align: justify;\">Sem\u00a0<a href=\"https:\/\/www.flashscore.com.br\/jogador\/alan-patrick\/E5i09mNA\/\">Alan Patrick<\/a>, poupado, o Inter teve dificuldades no setor ofensivo. A equipe at\u00e9 criou suas chances, em um chute de\u00a0<a href=\"https:\/\/www.flashscore.com.br\/jogador\/thauan-lara\/UHLFQz6J\/\">Thauan Lara<\/a>\u00a0e em uma cabe\u00e7ada de\u00a0<a href=\"https:\/\/www.flashscore.com.br\/jogador\/hernandez-nicolas\/n3vlNyz7\/\">Nico Hern\u00e1ndez<\/a>\u00a0na trave, mas n\u00e3o chegou a pressionar pelo empate.<\/p>\n<div class=\"ui-media__embed\" style=\"text-align: justify;\"><iframe title=\"YouTube video player\" src=\"https:\/\/www.youtube.com\/embed\/EfA8UUy4FmU\" width=\"100%\" height=\"100%\" frameborder=\"0\" data-mce-fragment=\"1\"><\/iframe><\/div>\n<h2 style=\"text-align: justify;\">Atua\u00e7\u00f5es<\/h2>\n<p style=\"text-align: justify;\">Autor do segundo gol, Paulinho obteve a\u00a0<b>nota mais alta<\/b>\u00a0(7,8) entre os titulares de Atl\u00e9tico-MG x Internacional \u2014 entenda\u00a0<a href=\"https:\/\/www.flashscore.com.br\/noticias\/flashscore-apresenta-notas-automaticas-para-jogadores-nas-estatisticas-das-partidas\/x2nNo9KE\/\">aqui<\/a>\u00a0o sistema de avalia\u00e7\u00e3o do\u00a0<i><b>Flashscore<\/b><\/i>. O melhor do Inter foi Bustos, com 7,1. Confira abaixo o desempenho de todos os jogadores.<\/p>\n<div class=\"imageContainer\" style=\"text-align: justify;\">\n<div class=\"imageContainer__element\">\n<figure class=\"ui-media ui-media--article ui-media--preview\"><picture class=\"ui-media__placeholder ska__di\"><source srcset=\"https:\/\/livesport-ott-images.ssl.cdn.cra.cz\/r120xfq60\/bf476cfb-0601-4cba-8741-c215ba808b8a.avif 120w, https:\/\/livesport-ott-images.ssl.cdn.cra.cz\/r300xfq60\/bf476cfb-0601-4cba-8741-c215ba808b8a.avif 300w, https:\/\/livesport-ott-images.ssl.cdn.cra.cz\/r600xfq60\/bf476cfb-0601-4cba-8741-c215ba808b8a.avif 600w, https:\/\/livesport-ott-images.ssl.cdn.cra.cz\/r900xfq60\/bf476cfb-0601-4cba-8741-c215ba808b8a.avif 900w, https:\/\/livesport-ott-images.ssl.cdn.cra.cz\/r1200xfq60\/bf476cfb-0601-4cba-8741-c215ba808b8a.avif 1200w\" type=\"image\/avif\" sizes=\"(max-width: 1047px) 100vw, 614px\" \/><source srcset=\"https:\/\/livesport-ott-images.ssl.cdn.cra.cz\/r120xfq60\/bf476cfb-0601-4cba-8741-c215ba808b8a.webp 120w, https:\/\/livesport-ott-images.ssl.cdn.cra.cz\/r300xfq60\/bf476cfb-0601-4cba-8741-c215ba808b8a.webp 300w, https:\/\/livesport-ott-images.ssl.cdn.cra.cz\/r600xfq60\/bf476cfb-0601-4cba-8741-c215ba808b8a.webp 600w, https:\/\/livesport-ott-images.ssl.cdn.cra.cz\/r900xfq60\/bf476cfb-0601-4cba-8741-c215ba808b8a.webp 900w, https:\/\/livesport-ott-images.ssl.cdn.cra.cz\/r1200xfq60\/bf476cfb-0601-4cba-8741-c215ba808b8a.webp 1200w\" type=\"image\/webp\" sizes=\"(max-width: 1047px) 100vw, 614px\" \/><source srcset=\"https:\/\/livesport-ott-images.ssl.cdn.cra.cz\/r120xfq60\/bf476cfb-0601-4cba-8741-c215ba808b8a.jpg 120w, https:\/\/livesport-ott-images.ssl.cdn.cra.cz\/r300xfq60\/bf476cfb-0601-4cba-8741-c215ba808b8a.jpg 300w, https:\/\/livesport-ott-images.ssl.cdn.cra.cz\/r600xfq60\/bf476cfb-0601-4cba-8741-c215ba808b8a.jpg 600w, https:\/\/livesport-ott-images.ssl.cdn.cra.cz\/r900xfq60\/bf476cfb-0601-4cba-8741-c215ba808b8a.jpg 900w, https:\/\/livesport-ott-images.ssl.cdn.cra.cz\/r1200xfq60\/bf476cfb-0601-4cba-8741-c215ba808b8a.jpg 1200w\" type=\"image\/jpeg\" sizes=\"(max-width: 1047px) 100vw, 614px\" \/><img decoding=\"async\" class=\"ui-media__image ui-media__image--loaded\" title=\"As notas dos jogadores em Galo x Inter\" src=\"https:\/\/livesport-ott-images.ssl.cdn.cra.cz\/r900xfq60\/bf476cfb-0601-4cba-8741-c215ba808b8a.jpg\" alt=\"As notas dos jogadores em Galo x Inter\" \/><\/picture><figcaption class=\"ui-media__caption fsNewsArticle__provider\">\n<div class=\"fsNewsArticle__label\">As notas dos jogadores em Galo x Inter<\/div>\n<p>&nbsp;<\/p>\n<p>Fonte: Flashscore<\/p>\n<\/figcaption><\/figure>\n<\/div>\n<\/div>\n<\/div>\n<div class=\"fsNewsArticle__mentions\">\n<div class=\"fsNewsArticle__mentionTitle\" style=\"text-align: justify;\"><\/div>\n<\/div>\n","protected":false},"excerpt":{"rendered":"<p>O Atl\u00e9tico-MG venceu o Internacional por 2 a 0 neste s\u00e1bado (13), no Mineir\u00e3o, pela 6\u00aa rodada do Brasileir\u00e3o. Os gols sa\u00edram no come\u00e7o do primeiro tempo e nos acr\u00e9scimos do segundo, com Eduardo Vargas e Paulinho. O resultado levou o Galo ao 4\u00ba lugar, com 10 pontos, \u00e0 espera dos jogos de domingo (14). &hellip;<\/p>\n","protected":false},"author":2,"featured_media":46349,"comment_status":"open","ping_status":"open","sticky":false,"template":"","format":"standard","meta":{"content-type":"","rop_custom_images_group":[],"rop_custom_messages_group":[],"rop_publish_now":"initial","rop_publish_now_accounts":{"facebook_2648258775420054_1618374048415101":""},"rop_publish_now_history":[],"rop_publish_now_status":"pending","footnotes":"","_jetpack_memberships_contains_paid_content":false},"categories":[108,125],"tags":[11658,140],"yoast_head":"<!-- This site is optimized with the Yoast SEO plugin v22.3 - https:\/\/yoast.com\/wordpress\/plugins\/seo\/ -->\n<title>Vargas desencanta, Atl\u00e9tico-MG bate Internacional e arranca no Brasileir\u00e3o - Portal NPM<\/title>\n<meta name=\"robots\" content=\"index, follow, max-snippet:-1, max-image-preview:large, max-video-preview:-1\" \/>\n<link rel=\"canonical\" href=\"https:\/\/portalnpm.com\/index.php\/2023\/05\/14\/vargas-desencanta-atletico-mg-bate-internacional-e-arranca-no-brasileirao\/\" \/>\n<meta property=\"og:locale\" content=\"pt_BR\" \/>\n<meta property=\"og:type\" content=\"article\" \/>\n<meta property=\"og:title\" content=\"Vargas desencanta, Atl\u00e9tico-MG bate Internacional e arranca no Brasileir\u00e3o - Portal NPM\" \/>\n<meta property=\"og:description\" content=\"O Atl\u00e9tico-MG venceu o Internacional por 2 a 0 neste s\u00e1bado (13), no Mineir\u00e3o, pela 6\u00aa rodada do Brasileir\u00e3o. Os gols sa\u00edram no come\u00e7o do primeiro tempo e nos acr\u00e9scimos do segundo, com Eduardo Vargas e Paulinho. O resultado levou o Galo ao 4\u00ba lugar, com 10 pontos, \u00e0 espera dos jogos de domingo (14). &hellip;\" \/>\n<meta property=\"og:url\" content=\"https:\/\/portalnpm.com\/index.php\/2023\/05\/14\/vargas-desencanta-atletico-mg-bate-internacional-e-arranca-no-brasileirao\/\" \/>\n<meta property=\"og:site_name\" content=\"Portal NPM\" \/>\n<meta property=\"article:published_time\" content=\"2023-05-14T15:40:30+00:00\" \/>\n<meta name=\"author\" content=\"Genival Barbosa\" \/>\n<meta name=\"twitter:card\" content=\"summary_large_image\" \/>\n<meta name=\"twitter:label1\" content=\"Escrito por\" \/>\n\t<meta name=\"twitter:data1\" content=\"Genival Barbosa\" \/>\n\t<meta name=\"twitter:label2\" content=\"Est. tempo de leitura\" \/>\n\t<meta name=\"twitter:data2\" content=\"3 minutos\" \/>\n<script type=\"application\/ld+json\" class=\"yoast-schema-graph\">{\"@context\":\"https:\/\/schema.org\",\"@graph\":[{\"@type\":\"WebPage\",\"@id\":\"https:\/\/portalnpm.com\/index.php\/2023\/05\/14\/vargas-desencanta-atletico-mg-bate-internacional-e-arranca-no-brasileirao\/\",\"url\":\"https:\/\/portalnpm.com\/index.php\/2023\/05\/14\/vargas-desencanta-atletico-mg-bate-internacional-e-arranca-no-brasileirao\/\",\"name\":\"Vargas desencanta, Atl\u00e9tico-MG bate Internacional e arranca no Brasileir\u00e3o - Portal NPM\",\"isPartOf\":{\"@id\":\"https:\/\/portalnpm.com\/#website\"},\"primaryImageOfPage\":{\"@id\":\"https:\/\/portalnpm.com\/index.php\/2023\/05\/14\/vargas-desencanta-atletico-mg-bate-internacional-e-arranca-no-brasileirao\/#primaryimage\"},\"image\":{\"@id\":\"https:\/\/portalnpm.com\/index.php\/2023\/05\/14\/vargas-desencanta-atletico-mg-bate-internacional-e-arranca-no-brasileirao\/#primaryimage\"},\"thumbnailUrl\":\"\",\"datePublished\":\"2023-05-14T15:40:30+00:00\",\"dateModified\":\"2023-05-14T15:40:30+00:00\",\"author\":{\"@id\":\"https:\/\/portalnpm.com\/#\/schema\/person\/49313e563cfdefcc167f1ee4c017c294\"},\"breadcrumb\":{\"@id\":\"https:\/\/portalnpm.com\/index.php\/2023\/05\/14\/vargas-desencanta-atletico-mg-bate-internacional-e-arranca-no-brasileirao\/#breadcrumb\"},\"inLanguage\":\"pt-BR\",\"potentialAction\":[{\"@type\":\"ReadAction\",\"target\":[\"https:\/\/portalnpm.com\/index.php\/2023\/05\/14\/vargas-desencanta-atletico-mg-bate-internacional-e-arranca-no-brasileirao\/\"]}]},{\"@type\":\"ImageObject\",\"inLanguage\":\"pt-BR\",\"@id\":\"https:\/\/portalnpm.com\/index.php\/2023\/05\/14\/vargas-desencanta-atletico-mg-bate-internacional-e-arranca-no-brasileirao\/#primaryimage\",\"url\":\"\",\"contentUrl\":\"\"},{\"@type\":\"BreadcrumbList\",\"@id\":\"https:\/\/portalnpm.com\/index.php\/2023\/05\/14\/vargas-desencanta-atletico-mg-bate-internacional-e-arranca-no-brasileirao\/#breadcrumb\",\"itemListElement\":[{\"@type\":\"ListItem\",\"position\":1,\"name\":\"In\u00edcio\",\"item\":\"https:\/\/portalnpm.com\/\"},{\"@type\":\"ListItem\",\"position\":2,\"name\":\"Vargas desencanta, Atl\u00e9tico-MG bate Internacional e arranca no Brasileir\u00e3o\"}]},{\"@type\":\"WebSite\",\"@id\":\"https:\/\/portalnpm.com\/#website\",\"url\":\"https:\/\/portalnpm.com\/\",\"name\":\"Portal NPM\",\"description\":\"Not\u00edcias em Primeira M\u00e3o\",\"potentialAction\":[{\"@type\":\"SearchAction\",\"target\":{\"@type\":\"EntryPoint\",\"urlTemplate\":\"https:\/\/portalnpm.com\/?s={search_term_string}\"},\"query-input\":\"required name=search_term_string\"}],\"inLanguage\":\"pt-BR\"},{\"@type\":\"Person\",\"@id\":\"https:\/\/portalnpm.com\/#\/schema\/person\/49313e563cfdefcc167f1ee4c017c294\",\"name\":\"Genival Barbosa\",\"image\":{\"@type\":\"ImageObject\",\"inLanguage\":\"pt-BR\",\"@id\":\"https:\/\/portalnpm.com\/#\/schema\/person\/image\/\",\"url\":\"https:\/\/portalnpm.com\/wp-content\/uploads\/2024\/02\/avatar_user_2_1707743258-96x96.jpeg\",\"contentUrl\":\"https:\/\/portalnpm.com\/wp-content\/uploads\/2024\/02\/avatar_user_2_1707743258-96x96.jpeg\",\"caption\":\"Genival Barbosa\"},\"url\":\"https:\/\/portalnpm.com\/index.php\/author\/genival\/\"}]}<\/script>\n<!-- \/ Yoast SEO plugin. -->","yoast_head_json":{"title":"Vargas desencanta, Atl\u00e9tico-MG bate Internacional e arranca no Brasileir\u00e3o - Portal NPM","robots":{"index":"index","follow":"follow","max-snippet":"max-snippet:-1","max-image-preview":"max-image-preview:large","max-video-preview":"max-video-preview:-1"},"canonical":"https:\/\/portalnpm.com\/index.php\/2023\/05\/14\/vargas-desencanta-atletico-mg-bate-internacional-e-arranca-no-brasileirao\/","og_locale":"pt_BR","og_type":"article","og_title":"Vargas desencanta, Atl\u00e9tico-MG bate Internacional e arranca no Brasileir\u00e3o - Portal NPM","og_description":"O Atl\u00e9tico-MG venceu o Internacional por 2 a 0 neste s\u00e1bado (13), no Mineir\u00e3o, pela 6\u00aa rodada do Brasileir\u00e3o. Os gols sa\u00edram no come\u00e7o do primeiro tempo e nos acr\u00e9scimos do segundo, com Eduardo Vargas e Paulinho. O resultado levou o Galo ao 4\u00ba lugar, com 10 pontos, \u00e0 espera dos jogos de domingo (14). &hellip;","og_url":"https:\/\/portalnpm.com\/index.php\/2023\/05\/14\/vargas-desencanta-atletico-mg-bate-internacional-e-arranca-no-brasileirao\/","og_site_name":"Portal NPM","article_published_time":"2023-05-14T15:40:30+00:00","author":"Genival Barbosa","twitter_card":"summary_large_image","twitter_misc":{"Escrito por":"Genival Barbosa","Est. tempo de leitura":"3 minutos"},"schema":{"@context":"https:\/\/schema.org","@graph":[{"@type":"WebPage","@id":"https:\/\/portalnpm.com\/index.php\/2023\/05\/14\/vargas-desencanta-atletico-mg-bate-internacional-e-arranca-no-brasileirao\/","url":"https:\/\/portalnpm.com\/index.php\/2023\/05\/14\/vargas-desencanta-atletico-mg-bate-internacional-e-arranca-no-brasileirao\/","name":"Vargas desencanta, Atl\u00e9tico-MG bate Internacional e arranca no Brasileir\u00e3o - Portal NPM","isPartOf":{"@id":"https:\/\/portalnpm.com\/#website"},"primaryImageOfPage":{"@id":"https:\/\/portalnpm.com\/index.php\/2023\/05\/14\/vargas-desencanta-atletico-mg-bate-internacional-e-arranca-no-brasileirao\/#primaryimage"},"image":{"@id":"https:\/\/portalnpm.com\/index.php\/2023\/05\/14\/vargas-desencanta-atletico-mg-bate-internacional-e-arranca-no-brasileirao\/#primaryimage"},"thumbnailUrl":"","datePublished":"2023-05-14T15:40:30+00:00","dateModified":"2023-05-14T15:40:30+00:00","author":{"@id":"https:\/\/portalnpm.com\/#\/schema\/person\/49313e563cfdefcc167f1ee4c017c294"},"breadcrumb":{"@id":"https:\/\/portalnpm.com\/index.php\/2023\/05\/14\/vargas-desencanta-atletico-mg-bate-internacional-e-arranca-no-brasileirao\/#breadcrumb"},"inLanguage":"pt-BR","potentialAction":[{"@type":"ReadAction","target":["https:\/\/portalnpm.com\/index.php\/2023\/05\/14\/vargas-desencanta-atletico-mg-bate-internacional-e-arranca-no-brasileirao\/"]}]},{"@type":"ImageObject","inLanguage":"pt-BR","@id":"https:\/\/portalnpm.com\/index.php\/2023\/05\/14\/vargas-desencanta-atletico-mg-bate-internacional-e-arranca-no-brasileirao\/#primaryimage","url":"","contentUrl":""},{"@type":"BreadcrumbList","@id":"https:\/\/portalnpm.com\/index.php\/2023\/05\/14\/vargas-desencanta-atletico-mg-bate-internacional-e-arranca-no-brasileirao\/#breadcrumb","itemListElement":[{"@type":"ListItem","position":1,"name":"In\u00edcio","item":"https:\/\/portalnpm.com\/"},{"@type":"ListItem","position":2,"name":"Vargas desencanta, Atl\u00e9tico-MG bate Internacional e arranca no Brasileir\u00e3o"}]},{"@type":"WebSite","@id":"https:\/\/portalnpm.com\/#website","url":"https:\/\/portalnpm.com\/","name":"Portal NPM","description":"Not\u00edcias em Primeira M\u00e3o","potentialAction":[{"@type":"SearchAction","target":{"@type":"EntryPoint","urlTemplate":"https:\/\/portalnpm.com\/?s={search_term_string}"},"query-input":"required name=search_term_string"}],"inLanguage":"pt-BR"},{"@type":"Person","@id":"https:\/\/portalnpm.com\/#\/schema\/person\/49313e563cfdefcc167f1ee4c017c294","name":"Genival Barbosa","image":{"@type":"ImageObject","inLanguage":"pt-BR","@id":"https:\/\/portalnpm.com\/#\/schema\/person\/image\/","url":"https:\/\/portalnpm.com\/wp-content\/uploads\/2024\/02\/avatar_user_2_1707743258-96x96.jpeg","contentUrl":"https:\/\/portalnpm.com\/wp-content\/uploads\/2024\/02\/avatar_user_2_1707743258-96x96.jpeg","caption":"Genival Barbosa"},"url":"https:\/\/portalnpm.com\/index.php\/author\/genival\/"}]}},"jetpack_sharing_enabled":true,"jetpack_featured_media_url":"","_links":{"self":[{"href":"https:\/\/portalnpm.com\/index.php\/wp-json\/wp\/v2\/posts\/46347"}],"collection":[{"href":"https:\/\/portalnpm.com\/index.php\/wp-json\/wp\/v2\/posts"}],"about":[{"href":"https:\/\/portalnpm.com\/index.php\/wp-json\/wp\/v2\/types\/post"}],"author":[{"embeddable":true,"href":"https:\/\/portalnpm.com\/index.php\/wp-json\/wp\/v2\/users\/2"}],"replies":[{"embeddable":true,"href":"https:\/\/portalnpm.com\/index.php\/wp-json\/wp\/v2\/comments?post=46347"}],"version-history":[{"count":0,"href":"https:\/\/portalnpm.com\/index.php\/wp-json\/wp\/v2\/posts\/46347\/revisions"}],"wp:featuredmedia":[{"embeddable":true,"href":"https:\/\/portalnpm.com\/index.php\/wp-json\/"}],"wp:attachment":[{"href":"https:\/\/portalnpm.com\/index.php\/wp-json\/wp\/v2\/media?parent=46347"}],"wp:term":[{"taxonomy":"category","embeddable":true,"href":"https:\/\/portalnpm.com\/index.php\/wp-json\/wp\/v2\/categories?post=46347"},{"taxonomy":"post_tag","embeddable":true,"href":"https:\/\/portalnpm.com\/index.php\/wp-json\/wp\/v2\/tags?post=46347"}],"curies":[{"name":"wp","href":"https:\/\/api.w.org\/{rel}","templated":true}]}}