{"id":4636,"date":"2019-01-08T11:37:11","date_gmt":"2019-01-08T13:37:11","guid":{"rendered":"http:\/\/srv.portalnpm.com.br\/?p=4636"},"modified":"2019-01-08T11:37:11","modified_gmt":"2019-01-08T13:37:11","slug":"noticias-do-trecho-techint-se-prepara-para-contratar-25-mil-trabalhadores-em-grande-obra-de-montagem","status":"publish","type":"post","link":"https:\/\/portalnpm.com\/index.php\/2019\/01\/08\/noticias-do-trecho-techint-se-prepara-para-contratar-25-mil-trabalhadores-em-grande-obra-de-montagem\/","title":{"rendered":"Not\u00edcias do Trecho: Techint se prepara para contratar 2,5 mil trabalhadores em grande obra de montagem"},"content":{"rendered":"<p style=\"text-align: justify;\">Na tarde desta segunda-feira, 7, a empresa multinacional Techint Brasil, surpreendeu ao anunciar o fechamento de um contrato para o ano de 2019, com a possibilidade de abertura de 2,5 mil vagas para trabalhadores das mais variadas fun\u00e7\u00f5es.<\/p>\n<p style=\"text-align: justify;\">A informa\u00e7\u00e3o, veiculada pela pr\u00f3pria empresa, destaca a demanda de um grande projeto de montagem eletromec\u00e2nica e comissionamento da segunda fase do Complexo Mineroindustrial Serra do Salitre (CMISS), em Minas Gerais.<\/p>\n<p style=\"text-align: justify;\">O empreendimento est\u00e1 localizado na rodovia MG-290, entre os munic\u00edpios de Patroc\u00ednio e Serra do Salitre, MG. De acordo com a assessoria de comunica\u00e7\u00e3o da Techint, no pico da obra, o projeto dever\u00e1 contratar cerca de 2.500 profissionais.<\/p>\n<figure id=\"attachment_4637\" aria-describedby=\"caption-attachment-4637\" style=\"width: 300px\" class=\"wp-caption alignnone\"><img fetchpriority=\"high\" decoding=\"async\" class=\"size-medium wp-image-4637\" src=\"http:\/\/portalnpm.com.br\/wp-content\/uploads\/2019\/01\/maxresdefault-1024x576-300x169.jpg\" alt=\"\" width=\"300\" height=\"169\" \/><figcaption id=\"caption-attachment-4637\" class=\"wp-caption-text\">Empreendimento est\u00e1 localizado entre os munic\u00edpios de Patroc\u00ednio e Serra do Salitre, MG \u2013 Foto: Reprodu\u00e7\u00e3o<\/figcaption><\/figure>\n<p style=\"text-align: justify;\"><strong>As contrata\u00e7\u00f5es\u00a0<\/strong><ins class=\"adsbygoogle\" data-ad-client=\"ca-pub-6957029778441101\" data-ad-slot=\"1357842936\" data-adsbygoogle-status=\"done\"><ins id=\"aswift_5_expand\"><ins id=\"aswift_5_anchor\"><\/ins><\/ins><\/ins><\/p>\n<p style=\"text-align: justify;\">As contrata\u00e7\u00f5es ocorreram conforme a demanda por fase de planejamento e aplica\u00e7\u00e3o das obras. A reportagem do site O Petr\u00f3leo obteve a informa\u00e7\u00e3o de que os trabalhadores como soldador, encanador caldeireiro, montadores, mec\u00e2nicos, eletricistas, t\u00e9cnicos, ajudantes, inspetores , encarregados, supervisores e planejadores, almoxarife, auxiliares, al\u00e9m do pessoal do setor administrativo, ser\u00e3o convocados em car\u00e1ter priorit\u00e1rio.<\/p>\n<p style=\"text-align: justify;\">Por\u00e9m, nas segunda etapa, haver\u00e1 outras dezenas de contrata\u00e7\u00f5es para fun\u00e7\u00f5es variadas, t\u00e9cnicas e especializadas, de acordo com o processo e o desenvolvimento das obra de montagem.<\/p>\n<p style=\"text-align: justify;\"><strong>Candidatura<\/strong><\/p>\n<p style=\"text-align: justify;\">Quando indagada sobre a melhor maneira de se candidatar para uma das centenas de vagas de emprego que ser\u00e3o abertas, a Techint afirmou que os interessados devem encaminhar o curr\u00edculo atualizado, informando o nome da fun\u00e7\u00e3o, para o e-mail\u00a0recrutatebra@techint.com.br<\/p>\n<p style=\"text-align: justify;\">A empresa deixou claro que estar\u00e1 avaliando os curr\u00edculos, mas n\u00e3o pontuou quanto ao in\u00edcio das contrata\u00e7\u00f5es, ou seja, das primeiras entrevistas e sele\u00e7\u00f5es. No entanto, nos bastidores h\u00e1 informa\u00e7\u00f5es de que a sele\u00e7\u00e3o acontecer\u00e1 ainda no m\u00eas de janeiro.<\/p>\n<p style=\"text-align: justify;\"><strong>Fonte: O Petr\u00f3leo<\/strong><\/p>\n","protected":false},"excerpt":{"rendered":"<p>Na tarde desta segunda-feira, 7, a empresa multinacional Techint Brasil, surpreendeu ao anunciar o fechamento de um contrato para o ano de 2019, com a possibilidade de abertura de 2,5 mil vagas para trabalhadores das mais variadas fun\u00e7\u00f5es. A informa\u00e7\u00e3o, veiculada pela pr\u00f3pria empresa, destaca a demanda de um grande projeto de montagem eletromec\u00e2nica e &hellip;<\/p>\n","protected":false},"author":8,"featured_media":4638,"comment_status":"open","ping_status":"open","sticky":false,"template":"","format":"standard","meta":{"content-type":"","rop_custom_images_group":[],"rop_custom_messages_group":[],"rop_publish_now":"initial","rop_publish_now_accounts":{"facebook_2648258775420054_1618374048415101":""},"rop_publish_now_history":[],"rop_publish_now_status":"pending","footnotes":"","_jetpack_memberships_contains_paid_content":false},"categories":[113,125],"tags":[599,149],"yoast_head":"<!-- This site is optimized with the Yoast SEO plugin v22.3 - https:\/\/yoast.com\/wordpress\/plugins\/seo\/ -->\n<title>Not\u00edcias do Trecho: Techint se prepara para contratar 2,5 mil trabalhadores em grande obra de montagem - Portal NPM<\/title>\n<meta name=\"robots\" content=\"index, follow, max-snippet:-1, max-image-preview:large, max-video-preview:-1\" \/>\n<link rel=\"canonical\" href=\"https:\/\/portalnpm.com\/index.php\/2019\/01\/08\/noticias-do-trecho-techint-se-prepara-para-contratar-25-mil-trabalhadores-em-grande-obra-de-montagem\/\" \/>\n<meta property=\"og:locale\" content=\"pt_BR\" \/>\n<meta property=\"og:type\" content=\"article\" \/>\n<meta property=\"og:title\" content=\"Not\u00edcias do Trecho: Techint se prepara para contratar 2,5 mil trabalhadores em grande obra de montagem - Portal NPM\" \/>\n<meta property=\"og:description\" content=\"Na tarde desta segunda-feira, 7, a empresa multinacional Techint Brasil, surpreendeu ao anunciar o fechamento de um contrato para o ano de 2019, com a possibilidade de abertura de 2,5 mil vagas para trabalhadores das mais variadas fun\u00e7\u00f5es. A informa\u00e7\u00e3o, veiculada pela pr\u00f3pria empresa, destaca a demanda de um grande projeto de montagem eletromec\u00e2nica e &hellip;\" \/>\n<meta property=\"og:url\" content=\"https:\/\/portalnpm.com\/index.php\/2019\/01\/08\/noticias-do-trecho-techint-se-prepara-para-contratar-25-mil-trabalhadores-em-grande-obra-de-montagem\/\" \/>\n<meta property=\"og:site_name\" content=\"Portal NPM\" \/>\n<meta property=\"article:published_time\" content=\"2019-01-08T13:37:11+00:00\" \/>\n<meta name=\"author\" content=\"Zenilton Lima\" \/>\n<meta name=\"twitter:card\" content=\"summary_large_image\" \/>\n<meta name=\"twitter:label1\" content=\"Escrito por\" \/>\n\t<meta name=\"twitter:data1\" content=\"Zenilton Lima\" \/>\n\t<meta name=\"twitter:label2\" content=\"Est. tempo de leitura\" \/>\n\t<meta name=\"twitter:data2\" content=\"2 minutos\" \/>\n<script type=\"application\/ld+json\" class=\"yoast-schema-graph\">{\"@context\":\"https:\/\/schema.org\",\"@graph\":[{\"@type\":\"WebPage\",\"@id\":\"https:\/\/portalnpm.com\/index.php\/2019\/01\/08\/noticias-do-trecho-techint-se-prepara-para-contratar-25-mil-trabalhadores-em-grande-obra-de-montagem\/\",\"url\":\"https:\/\/portalnpm.com\/index.php\/2019\/01\/08\/noticias-do-trecho-techint-se-prepara-para-contratar-25-mil-trabalhadores-em-grande-obra-de-montagem\/\",\"name\":\"Not\u00edcias do Trecho: Techint se prepara para contratar 2,5 mil trabalhadores em grande obra de montagem - Portal NPM\",\"isPartOf\":{\"@id\":\"https:\/\/portalnpm.com\/#website\"},\"primaryImageOfPage\":{\"@id\":\"https:\/\/portalnpm.com\/index.php\/2019\/01\/08\/noticias-do-trecho-techint-se-prepara-para-contratar-25-mil-trabalhadores-em-grande-obra-de-montagem\/#primaryimage\"},\"image\":{\"@id\":\"https:\/\/portalnpm.com\/index.php\/2019\/01\/08\/noticias-do-trecho-techint-se-prepara-para-contratar-25-mil-trabalhadores-em-grande-obra-de-montagem\/#primaryimage\"},\"thumbnailUrl\":\"\",\"datePublished\":\"2019-01-08T13:37:11+00:00\",\"dateModified\":\"2019-01-08T13:37:11+00:00\",\"author\":{\"@id\":\"https:\/\/portalnpm.com\/#\/schema\/person\/35cb55186eae3f074b6783da6d35591e\"},\"breadcrumb\":{\"@id\":\"https:\/\/portalnpm.com\/index.php\/2019\/01\/08\/noticias-do-trecho-techint-se-prepara-para-contratar-25-mil-trabalhadores-em-grande-obra-de-montagem\/#breadcrumb\"},\"inLanguage\":\"pt-BR\",\"potentialAction\":[{\"@type\":\"ReadAction\",\"target\":[\"https:\/\/portalnpm.com\/index.php\/2019\/01\/08\/noticias-do-trecho-techint-se-prepara-para-contratar-25-mil-trabalhadores-em-grande-obra-de-montagem\/\"]}]},{\"@type\":\"ImageObject\",\"inLanguage\":\"pt-BR\",\"@id\":\"https:\/\/portalnpm.com\/index.php\/2019\/01\/08\/noticias-do-trecho-techint-se-prepara-para-contratar-25-mil-trabalhadores-em-grande-obra-de-montagem\/#primaryimage\",\"url\":\"\",\"contentUrl\":\"\"},{\"@type\":\"BreadcrumbList\",\"@id\":\"https:\/\/portalnpm.com\/index.php\/2019\/01\/08\/noticias-do-trecho-techint-se-prepara-para-contratar-25-mil-trabalhadores-em-grande-obra-de-montagem\/#breadcrumb\",\"itemListElement\":[{\"@type\":\"ListItem\",\"position\":1,\"name\":\"In\u00edcio\",\"item\":\"https:\/\/portalnpm.com\/\"},{\"@type\":\"ListItem\",\"position\":2,\"name\":\"Not\u00edcias do Trecho: Techint se prepara para contratar 2,5 mil trabalhadores em grande obra de montagem\"}]},{\"@type\":\"WebSite\",\"@id\":\"https:\/\/portalnpm.com\/#website\",\"url\":\"https:\/\/portalnpm.com\/\",\"name\":\"Portal NPM\",\"description\":\"Not\u00edcias em Primeira M\u00e3o\",\"potentialAction\":[{\"@type\":\"SearchAction\",\"target\":{\"@type\":\"EntryPoint\",\"urlTemplate\":\"https:\/\/portalnpm.com\/?s={search_term_string}\"},\"query-input\":\"required name=search_term_string\"}],\"inLanguage\":\"pt-BR\"},{\"@type\":\"Person\",\"@id\":\"https:\/\/portalnpm.com\/#\/schema\/person\/35cb55186eae3f074b6783da6d35591e\",\"name\":\"Zenilton Lima\",\"image\":{\"@type\":\"ImageObject\",\"inLanguage\":\"pt-BR\",\"@id\":\"https:\/\/portalnpm.com\/#\/schema\/person\/image\/\",\"url\":\"https:\/\/portalnpm.com\/wp-content\/uploads\/2024\/12\/avatar_user_8_1733658137-96x96.jpeg\",\"contentUrl\":\"https:\/\/portalnpm.com\/wp-content\/uploads\/2024\/12\/avatar_user_8_1733658137-96x96.jpeg\",\"caption\":\"Zenilton Lima\"},\"url\":\"https:\/\/portalnpm.com\/index.php\/author\/zenilton\/\"}]}<\/script>\n<!-- \/ Yoast SEO plugin. -->","yoast_head_json":{"title":"Not\u00edcias do Trecho: Techint se prepara para contratar 2,5 mil trabalhadores em grande obra de montagem - Portal NPM","robots":{"index":"index","follow":"follow","max-snippet":"max-snippet:-1","max-image-preview":"max-image-preview:large","max-video-preview":"max-video-preview:-1"},"canonical":"https:\/\/portalnpm.com\/index.php\/2019\/01\/08\/noticias-do-trecho-techint-se-prepara-para-contratar-25-mil-trabalhadores-em-grande-obra-de-montagem\/","og_locale":"pt_BR","og_type":"article","og_title":"Not\u00edcias do Trecho: Techint se prepara para contratar 2,5 mil trabalhadores em grande obra de montagem - Portal NPM","og_description":"Na tarde desta segunda-feira, 7, a empresa multinacional Techint Brasil, surpreendeu ao anunciar o fechamento de um contrato para o ano de 2019, com a possibilidade de abertura de 2,5 mil vagas para trabalhadores das mais variadas fun\u00e7\u00f5es. A informa\u00e7\u00e3o, veiculada pela pr\u00f3pria empresa, destaca a demanda de um grande projeto de montagem eletromec\u00e2nica e &hellip;","og_url":"https:\/\/portalnpm.com\/index.php\/2019\/01\/08\/noticias-do-trecho-techint-se-prepara-para-contratar-25-mil-trabalhadores-em-grande-obra-de-montagem\/","og_site_name":"Portal NPM","article_published_time":"2019-01-08T13:37:11+00:00","author":"Zenilton Lima","twitter_card":"summary_large_image","twitter_misc":{"Escrito por":"Zenilton Lima","Est. tempo de leitura":"2 minutos"},"schema":{"@context":"https:\/\/schema.org","@graph":[{"@type":"WebPage","@id":"https:\/\/portalnpm.com\/index.php\/2019\/01\/08\/noticias-do-trecho-techint-se-prepara-para-contratar-25-mil-trabalhadores-em-grande-obra-de-montagem\/","url":"https:\/\/portalnpm.com\/index.php\/2019\/01\/08\/noticias-do-trecho-techint-se-prepara-para-contratar-25-mil-trabalhadores-em-grande-obra-de-montagem\/","name":"Not\u00edcias do Trecho: Techint se prepara para contratar 2,5 mil trabalhadores em grande obra de montagem - Portal NPM","isPartOf":{"@id":"https:\/\/portalnpm.com\/#website"},"primaryImageOfPage":{"@id":"https:\/\/portalnpm.com\/index.php\/2019\/01\/08\/noticias-do-trecho-techint-se-prepara-para-contratar-25-mil-trabalhadores-em-grande-obra-de-montagem\/#primaryimage"},"image":{"@id":"https:\/\/portalnpm.com\/index.php\/2019\/01\/08\/noticias-do-trecho-techint-se-prepara-para-contratar-25-mil-trabalhadores-em-grande-obra-de-montagem\/#primaryimage"},"thumbnailUrl":"","datePublished":"2019-01-08T13:37:11+00:00","dateModified":"2019-01-08T13:37:11+00:00","author":{"@id":"https:\/\/portalnpm.com\/#\/schema\/person\/35cb55186eae3f074b6783da6d35591e"},"breadcrumb":{"@id":"https:\/\/portalnpm.com\/index.php\/2019\/01\/08\/noticias-do-trecho-techint-se-prepara-para-contratar-25-mil-trabalhadores-em-grande-obra-de-montagem\/#breadcrumb"},"inLanguage":"pt-BR","potentialAction":[{"@type":"ReadAction","target":["https:\/\/portalnpm.com\/index.php\/2019\/01\/08\/noticias-do-trecho-techint-se-prepara-para-contratar-25-mil-trabalhadores-em-grande-obra-de-montagem\/"]}]},{"@type":"ImageObject","inLanguage":"pt-BR","@id":"https:\/\/portalnpm.com\/index.php\/2019\/01\/08\/noticias-do-trecho-techint-se-prepara-para-contratar-25-mil-trabalhadores-em-grande-obra-de-montagem\/#primaryimage","url":"","contentUrl":""},{"@type":"BreadcrumbList","@id":"https:\/\/portalnpm.com\/index.php\/2019\/01\/08\/noticias-do-trecho-techint-se-prepara-para-contratar-25-mil-trabalhadores-em-grande-obra-de-montagem\/#breadcrumb","itemListElement":[{"@type":"ListItem","position":1,"name":"In\u00edcio","item":"https:\/\/portalnpm.com\/"},{"@type":"ListItem","position":2,"name":"Not\u00edcias do Trecho: Techint se prepara para contratar 2,5 mil trabalhadores em grande obra de montagem"}]},{"@type":"WebSite","@id":"https:\/\/portalnpm.com\/#website","url":"https:\/\/portalnpm.com\/","name":"Portal NPM","description":"Not\u00edcias em Primeira M\u00e3o","potentialAction":[{"@type":"SearchAction","target":{"@type":"EntryPoint","urlTemplate":"https:\/\/portalnpm.com\/?s={search_term_string}"},"query-input":"required name=search_term_string"}],"inLanguage":"pt-BR"},{"@type":"Person","@id":"https:\/\/portalnpm.com\/#\/schema\/person\/35cb55186eae3f074b6783da6d35591e","name":"Zenilton Lima","image":{"@type":"ImageObject","inLanguage":"pt-BR","@id":"https:\/\/portalnpm.com\/#\/schema\/person\/image\/","url":"https:\/\/portalnpm.com\/wp-content\/uploads\/2024\/12\/avatar_user_8_1733658137-96x96.jpeg","contentUrl":"https:\/\/portalnpm.com\/wp-content\/uploads\/2024\/12\/avatar_user_8_1733658137-96x96.jpeg","caption":"Zenilton Lima"},"url":"https:\/\/portalnpm.com\/index.php\/author\/zenilton\/"}]}},"jetpack_sharing_enabled":true,"jetpack_featured_media_url":"","_links":{"self":[{"href":"https:\/\/portalnpm.com\/index.php\/wp-json\/wp\/v2\/posts\/4636"}],"collection":[{"href":"https:\/\/portalnpm.com\/index.php\/wp-json\/wp\/v2\/posts"}],"about":[{"href":"https:\/\/portalnpm.com\/index.php\/wp-json\/wp\/v2\/types\/post"}],"author":[{"embeddable":true,"href":"https:\/\/portalnpm.com\/index.php\/wp-json\/wp\/v2\/users\/8"}],"replies":[{"embeddable":true,"href":"https:\/\/portalnpm.com\/index.php\/wp-json\/wp\/v2\/comments?post=4636"}],"version-history":[{"count":0,"href":"https:\/\/portalnpm.com\/index.php\/wp-json\/wp\/v2\/posts\/4636\/revisions"}],"wp:featuredmedia":[{"embeddable":true,"href":"https:\/\/portalnpm.com\/index.php\/wp-json\/"}],"wp:attachment":[{"href":"https:\/\/portalnpm.com\/index.php\/wp-json\/wp\/v2\/media?parent=4636"}],"wp:term":[{"taxonomy":"category","embeddable":true,"href":"https:\/\/portalnpm.com\/index.php\/wp-json\/wp\/v2\/categories?post=4636"},{"taxonomy":"post_tag","embeddable":true,"href":"https:\/\/portalnpm.com\/index.php\/wp-json\/wp\/v2\/tags?post=4636"}],"curies":[{"name":"wp","href":"https:\/\/api.w.org\/{rel}","templated":true}]}}