{"id":46447,"date":"2023-05-17T12:04:22","date_gmt":"2023-05-17T15:04:22","guid":{"rendered":"https:\/\/portalnpm.com\/?p=46447"},"modified":"2023-05-17T12:04:22","modified_gmt":"2023-05-17T15:04:22","slug":"morre-nelsinho-rosa-campeao-por-vasco-flamengo-e-fluminense","status":"publish","type":"post","link":"https:\/\/portalnpm.com\/index.php\/2023\/05\/17\/morre-nelsinho-rosa-campeao-por-vasco-flamengo-e-fluminense\/","title":{"rendered":"Morre Nelsinho Rosa, campe\u00e3o por Vasco, Flamengo e Fluminense"},"content":{"rendered":"<div class=\"ArticleParagraph_articleParagraph__hR05e\">\n<p style=\"text-align: justify;\">Morreu nesta ter\u00e7a-feira (16\/5), aos 85 anos, Nelsinho Rosa. Treinador que fez hist\u00f3ria no\u00a0<a href=\"https:\/\/onefootball.com\/pt-br\/time\/vasco-da-gama-1790\">Vasco<\/a>, sagrou-se campe\u00e3o brasileiro em 1989, comandando nomes como Mazinho, Bismarck e Bebeto, e uma gera\u00e7\u00e3o de talentos que vingou no futebol nos anos seguintes.<\/p>\n<\/div>\n<div class=\"ArticleParagraph_articleParagraph__hR05e\" style=\"text-align: justify;\">\n<p>Ele estava internado h\u00e1 sete meses e teve piora no quadro na semana passada por problemas decorrentes de infec\u00e7\u00e3o hospitalar. Rosane, sua filha, disse que ele apresentava lucidez at\u00e9 sua sa\u00fade piorar. Assim, precisou ser sedado.<\/p>\n<\/div>\n<div class=\"ImageWithSets_of-image__W9T4F\" style=\"text-align: justify;\"><picture class=\"ImageWithSets_of-image__picture__IHP7O\"><source srcset=\"https:\/\/image-service.onefootball.com\/transform?w=840&amp;h=567&amp;dpr=2&amp;image=https%3A%2F%2Fjogada10.com.br%2Fwp-content%2Fuploads%2F2023%2F05%2FNelsiho-Rosa-Reproducao-de-TV-_02.jpg\" media=\"(min-width: 1280px) and (prefers-color-scheme: dark)\" \/><source srcset=\"https:\/\/image-service.onefootball.com\/transform?w=840&amp;h=567&amp;dpr=2&amp;image=https%3A%2F%2Fjogada10.com.br%2Fwp-content%2Fuploads%2F2023%2F05%2FNelsiho-Rosa-Reproducao-de-TV-_02.jpg\" media=\"(min-width: 1280px) and (prefers-color-scheme: light)\" \/><source srcset=\"https:\/\/image-service.onefootball.com\/transform?w=620&amp;h=419&amp;dpr=2&amp;image=https%3A%2F%2Fjogada10.com.br%2Fwp-content%2Fuploads%2F2023%2F05%2FNelsiho-Rosa-Reproducao-de-TV-_02.jpg\" media=\"(min-width: 1024px) and (max-width: 1279px) and (prefers-color-scheme: dark)\" \/><source srcset=\"https:\/\/image-service.onefootball.com\/transform?w=620&amp;h=419&amp;dpr=2&amp;image=https%3A%2F%2Fjogada10.com.br%2Fwp-content%2Fuploads%2F2023%2F05%2FNelsiho-Rosa-Reproducao-de-TV-_02.jpg\" media=\"(min-width: 1024px) and (max-width: 1279px) and (prefers-color-scheme: light)\" \/><source srcset=\"https:\/\/image-service.onefootball.com\/transform?w=336&amp;h=227&amp;dpr=2&amp;image=https%3A%2F%2Fjogada10.com.br%2Fwp-content%2Fuploads%2F2023%2F05%2FNelsiho-Rosa-Reproducao-de-TV-_02.jpg\" media=\"(min-width: 768px) and (max-width: 1023px) and (prefers-color-scheme: dark)\" \/><source srcset=\"https:\/\/image-service.onefootball.com\/transform?w=336&amp;h=227&amp;dpr=2&amp;image=https%3A%2F%2Fjogada10.com.br%2Fwp-content%2Fuploads%2F2023%2F05%2FNelsiho-Rosa-Reproducao-de-TV-_02.jpg\" media=\"(min-width: 768px) and (max-width: 1023px) and (prefers-color-scheme: light)\" \/><source srcset=\"https:\/\/image-service.onefootball.com\/transform?w=280&amp;h=189&amp;dpr=2&amp;image=https%3A%2F%2Fjogada10.com.br%2Fwp-content%2Fuploads%2F2023%2F05%2FNelsiho-Rosa-Reproducao-de-TV-_02.jpg\" media=\"(max-width: 767px) and (prefers-color-scheme: dark)\" \/><source srcset=\"https:\/\/image-service.onefootball.com\/transform?w=280&amp;h=189&amp;dpr=2&amp;image=https%3A%2F%2Fjogada10.com.br%2Fwp-content%2Fuploads%2F2023%2F05%2FNelsiho-Rosa-Reproducao-de-TV-_02.jpg\" media=\"(max-width: 767px) and (prefers-color-scheme: light)\" \/><img fetchpriority=\"high\" decoding=\"async\" class=\"ImageWithSets_of-image__img__o1FHK ImageWrapper_media-container__image__g1Yd1\" src=\"https:\/\/image-service.onefootball.com\/transform?w=280&amp;h=189&amp;dpr=2&amp;image=https%3A%2F%2Fjogada10.com.br%2Fwp-content%2Fuploads%2F2023%2F05%2FNelsiho-Rosa-Reproducao-de-TV-_02.jpg\" alt=\"Imagem do artigo:Morre Nelsinho Rosa, campe\u00e3o por Vasco, Flamengo e Fluminense\" width=\"280\" height=\"189\" \/><\/picture><\/div>\n<div class=\"ArticleParagraph_articleParagraph__hR05e\" style=\"text-align: justify;\">\n<p>Nelsinho Rosa foi o t\u00e9cnico campe\u00e3o brasileiro pelo\u00a0<a href=\"https:\/\/onefootball.com\/pt-br\/time\/vasco-da-gama-1790\">Vasco<\/a>\u00a0em 1989 \u2013 Reprodu\u00e7\u00e3o de TV<\/p>\n<\/div>\n<div class=\"ArticleParagraph_articleParagraph__hR05e\" style=\"text-align: justify;\">\n<p>Os familiares ainda dar\u00e3o informa\u00e7\u00f5es sobre o vel\u00f3rio. Mas acredita-se que o ex-atleta e t\u00e9cnico deve ser enterrado no cemit\u00e9rio de Iraj\u00e1, mesmo local em que est\u00e1 a mulher.<\/p>\n<\/div>\n<div class=\"ArticleParagraph_articleParagraph__hR05e\" style=\"text-align: justify;\">\n<h3>Nelsinho: vitorioso como jogador e t\u00e9cnico<\/h3>\n<\/div>\n<div class=\"ArticleParagraph_articleParagraph__hR05e\" style=\"text-align: justify;\">\n<p>N\u00e9lson Rosa Martins iniciou sua carreira no Sub\u00farbio do Rio de Janeiro, mais precisamente no Madureira. Mas, no come\u00e7o dos anos 1960, conseguiu se transferir para o\u00a0<a href=\"https:\/\/onefootball.com\/pt-br\/time\/flamengo-1802\">Flamengo<\/a>. L\u00e1, tornou-se grande amigo e formou dupla de sucesso no clube com Carlinhos, o Violino, que morreu em 2015. Pelo clube da G\u00e1vea, portanto, atuou entre 1962 e 1965 e fez 18 gols. Viveu, assim, o per\u00edodo mais vitorioso de sua carreira como jogador, faturando os t\u00edtulos do Carioca de 1963 e 1965.<\/p>\n<\/div>\n<div class=\"ArticleParagraph_articleParagraph__hR05e\" style=\"text-align: justify;\">\n<p>Com passagem tamb\u00e9m pelo\u00a0<a href=\"https:\/\/onefootball.com\/pt-br\/time\/fluminense-1666\">Fluminense<\/a>, Nelsinho treinou as equipes que conquistaram os Estaduais de 1980 e 1985. Sua \u00faltima passagem pelas Laranjeiras, ali\u00e1s, ocorreu em 1993. Tamb\u00e9m trabalhou na Sele\u00e7\u00e3o Brasileira, onde foi auxiliar t\u00e9cnico de Sebasti\u00e3o Lazaroni na Copa do Mundo 1990, na It\u00e1lia.<\/p>\n<\/div>\n<div class=\"ArticleParagraph_articleParagraph__hR05e\" style=\"text-align: justify;\">\n<p>Nelsinho coordenou as categorias de base do\u00a0<a href=\"https:\/\/onefootball.com\/pt-br\/time\/vasco-da-gama-1790\">Vasco<\/a>\u00a0at\u00e9 a sa\u00edda do ex-presidente Eurico Miranda em 2008 e a entrada de Roberto Dinamite. Mas, ao ser demitido, passou a trabalhar no Madureira como coordenador do futebol. Em 2013, sofreu acidente vascular cerebral que o prejudicou nas fun\u00e7\u00f5es do clube suburbano. Ele tamb\u00e9m trabalhou fora do pa\u00eds, dirigindo, assim, a sele\u00e7\u00e3o da Ar\u00e1bia Saudita.<\/p>\n<\/div>\n<div class=\"ArticleParagraph_articleParagraph__hR05e\" style=\"text-align: justify;\">\n<p>Conhecido pela voz mansa e seu jeito tranquilo, Nelsinho comandou uma equipe que entrou para a hist\u00f3ria do\u00a0<a href=\"https:\/\/onefootball.com\/pt-br\/time\/vasco-da-gama-1790\">Vasco<\/a>: a que faturou o segundo t\u00edtulo brasileiro do clube de S\u00e3o Janu\u00e1rio. Na decis\u00e3o diante do S\u00e3o Paulo, no Morumbi, Sorato, de cabe\u00e7a, anotou o gol da vit\u00f3ria.<\/p>\n<\/div>\n<div class=\"ArticleParagraph_articleParagraph__hR05e\">\n<p style=\"text-align: justify;\"><strong>Por Jogada10<\/strong><\/p>\n<\/div>\n","protected":false},"excerpt":{"rendered":"<p>Morreu nesta ter\u00e7a-feira (16\/5), aos 85 anos, Nelsinho Rosa. Treinador que fez hist\u00f3ria no\u00a0Vasco, sagrou-se campe\u00e3o brasileiro em 1989, comandando nomes como Mazinho, Bismarck e Bebeto, e uma gera\u00e7\u00e3o de talentos que vingou no futebol nos anos seguintes. Ele estava internado h\u00e1 sete meses e teve piora no quadro na semana passada por problemas decorrentes &hellip;<\/p>\n","protected":false},"author":2,"featured_media":46448,"comment_status":"open","ping_status":"open","sticky":false,"template":"","format":"standard","meta":{"content-type":"","rop_custom_images_group":[],"rop_custom_messages_group":[],"rop_publish_now":"initial","rop_publish_now_accounts":{"facebook_2648258775420054_1618374048415101":""},"rop_publish_now_history":[],"rop_publish_now_status":"pending","footnotes":"","_jetpack_memberships_contains_paid_content":false},"categories":[108],"tags":[9091,132],"yoast_head":"<!-- This site is optimized with the Yoast SEO plugin v22.3 - https:\/\/yoast.com\/wordpress\/plugins\/seo\/ -->\n<title>Morre Nelsinho Rosa, campe\u00e3o por Vasco, Flamengo e Fluminense - Portal NPM<\/title>\n<meta name=\"robots\" content=\"index, follow, max-snippet:-1, max-image-preview:large, max-video-preview:-1\" \/>\n<link rel=\"canonical\" href=\"https:\/\/portalnpm.com\/index.php\/2023\/05\/17\/morre-nelsinho-rosa-campeao-por-vasco-flamengo-e-fluminense\/\" \/>\n<meta property=\"og:locale\" content=\"pt_BR\" \/>\n<meta property=\"og:type\" content=\"article\" \/>\n<meta property=\"og:title\" content=\"Morre Nelsinho Rosa, campe\u00e3o por Vasco, Flamengo e Fluminense - Portal NPM\" \/>\n<meta property=\"og:description\" content=\"Morreu nesta ter\u00e7a-feira (16\/5), aos 85 anos, Nelsinho Rosa. Treinador que fez hist\u00f3ria no\u00a0Vasco, sagrou-se campe\u00e3o brasileiro em 1989, comandando nomes como Mazinho, Bismarck e Bebeto, e uma gera\u00e7\u00e3o de talentos que vingou no futebol nos anos seguintes. Ele estava internado h\u00e1 sete meses e teve piora no quadro na semana passada por problemas decorrentes &hellip;\" \/>\n<meta property=\"og:url\" content=\"https:\/\/portalnpm.com\/index.php\/2023\/05\/17\/morre-nelsinho-rosa-campeao-por-vasco-flamengo-e-fluminense\/\" \/>\n<meta property=\"og:site_name\" content=\"Portal NPM\" \/>\n<meta property=\"article:published_time\" content=\"2023-05-17T15:04:22+00:00\" \/>\n<meta name=\"author\" content=\"Genival Barbosa\" \/>\n<meta name=\"twitter:card\" content=\"summary_large_image\" \/>\n<meta name=\"twitter:label1\" content=\"Escrito por\" \/>\n\t<meta name=\"twitter:data1\" content=\"Genival Barbosa\" \/>\n\t<meta name=\"twitter:label2\" content=\"Est. tempo de leitura\" \/>\n\t<meta name=\"twitter:data2\" content=\"2 minutos\" \/>\n<script type=\"application\/ld+json\" class=\"yoast-schema-graph\">{\"@context\":\"https:\/\/schema.org\",\"@graph\":[{\"@type\":\"WebPage\",\"@id\":\"https:\/\/portalnpm.com\/index.php\/2023\/05\/17\/morre-nelsinho-rosa-campeao-por-vasco-flamengo-e-fluminense\/\",\"url\":\"https:\/\/portalnpm.com\/index.php\/2023\/05\/17\/morre-nelsinho-rosa-campeao-por-vasco-flamengo-e-fluminense\/\",\"name\":\"Morre Nelsinho Rosa, campe\u00e3o por Vasco, Flamengo e Fluminense - Portal NPM\",\"isPartOf\":{\"@id\":\"https:\/\/portalnpm.com\/#website\"},\"primaryImageOfPage\":{\"@id\":\"https:\/\/portalnpm.com\/index.php\/2023\/05\/17\/morre-nelsinho-rosa-campeao-por-vasco-flamengo-e-fluminense\/#primaryimage\"},\"image\":{\"@id\":\"https:\/\/portalnpm.com\/index.php\/2023\/05\/17\/morre-nelsinho-rosa-campeao-por-vasco-flamengo-e-fluminense\/#primaryimage\"},\"thumbnailUrl\":\"\",\"datePublished\":\"2023-05-17T15:04:22+00:00\",\"dateModified\":\"2023-05-17T15:04:22+00:00\",\"author\":{\"@id\":\"https:\/\/portalnpm.com\/#\/schema\/person\/49313e563cfdefcc167f1ee4c017c294\"},\"breadcrumb\":{\"@id\":\"https:\/\/portalnpm.com\/index.php\/2023\/05\/17\/morre-nelsinho-rosa-campeao-por-vasco-flamengo-e-fluminense\/#breadcrumb\"},\"inLanguage\":\"pt-BR\",\"potentialAction\":[{\"@type\":\"ReadAction\",\"target\":[\"https:\/\/portalnpm.com\/index.php\/2023\/05\/17\/morre-nelsinho-rosa-campeao-por-vasco-flamengo-e-fluminense\/\"]}]},{\"@type\":\"ImageObject\",\"inLanguage\":\"pt-BR\",\"@id\":\"https:\/\/portalnpm.com\/index.php\/2023\/05\/17\/morre-nelsinho-rosa-campeao-por-vasco-flamengo-e-fluminense\/#primaryimage\",\"url\":\"\",\"contentUrl\":\"\"},{\"@type\":\"BreadcrumbList\",\"@id\":\"https:\/\/portalnpm.com\/index.php\/2023\/05\/17\/morre-nelsinho-rosa-campeao-por-vasco-flamengo-e-fluminense\/#breadcrumb\",\"itemListElement\":[{\"@type\":\"ListItem\",\"position\":1,\"name\":\"In\u00edcio\",\"item\":\"https:\/\/portalnpm.com\/\"},{\"@type\":\"ListItem\",\"position\":2,\"name\":\"Morre Nelsinho Rosa, campe\u00e3o por Vasco, Flamengo e Fluminense\"}]},{\"@type\":\"WebSite\",\"@id\":\"https:\/\/portalnpm.com\/#website\",\"url\":\"https:\/\/portalnpm.com\/\",\"name\":\"Portal NPM\",\"description\":\"Not\u00edcias em Primeira M\u00e3o\",\"potentialAction\":[{\"@type\":\"SearchAction\",\"target\":{\"@type\":\"EntryPoint\",\"urlTemplate\":\"https:\/\/portalnpm.com\/?s={search_term_string}\"},\"query-input\":\"required name=search_term_string\"}],\"inLanguage\":\"pt-BR\"},{\"@type\":\"Person\",\"@id\":\"https:\/\/portalnpm.com\/#\/schema\/person\/49313e563cfdefcc167f1ee4c017c294\",\"name\":\"Genival Barbosa\",\"image\":{\"@type\":\"ImageObject\",\"inLanguage\":\"pt-BR\",\"@id\":\"https:\/\/portalnpm.com\/#\/schema\/person\/image\/\",\"url\":\"https:\/\/portalnpm.com\/wp-content\/uploads\/2024\/02\/avatar_user_2_1707743258-96x96.jpeg\",\"contentUrl\":\"https:\/\/portalnpm.com\/wp-content\/uploads\/2024\/02\/avatar_user_2_1707743258-96x96.jpeg\",\"caption\":\"Genival Barbosa\"},\"url\":\"https:\/\/portalnpm.com\/index.php\/author\/genival\/\"}]}<\/script>\n<!-- \/ Yoast SEO plugin. -->","yoast_head_json":{"title":"Morre Nelsinho Rosa, campe\u00e3o por Vasco, Flamengo e Fluminense - Portal NPM","robots":{"index":"index","follow":"follow","max-snippet":"max-snippet:-1","max-image-preview":"max-image-preview:large","max-video-preview":"max-video-preview:-1"},"canonical":"https:\/\/portalnpm.com\/index.php\/2023\/05\/17\/morre-nelsinho-rosa-campeao-por-vasco-flamengo-e-fluminense\/","og_locale":"pt_BR","og_type":"article","og_title":"Morre Nelsinho Rosa, campe\u00e3o por Vasco, Flamengo e Fluminense - Portal NPM","og_description":"Morreu nesta ter\u00e7a-feira (16\/5), aos 85 anos, Nelsinho Rosa. Treinador que fez hist\u00f3ria no\u00a0Vasco, sagrou-se campe\u00e3o brasileiro em 1989, comandando nomes como Mazinho, Bismarck e Bebeto, e uma gera\u00e7\u00e3o de talentos que vingou no futebol nos anos seguintes. Ele estava internado h\u00e1 sete meses e teve piora no quadro na semana passada por problemas decorrentes &hellip;","og_url":"https:\/\/portalnpm.com\/index.php\/2023\/05\/17\/morre-nelsinho-rosa-campeao-por-vasco-flamengo-e-fluminense\/","og_site_name":"Portal NPM","article_published_time":"2023-05-17T15:04:22+00:00","author":"Genival Barbosa","twitter_card":"summary_large_image","twitter_misc":{"Escrito por":"Genival Barbosa","Est. tempo de leitura":"2 minutos"},"schema":{"@context":"https:\/\/schema.org","@graph":[{"@type":"WebPage","@id":"https:\/\/portalnpm.com\/index.php\/2023\/05\/17\/morre-nelsinho-rosa-campeao-por-vasco-flamengo-e-fluminense\/","url":"https:\/\/portalnpm.com\/index.php\/2023\/05\/17\/morre-nelsinho-rosa-campeao-por-vasco-flamengo-e-fluminense\/","name":"Morre Nelsinho Rosa, campe\u00e3o por Vasco, Flamengo e Fluminense - Portal NPM","isPartOf":{"@id":"https:\/\/portalnpm.com\/#website"},"primaryImageOfPage":{"@id":"https:\/\/portalnpm.com\/index.php\/2023\/05\/17\/morre-nelsinho-rosa-campeao-por-vasco-flamengo-e-fluminense\/#primaryimage"},"image":{"@id":"https:\/\/portalnpm.com\/index.php\/2023\/05\/17\/morre-nelsinho-rosa-campeao-por-vasco-flamengo-e-fluminense\/#primaryimage"},"thumbnailUrl":"","datePublished":"2023-05-17T15:04:22+00:00","dateModified":"2023-05-17T15:04:22+00:00","author":{"@id":"https:\/\/portalnpm.com\/#\/schema\/person\/49313e563cfdefcc167f1ee4c017c294"},"breadcrumb":{"@id":"https:\/\/portalnpm.com\/index.php\/2023\/05\/17\/morre-nelsinho-rosa-campeao-por-vasco-flamengo-e-fluminense\/#breadcrumb"},"inLanguage":"pt-BR","potentialAction":[{"@type":"ReadAction","target":["https:\/\/portalnpm.com\/index.php\/2023\/05\/17\/morre-nelsinho-rosa-campeao-por-vasco-flamengo-e-fluminense\/"]}]},{"@type":"ImageObject","inLanguage":"pt-BR","@id":"https:\/\/portalnpm.com\/index.php\/2023\/05\/17\/morre-nelsinho-rosa-campeao-por-vasco-flamengo-e-fluminense\/#primaryimage","url":"","contentUrl":""},{"@type":"BreadcrumbList","@id":"https:\/\/portalnpm.com\/index.php\/2023\/05\/17\/morre-nelsinho-rosa-campeao-por-vasco-flamengo-e-fluminense\/#breadcrumb","itemListElement":[{"@type":"ListItem","position":1,"name":"In\u00edcio","item":"https:\/\/portalnpm.com\/"},{"@type":"ListItem","position":2,"name":"Morre Nelsinho Rosa, campe\u00e3o por Vasco, Flamengo e Fluminense"}]},{"@type":"WebSite","@id":"https:\/\/portalnpm.com\/#website","url":"https:\/\/portalnpm.com\/","name":"Portal NPM","description":"Not\u00edcias em Primeira M\u00e3o","potentialAction":[{"@type":"SearchAction","target":{"@type":"EntryPoint","urlTemplate":"https:\/\/portalnpm.com\/?s={search_term_string}"},"query-input":"required name=search_term_string"}],"inLanguage":"pt-BR"},{"@type":"Person","@id":"https:\/\/portalnpm.com\/#\/schema\/person\/49313e563cfdefcc167f1ee4c017c294","name":"Genival Barbosa","image":{"@type":"ImageObject","inLanguage":"pt-BR","@id":"https:\/\/portalnpm.com\/#\/schema\/person\/image\/","url":"https:\/\/portalnpm.com\/wp-content\/uploads\/2024\/02\/avatar_user_2_1707743258-96x96.jpeg","contentUrl":"https:\/\/portalnpm.com\/wp-content\/uploads\/2024\/02\/avatar_user_2_1707743258-96x96.jpeg","caption":"Genival Barbosa"},"url":"https:\/\/portalnpm.com\/index.php\/author\/genival\/"}]}},"jetpack_sharing_enabled":true,"jetpack_featured_media_url":"","_links":{"self":[{"href":"https:\/\/portalnpm.com\/index.php\/wp-json\/wp\/v2\/posts\/46447"}],"collection":[{"href":"https:\/\/portalnpm.com\/index.php\/wp-json\/wp\/v2\/posts"}],"about":[{"href":"https:\/\/portalnpm.com\/index.php\/wp-json\/wp\/v2\/types\/post"}],"author":[{"embeddable":true,"href":"https:\/\/portalnpm.com\/index.php\/wp-json\/wp\/v2\/users\/2"}],"replies":[{"embeddable":true,"href":"https:\/\/portalnpm.com\/index.php\/wp-json\/wp\/v2\/comments?post=46447"}],"version-history":[{"count":0,"href":"https:\/\/portalnpm.com\/index.php\/wp-json\/wp\/v2\/posts\/46447\/revisions"}],"wp:featuredmedia":[{"embeddable":true,"href":"https:\/\/portalnpm.com\/index.php\/wp-json\/"}],"wp:attachment":[{"href":"https:\/\/portalnpm.com\/index.php\/wp-json\/wp\/v2\/media?parent=46447"}],"wp:term":[{"taxonomy":"category","embeddable":true,"href":"https:\/\/portalnpm.com\/index.php\/wp-json\/wp\/v2\/categories?post=46447"},{"taxonomy":"post_tag","embeddable":true,"href":"https:\/\/portalnpm.com\/index.php\/wp-json\/wp\/v2\/tags?post=46447"}],"curies":[{"name":"wp","href":"https:\/\/api.w.org\/{rel}","templated":true}]}}