{"id":46468,"date":"2023-05-18T11:45:57","date_gmt":"2023-05-18T14:45:57","guid":{"rendered":"https:\/\/portalnpm.com\/?p=46468"},"modified":"2023-05-18T11:45:57","modified_gmt":"2023-05-18T14:45:57","slug":"palmeiras-tem-inicio-avassalador-e-vence-fortaleza-em-partida-de-ida-da-copa-do-brasil","status":"publish","type":"post","link":"https:\/\/portalnpm.com\/index.php\/2023\/05\/18\/palmeiras-tem-inicio-avassalador-e-vence-fortaleza-em-partida-de-ida-da-copa-do-brasil\/","title":{"rendered":"Palmeiras tem in\u00edcio avassalador e vence Fortaleza em partida de ida da Copa do Brasil"},"content":{"rendered":"<div class=\"ArticleParagraph_articleParagraph__hR05e\">\n<p style=\"text-align: justify;\">O\u00a0<a href=\"https:\/\/onefootball.com\/pt-br\/time\/palmeiras-1693\">Palmeiras<\/a>\u00a0venceu o Fortaleza por 3 a 0 na noite desta quarta-feira (17) no Allianz Parque, em jogo v\u00e1lido pela ida das oitavas de final da Copa do Brasil. Os gols palestrinos foram marcados por Raphael Veiga, de p\u00eanalti, ainda no in\u00edcio de jogo, Bruno Tabata e Richard R\u00edos.<\/p>\n<\/div>\n<div class=\"ArticleParagraph_articleParagraph__hR05e\" style=\"text-align: justify;\">\n<p>Com o resultado, o\u00a0<a href=\"https:\/\/onefootball.com\/pt-br\/time\/palmeiras-1693\">Verd\u00e3o<\/a> pode at\u00e9 perder por at\u00e9 dois gols na partida de volta, no Castel\u00e3o, em Fortaleza. O segundo duelo est\u00e1 marcado para o dia 31 de maio (quarta-feira) \u00e0s 19h (de Bras\u00edlia).<\/p>\n<\/div>\n<div class=\"ArticleParagraph_articleParagraph__hR05e\" style=\"text-align: justify;\">\n<p>Agora, o time de Abel Ferreira vira a chave, e volta a ficar concentrado para o Campeonato Brasileiro. A equipe palestrina volta a campo neste s\u00e1bado (20) \u00e0s 21h (de Bras\u00edlia), diante do Santos, na Vila Belmiro. O\u00a0<a href=\"https:\/\/onefootball.com\/pt-br\/time\/palmeiras-1693\">Alviverde<\/a>\u00a0\u00e9 o vice-l\u00edder do torenio, com 14 pontos \u2013 o l\u00edder Botafogo soma 15.<\/p>\n<\/div>\n<div class=\"ArticleParagraph_articleParagraph__hR05e\" style=\"text-align: justify;\">\n<p><strong>Conhe\u00e7a o canal do Nosso Palestra no Youtube! Clique<\/strong>\u00a0<a href=\"https:\/\/www.youtube.com\/channel\/UCCqgWX3afPoiYKa965Z8jMw\/?sub_confirmation=1\" target=\"_blank\" rel=\"noopener noreferrer\">aqui<\/a><strong>.<\/strong><strong>Siga o Nosso Palestra no<\/strong>\u00a0<a href=\"https:\/\/twitter.com\/onossopalestra\" target=\"_blank\" rel=\"noopener noreferrer\">Twitter<\/a>\u00a0<strong>e no<\/strong>\u00a0<a href=\"https:\/\/www.instagram.com\/onossopalestra\/\" target=\"_blank\" rel=\"noopener noreferrer\">Instagram<\/a>\u00a0<strong>\/ Ou\u00e7a o<\/strong>\u00a0<a href=\"https:\/\/bit.ly\/npcast02\" target=\"_blank\" rel=\"noopener noreferrer\">NPCast!<\/a><strong>Conhe\u00e7a e comente no<\/strong>\u00a0<a href=\"https:\/\/bit.ly\/forumnp\" target=\"_blank\" rel=\"noopener noreferrer\">F\u00f3rum do Nosso Palestra<\/a><\/p>\n<\/div>\n<div class=\"ArticleParagraph_articleParagraph__hR05e\" style=\"text-align: justify;\">\n<h3>O JOGO<\/h3>\n<\/div>\n<div class=\"ArticleParagraph_articleParagraph__hR05e\" style=\"text-align: justify;\">\n<p><strong>PRIMEIRO TEMPO:<\/strong><\/p>\n<\/div>\n<div class=\"ArticleParagraph_articleParagraph__hR05e\" style=\"text-align: justify;\">\n<p>O\u00a0<a href=\"https:\/\/onefootball.com\/pt-br\/time\/palmeiras-1693\">Palmeiras<\/a>\u00a0iniciou a partida pressionando o Fortaleza, e teve a primeira chance do jogo, com Raphael Veiga, em arremate de fora da \u00e1rea aos 5 minutos. Tr\u00eas minutos mais tarde, Rony foi derrubado dentro da grande \u00e1rea e o \u00e1rbitro Vinicius Zanovelli apontou p\u00eanalti. Na cobran\u00e7a, Veiga bateu firme e abriu o placar para o\u00a0<a href=\"https:\/\/onefootball.com\/pt-br\/time\/palmeiras-1693\">Verd\u00e3o<\/a>.<\/p>\n<\/div>\n<div class=\"ArticleParagraph_articleParagraph__hR05e\" style=\"text-align: justify;\">\n<p>O time de Abel Ferreira continuou em modo avassalador. Aos 14, Mayke e Tabata fizeram boa dobradinha pela direita, em lance que resultou em defesa do goleiro Jo\u00e3o Ricardo. Na cobran\u00e7a do corner, a bola a\u00e9rea do\u00a0<a href=\"https:\/\/onefootball.com\/pt-br\/time\/palmeiras-1693\">Verd\u00e3o<\/a>\u00a0novamente foi fatal. Ap\u00f3s cabeceio de Gustavo G\u00f3mez, Tabata arrematou e ampliou o marcador no Allianz Parque.<\/p>\n<\/div>\n<div class=\"ArticleParagraph_articleParagraph__hR05e\" style=\"text-align: justify;\">\n<p>A primeira chegada do Fortaleza aconteceu somente aos 19, com Romarinho. Em jogada pela esquerda, o atacante do Le\u00e3o do Pici cruzou duas vezes, mas foi impedido primeiro por Luan, e posteriormente por Gustav G\u00f3mez. Com o time visitante mais aberto, o\u00a0<a href=\"https:\/\/onefootball.com\/pt-br\/time\/palmeiras-1693\">Verd\u00e3o<\/a>\u00a0explorou a velocidade na reta final da primeira etapa.<\/p>\n<\/div>\n<div class=\"ArticleParagraph_articleParagraph__hR05e\" style=\"text-align: justify;\">\n<p>Aos 28, Veiga abriu Dudu na esquerda, na hora de servir Menino, o camisa 7 foi travado. Minutos mais tarde foi a vez de Tabata entrar bem na \u00e1rea, mas novamente foi bloqueado. Nas descidas ao ataque, o Fortaleza esbarrou na boa marca\u00e7\u00e3o da intermedi\u00e1ria palestrina.<\/p>\n<\/div>\n<div class=\"ArticleParagraph_articleParagraph__hR05e\" style=\"text-align: justify;\">\n<p>Controlando a posse de bola, o Palestra passou a jogar no erro do advers\u00e1rio, e desperdi\u00e7ou ao menos tr\u00eas contra-ataques ap\u00f3s os 35 minutos. Em uma das chances, com Dudu, Z\u00e9 Rafael teve a chance de ampliar, mas foi bloqueado. Ao fim dos 45 minutos inicias, foram oito arremates do\u00a0<a href=\"https:\/\/onefootball.com\/pt-br\/time\/palmeiras-1693\">Verd\u00e3o<\/a>, contra um do Fortaleza.<\/p>\n<\/div>\n<div class=\"ArticleParagraph_articleParagraph__hR05e\" style=\"text-align: justify;\">\n<p><strong>SEGUNDO TEMPO:<\/strong><\/p>\n<\/div>\n<div class=\"ArticleParagraph_articleParagraph__hR05e\" style=\"text-align: justify;\">\n<p>O\u00a0<a href=\"https:\/\/onefootball.com\/pt-br\/time\/palmeiras-1693\">Palmeiras<\/a>\u00a0come\u00e7ou seguro e, com o Fortaleza exposto, jogou ao erro do advers\u00e1rio. Mas a primeira boa chegada foi do time advers\u00e1rio, com Hercules, aos 4 minutos. Aos 8, com Tinga, e aos 8. Com Titi o goleiro palestrino foi obrigado a fazer as duas primeiras defesas na partida.<\/p>\n<\/div>\n<div class=\"ArticleParagraph_articleParagraph__hR05e\" style=\"text-align: justify;\">\n<p>A primeira boa chance do\u00a0<a href=\"https:\/\/onefootball.com\/pt-br\/time\/palmeiras-1693\">Verd\u00e3o<\/a>\u00a0ocorreu apenas aos 13, em jogada ensaiada de escanteio com Mayke e Raphael Veiga. Cinco minutos mais tarde, o Fortaleza respondeu, com Vinicius Zanoccelo.<\/p>\n<\/div>\n<div class=\"ArticleParagraph_articleParagraph__hR05e\" style=\"text-align: justify;\">\n<p>Aos 18 e aos 22, as chances perdidas por Dudu e Raphael Veiga poderiam aumentar o placar. Aos 18, Veiga parou na trave ap\u00f3s Dudu dar um chap\u00e9u no marcador e lan\u00e7ar Rony na esquerda. O camisa 10 chegou na lateral, levantou a cabe\u00e7a e cruzou para o camisa 23. Quatro minutos mais tarde, Dudu chegou livre na \u00e1rea, mas finalizou errado.<\/p>\n<\/div>\n<div class=\"ArticleParagraph_articleParagraph__hR05e\" style=\"text-align: justify;\">\n<p>Vendo o desgaste do time, Abel Ferreira iniciou as mudan\u00e7as no time aos 25 minutos da etapa final. No primeiro lance de Luis Guilherme, aos 27, o Cria da Academia quase fez o primeiro como profissional, ap\u00f3s arrancar bela direita e deixar o marcador no ch\u00e3o. Richrd Rios e Breno Lopes tamb\u00e9m entraram em campo, e deram maior vigor f\u00edsico ao time.<\/p>\n<\/div>\n<div class=\"ArticleParagraph_articleParagraph__hR05e\" style=\"text-align: justify;\">\n<p>O Fortaleza at\u00e9 tentou ensaiar uma press\u00e3o nos minutos finais, mas esbarrou na forte marca\u00e7\u00e3o da defesa palestrina e na qualidade ofensiva do\u00a0<a href=\"https:\/\/onefootball.com\/pt-br\/time\/palmeiras-1693\">Verd\u00e3o<\/a>. Aos 44, Gabriel Menino cruzou, e Richard R\u00edos teve calma para encher o fundo da rede e dar n\u00fameros finais ao jogo. 3 a 0.<\/p>\n<\/div>\n<div class=\"ArticleParagraph_articleParagraph__hR05e\" style=\"text-align: justify;\">\n<p>&nbsp;<\/p>\n<\/div>\n<div class=\"ArticleParagraph_articleParagraph__hR05e\">\n<p style=\"text-align: justify;\"><a href=\"https:\/\/nossopalestra.com.br\/web-stories\/\" target=\"_blank\" rel=\"noopener noreferrer\">NOSSO PALESTRA<\/a><\/p>\n<\/div>\n","protected":false},"excerpt":{"rendered":"<p>O\u00a0Palmeiras\u00a0venceu o Fortaleza por 3 a 0 na noite desta quarta-feira (17) no Allianz Parque, em jogo v\u00e1lido pela ida das oitavas de final da Copa do Brasil. Os gols palestrinos foram marcados por Raphael Veiga, de p\u00eanalti, ainda no in\u00edcio de jogo, Bruno Tabata e Richard R\u00edos. Com o resultado, o\u00a0Verd\u00e3o pode at\u00e9 perder &hellip;<\/p>\n","protected":false},"author":2,"featured_media":46469,"comment_status":"open","ping_status":"open","sticky":false,"template":"","format":"standard","meta":{"content-type":"","rop_custom_images_group":[],"rop_custom_messages_group":[],"rop_publish_now":"initial","rop_publish_now_accounts":{"facebook_2648258775420054_1618374048415101":""},"rop_publish_now_history":[],"rop_publish_now_status":"pending","footnotes":"","_jetpack_memberships_contains_paid_content":false},"categories":[108],"tags":[809,157],"yoast_head":"<!-- This site is optimized with the Yoast SEO plugin v22.3 - https:\/\/yoast.com\/wordpress\/plugins\/seo\/ -->\n<title>Palmeiras tem in\u00edcio avassalador e vence Fortaleza em partida de ida da Copa do Brasil - Portal NPM<\/title>\n<meta name=\"robots\" content=\"index, follow, max-snippet:-1, max-image-preview:large, max-video-preview:-1\" \/>\n<link rel=\"canonical\" href=\"https:\/\/portalnpm.com\/index.php\/2023\/05\/18\/palmeiras-tem-inicio-avassalador-e-vence-fortaleza-em-partida-de-ida-da-copa-do-brasil\/\" \/>\n<meta property=\"og:locale\" content=\"pt_BR\" \/>\n<meta property=\"og:type\" content=\"article\" \/>\n<meta property=\"og:title\" content=\"Palmeiras tem in\u00edcio avassalador e vence Fortaleza em partida de ida da Copa do Brasil - Portal NPM\" \/>\n<meta property=\"og:description\" content=\"O\u00a0Palmeiras\u00a0venceu o Fortaleza por 3 a 0 na noite desta quarta-feira (17) no Allianz Parque, em jogo v\u00e1lido pela ida das oitavas de final da Copa do Brasil. Os gols palestrinos foram marcados por Raphael Veiga, de p\u00eanalti, ainda no in\u00edcio de jogo, Bruno Tabata e Richard R\u00edos. Com o resultado, o\u00a0Verd\u00e3o pode at\u00e9 perder &hellip;\" \/>\n<meta property=\"og:url\" content=\"https:\/\/portalnpm.com\/index.php\/2023\/05\/18\/palmeiras-tem-inicio-avassalador-e-vence-fortaleza-em-partida-de-ida-da-copa-do-brasil\/\" \/>\n<meta property=\"og:site_name\" content=\"Portal NPM\" \/>\n<meta property=\"article:published_time\" content=\"2023-05-18T14:45:57+00:00\" \/>\n<meta name=\"author\" content=\"Genival Barbosa\" \/>\n<meta name=\"twitter:card\" content=\"summary_large_image\" \/>\n<meta name=\"twitter:label1\" content=\"Escrito por\" \/>\n\t<meta name=\"twitter:data1\" content=\"Genival Barbosa\" \/>\n\t<meta name=\"twitter:label2\" content=\"Est. tempo de leitura\" \/>\n\t<meta name=\"twitter:data2\" content=\"4 minutos\" \/>\n<script type=\"application\/ld+json\" class=\"yoast-schema-graph\">{\"@context\":\"https:\/\/schema.org\",\"@graph\":[{\"@type\":\"WebPage\",\"@id\":\"https:\/\/portalnpm.com\/index.php\/2023\/05\/18\/palmeiras-tem-inicio-avassalador-e-vence-fortaleza-em-partida-de-ida-da-copa-do-brasil\/\",\"url\":\"https:\/\/portalnpm.com\/index.php\/2023\/05\/18\/palmeiras-tem-inicio-avassalador-e-vence-fortaleza-em-partida-de-ida-da-copa-do-brasil\/\",\"name\":\"Palmeiras tem in\u00edcio avassalador e vence Fortaleza em partida de ida da Copa do Brasil - Portal NPM\",\"isPartOf\":{\"@id\":\"https:\/\/portalnpm.com\/#website\"},\"primaryImageOfPage\":{\"@id\":\"https:\/\/portalnpm.com\/index.php\/2023\/05\/18\/palmeiras-tem-inicio-avassalador-e-vence-fortaleza-em-partida-de-ida-da-copa-do-brasil\/#primaryimage\"},\"image\":{\"@id\":\"https:\/\/portalnpm.com\/index.php\/2023\/05\/18\/palmeiras-tem-inicio-avassalador-e-vence-fortaleza-em-partida-de-ida-da-copa-do-brasil\/#primaryimage\"},\"thumbnailUrl\":\"\",\"datePublished\":\"2023-05-18T14:45:57+00:00\",\"dateModified\":\"2023-05-18T14:45:57+00:00\",\"author\":{\"@id\":\"https:\/\/portalnpm.com\/#\/schema\/person\/49313e563cfdefcc167f1ee4c017c294\"},\"breadcrumb\":{\"@id\":\"https:\/\/portalnpm.com\/index.php\/2023\/05\/18\/palmeiras-tem-inicio-avassalador-e-vence-fortaleza-em-partida-de-ida-da-copa-do-brasil\/#breadcrumb\"},\"inLanguage\":\"pt-BR\",\"potentialAction\":[{\"@type\":\"ReadAction\",\"target\":[\"https:\/\/portalnpm.com\/index.php\/2023\/05\/18\/palmeiras-tem-inicio-avassalador-e-vence-fortaleza-em-partida-de-ida-da-copa-do-brasil\/\"]}]},{\"@type\":\"ImageObject\",\"inLanguage\":\"pt-BR\",\"@id\":\"https:\/\/portalnpm.com\/index.php\/2023\/05\/18\/palmeiras-tem-inicio-avassalador-e-vence-fortaleza-em-partida-de-ida-da-copa-do-brasil\/#primaryimage\",\"url\":\"\",\"contentUrl\":\"\"},{\"@type\":\"BreadcrumbList\",\"@id\":\"https:\/\/portalnpm.com\/index.php\/2023\/05\/18\/palmeiras-tem-inicio-avassalador-e-vence-fortaleza-em-partida-de-ida-da-copa-do-brasil\/#breadcrumb\",\"itemListElement\":[{\"@type\":\"ListItem\",\"position\":1,\"name\":\"In\u00edcio\",\"item\":\"https:\/\/portalnpm.com\/\"},{\"@type\":\"ListItem\",\"position\":2,\"name\":\"Palmeiras tem in\u00edcio avassalador e vence Fortaleza em partida de ida da Copa do Brasil\"}]},{\"@type\":\"WebSite\",\"@id\":\"https:\/\/portalnpm.com\/#website\",\"url\":\"https:\/\/portalnpm.com\/\",\"name\":\"Portal NPM\",\"description\":\"Not\u00edcias em Primeira M\u00e3o\",\"potentialAction\":[{\"@type\":\"SearchAction\",\"target\":{\"@type\":\"EntryPoint\",\"urlTemplate\":\"https:\/\/portalnpm.com\/?s={search_term_string}\"},\"query-input\":\"required name=search_term_string\"}],\"inLanguage\":\"pt-BR\"},{\"@type\":\"Person\",\"@id\":\"https:\/\/portalnpm.com\/#\/schema\/person\/49313e563cfdefcc167f1ee4c017c294\",\"name\":\"Genival Barbosa\",\"image\":{\"@type\":\"ImageObject\",\"inLanguage\":\"pt-BR\",\"@id\":\"https:\/\/portalnpm.com\/#\/schema\/person\/image\/\",\"url\":\"https:\/\/portalnpm.com\/wp-content\/uploads\/2024\/02\/avatar_user_2_1707743258-96x96.jpeg\",\"contentUrl\":\"https:\/\/portalnpm.com\/wp-content\/uploads\/2024\/02\/avatar_user_2_1707743258-96x96.jpeg\",\"caption\":\"Genival Barbosa\"},\"url\":\"https:\/\/portalnpm.com\/index.php\/author\/genival\/\"}]}<\/script>\n<!-- \/ Yoast SEO plugin. -->","yoast_head_json":{"title":"Palmeiras tem in\u00edcio avassalador e vence Fortaleza em partida de ida da Copa do Brasil - Portal NPM","robots":{"index":"index","follow":"follow","max-snippet":"max-snippet:-1","max-image-preview":"max-image-preview:large","max-video-preview":"max-video-preview:-1"},"canonical":"https:\/\/portalnpm.com\/index.php\/2023\/05\/18\/palmeiras-tem-inicio-avassalador-e-vence-fortaleza-em-partida-de-ida-da-copa-do-brasil\/","og_locale":"pt_BR","og_type":"article","og_title":"Palmeiras tem in\u00edcio avassalador e vence Fortaleza em partida de ida da Copa do Brasil - Portal NPM","og_description":"O\u00a0Palmeiras\u00a0venceu o Fortaleza por 3 a 0 na noite desta quarta-feira (17) no Allianz Parque, em jogo v\u00e1lido pela ida das oitavas de final da Copa do Brasil. Os gols palestrinos foram marcados por Raphael Veiga, de p\u00eanalti, ainda no in\u00edcio de jogo, Bruno Tabata e Richard R\u00edos. Com o resultado, o\u00a0Verd\u00e3o pode at\u00e9 perder &hellip;","og_url":"https:\/\/portalnpm.com\/index.php\/2023\/05\/18\/palmeiras-tem-inicio-avassalador-e-vence-fortaleza-em-partida-de-ida-da-copa-do-brasil\/","og_site_name":"Portal NPM","article_published_time":"2023-05-18T14:45:57+00:00","author":"Genival Barbosa","twitter_card":"summary_large_image","twitter_misc":{"Escrito por":"Genival Barbosa","Est. tempo de leitura":"4 minutos"},"schema":{"@context":"https:\/\/schema.org","@graph":[{"@type":"WebPage","@id":"https:\/\/portalnpm.com\/index.php\/2023\/05\/18\/palmeiras-tem-inicio-avassalador-e-vence-fortaleza-em-partida-de-ida-da-copa-do-brasil\/","url":"https:\/\/portalnpm.com\/index.php\/2023\/05\/18\/palmeiras-tem-inicio-avassalador-e-vence-fortaleza-em-partida-de-ida-da-copa-do-brasil\/","name":"Palmeiras tem in\u00edcio avassalador e vence Fortaleza em partida de ida da Copa do Brasil - Portal NPM","isPartOf":{"@id":"https:\/\/portalnpm.com\/#website"},"primaryImageOfPage":{"@id":"https:\/\/portalnpm.com\/index.php\/2023\/05\/18\/palmeiras-tem-inicio-avassalador-e-vence-fortaleza-em-partida-de-ida-da-copa-do-brasil\/#primaryimage"},"image":{"@id":"https:\/\/portalnpm.com\/index.php\/2023\/05\/18\/palmeiras-tem-inicio-avassalador-e-vence-fortaleza-em-partida-de-ida-da-copa-do-brasil\/#primaryimage"},"thumbnailUrl":"","datePublished":"2023-05-18T14:45:57+00:00","dateModified":"2023-05-18T14:45:57+00:00","author":{"@id":"https:\/\/portalnpm.com\/#\/schema\/person\/49313e563cfdefcc167f1ee4c017c294"},"breadcrumb":{"@id":"https:\/\/portalnpm.com\/index.php\/2023\/05\/18\/palmeiras-tem-inicio-avassalador-e-vence-fortaleza-em-partida-de-ida-da-copa-do-brasil\/#breadcrumb"},"inLanguage":"pt-BR","potentialAction":[{"@type":"ReadAction","target":["https:\/\/portalnpm.com\/index.php\/2023\/05\/18\/palmeiras-tem-inicio-avassalador-e-vence-fortaleza-em-partida-de-ida-da-copa-do-brasil\/"]}]},{"@type":"ImageObject","inLanguage":"pt-BR","@id":"https:\/\/portalnpm.com\/index.php\/2023\/05\/18\/palmeiras-tem-inicio-avassalador-e-vence-fortaleza-em-partida-de-ida-da-copa-do-brasil\/#primaryimage","url":"","contentUrl":""},{"@type":"BreadcrumbList","@id":"https:\/\/portalnpm.com\/index.php\/2023\/05\/18\/palmeiras-tem-inicio-avassalador-e-vence-fortaleza-em-partida-de-ida-da-copa-do-brasil\/#breadcrumb","itemListElement":[{"@type":"ListItem","position":1,"name":"In\u00edcio","item":"https:\/\/portalnpm.com\/"},{"@type":"ListItem","position":2,"name":"Palmeiras tem in\u00edcio avassalador e vence Fortaleza em partida de ida da Copa do Brasil"}]},{"@type":"WebSite","@id":"https:\/\/portalnpm.com\/#website","url":"https:\/\/portalnpm.com\/","name":"Portal NPM","description":"Not\u00edcias em Primeira M\u00e3o","potentialAction":[{"@type":"SearchAction","target":{"@type":"EntryPoint","urlTemplate":"https:\/\/portalnpm.com\/?s={search_term_string}"},"query-input":"required name=search_term_string"}],"inLanguage":"pt-BR"},{"@type":"Person","@id":"https:\/\/portalnpm.com\/#\/schema\/person\/49313e563cfdefcc167f1ee4c017c294","name":"Genival Barbosa","image":{"@type":"ImageObject","inLanguage":"pt-BR","@id":"https:\/\/portalnpm.com\/#\/schema\/person\/image\/","url":"https:\/\/portalnpm.com\/wp-content\/uploads\/2024\/02\/avatar_user_2_1707743258-96x96.jpeg","contentUrl":"https:\/\/portalnpm.com\/wp-content\/uploads\/2024\/02\/avatar_user_2_1707743258-96x96.jpeg","caption":"Genival Barbosa"},"url":"https:\/\/portalnpm.com\/index.php\/author\/genival\/"}]}},"jetpack_sharing_enabled":true,"jetpack_featured_media_url":"","_links":{"self":[{"href":"https:\/\/portalnpm.com\/index.php\/wp-json\/wp\/v2\/posts\/46468"}],"collection":[{"href":"https:\/\/portalnpm.com\/index.php\/wp-json\/wp\/v2\/posts"}],"about":[{"href":"https:\/\/portalnpm.com\/index.php\/wp-json\/wp\/v2\/types\/post"}],"author":[{"embeddable":true,"href":"https:\/\/portalnpm.com\/index.php\/wp-json\/wp\/v2\/users\/2"}],"replies":[{"embeddable":true,"href":"https:\/\/portalnpm.com\/index.php\/wp-json\/wp\/v2\/comments?post=46468"}],"version-history":[{"count":0,"href":"https:\/\/portalnpm.com\/index.php\/wp-json\/wp\/v2\/posts\/46468\/revisions"}],"wp:featuredmedia":[{"embeddable":true,"href":"https:\/\/portalnpm.com\/index.php\/wp-json\/"}],"wp:attachment":[{"href":"https:\/\/portalnpm.com\/index.php\/wp-json\/wp\/v2\/media?parent=46468"}],"wp:term":[{"taxonomy":"category","embeddable":true,"href":"https:\/\/portalnpm.com\/index.php\/wp-json\/wp\/v2\/categories?post=46468"},{"taxonomy":"post_tag","embeddable":true,"href":"https:\/\/portalnpm.com\/index.php\/wp-json\/wp\/v2\/tags?post=46468"}],"curies":[{"name":"wp","href":"https:\/\/api.w.org\/{rel}","templated":true}]}}