{"id":46486,"date":"2023-05-18T12:09:31","date_gmt":"2023-05-18T15:09:31","guid":{"rendered":"https:\/\/portalnpm.com\/?p=46486"},"modified":"2023-05-18T12:09:31","modified_gmt":"2023-05-18T15:09:31","slug":"internacional-sofre-dois-gols-de-penalti-e-derrotado-pelo-america-mg-e-sai-em-desvantagem-nas-oitavas-da-copa-do-brasil","status":"publish","type":"post","link":"https:\/\/portalnpm.com\/index.php\/2023\/05\/18\/internacional-sofre-dois-gols-de-penalti-e-derrotado-pelo-america-mg-e-sai-em-desvantagem-nas-oitavas-da-copa-do-brasil\/","title":{"rendered":"Internacional sofre dois gols de p\u00eanalti, \u00e9 derrotado pelo Am\u00e9rica-MG e sai em desvantagem nas oitavas da Copa do Brasil"},"content":{"rendered":"<p style=\"text-align: justify;\" data-t=\"{&quot;n&quot;:&quot;blueLinks&quot;}\">O\u00a0<a tabindex=\"0\" href=\"http:\/\/www.gazetaesportiva.com\/times\/internacional\" target=\"_blank\" rel=\"noopener\" data-t=\"{&quot;n&quot;:&quot;destination&quot;,&quot;t&quot;:13,&quot;b&quot;:1,&quot;c.t&quot;:7}\"><strong>Internacional<\/strong>\u00a0<\/a>foi derrotado nesta quarta-feira, por 2 a 0, para o\u00a0<a tabindex=\"0\" href=\"http:\/\/gazetaesportiva.com\/times\/atletico-mg\" target=\"_blank\" rel=\"noopener\" data-t=\"{&quot;n&quot;:&quot;destination&quot;,&quot;t&quot;:13,&quot;b&quot;:1,&quot;c.t&quot;:7}\"><strong>Am\u00e9rica-MG<\/strong><\/a>, em duelo de ida das oitavas de final da Copa do Brasil, no Independ\u00eancia, em Belo Horizonte (MG). Ambos os gols foram marcados por Alo\u00edsio, de p\u00eanalti, no segundo tempo. Com este resultado, o Colorado, de Mano Menezes, chega \u00e0 quarta derrota seguida.<\/p>\n<p style=\"text-align: justify;\" data-t=\"{&quot;n&quot;:&quot;blueLinks&quot;}\">\n<p style=\"text-align: justify;\" data-t=\"{&quot;n&quot;:&quot;blueLinks&quot;}\">\n<p class=\"continue-read-break\" style=\"text-align: justify;\" data-t=\"{&quot;n&quot;:&quot;blueLinks&quot;}\">A equipe ga\u00facha tenta reverter o resultado no dia 31 de maio, quarta-feira, \u00e0s 21h30 (de Bras\u00edlia), no Beira-Rio, em Porto Alegre, no jogo de volta. Antes, o Internacional faz cl\u00e1ssico contra o Gr\u00eamio, no domingo, \u00e0s 21h30, pela s\u00e9tima rodada do Brasileir\u00e3o. O Am\u00e9rica-MG, enfrenta o Fortaleza, no s\u00e1bado, \u00e0s 18h30.<\/p>\n<p class=\"\" style=\"text-align: justify;\" tabindex=\"-1\" data-t=\"{&quot;n&quot;:&quot;blueLinks&quot;}\" aria-expanded=\"true\">Jogando longe de seus dom\u00ednios, o Internacional tratou de tentar impor seu jogo e levou perigo ao gol do Am\u00e9rica-MG. Aos cinco minutos, Alan Patrick recebeu livre na \u00e1rea e cabeceou bem, fazendo Mateus Pasinato trabalhar. Em seguida, Wanderson arriscou de fora da \u00e1rea e viu Pasinato espalmar e salvar o Coelho.<\/p>\n<div class=\"intra-article-module articlePageIntraArticleFullWidth intra-article-ad-full intra-article-ad-full-placeholder\" style=\"text-align: justify;\" tabindex=\"-1\" data-t=\"{&quot;n&quot;:&quot;intraArticle&quot;,&quot;t&quot;:13}\" aria-expanded=\"true\">\n<div class=\"\">\n<div class=\"native-ad-container native-ad-full  native-ad-full-mobile \">\n<div class=\"article no-content-indicator image-pos-end narrow-image\">\n<div class=\"image-end\">\n<div class=\"image-end-container\">\n<div class=\"image-container\">\n<div id=\"image\" class=\"image\"><\/div>\n<\/div>\n<div class=\"image-end-gradient-container\">\n<div class=\"image-end-gradient-bottom\"><\/div>\n<\/div>\n<\/div>\n<\/div>\n<\/div>\n<\/div>\n<\/div>\n<\/div>\n<p class=\"\" style=\"text-align: justify;\" tabindex=\"-1\" data-t=\"{&quot;n&quot;:&quot;blueLinks&quot;}\" aria-expanded=\"true\">O goleiro do Inter, por outro lado, pouco trabalhou, j\u00e1 que o Am\u00e9rica-MG n\u00e3o conseguiu levar muito perigo. Nas tentativas, a zaga colorada soube afastar a bola de seu campo de defesa. A melhor chance do mineiros foi aos 35 minutos, quando Breno recebeu livre, mas mandou para fora do gol.<\/p>\n<p class=\"\" style=\"text-align: justify;\" tabindex=\"-1\" data-t=\"{&quot;n&quot;:&quot;blueLinks&quot;}\" aria-expanded=\"true\">J\u00e1 no segundo tempo, o Am\u00e9rica-MG quase marcou aos dois minutos. Everaldo cruzou na \u00e1rea e Renato Marques cabeceou pr\u00f3ximo ao gol de Keiller. Nos primeiros minutos da etapa final, o Coelho conseguiu empurrar o Colorado para tr\u00e1s, mas n\u00e3o conseguiu ser efetivo para abrir o placar.<\/p>\n<p class=\"\" style=\"text-align: justify;\" tabindex=\"-1\" data-t=\"{&quot;n&quot;:&quot;blueLinks&quot;}\" aria-expanded=\"true\">O Inter chegou a marcar, com Maur\u00edcio, aos 17, mas ap\u00f3s revis\u00e3o do VAR o lance foi anulado por falta de Alan Patrick no in\u00edcio. O camisa 10, em seguida, recebeu o segundo cart\u00e3o amarelo e acabou expulso, desfalcando o Colorado. Nos acr\u00e9scimos, Carlos de Pena cometeu falta em Lucas Kal e o \u00e1rbitro marcou a penalidade. Na cobran\u00e7a, Alo\u00edsio converteu.<\/p>\n<p class=\"\" style=\"text-align: justify;\" tabindex=\"-1\" data-t=\"{&quot;n&quot;:&quot;blueLinks&quot;}\" aria-expanded=\"true\">Mais ao fim do jogo, Bustos cometeu falta em Alo\u00edsio, dentro da \u00e1rea, e o \u00e1rbitro marcou mais um p\u00eanalti. Novamente, Alo\u00edsio balan\u00e7ou a rede.<\/p>\n<div class=\"article-clear-div\" style=\"text-align: justify;\" tabindex=\"-1\" aria-expanded=\"true\"><\/div>\n<p style=\"text-align: justify;\" data-t=\"{&quot;n&quot;:&quot;blueLinks&quot;}\"><strong>FICHA T\u00c9CNICA<\/strong><\/p>\n<p style=\"text-align: justify;\" data-t=\"{&quot;n&quot;:&quot;blueLinks&quot;}\"><strong>AM\u00c9RICA-MG 2 X 0 INTERNACIONAL<\/strong><\/p>\n<p class=\"\" style=\"text-align: justify;\" tabindex=\"-1\" data-t=\"{&quot;n&quot;:&quot;blueLinks&quot;}\" aria-expanded=\"true\"><strong>Local:<\/strong>\u00a0Est\u00e1dio Independ\u00eancia, em Belo Horizonte (MG)<\/p>\n<p class=\"\" style=\"text-align: justify;\" tabindex=\"-1\" data-t=\"{&quot;n&quot;:&quot;blueLinks&quot;}\" aria-expanded=\"true\"><strong>Data:<\/strong>\u00a0 17 de maio de 2023 (quarta-feira)<\/p>\n<p class=\"\" style=\"text-align: justify;\" tabindex=\"-1\" data-t=\"{&quot;n&quot;:&quot;blueLinks&quot;}\" aria-expanded=\"true\"><strong>Hor\u00e1rio:<\/strong>\u00a021 horas (de Bras\u00edlia)<\/p>\n<p class=\"\" style=\"text-align: justify;\" tabindex=\"-1\" data-t=\"{&quot;n&quot;:&quot;blueLinks&quot;}\" aria-expanded=\"true\"><strong>\u00c1rbitro:<\/strong>\u00a0Bruno Arleu de Oliveira (RJ-FIFA)<\/p>\n<p class=\"\" style=\"text-align: justify;\" tabindex=\"-1\" data-t=\"{&quot;n&quot;:&quot;blueLinks&quot;}\" aria-expanded=\"true\"><strong>Assistentes:<\/strong>\u00a0Alex Ang Ribeiro (SP-FIFA) e Michael Correia (RJ)<\/p>\n<p class=\"\" style=\"text-align: justify;\" tabindex=\"-1\" data-t=\"{&quot;n&quot;:&quot;blueLinks&quot;}\" aria-expanded=\"true\"><strong>VAR:<\/strong>\u00a0Rodrigo Guarizo Ferreira do Amaral (SP-FIFA)<\/p>\n<p class=\"\" style=\"text-align: justify;\" tabindex=\"-1\" data-t=\"{&quot;n&quot;:&quot;blueLinks&quot;}\" aria-expanded=\"true\"><strong>Cart\u00f5es amarelos<\/strong>: Alan Patrick, Thauan Lara, Gustavo Campanharo, Pedro Henrique, Gabriel Moledo e Bustos (Internacional); Emmanuel Mart\u00ednez, Everaldo e Al\u00ea (Am\u00e9rica-MG)<\/p>\n<p class=\"\" style=\"text-align: justify;\" tabindex=\"-1\" data-t=\"{&quot;n&quot;:&quot;blueLinks&quot;}\" aria-expanded=\"true\"><strong>Cart\u00e3o vermelho<\/strong>: Alan Patrick e Bustos (Internacional)<\/p>\n<p class=\"\" style=\"text-align: justify;\" tabindex=\"-1\" data-t=\"{&quot;n&quot;:&quot;blueLinks&quot;}\" aria-expanded=\"true\"><strong>GOLS<\/strong>:<\/p>\n<p class=\"\" style=\"text-align: justify;\" tabindex=\"-1\" data-t=\"{&quot;n&quot;:&quot;blueLinks&quot;}\" aria-expanded=\"true\"><strong>AM\u00c9RICA-MG<\/strong>: Alo\u00edsio (aos 47 e 61 minutos do 2\u00b0T)<\/p>\n<p class=\"\" style=\"text-align: justify;\" tabindex=\"-1\" data-t=\"{&quot;n&quot;:&quot;blueLinks&quot;}\" aria-expanded=\"true\"><strong>AM\u00c9RICA-MG:\u00a0<\/strong>Mateus Pasinato; \u00c9der, Iago Maidana, Wanderson (Ricardo Silva) e Danilo Avelar; Lucas Kal, Breno (Ben\u00edtez) e Mart\u00ednez (Al\u00ea); Mateus Gon\u00e7alves, Everaldo e Renato Marques (Aloisio).<\/p>\n<p class=\"\" style=\"text-align: justify;\" tabindex=\"-1\" data-t=\"{&quot;n&quot;:&quot;blueLinks&quot;}\" aria-expanded=\"true\"><strong>T\u00e9cnico:<\/strong>\u00a0Vagner Mancini<\/p>\n<p class=\"\" style=\"text-align: justify;\" tabindex=\"-1\" data-t=\"{&quot;n&quot;:&quot;blueLinks&quot;}\" aria-expanded=\"true\"><strong>INTERNACIONAL:<\/strong>\u00a0Keiller; Fabricio Bustos, Rodrigo Moledo, Gabriel Mercado e Thauan Lara (Nico Hernandez); Gabriel Baralhas (Carlos de Pena), Gustavo Campanharo (Johnny) e Alan Patrick; Maur\u00edcio (Jean Dias), Wanderson (Pedro Henrique) e Alem\u00e3o.<\/p>\n<p class=\"\" style=\"text-align: justify;\" tabindex=\"-1\" data-t=\"{&quot;n&quot;:&quot;blueLinks&quot;}\" aria-expanded=\"true\"><strong>T\u00e9cnico:<\/strong>\u00a0Mano Menezes<\/p>\n<p style=\"text-align: justify;\" tabindex=\"-1\" data-t=\"{&quot;n&quot;:&quot;blueLinks&quot;}\" aria-expanded=\"true\">Por Gazeta Esportiva<\/p>\n","protected":false},"excerpt":{"rendered":"<p>O\u00a0Internacional\u00a0foi derrotado nesta quarta-feira, por 2 a 0, para o\u00a0Am\u00e9rica-MG, em duelo de ida das oitavas de final da Copa do Brasil, no Independ\u00eancia, em Belo Horizonte (MG). Ambos os gols foram marcados por Alo\u00edsio, de p\u00eanalti, no segundo tempo. Com este resultado, o Colorado, de Mano Menezes, chega \u00e0 quarta derrota seguida. A equipe &hellip;<\/p>\n","protected":false},"author":2,"featured_media":46487,"comment_status":"open","ping_status":"open","sticky":false,"template":"","format":"standard","meta":{"content-type":"","rop_custom_images_group":[],"rop_custom_messages_group":[],"rop_publish_now":"initial","rop_publish_now_accounts":{"facebook_2648258775420054_1618374048415101":""},"rop_publish_now_history":[],"rop_publish_now_status":"pending","footnotes":"","_jetpack_memberships_contains_paid_content":false},"categories":[108],"tags":[14466,832],"yoast_head":"<!-- This site is optimized with the Yoast SEO plugin v22.3 - https:\/\/yoast.com\/wordpress\/plugins\/seo\/ -->\n<title>Internacional sofre dois gols de p\u00eanalti, \u00e9 derrotado pelo Am\u00e9rica-MG e sai em desvantagem nas oitavas da Copa do Brasil - Portal NPM<\/title>\n<meta name=\"robots\" content=\"index, follow, max-snippet:-1, max-image-preview:large, max-video-preview:-1\" \/>\n<link rel=\"canonical\" href=\"https:\/\/portalnpm.com\/index.php\/2023\/05\/18\/internacional-sofre-dois-gols-de-penalti-e-derrotado-pelo-america-mg-e-sai-em-desvantagem-nas-oitavas-da-copa-do-brasil\/\" \/>\n<meta property=\"og:locale\" content=\"pt_BR\" \/>\n<meta property=\"og:type\" content=\"article\" \/>\n<meta property=\"og:title\" content=\"Internacional sofre dois gols de p\u00eanalti, \u00e9 derrotado pelo Am\u00e9rica-MG e sai em desvantagem nas oitavas da Copa do Brasil - Portal NPM\" \/>\n<meta property=\"og:description\" content=\"O\u00a0Internacional\u00a0foi derrotado nesta quarta-feira, por 2 a 0, para o\u00a0Am\u00e9rica-MG, em duelo de ida das oitavas de final da Copa do Brasil, no Independ\u00eancia, em Belo Horizonte (MG). Ambos os gols foram marcados por Alo\u00edsio, de p\u00eanalti, no segundo tempo. Com este resultado, o Colorado, de Mano Menezes, chega \u00e0 quarta derrota seguida. A equipe &hellip;\" \/>\n<meta property=\"og:url\" content=\"https:\/\/portalnpm.com\/index.php\/2023\/05\/18\/internacional-sofre-dois-gols-de-penalti-e-derrotado-pelo-america-mg-e-sai-em-desvantagem-nas-oitavas-da-copa-do-brasil\/\" \/>\n<meta property=\"og:site_name\" content=\"Portal NPM\" \/>\n<meta property=\"article:published_time\" content=\"2023-05-18T15:09:31+00:00\" \/>\n<meta name=\"author\" content=\"Genival Barbosa\" \/>\n<meta name=\"twitter:card\" content=\"summary_large_image\" \/>\n<meta name=\"twitter:label1\" content=\"Escrito por\" \/>\n\t<meta name=\"twitter:data1\" content=\"Genival Barbosa\" \/>\n\t<meta name=\"twitter:label2\" content=\"Est. tempo de leitura\" \/>\n\t<meta name=\"twitter:data2\" content=\"3 minutos\" \/>\n<script type=\"application\/ld+json\" class=\"yoast-schema-graph\">{\"@context\":\"https:\/\/schema.org\",\"@graph\":[{\"@type\":\"WebPage\",\"@id\":\"https:\/\/portalnpm.com\/index.php\/2023\/05\/18\/internacional-sofre-dois-gols-de-penalti-e-derrotado-pelo-america-mg-e-sai-em-desvantagem-nas-oitavas-da-copa-do-brasil\/\",\"url\":\"https:\/\/portalnpm.com\/index.php\/2023\/05\/18\/internacional-sofre-dois-gols-de-penalti-e-derrotado-pelo-america-mg-e-sai-em-desvantagem-nas-oitavas-da-copa-do-brasil\/\",\"name\":\"Internacional sofre dois gols de p\u00eanalti, \u00e9 derrotado pelo Am\u00e9rica-MG e sai em desvantagem nas oitavas da Copa do Brasil - Portal NPM\",\"isPartOf\":{\"@id\":\"https:\/\/portalnpm.com\/#website\"},\"primaryImageOfPage\":{\"@id\":\"https:\/\/portalnpm.com\/index.php\/2023\/05\/18\/internacional-sofre-dois-gols-de-penalti-e-derrotado-pelo-america-mg-e-sai-em-desvantagem-nas-oitavas-da-copa-do-brasil\/#primaryimage\"},\"image\":{\"@id\":\"https:\/\/portalnpm.com\/index.php\/2023\/05\/18\/internacional-sofre-dois-gols-de-penalti-e-derrotado-pelo-america-mg-e-sai-em-desvantagem-nas-oitavas-da-copa-do-brasil\/#primaryimage\"},\"thumbnailUrl\":\"\",\"datePublished\":\"2023-05-18T15:09:31+00:00\",\"dateModified\":\"2023-05-18T15:09:31+00:00\",\"author\":{\"@id\":\"https:\/\/portalnpm.com\/#\/schema\/person\/49313e563cfdefcc167f1ee4c017c294\"},\"breadcrumb\":{\"@id\":\"https:\/\/portalnpm.com\/index.php\/2023\/05\/18\/internacional-sofre-dois-gols-de-penalti-e-derrotado-pelo-america-mg-e-sai-em-desvantagem-nas-oitavas-da-copa-do-brasil\/#breadcrumb\"},\"inLanguage\":\"pt-BR\",\"potentialAction\":[{\"@type\":\"ReadAction\",\"target\":[\"https:\/\/portalnpm.com\/index.php\/2023\/05\/18\/internacional-sofre-dois-gols-de-penalti-e-derrotado-pelo-america-mg-e-sai-em-desvantagem-nas-oitavas-da-copa-do-brasil\/\"]}]},{\"@type\":\"ImageObject\",\"inLanguage\":\"pt-BR\",\"@id\":\"https:\/\/portalnpm.com\/index.php\/2023\/05\/18\/internacional-sofre-dois-gols-de-penalti-e-derrotado-pelo-america-mg-e-sai-em-desvantagem-nas-oitavas-da-copa-do-brasil\/#primaryimage\",\"url\":\"\",\"contentUrl\":\"\"},{\"@type\":\"BreadcrumbList\",\"@id\":\"https:\/\/portalnpm.com\/index.php\/2023\/05\/18\/internacional-sofre-dois-gols-de-penalti-e-derrotado-pelo-america-mg-e-sai-em-desvantagem-nas-oitavas-da-copa-do-brasil\/#breadcrumb\",\"itemListElement\":[{\"@type\":\"ListItem\",\"position\":1,\"name\":\"In\u00edcio\",\"item\":\"https:\/\/portalnpm.com\/\"},{\"@type\":\"ListItem\",\"position\":2,\"name\":\"Internacional sofre dois gols de p\u00eanalti, \u00e9 derrotado pelo Am\u00e9rica-MG e sai em desvantagem nas oitavas da Copa do Brasil\"}]},{\"@type\":\"WebSite\",\"@id\":\"https:\/\/portalnpm.com\/#website\",\"url\":\"https:\/\/portalnpm.com\/\",\"name\":\"Portal NPM\",\"description\":\"Not\u00edcias em Primeira M\u00e3o\",\"potentialAction\":[{\"@type\":\"SearchAction\",\"target\":{\"@type\":\"EntryPoint\",\"urlTemplate\":\"https:\/\/portalnpm.com\/?s={search_term_string}\"},\"query-input\":\"required name=search_term_string\"}],\"inLanguage\":\"pt-BR\"},{\"@type\":\"Person\",\"@id\":\"https:\/\/portalnpm.com\/#\/schema\/person\/49313e563cfdefcc167f1ee4c017c294\",\"name\":\"Genival Barbosa\",\"image\":{\"@type\":\"ImageObject\",\"inLanguage\":\"pt-BR\",\"@id\":\"https:\/\/portalnpm.com\/#\/schema\/person\/image\/\",\"url\":\"https:\/\/portalnpm.com\/wp-content\/uploads\/2024\/02\/avatar_user_2_1707743258-96x96.jpeg\",\"contentUrl\":\"https:\/\/portalnpm.com\/wp-content\/uploads\/2024\/02\/avatar_user_2_1707743258-96x96.jpeg\",\"caption\":\"Genival Barbosa\"},\"url\":\"https:\/\/portalnpm.com\/index.php\/author\/genival\/\"}]}<\/script>\n<!-- \/ Yoast SEO plugin. -->","yoast_head_json":{"title":"Internacional sofre dois gols de p\u00eanalti, \u00e9 derrotado pelo Am\u00e9rica-MG e sai em desvantagem nas oitavas da Copa do Brasil - Portal NPM","robots":{"index":"index","follow":"follow","max-snippet":"max-snippet:-1","max-image-preview":"max-image-preview:large","max-video-preview":"max-video-preview:-1"},"canonical":"https:\/\/portalnpm.com\/index.php\/2023\/05\/18\/internacional-sofre-dois-gols-de-penalti-e-derrotado-pelo-america-mg-e-sai-em-desvantagem-nas-oitavas-da-copa-do-brasil\/","og_locale":"pt_BR","og_type":"article","og_title":"Internacional sofre dois gols de p\u00eanalti, \u00e9 derrotado pelo Am\u00e9rica-MG e sai em desvantagem nas oitavas da Copa do Brasil - Portal NPM","og_description":"O\u00a0Internacional\u00a0foi derrotado nesta quarta-feira, por 2 a 0, para o\u00a0Am\u00e9rica-MG, em duelo de ida das oitavas de final da Copa do Brasil, no Independ\u00eancia, em Belo Horizonte (MG). Ambos os gols foram marcados por Alo\u00edsio, de p\u00eanalti, no segundo tempo. Com este resultado, o Colorado, de Mano Menezes, chega \u00e0 quarta derrota seguida. A equipe &hellip;","og_url":"https:\/\/portalnpm.com\/index.php\/2023\/05\/18\/internacional-sofre-dois-gols-de-penalti-e-derrotado-pelo-america-mg-e-sai-em-desvantagem-nas-oitavas-da-copa-do-brasil\/","og_site_name":"Portal NPM","article_published_time":"2023-05-18T15:09:31+00:00","author":"Genival Barbosa","twitter_card":"summary_large_image","twitter_misc":{"Escrito por":"Genival Barbosa","Est. tempo de leitura":"3 minutos"},"schema":{"@context":"https:\/\/schema.org","@graph":[{"@type":"WebPage","@id":"https:\/\/portalnpm.com\/index.php\/2023\/05\/18\/internacional-sofre-dois-gols-de-penalti-e-derrotado-pelo-america-mg-e-sai-em-desvantagem-nas-oitavas-da-copa-do-brasil\/","url":"https:\/\/portalnpm.com\/index.php\/2023\/05\/18\/internacional-sofre-dois-gols-de-penalti-e-derrotado-pelo-america-mg-e-sai-em-desvantagem-nas-oitavas-da-copa-do-brasil\/","name":"Internacional sofre dois gols de p\u00eanalti, \u00e9 derrotado pelo Am\u00e9rica-MG e sai em desvantagem nas oitavas da Copa do Brasil - Portal NPM","isPartOf":{"@id":"https:\/\/portalnpm.com\/#website"},"primaryImageOfPage":{"@id":"https:\/\/portalnpm.com\/index.php\/2023\/05\/18\/internacional-sofre-dois-gols-de-penalti-e-derrotado-pelo-america-mg-e-sai-em-desvantagem-nas-oitavas-da-copa-do-brasil\/#primaryimage"},"image":{"@id":"https:\/\/portalnpm.com\/index.php\/2023\/05\/18\/internacional-sofre-dois-gols-de-penalti-e-derrotado-pelo-america-mg-e-sai-em-desvantagem-nas-oitavas-da-copa-do-brasil\/#primaryimage"},"thumbnailUrl":"","datePublished":"2023-05-18T15:09:31+00:00","dateModified":"2023-05-18T15:09:31+00:00","author":{"@id":"https:\/\/portalnpm.com\/#\/schema\/person\/49313e563cfdefcc167f1ee4c017c294"},"breadcrumb":{"@id":"https:\/\/portalnpm.com\/index.php\/2023\/05\/18\/internacional-sofre-dois-gols-de-penalti-e-derrotado-pelo-america-mg-e-sai-em-desvantagem-nas-oitavas-da-copa-do-brasil\/#breadcrumb"},"inLanguage":"pt-BR","potentialAction":[{"@type":"ReadAction","target":["https:\/\/portalnpm.com\/index.php\/2023\/05\/18\/internacional-sofre-dois-gols-de-penalti-e-derrotado-pelo-america-mg-e-sai-em-desvantagem-nas-oitavas-da-copa-do-brasil\/"]}]},{"@type":"ImageObject","inLanguage":"pt-BR","@id":"https:\/\/portalnpm.com\/index.php\/2023\/05\/18\/internacional-sofre-dois-gols-de-penalti-e-derrotado-pelo-america-mg-e-sai-em-desvantagem-nas-oitavas-da-copa-do-brasil\/#primaryimage","url":"","contentUrl":""},{"@type":"BreadcrumbList","@id":"https:\/\/portalnpm.com\/index.php\/2023\/05\/18\/internacional-sofre-dois-gols-de-penalti-e-derrotado-pelo-america-mg-e-sai-em-desvantagem-nas-oitavas-da-copa-do-brasil\/#breadcrumb","itemListElement":[{"@type":"ListItem","position":1,"name":"In\u00edcio","item":"https:\/\/portalnpm.com\/"},{"@type":"ListItem","position":2,"name":"Internacional sofre dois gols de p\u00eanalti, \u00e9 derrotado pelo Am\u00e9rica-MG e sai em desvantagem nas oitavas da Copa do Brasil"}]},{"@type":"WebSite","@id":"https:\/\/portalnpm.com\/#website","url":"https:\/\/portalnpm.com\/","name":"Portal NPM","description":"Not\u00edcias em Primeira M\u00e3o","potentialAction":[{"@type":"SearchAction","target":{"@type":"EntryPoint","urlTemplate":"https:\/\/portalnpm.com\/?s={search_term_string}"},"query-input":"required name=search_term_string"}],"inLanguage":"pt-BR"},{"@type":"Person","@id":"https:\/\/portalnpm.com\/#\/schema\/person\/49313e563cfdefcc167f1ee4c017c294","name":"Genival Barbosa","image":{"@type":"ImageObject","inLanguage":"pt-BR","@id":"https:\/\/portalnpm.com\/#\/schema\/person\/image\/","url":"https:\/\/portalnpm.com\/wp-content\/uploads\/2024\/02\/avatar_user_2_1707743258-96x96.jpeg","contentUrl":"https:\/\/portalnpm.com\/wp-content\/uploads\/2024\/02\/avatar_user_2_1707743258-96x96.jpeg","caption":"Genival Barbosa"},"url":"https:\/\/portalnpm.com\/index.php\/author\/genival\/"}]}},"jetpack_sharing_enabled":true,"jetpack_featured_media_url":"","_links":{"self":[{"href":"https:\/\/portalnpm.com\/index.php\/wp-json\/wp\/v2\/posts\/46486"}],"collection":[{"href":"https:\/\/portalnpm.com\/index.php\/wp-json\/wp\/v2\/posts"}],"about":[{"href":"https:\/\/portalnpm.com\/index.php\/wp-json\/wp\/v2\/types\/post"}],"author":[{"embeddable":true,"href":"https:\/\/portalnpm.com\/index.php\/wp-json\/wp\/v2\/users\/2"}],"replies":[{"embeddable":true,"href":"https:\/\/portalnpm.com\/index.php\/wp-json\/wp\/v2\/comments?post=46486"}],"version-history":[{"count":0,"href":"https:\/\/portalnpm.com\/index.php\/wp-json\/wp\/v2\/posts\/46486\/revisions"}],"wp:featuredmedia":[{"embeddable":true,"href":"https:\/\/portalnpm.com\/index.php\/wp-json\/"}],"wp:attachment":[{"href":"https:\/\/portalnpm.com\/index.php\/wp-json\/wp\/v2\/media?parent=46486"}],"wp:term":[{"taxonomy":"category","embeddable":true,"href":"https:\/\/portalnpm.com\/index.php\/wp-json\/wp\/v2\/categories?post=46486"},{"taxonomy":"post_tag","embeddable":true,"href":"https:\/\/portalnpm.com\/index.php\/wp-json\/wp\/v2\/tags?post=46486"}],"curies":[{"name":"wp","href":"https:\/\/api.w.org\/{rel}","templated":true}]}}