{"id":46506,"date":"2023-05-19T11:31:40","date_gmt":"2023-05-19T14:31:40","guid":{"rendered":"https:\/\/portalnpm.com\/?p=46506"},"modified":"2023-05-19T11:31:40","modified_gmt":"2023-05-19T14:31:40","slug":"colisao-entre-motocicletas-deixa-tres-homens-feridos-em-picos","status":"publish","type":"post","link":"https:\/\/portalnpm.com\/index.php\/2023\/05\/19\/colisao-entre-motocicletas-deixa-tres-homens-feridos-em-picos\/","title":{"rendered":"Colis\u00e3o entre motocicletas deixa tr\u00eas homens feridos em Picos"},"content":{"rendered":"<h6 class=\"text-secondary mt-2 mb-3\" style=\"text-align: justify;\">Motociclista faz manobra irregular e causa acidente na BR 316<\/h6>\n<p style=\"text-align: justify;\">\n<p style=\"text-align: justify;\">\n<p style=\"text-align: justify;\">Um acidente envolvendo duas motos deixou tr\u00eas homens feridos, nesta quarta-feira (17), o acidente aconteceu na BR 316, sentido Picos.<\/p>\n<p style=\"text-align: justify;\">De acordo com informa\u00e7\u00f5es da PRF, o motociclista, de 42 anos, que andava com outro homem na garupa ao tentar realizar uma convers\u00e3o, para acessar uma estrada vicinal do outro lado da via, de maneira irregular, colidiu com outro motociclista, que seguia no sentido contr\u00e1rio.<\/p>\n<div class=\"big-image-noticia\" style=\"text-align: justify;\"><span class=\"credit\">Foto: PRF\/Divulga\u00e7\u00e3o<\/span><\/div>\n<div class=\"big-image-noticia\" style=\"text-align: justify;\"><img fetchpriority=\"high\" decoding=\"async\" class=\"jetpack-lazy-image jetpack-lazy-image--handled\" src=\"https:\/\/i0.wp.com\/www.portalaz.com.br\/media\/image_bank\/2023\/5\/thumbs\/motociclista-faz-manobra-irregular-e-causa-acidente-na-br-31.jpeg.1200x0_q95_crop.jpg?resize=800%2C543&amp;ssl=1\" alt=\"Motociclista faz manobra irregular e causa acidente na BR 316\" width=\"800\" height=\"543\" data-recalc-dims=\"1\" data-lazy-loaded=\"1\" \/>&nbsp;<\/p>\n<div class=\"legend\">Motociclista faz manobra irregular e causa acidente na BR 316<\/div>\n<\/div>\n<p style=\"text-align: justify;\">Os tr\u00eas homens tiveram apenas ferimentos leves e foram levados para o SAMU ainda consciente.<\/p>\n<p style=\"text-align: justify;\">\n<p style=\"text-align: justify;\">Fonte:\u00a0PRF<\/p>\n","protected":false},"excerpt":{"rendered":"<p>Motociclista faz manobra irregular e causa acidente na BR 316 Um acidente envolvendo duas motos deixou tr\u00eas homens feridos, nesta quarta-feira (17), o acidente aconteceu na BR 316, sentido Picos. De acordo com informa\u00e7\u00f5es da PRF, o motociclista, de 42 anos, que andava com outro homem na garupa ao tentar realizar uma convers\u00e3o, para acessar &hellip;<\/p>\n","protected":false},"author":2,"featured_media":46507,"comment_status":"open","ping_status":"open","sticky":false,"template":"","format":"standard","meta":{"content-type":"","rop_custom_images_group":[],"rop_custom_messages_group":[],"rop_publish_now":"initial","rop_publish_now_accounts":{"facebook_2648258775420054_1618374048415101":""},"rop_publish_now_history":[],"rop_publish_now_status":"pending","footnotes":"","_jetpack_memberships_contains_paid_content":false},"categories":[109,127],"tags":[1370,2911],"yoast_head":"<!-- This site is optimized with the Yoast SEO plugin v22.3 - https:\/\/yoast.com\/wordpress\/plugins\/seo\/ -->\n<title>Colis\u00e3o entre motocicletas deixa tr\u00eas homens feridos em Picos - Portal NPM<\/title>\n<meta name=\"robots\" content=\"index, follow, max-snippet:-1, max-image-preview:large, max-video-preview:-1\" \/>\n<link rel=\"canonical\" href=\"https:\/\/portalnpm.com\/index.php\/2023\/05\/19\/colisao-entre-motocicletas-deixa-tres-homens-feridos-em-picos\/\" \/>\n<meta property=\"og:locale\" content=\"pt_BR\" \/>\n<meta property=\"og:type\" content=\"article\" \/>\n<meta property=\"og:title\" content=\"Colis\u00e3o entre motocicletas deixa tr\u00eas homens feridos em Picos - Portal NPM\" \/>\n<meta property=\"og:description\" content=\"Motociclista faz manobra irregular e causa acidente na BR 316 Um acidente envolvendo duas motos deixou tr\u00eas homens feridos, nesta quarta-feira (17), o acidente aconteceu na BR 316, sentido Picos. De acordo com informa\u00e7\u00f5es da PRF, o motociclista, de 42 anos, que andava com outro homem na garupa ao tentar realizar uma convers\u00e3o, para acessar &hellip;\" \/>\n<meta property=\"og:url\" content=\"https:\/\/portalnpm.com\/index.php\/2023\/05\/19\/colisao-entre-motocicletas-deixa-tres-homens-feridos-em-picos\/\" \/>\n<meta property=\"og:site_name\" content=\"Portal NPM\" \/>\n<meta property=\"article:published_time\" content=\"2023-05-19T14:31:40+00:00\" \/>\n<meta name=\"author\" content=\"Genival Barbosa\" \/>\n<meta name=\"twitter:card\" content=\"summary_large_image\" \/>\n<meta name=\"twitter:label1\" content=\"Escrito por\" \/>\n\t<meta name=\"twitter:data1\" content=\"Genival Barbosa\" \/>\n\t<meta name=\"twitter:label2\" content=\"Est. tempo de leitura\" \/>\n\t<meta name=\"twitter:data2\" content=\"1 minuto\" \/>\n<script type=\"application\/ld+json\" class=\"yoast-schema-graph\">{\"@context\":\"https:\/\/schema.org\",\"@graph\":[{\"@type\":\"WebPage\",\"@id\":\"https:\/\/portalnpm.com\/index.php\/2023\/05\/19\/colisao-entre-motocicletas-deixa-tres-homens-feridos-em-picos\/\",\"url\":\"https:\/\/portalnpm.com\/index.php\/2023\/05\/19\/colisao-entre-motocicletas-deixa-tres-homens-feridos-em-picos\/\",\"name\":\"Colis\u00e3o entre motocicletas deixa tr\u00eas homens feridos em Picos - Portal NPM\",\"isPartOf\":{\"@id\":\"https:\/\/portalnpm.com\/#website\"},\"primaryImageOfPage\":{\"@id\":\"https:\/\/portalnpm.com\/index.php\/2023\/05\/19\/colisao-entre-motocicletas-deixa-tres-homens-feridos-em-picos\/#primaryimage\"},\"image\":{\"@id\":\"https:\/\/portalnpm.com\/index.php\/2023\/05\/19\/colisao-entre-motocicletas-deixa-tres-homens-feridos-em-picos\/#primaryimage\"},\"thumbnailUrl\":\"\",\"datePublished\":\"2023-05-19T14:31:40+00:00\",\"dateModified\":\"2023-05-19T14:31:40+00:00\",\"author\":{\"@id\":\"https:\/\/portalnpm.com\/#\/schema\/person\/49313e563cfdefcc167f1ee4c017c294\"},\"breadcrumb\":{\"@id\":\"https:\/\/portalnpm.com\/index.php\/2023\/05\/19\/colisao-entre-motocicletas-deixa-tres-homens-feridos-em-picos\/#breadcrumb\"},\"inLanguage\":\"pt-BR\",\"potentialAction\":[{\"@type\":\"ReadAction\",\"target\":[\"https:\/\/portalnpm.com\/index.php\/2023\/05\/19\/colisao-entre-motocicletas-deixa-tres-homens-feridos-em-picos\/\"]}]},{\"@type\":\"ImageObject\",\"inLanguage\":\"pt-BR\",\"@id\":\"https:\/\/portalnpm.com\/index.php\/2023\/05\/19\/colisao-entre-motocicletas-deixa-tres-homens-feridos-em-picos\/#primaryimage\",\"url\":\"\",\"contentUrl\":\"\"},{\"@type\":\"BreadcrumbList\",\"@id\":\"https:\/\/portalnpm.com\/index.php\/2023\/05\/19\/colisao-entre-motocicletas-deixa-tres-homens-feridos-em-picos\/#breadcrumb\",\"itemListElement\":[{\"@type\":\"ListItem\",\"position\":1,\"name\":\"In\u00edcio\",\"item\":\"https:\/\/portalnpm.com\/\"},{\"@type\":\"ListItem\",\"position\":2,\"name\":\"Colis\u00e3o entre motocicletas deixa tr\u00eas homens feridos em Picos\"}]},{\"@type\":\"WebSite\",\"@id\":\"https:\/\/portalnpm.com\/#website\",\"url\":\"https:\/\/portalnpm.com\/\",\"name\":\"Portal NPM\",\"description\":\"Not\u00edcias em Primeira M\u00e3o\",\"potentialAction\":[{\"@type\":\"SearchAction\",\"target\":{\"@type\":\"EntryPoint\",\"urlTemplate\":\"https:\/\/portalnpm.com\/?s={search_term_string}\"},\"query-input\":\"required name=search_term_string\"}],\"inLanguage\":\"pt-BR\"},{\"@type\":\"Person\",\"@id\":\"https:\/\/portalnpm.com\/#\/schema\/person\/49313e563cfdefcc167f1ee4c017c294\",\"name\":\"Genival Barbosa\",\"image\":{\"@type\":\"ImageObject\",\"inLanguage\":\"pt-BR\",\"@id\":\"https:\/\/portalnpm.com\/#\/schema\/person\/image\/\",\"url\":\"https:\/\/portalnpm.com\/wp-content\/uploads\/2024\/02\/avatar_user_2_1707743258-96x96.jpeg\",\"contentUrl\":\"https:\/\/portalnpm.com\/wp-content\/uploads\/2024\/02\/avatar_user_2_1707743258-96x96.jpeg\",\"caption\":\"Genival Barbosa\"},\"url\":\"https:\/\/portalnpm.com\/index.php\/author\/genival\/\"}]}<\/script>\n<!-- \/ Yoast SEO plugin. -->","yoast_head_json":{"title":"Colis\u00e3o entre motocicletas deixa tr\u00eas homens feridos em Picos - Portal NPM","robots":{"index":"index","follow":"follow","max-snippet":"max-snippet:-1","max-image-preview":"max-image-preview:large","max-video-preview":"max-video-preview:-1"},"canonical":"https:\/\/portalnpm.com\/index.php\/2023\/05\/19\/colisao-entre-motocicletas-deixa-tres-homens-feridos-em-picos\/","og_locale":"pt_BR","og_type":"article","og_title":"Colis\u00e3o entre motocicletas deixa tr\u00eas homens feridos em Picos - Portal NPM","og_description":"Motociclista faz manobra irregular e causa acidente na BR 316 Um acidente envolvendo duas motos deixou tr\u00eas homens feridos, nesta quarta-feira (17), o acidente aconteceu na BR 316, sentido Picos. De acordo com informa\u00e7\u00f5es da PRF, o motociclista, de 42 anos, que andava com outro homem na garupa ao tentar realizar uma convers\u00e3o, para acessar &hellip;","og_url":"https:\/\/portalnpm.com\/index.php\/2023\/05\/19\/colisao-entre-motocicletas-deixa-tres-homens-feridos-em-picos\/","og_site_name":"Portal NPM","article_published_time":"2023-05-19T14:31:40+00:00","author":"Genival Barbosa","twitter_card":"summary_large_image","twitter_misc":{"Escrito por":"Genival Barbosa","Est. tempo de leitura":"1 minuto"},"schema":{"@context":"https:\/\/schema.org","@graph":[{"@type":"WebPage","@id":"https:\/\/portalnpm.com\/index.php\/2023\/05\/19\/colisao-entre-motocicletas-deixa-tres-homens-feridos-em-picos\/","url":"https:\/\/portalnpm.com\/index.php\/2023\/05\/19\/colisao-entre-motocicletas-deixa-tres-homens-feridos-em-picos\/","name":"Colis\u00e3o entre motocicletas deixa tr\u00eas homens feridos em Picos - Portal NPM","isPartOf":{"@id":"https:\/\/portalnpm.com\/#website"},"primaryImageOfPage":{"@id":"https:\/\/portalnpm.com\/index.php\/2023\/05\/19\/colisao-entre-motocicletas-deixa-tres-homens-feridos-em-picos\/#primaryimage"},"image":{"@id":"https:\/\/portalnpm.com\/index.php\/2023\/05\/19\/colisao-entre-motocicletas-deixa-tres-homens-feridos-em-picos\/#primaryimage"},"thumbnailUrl":"","datePublished":"2023-05-19T14:31:40+00:00","dateModified":"2023-05-19T14:31:40+00:00","author":{"@id":"https:\/\/portalnpm.com\/#\/schema\/person\/49313e563cfdefcc167f1ee4c017c294"},"breadcrumb":{"@id":"https:\/\/portalnpm.com\/index.php\/2023\/05\/19\/colisao-entre-motocicletas-deixa-tres-homens-feridos-em-picos\/#breadcrumb"},"inLanguage":"pt-BR","potentialAction":[{"@type":"ReadAction","target":["https:\/\/portalnpm.com\/index.php\/2023\/05\/19\/colisao-entre-motocicletas-deixa-tres-homens-feridos-em-picos\/"]}]},{"@type":"ImageObject","inLanguage":"pt-BR","@id":"https:\/\/portalnpm.com\/index.php\/2023\/05\/19\/colisao-entre-motocicletas-deixa-tres-homens-feridos-em-picos\/#primaryimage","url":"","contentUrl":""},{"@type":"BreadcrumbList","@id":"https:\/\/portalnpm.com\/index.php\/2023\/05\/19\/colisao-entre-motocicletas-deixa-tres-homens-feridos-em-picos\/#breadcrumb","itemListElement":[{"@type":"ListItem","position":1,"name":"In\u00edcio","item":"https:\/\/portalnpm.com\/"},{"@type":"ListItem","position":2,"name":"Colis\u00e3o entre motocicletas deixa tr\u00eas homens feridos em Picos"}]},{"@type":"WebSite","@id":"https:\/\/portalnpm.com\/#website","url":"https:\/\/portalnpm.com\/","name":"Portal NPM","description":"Not\u00edcias em Primeira M\u00e3o","potentialAction":[{"@type":"SearchAction","target":{"@type":"EntryPoint","urlTemplate":"https:\/\/portalnpm.com\/?s={search_term_string}"},"query-input":"required name=search_term_string"}],"inLanguage":"pt-BR"},{"@type":"Person","@id":"https:\/\/portalnpm.com\/#\/schema\/person\/49313e563cfdefcc167f1ee4c017c294","name":"Genival Barbosa","image":{"@type":"ImageObject","inLanguage":"pt-BR","@id":"https:\/\/portalnpm.com\/#\/schema\/person\/image\/","url":"https:\/\/portalnpm.com\/wp-content\/uploads\/2024\/02\/avatar_user_2_1707743258-96x96.jpeg","contentUrl":"https:\/\/portalnpm.com\/wp-content\/uploads\/2024\/02\/avatar_user_2_1707743258-96x96.jpeg","caption":"Genival Barbosa"},"url":"https:\/\/portalnpm.com\/index.php\/author\/genival\/"}]}},"jetpack_sharing_enabled":true,"jetpack_featured_media_url":"","_links":{"self":[{"href":"https:\/\/portalnpm.com\/index.php\/wp-json\/wp\/v2\/posts\/46506"}],"collection":[{"href":"https:\/\/portalnpm.com\/index.php\/wp-json\/wp\/v2\/posts"}],"about":[{"href":"https:\/\/portalnpm.com\/index.php\/wp-json\/wp\/v2\/types\/post"}],"author":[{"embeddable":true,"href":"https:\/\/portalnpm.com\/index.php\/wp-json\/wp\/v2\/users\/2"}],"replies":[{"embeddable":true,"href":"https:\/\/portalnpm.com\/index.php\/wp-json\/wp\/v2\/comments?post=46506"}],"version-history":[{"count":0,"href":"https:\/\/portalnpm.com\/index.php\/wp-json\/wp\/v2\/posts\/46506\/revisions"}],"wp:featuredmedia":[{"embeddable":true,"href":"https:\/\/portalnpm.com\/index.php\/wp-json\/"}],"wp:attachment":[{"href":"https:\/\/portalnpm.com\/index.php\/wp-json\/wp\/v2\/media?parent=46506"}],"wp:term":[{"taxonomy":"category","embeddable":true,"href":"https:\/\/portalnpm.com\/index.php\/wp-json\/wp\/v2\/categories?post=46506"},{"taxonomy":"post_tag","embeddable":true,"href":"https:\/\/portalnpm.com\/index.php\/wp-json\/wp\/v2\/tags?post=46506"}],"curies":[{"name":"wp","href":"https:\/\/api.w.org\/{rel}","templated":true}]}}