{"id":46510,"date":"2023-05-19T11:35:39","date_gmt":"2023-05-19T14:35:39","guid":{"rendered":"https:\/\/portalnpm.com\/?p=46510"},"modified":"2023-05-19T11:35:39","modified_gmt":"2023-05-19T14:35:39","slug":"eleitores-de-sao-lourenco-do-piaui-voltam-as-urnas-dia-6-de-agosto-para-eleger-prefeito-e-vice","status":"publish","type":"post","link":"https:\/\/portalnpm.com\/index.php\/2023\/05\/19\/eleitores-de-sao-lourenco-do-piaui-voltam-as-urnas-dia-6-de-agosto-para-eleger-prefeito-e-vice\/","title":{"rendered":"Eleitores de S\u00e3o Louren\u00e7o do Piau\u00ed voltam \u00e0s urnas dia 6 de agosto para eleger prefeito e vice"},"content":{"rendered":"<blockquote>\n<p style=\"text-align: justify;\">O novo pleito ocorrer\u00e1 ap\u00f3s o Tribunal Superior Eleitoral (TSE) cassar, por compra de votos, o prefeito e o vice-prefeito eleitos da cidade nas elei\u00e7\u00f5es de 2020.<\/p>\n<\/blockquote>\n<p style=\"text-align: justify;\">O Tribunal Regional Eleitoral (TRE-PI) determinou o dia 6 de agosto como data para a realiza\u00e7\u00e3o de uma nova elei\u00e7\u00e3o no munic\u00edpio de S\u00e3o Louren\u00e7o do Piau\u00ed, Sul do Piau\u00ed.<\/p>\n<p style=\"text-align: justify;\">O novo pleito ocorrer\u00e1 ap\u00f3s o Tribunal Superior Eleitoral (TSE) cassar, por compra de votos, os diplomas de Biraci Damasceno Ribeiro (PSD) e Valdeci Paes de Castro (PSB), eleitos prefeito e vice da cidade nas elei\u00e7\u00f5es de 2020.<\/p>\n<div class=\"content-media-container glb-skeleton-box\" style=\"text-align: justify;\">\n<figure class=\"content-media-figure\"><img fetchpriority=\"high\" decoding=\"async\" class=\"i-amphtml-fill-content i-amphtml-replaced-content jetpack-lazy-image jetpack-lazy-image--handled\" src=\"https:\/\/i0.wp.com\/s2-g1.glbimg.com\/lSeRLDKrjvtRoTIBCd60Dw4aeAY=\/0x0:1080x1080\/984x0\/smart\/filters:strip_icc()\/i.s3.glbimg.com\/v1\/AUTH_59edd422c0c84a879bd37670ae4f538a\/internal_photos\/bs\/2023\/h\/d\/zVe2pkQyWTBAkNtuAlMA\/318427691-5609026962538322-8729461845403565357-n.jpg?resize=800%2C800&amp;ssl=1\" sizes=\"(max-width: 1422px) 648px, 100vw\" srcset=\"https:\/\/s2-g1.glbimg.com\/N0MlwQ04Far2IQ3CANYswYZtMxs=\/0x0:1080x1080\/1000x0\/smart\/filters:strip_icc()\/i.s3.glbimg.com\/v1\/AUTH_59edd422c0c84a879bd37670ae4f538a\/internal_photos\/bs\/2023\/h\/d\/zVe2pkQyWTBAkNtuAlMA\/318427691-5609026962538322-8729461845403565357-n.jpg 1000w, https:\/\/i0.wp.com\/s2-g1.glbimg.com\/lSeRLDKrjvtRoTIBCd60Dw4aeAY=\/0x0:1080x1080\/984x0\/smart\/filters:strip_icc()\/i.s3.glbimg.com\/v1\/AUTH_59edd422c0c84a879bd37670ae4f538a\/internal_photos\/bs\/2023\/h\/d\/zVe2pkQyWTBAkNtuAlMA\/318427691-5609026962538322-8729461845403565357-n.jpg?resize=800%2C800&amp;ssl=1 984w, https:\/\/s2-g1.glbimg.com\/6m4EAAAafjGAgV0oVev-sJ4UXpU=\/0x0:1080x1080\/640x0\/smart\/filters:strip_icc()\/i.s3.glbimg.com\/v1\/AUTH_59edd422c0c84a879bd37670ae4f538a\/internal_photos\/bs\/2023\/h\/d\/zVe2pkQyWTBAkNtuAlMA\/318427691-5609026962538322-8729461845403565357-n.jpg 640w, https:\/\/s2-g1.glbimg.com\/F6njSTOqQ-iJdGqfdsepABqtIO8=\/0x0:1080x1080\/600x0\/smart\/filters:strip_icc()\/i.s3.glbimg.com\/v1\/AUTH_59edd422c0c84a879bd37670ae4f538a\/internal_photos\/bs\/2023\/h\/d\/zVe2pkQyWTBAkNtuAlMA\/318427691-5609026962538322-8729461845403565357-n.jpg 600w\" alt=\"Biraci Damasceno Ribeiro, prefeito de S\u00e3o Louren\u00e7o do Piau\u00ed \u2014 Foto: Arquivo Pessoal \" width=\"800\" height=\"800\" data-recalc-dims=\"1\" data-lazy-loaded=\"1\" \/><\/figure>\n<\/div>\n<p class=\"content-media__description  \" style=\"text-align: justify;\">Biraci Damasceno Ribeiro, prefeito de S\u00e3o Louren\u00e7o do Piau\u00ed \u2014 Foto: Arquivo Pessoal<\/p>\n<p style=\"text-align: justify;\">Depois da cassa\u00e7\u00e3o de Biraci Damasceno (PSD) e de Valdeci Paes (PSB), o presidente da C\u00e2mara Municipal de S\u00e3o Louren\u00e7o do Piau\u00ed e irm\u00e3o do prefeito, Iran Damasceno ribeiro, assumiu a prefeitura da cidade. Ele deve permanecer no cargo at\u00e9 a elei\u00e7\u00e3o do novo prefeito.<\/p>\n<div class=\"content-media-container glb-skeleton-box\" style=\"text-align: justify;\">\n<figure class=\"content-media-figure\"><img decoding=\"async\" class=\"i-amphtml-fill-content i-amphtml-replaced-content jetpack-lazy-image jetpack-lazy-image--handled\" src=\"https:\/\/i0.wp.com\/s2-g1.glbimg.com\/m1x9mKQy8v_0aM-F0Am2MrKn7PE=\/0x0:640x640\/984x0\/smart\/filters:strip_icc()\/i.s3.glbimg.com\/v1\/AUTH_59edd422c0c84a879bd37670ae4f538a\/internal_photos\/bs\/2023\/j\/b\/2ppYPnSIOtiGFGkSeDhg\/prefeito.jpg?resize=800%2C800&amp;ssl=1\" sizes=\"(max-width: 1422px) 648px, 100vw\" srcset=\"https:\/\/s2-g1.glbimg.com\/u0Erv2QP2dp-lg6xE03u5yife2U=\/0x0:640x640\/1000x0\/smart\/filters:strip_icc()\/i.s3.glbimg.com\/v1\/AUTH_59edd422c0c84a879bd37670ae4f538a\/internal_photos\/bs\/2023\/j\/b\/2ppYPnSIOtiGFGkSeDhg\/prefeito.jpg 1000w, https:\/\/i0.wp.com\/s2-g1.glbimg.com\/m1x9mKQy8v_0aM-F0Am2MrKn7PE=\/0x0:640x640\/984x0\/smart\/filters:strip_icc()\/i.s3.glbimg.com\/v1\/AUTH_59edd422c0c84a879bd37670ae4f538a\/internal_photos\/bs\/2023\/j\/b\/2ppYPnSIOtiGFGkSeDhg\/prefeito.jpg?resize=800%2C800&amp;ssl=1 984w, https:\/\/s2-g1.glbimg.com\/SDRhZ1Nh9tkP93Vd_GMYrknhZ6Q=\/0x0:640x640\/640x0\/smart\/filters:strip_icc()\/i.s3.glbimg.com\/v1\/AUTH_59edd422c0c84a879bd37670ae4f538a\/internal_photos\/bs\/2023\/j\/b\/2ppYPnSIOtiGFGkSeDhg\/prefeito.jpg 640w, https:\/\/s2-g1.glbimg.com\/_UQCiHf2XIvODMxDMumfy3X55k8=\/0x0:640x640\/600x0\/smart\/filters:strip_icc()\/i.s3.glbimg.com\/v1\/AUTH_59edd422c0c84a879bd37670ae4f538a\/internal_photos\/bs\/2023\/j\/b\/2ppYPnSIOtiGFGkSeDhg\/prefeito.jpg 600w\" alt=\" Iran Damasceno Ribeiro assume a Prefeitura de S\u00e3o Louren\u00e7o do Piau\u00ed \u2014 Foto: Arquivo pessoal\" width=\"800\" height=\"800\" data-recalc-dims=\"1\" data-lazy-loaded=\"1\" \/><\/figure>\n<\/div>\n<p class=\"content-media__description  \" style=\"text-align: justify;\">Iran Damasceno Ribeiro assume a Prefeitura de S\u00e3o Louren\u00e7o do Piau\u00ed \u2014 Foto: Arquivo pessoal<\/p>\n<div id=\"chunk-43bod\" style=\"text-align: justify;\">\n<div class=\"mc-column content-text active-extra-styles \" data-block-type=\"unstyled\" data-block-weight=\"34\" data-block-id=\"10\">\n<p class=\"content-text__container \" data-track-category=\"Link no Texto\" data-track-links=\"\">A data da nova elei\u00e7\u00e3o foi escolhida durante uma sess\u00e3o judici\u00e1ria ordin\u00e1ria ocorrida na tarde de ter\u00e7a-feira (16), por meio da aprova\u00e7\u00e3o da Minuta de Resolu\u00e7\u00e3o, que ir\u00e1 disciplinar a realiza\u00e7\u00e3o do pleito suplementar.<\/p>\n<\/div>\n<\/div>\n<div id=\"chunk-8o5qn\">\n<div class=\"mc-column content-text active-extra-styles \" data-block-type=\"unstyled\" data-block-weight=\"22\" data-block-id=\"11\">\n<p class=\"content-text__container \" style=\"text-align: justify;\" data-track-category=\"Link no Texto\" data-track-links=\"\">O munic\u00edpio de S\u00e3o Louren\u00e7o do Piau\u00ed possui 4.945 eleitores e \u00e9 vinculado \u00e0 13\u00aa Zona Eleitoral, sediada em S\u00e3o Raimundo Nonato.<\/p>\n<hr \/>\n<p style=\"text-align: justify;\" data-track-category=\"Link no Texto\" data-track-links=\"\">Fonte: G1 PI<\/p>\n<\/div>\n<\/div>\n","protected":false},"excerpt":{"rendered":"<p>O novo pleito ocorrer\u00e1 ap\u00f3s o Tribunal Superior Eleitoral (TSE) cassar, por compra de votos, o prefeito e o vice-prefeito eleitos da cidade nas elei\u00e7\u00f5es de 2020. O Tribunal Regional Eleitoral (TRE-PI) determinou o dia 6 de agosto como data para a realiza\u00e7\u00e3o de uma nova elei\u00e7\u00e3o no munic\u00edpio de S\u00e3o Louren\u00e7o do Piau\u00ed, Sul &hellip;<\/p>\n","protected":false},"author":2,"featured_media":46511,"comment_status":"open","ping_status":"open","sticky":false,"template":"","format":"standard","meta":{"content-type":"","rop_custom_images_group":[],"rop_custom_messages_group":[],"rop_publish_now":"initial","rop_publish_now_accounts":{"facebook_2648258775420054_1618374048415101":""},"rop_publish_now_history":[],"rop_publish_now_status":"pending","footnotes":"","_jetpack_memberships_contains_paid_content":false},"categories":[113],"tags":[382,187],"yoast_head":"<!-- This site is optimized with the Yoast SEO plugin v22.3 - https:\/\/yoast.com\/wordpress\/plugins\/seo\/ -->\n<title>Eleitores de S\u00e3o Louren\u00e7o do Piau\u00ed voltam \u00e0s urnas dia 6 de agosto para eleger prefeito e vice - Portal NPM<\/title>\n<meta name=\"robots\" content=\"index, follow, max-snippet:-1, max-image-preview:large, max-video-preview:-1\" \/>\n<link rel=\"canonical\" href=\"https:\/\/portalnpm.com\/index.php\/2023\/05\/19\/eleitores-de-sao-lourenco-do-piaui-voltam-as-urnas-dia-6-de-agosto-para-eleger-prefeito-e-vice\/\" \/>\n<meta property=\"og:locale\" content=\"pt_BR\" \/>\n<meta property=\"og:type\" content=\"article\" \/>\n<meta property=\"og:title\" content=\"Eleitores de S\u00e3o Louren\u00e7o do Piau\u00ed voltam \u00e0s urnas dia 6 de agosto para eleger prefeito e vice - Portal NPM\" \/>\n<meta property=\"og:description\" content=\"O novo pleito ocorrer\u00e1 ap\u00f3s o Tribunal Superior Eleitoral (TSE) cassar, por compra de votos, o prefeito e o vice-prefeito eleitos da cidade nas elei\u00e7\u00f5es de 2020. O Tribunal Regional Eleitoral (TRE-PI) determinou o dia 6 de agosto como data para a realiza\u00e7\u00e3o de uma nova elei\u00e7\u00e3o no munic\u00edpio de S\u00e3o Louren\u00e7o do Piau\u00ed, Sul &hellip;\" \/>\n<meta property=\"og:url\" content=\"https:\/\/portalnpm.com\/index.php\/2023\/05\/19\/eleitores-de-sao-lourenco-do-piaui-voltam-as-urnas-dia-6-de-agosto-para-eleger-prefeito-e-vice\/\" \/>\n<meta property=\"og:site_name\" content=\"Portal NPM\" \/>\n<meta property=\"article:published_time\" content=\"2023-05-19T14:35:39+00:00\" \/>\n<meta name=\"author\" content=\"Genival Barbosa\" \/>\n<meta name=\"twitter:card\" content=\"summary_large_image\" \/>\n<meta name=\"twitter:label1\" content=\"Escrito por\" \/>\n\t<meta name=\"twitter:data1\" content=\"Genival Barbosa\" \/>\n\t<meta name=\"twitter:label2\" content=\"Est. tempo de leitura\" \/>\n\t<meta name=\"twitter:data2\" content=\"1 minuto\" \/>\n<script type=\"application\/ld+json\" class=\"yoast-schema-graph\">{\"@context\":\"https:\/\/schema.org\",\"@graph\":[{\"@type\":\"WebPage\",\"@id\":\"https:\/\/portalnpm.com\/index.php\/2023\/05\/19\/eleitores-de-sao-lourenco-do-piaui-voltam-as-urnas-dia-6-de-agosto-para-eleger-prefeito-e-vice\/\",\"url\":\"https:\/\/portalnpm.com\/index.php\/2023\/05\/19\/eleitores-de-sao-lourenco-do-piaui-voltam-as-urnas-dia-6-de-agosto-para-eleger-prefeito-e-vice\/\",\"name\":\"Eleitores de S\u00e3o Louren\u00e7o do Piau\u00ed voltam \u00e0s urnas dia 6 de agosto para eleger prefeito e vice - Portal NPM\",\"isPartOf\":{\"@id\":\"https:\/\/portalnpm.com\/#website\"},\"primaryImageOfPage\":{\"@id\":\"https:\/\/portalnpm.com\/index.php\/2023\/05\/19\/eleitores-de-sao-lourenco-do-piaui-voltam-as-urnas-dia-6-de-agosto-para-eleger-prefeito-e-vice\/#primaryimage\"},\"image\":{\"@id\":\"https:\/\/portalnpm.com\/index.php\/2023\/05\/19\/eleitores-de-sao-lourenco-do-piaui-voltam-as-urnas-dia-6-de-agosto-para-eleger-prefeito-e-vice\/#primaryimage\"},\"thumbnailUrl\":\"\",\"datePublished\":\"2023-05-19T14:35:39+00:00\",\"dateModified\":\"2023-05-19T14:35:39+00:00\",\"author\":{\"@id\":\"https:\/\/portalnpm.com\/#\/schema\/person\/49313e563cfdefcc167f1ee4c017c294\"},\"breadcrumb\":{\"@id\":\"https:\/\/portalnpm.com\/index.php\/2023\/05\/19\/eleitores-de-sao-lourenco-do-piaui-voltam-as-urnas-dia-6-de-agosto-para-eleger-prefeito-e-vice\/#breadcrumb\"},\"inLanguage\":\"pt-BR\",\"potentialAction\":[{\"@type\":\"ReadAction\",\"target\":[\"https:\/\/portalnpm.com\/index.php\/2023\/05\/19\/eleitores-de-sao-lourenco-do-piaui-voltam-as-urnas-dia-6-de-agosto-para-eleger-prefeito-e-vice\/\"]}]},{\"@type\":\"ImageObject\",\"inLanguage\":\"pt-BR\",\"@id\":\"https:\/\/portalnpm.com\/index.php\/2023\/05\/19\/eleitores-de-sao-lourenco-do-piaui-voltam-as-urnas-dia-6-de-agosto-para-eleger-prefeito-e-vice\/#primaryimage\",\"url\":\"\",\"contentUrl\":\"\"},{\"@type\":\"BreadcrumbList\",\"@id\":\"https:\/\/portalnpm.com\/index.php\/2023\/05\/19\/eleitores-de-sao-lourenco-do-piaui-voltam-as-urnas-dia-6-de-agosto-para-eleger-prefeito-e-vice\/#breadcrumb\",\"itemListElement\":[{\"@type\":\"ListItem\",\"position\":1,\"name\":\"In\u00edcio\",\"item\":\"https:\/\/portalnpm.com\/\"},{\"@type\":\"ListItem\",\"position\":2,\"name\":\"Eleitores de S\u00e3o Louren\u00e7o do Piau\u00ed voltam \u00e0s urnas dia 6 de agosto para eleger prefeito e vice\"}]},{\"@type\":\"WebSite\",\"@id\":\"https:\/\/portalnpm.com\/#website\",\"url\":\"https:\/\/portalnpm.com\/\",\"name\":\"Portal NPM\",\"description\":\"Not\u00edcias em Primeira M\u00e3o\",\"potentialAction\":[{\"@type\":\"SearchAction\",\"target\":{\"@type\":\"EntryPoint\",\"urlTemplate\":\"https:\/\/portalnpm.com\/?s={search_term_string}\"},\"query-input\":\"required name=search_term_string\"}],\"inLanguage\":\"pt-BR\"},{\"@type\":\"Person\",\"@id\":\"https:\/\/portalnpm.com\/#\/schema\/person\/49313e563cfdefcc167f1ee4c017c294\",\"name\":\"Genival Barbosa\",\"image\":{\"@type\":\"ImageObject\",\"inLanguage\":\"pt-BR\",\"@id\":\"https:\/\/portalnpm.com\/#\/schema\/person\/image\/\",\"url\":\"https:\/\/portalnpm.com\/wp-content\/uploads\/2024\/02\/avatar_user_2_1707743258-96x96.jpeg\",\"contentUrl\":\"https:\/\/portalnpm.com\/wp-content\/uploads\/2024\/02\/avatar_user_2_1707743258-96x96.jpeg\",\"caption\":\"Genival Barbosa\"},\"url\":\"https:\/\/portalnpm.com\/index.php\/author\/genival\/\"}]}<\/script>\n<!-- \/ Yoast SEO plugin. -->","yoast_head_json":{"title":"Eleitores de S\u00e3o Louren\u00e7o do Piau\u00ed voltam \u00e0s urnas dia 6 de agosto para eleger prefeito e vice - Portal NPM","robots":{"index":"index","follow":"follow","max-snippet":"max-snippet:-1","max-image-preview":"max-image-preview:large","max-video-preview":"max-video-preview:-1"},"canonical":"https:\/\/portalnpm.com\/index.php\/2023\/05\/19\/eleitores-de-sao-lourenco-do-piaui-voltam-as-urnas-dia-6-de-agosto-para-eleger-prefeito-e-vice\/","og_locale":"pt_BR","og_type":"article","og_title":"Eleitores de S\u00e3o Louren\u00e7o do Piau\u00ed voltam \u00e0s urnas dia 6 de agosto para eleger prefeito e vice - Portal NPM","og_description":"O novo pleito ocorrer\u00e1 ap\u00f3s o Tribunal Superior Eleitoral (TSE) cassar, por compra de votos, o prefeito e o vice-prefeito eleitos da cidade nas elei\u00e7\u00f5es de 2020. O Tribunal Regional Eleitoral (TRE-PI) determinou o dia 6 de agosto como data para a realiza\u00e7\u00e3o de uma nova elei\u00e7\u00e3o no munic\u00edpio de S\u00e3o Louren\u00e7o do Piau\u00ed, Sul &hellip;","og_url":"https:\/\/portalnpm.com\/index.php\/2023\/05\/19\/eleitores-de-sao-lourenco-do-piaui-voltam-as-urnas-dia-6-de-agosto-para-eleger-prefeito-e-vice\/","og_site_name":"Portal NPM","article_published_time":"2023-05-19T14:35:39+00:00","author":"Genival Barbosa","twitter_card":"summary_large_image","twitter_misc":{"Escrito por":"Genival Barbosa","Est. tempo de leitura":"1 minuto"},"schema":{"@context":"https:\/\/schema.org","@graph":[{"@type":"WebPage","@id":"https:\/\/portalnpm.com\/index.php\/2023\/05\/19\/eleitores-de-sao-lourenco-do-piaui-voltam-as-urnas-dia-6-de-agosto-para-eleger-prefeito-e-vice\/","url":"https:\/\/portalnpm.com\/index.php\/2023\/05\/19\/eleitores-de-sao-lourenco-do-piaui-voltam-as-urnas-dia-6-de-agosto-para-eleger-prefeito-e-vice\/","name":"Eleitores de S\u00e3o Louren\u00e7o do Piau\u00ed voltam \u00e0s urnas dia 6 de agosto para eleger prefeito e vice - Portal NPM","isPartOf":{"@id":"https:\/\/portalnpm.com\/#website"},"primaryImageOfPage":{"@id":"https:\/\/portalnpm.com\/index.php\/2023\/05\/19\/eleitores-de-sao-lourenco-do-piaui-voltam-as-urnas-dia-6-de-agosto-para-eleger-prefeito-e-vice\/#primaryimage"},"image":{"@id":"https:\/\/portalnpm.com\/index.php\/2023\/05\/19\/eleitores-de-sao-lourenco-do-piaui-voltam-as-urnas-dia-6-de-agosto-para-eleger-prefeito-e-vice\/#primaryimage"},"thumbnailUrl":"","datePublished":"2023-05-19T14:35:39+00:00","dateModified":"2023-05-19T14:35:39+00:00","author":{"@id":"https:\/\/portalnpm.com\/#\/schema\/person\/49313e563cfdefcc167f1ee4c017c294"},"breadcrumb":{"@id":"https:\/\/portalnpm.com\/index.php\/2023\/05\/19\/eleitores-de-sao-lourenco-do-piaui-voltam-as-urnas-dia-6-de-agosto-para-eleger-prefeito-e-vice\/#breadcrumb"},"inLanguage":"pt-BR","potentialAction":[{"@type":"ReadAction","target":["https:\/\/portalnpm.com\/index.php\/2023\/05\/19\/eleitores-de-sao-lourenco-do-piaui-voltam-as-urnas-dia-6-de-agosto-para-eleger-prefeito-e-vice\/"]}]},{"@type":"ImageObject","inLanguage":"pt-BR","@id":"https:\/\/portalnpm.com\/index.php\/2023\/05\/19\/eleitores-de-sao-lourenco-do-piaui-voltam-as-urnas-dia-6-de-agosto-para-eleger-prefeito-e-vice\/#primaryimage","url":"","contentUrl":""},{"@type":"BreadcrumbList","@id":"https:\/\/portalnpm.com\/index.php\/2023\/05\/19\/eleitores-de-sao-lourenco-do-piaui-voltam-as-urnas-dia-6-de-agosto-para-eleger-prefeito-e-vice\/#breadcrumb","itemListElement":[{"@type":"ListItem","position":1,"name":"In\u00edcio","item":"https:\/\/portalnpm.com\/"},{"@type":"ListItem","position":2,"name":"Eleitores de S\u00e3o Louren\u00e7o do Piau\u00ed voltam \u00e0s urnas dia 6 de agosto para eleger prefeito e vice"}]},{"@type":"WebSite","@id":"https:\/\/portalnpm.com\/#website","url":"https:\/\/portalnpm.com\/","name":"Portal NPM","description":"Not\u00edcias em Primeira M\u00e3o","potentialAction":[{"@type":"SearchAction","target":{"@type":"EntryPoint","urlTemplate":"https:\/\/portalnpm.com\/?s={search_term_string}"},"query-input":"required name=search_term_string"}],"inLanguage":"pt-BR"},{"@type":"Person","@id":"https:\/\/portalnpm.com\/#\/schema\/person\/49313e563cfdefcc167f1ee4c017c294","name":"Genival Barbosa","image":{"@type":"ImageObject","inLanguage":"pt-BR","@id":"https:\/\/portalnpm.com\/#\/schema\/person\/image\/","url":"https:\/\/portalnpm.com\/wp-content\/uploads\/2024\/02\/avatar_user_2_1707743258-96x96.jpeg","contentUrl":"https:\/\/portalnpm.com\/wp-content\/uploads\/2024\/02\/avatar_user_2_1707743258-96x96.jpeg","caption":"Genival Barbosa"},"url":"https:\/\/portalnpm.com\/index.php\/author\/genival\/"}]}},"jetpack_sharing_enabled":true,"jetpack_featured_media_url":"","_links":{"self":[{"href":"https:\/\/portalnpm.com\/index.php\/wp-json\/wp\/v2\/posts\/46510"}],"collection":[{"href":"https:\/\/portalnpm.com\/index.php\/wp-json\/wp\/v2\/posts"}],"about":[{"href":"https:\/\/portalnpm.com\/index.php\/wp-json\/wp\/v2\/types\/post"}],"author":[{"embeddable":true,"href":"https:\/\/portalnpm.com\/index.php\/wp-json\/wp\/v2\/users\/2"}],"replies":[{"embeddable":true,"href":"https:\/\/portalnpm.com\/index.php\/wp-json\/wp\/v2\/comments?post=46510"}],"version-history":[{"count":0,"href":"https:\/\/portalnpm.com\/index.php\/wp-json\/wp\/v2\/posts\/46510\/revisions"}],"wp:featuredmedia":[{"embeddable":true,"href":"https:\/\/portalnpm.com\/index.php\/wp-json\/"}],"wp:attachment":[{"href":"https:\/\/portalnpm.com\/index.php\/wp-json\/wp\/v2\/media?parent=46510"}],"wp:term":[{"taxonomy":"category","embeddable":true,"href":"https:\/\/portalnpm.com\/index.php\/wp-json\/wp\/v2\/categories?post=46510"},{"taxonomy":"post_tag","embeddable":true,"href":"https:\/\/portalnpm.com\/index.php\/wp-json\/wp\/v2\/tags?post=46510"}],"curies":[{"name":"wp","href":"https:\/\/api.w.org\/{rel}","templated":true}]}}