{"id":4659,"date":"2019-01-08T12:27:38","date_gmt":"2019-01-08T14:27:38","guid":{"rendered":"http:\/\/srv.portalnpm.com.br\/?p=4659"},"modified":"2019-01-08T12:27:38","modified_gmt":"2019-01-08T14:27:38","slug":"rayane-facanha-e-marcelo-mello-anunciam-saida-da-malla-100-alca","status":"publish","type":"post","link":"https:\/\/portalnpm.com\/index.php\/2019\/01\/08\/rayane-facanha-e-marcelo-mello-anunciam-saida-da-malla-100-alca\/","title":{"rendered":"Rayane Fa\u00e7anha e Marcelo Mello anunciam sa\u00edda da Malla 100 Al\u00e7a"},"content":{"rendered":"<header class=\"single_post_header\">\n<p style=\"text-align: justify;\">Os cantores: Rayane Fa\u00e7anha e Marcelo Mello, n\u00e3o integram mais os vocais da Banda Malla 100 Al\u00e7a. O casal, que possui uma vasta identidade perante o p\u00fablico da \u201cBoa do Forr\u00f3\u201d, pegou todos os f\u00e3s de surpresa ao anunciarem atrav\u00e9s das suas redes socais, os seus desligamentos.<\/p>\n<\/header>\n<div class=\"htmlchars\">\n<p style=\"text-align: justify;\">A sa\u00edda dos vocalistas da rom\u00e2ntica banda pernambucana, j\u00e1 vinha sendo especulada h\u00e1 um certo tempo nos bastidores do forr\u00f3, por\u00e9m a not\u00edcia, s\u00f3 veio de fato se confirmar, nesta segunda-feira (07), quando a dupla, emitiu uma nota oficial, informando as suas sa\u00eddas da Malla, banda na qual permaneceram por cerca de onze anos.<\/p>\n<p style=\"text-align: justify;\">De acordo com o que foi relatado no comunicado, Rayane e Marcelo tentaram fechar uma parceria com o propriet\u00e1rio da banda, numa esp\u00e9cie de sociedade, do mesmo modo que acontecia na Banda Avi\u00f5es do Forr\u00f3, na \u00e9poca da dupla: Xand Avi\u00e3o e Solange Almeida, por\u00e9m as negocia\u00e7\u00f5es n\u00e3o foram adiante, e os cantores optaram em sair da Malla e se lan\u00e7arem em dupla, iniciando um novo projeto.<\/p>\n<p style=\"text-align: justify;\">Marcelo Mello e Rayane Fa\u00e7anha, permanecer\u00e3o na \u201cBoa do Forr\u00f3\u201d, at\u00e9 o dia 10 de fevereiro, cumprindo todos os compromissos da agenda da banda, em seguida, ap\u00f3s este per\u00edodo, os cantores passar\u00e3o a se dedicar ao novo projeto.<\/p>\n<p style=\"text-align: justify;\">Acompanhem na \u00edntegra a Nota emitida pelo casal:<\/p>\n<p><img fetchpriority=\"high\" decoding=\"async\" class=\"alignnone size-medium wp-image-4660\" src=\"http:\/\/portalnpm.com.br\/wp-content\/uploads\/2019\/01\/1546931643ma\u00e7\u00e7a-2-240x300.jpg\" alt=\"\" width=\"240\" height=\"300\" \/><\/p>\n<p><strong>Fonte: Di\u00e1rio do Forr\u00f3<\/strong><\/p>\n<\/div>\n","protected":false},"excerpt":{"rendered":"<p>Os cantores: Rayane Fa\u00e7anha e Marcelo Mello, n\u00e3o integram mais os vocais da Banda Malla 100 Al\u00e7a. O casal, que possui uma vasta identidade perante o p\u00fablico da \u201cBoa do Forr\u00f3\u201d, pegou todos os f\u00e3s de surpresa ao anunciarem atrav\u00e9s das suas redes socais, os seus desligamentos. A sa\u00edda dos vocalistas da rom\u00e2ntica banda pernambucana, &hellip;<\/p>\n","protected":false},"author":8,"featured_media":4661,"comment_status":"open","ping_status":"open","sticky":false,"template":"","format":"standard","meta":{"content-type":"","rop_custom_images_group":[],"rop_custom_messages_group":[],"rop_publish_now":"initial","rop_publish_now_accounts":{"facebook_2648258775420054_1618374048415101":""},"rop_publish_now_history":[],"rop_publish_now_status":"pending","footnotes":"","_jetpack_memberships_contains_paid_content":false},"categories":[113,147],"tags":[223,580,1876,1877,1878,1879],"yoast_head":"<!-- This site is optimized with the Yoast SEO plugin v22.3 - https:\/\/yoast.com\/wordpress\/plugins\/seo\/ -->\n<title>Rayane Fa\u00e7anha e Marcelo Mello anunciam sa\u00edda da Malla 100 Al\u00e7a - Portal NPM<\/title>\n<meta name=\"robots\" content=\"index, follow, max-snippet:-1, max-image-preview:large, max-video-preview:-1\" \/>\n<link rel=\"canonical\" href=\"https:\/\/portalnpm.com\/index.php\/2019\/01\/08\/rayane-facanha-e-marcelo-mello-anunciam-saida-da-malla-100-alca\/\" \/>\n<meta property=\"og:locale\" content=\"pt_BR\" \/>\n<meta property=\"og:type\" content=\"article\" \/>\n<meta property=\"og:title\" content=\"Rayane Fa\u00e7anha e Marcelo Mello anunciam sa\u00edda da Malla 100 Al\u00e7a - Portal NPM\" \/>\n<meta property=\"og:description\" content=\"Os cantores: Rayane Fa\u00e7anha e Marcelo Mello, n\u00e3o integram mais os vocais da Banda Malla 100 Al\u00e7a. O casal, que possui uma vasta identidade perante o p\u00fablico da \u201cBoa do Forr\u00f3\u201d, pegou todos os f\u00e3s de surpresa ao anunciarem atrav\u00e9s das suas redes socais, os seus desligamentos. A sa\u00edda dos vocalistas da rom\u00e2ntica banda pernambucana, &hellip;\" \/>\n<meta property=\"og:url\" content=\"https:\/\/portalnpm.com\/index.php\/2019\/01\/08\/rayane-facanha-e-marcelo-mello-anunciam-saida-da-malla-100-alca\/\" \/>\n<meta property=\"og:site_name\" content=\"Portal NPM\" \/>\n<meta property=\"article:published_time\" content=\"2019-01-08T14:27:38+00:00\" \/>\n<meta name=\"author\" content=\"Zenilton Lima\" \/>\n<meta name=\"twitter:card\" content=\"summary_large_image\" \/>\n<meta name=\"twitter:label1\" content=\"Escrito por\" \/>\n\t<meta name=\"twitter:data1\" content=\"Zenilton Lima\" \/>\n\t<meta name=\"twitter:label2\" content=\"Est. tempo de leitura\" \/>\n\t<meta name=\"twitter:data2\" content=\"1 minuto\" \/>\n<script type=\"application\/ld+json\" class=\"yoast-schema-graph\">{\"@context\":\"https:\/\/schema.org\",\"@graph\":[{\"@type\":\"WebPage\",\"@id\":\"https:\/\/portalnpm.com\/index.php\/2019\/01\/08\/rayane-facanha-e-marcelo-mello-anunciam-saida-da-malla-100-alca\/\",\"url\":\"https:\/\/portalnpm.com\/index.php\/2019\/01\/08\/rayane-facanha-e-marcelo-mello-anunciam-saida-da-malla-100-alca\/\",\"name\":\"Rayane Fa\u00e7anha e Marcelo Mello anunciam sa\u00edda da Malla 100 Al\u00e7a - Portal NPM\",\"isPartOf\":{\"@id\":\"https:\/\/portalnpm.com\/#website\"},\"primaryImageOfPage\":{\"@id\":\"https:\/\/portalnpm.com\/index.php\/2019\/01\/08\/rayane-facanha-e-marcelo-mello-anunciam-saida-da-malla-100-alca\/#primaryimage\"},\"image\":{\"@id\":\"https:\/\/portalnpm.com\/index.php\/2019\/01\/08\/rayane-facanha-e-marcelo-mello-anunciam-saida-da-malla-100-alca\/#primaryimage\"},\"thumbnailUrl\":\"\",\"datePublished\":\"2019-01-08T14:27:38+00:00\",\"dateModified\":\"2019-01-08T14:27:38+00:00\",\"author\":{\"@id\":\"https:\/\/portalnpm.com\/#\/schema\/person\/35cb55186eae3f074b6783da6d35591e\"},\"breadcrumb\":{\"@id\":\"https:\/\/portalnpm.com\/index.php\/2019\/01\/08\/rayane-facanha-e-marcelo-mello-anunciam-saida-da-malla-100-alca\/#breadcrumb\"},\"inLanguage\":\"pt-BR\",\"potentialAction\":[{\"@type\":\"ReadAction\",\"target\":[\"https:\/\/portalnpm.com\/index.php\/2019\/01\/08\/rayane-facanha-e-marcelo-mello-anunciam-saida-da-malla-100-alca\/\"]}]},{\"@type\":\"ImageObject\",\"inLanguage\":\"pt-BR\",\"@id\":\"https:\/\/portalnpm.com\/index.php\/2019\/01\/08\/rayane-facanha-e-marcelo-mello-anunciam-saida-da-malla-100-alca\/#primaryimage\",\"url\":\"\",\"contentUrl\":\"\"},{\"@type\":\"BreadcrumbList\",\"@id\":\"https:\/\/portalnpm.com\/index.php\/2019\/01\/08\/rayane-facanha-e-marcelo-mello-anunciam-saida-da-malla-100-alca\/#breadcrumb\",\"itemListElement\":[{\"@type\":\"ListItem\",\"position\":1,\"name\":\"In\u00edcio\",\"item\":\"https:\/\/portalnpm.com\/\"},{\"@type\":\"ListItem\",\"position\":2,\"name\":\"Rayane Fa\u00e7anha e Marcelo Mello anunciam sa\u00edda da Malla 100 Al\u00e7a\"}]},{\"@type\":\"WebSite\",\"@id\":\"https:\/\/portalnpm.com\/#website\",\"url\":\"https:\/\/portalnpm.com\/\",\"name\":\"Portal NPM\",\"description\":\"Not\u00edcias em Primeira M\u00e3o\",\"potentialAction\":[{\"@type\":\"SearchAction\",\"target\":{\"@type\":\"EntryPoint\",\"urlTemplate\":\"https:\/\/portalnpm.com\/?s={search_term_string}\"},\"query-input\":\"required name=search_term_string\"}],\"inLanguage\":\"pt-BR\"},{\"@type\":\"Person\",\"@id\":\"https:\/\/portalnpm.com\/#\/schema\/person\/35cb55186eae3f074b6783da6d35591e\",\"name\":\"Zenilton Lima\",\"image\":{\"@type\":\"ImageObject\",\"inLanguage\":\"pt-BR\",\"@id\":\"https:\/\/portalnpm.com\/#\/schema\/person\/image\/\",\"url\":\"https:\/\/portalnpm.com\/wp-content\/uploads\/2024\/12\/avatar_user_8_1733658137-96x96.jpeg\",\"contentUrl\":\"https:\/\/portalnpm.com\/wp-content\/uploads\/2024\/12\/avatar_user_8_1733658137-96x96.jpeg\",\"caption\":\"Zenilton Lima\"},\"url\":\"https:\/\/portalnpm.com\/index.php\/author\/zenilton\/\"}]}<\/script>\n<!-- \/ Yoast SEO plugin. -->","yoast_head_json":{"title":"Rayane Fa\u00e7anha e Marcelo Mello anunciam sa\u00edda da Malla 100 Al\u00e7a - Portal NPM","robots":{"index":"index","follow":"follow","max-snippet":"max-snippet:-1","max-image-preview":"max-image-preview:large","max-video-preview":"max-video-preview:-1"},"canonical":"https:\/\/portalnpm.com\/index.php\/2019\/01\/08\/rayane-facanha-e-marcelo-mello-anunciam-saida-da-malla-100-alca\/","og_locale":"pt_BR","og_type":"article","og_title":"Rayane Fa\u00e7anha e Marcelo Mello anunciam sa\u00edda da Malla 100 Al\u00e7a - Portal NPM","og_description":"Os cantores: Rayane Fa\u00e7anha e Marcelo Mello, n\u00e3o integram mais os vocais da Banda Malla 100 Al\u00e7a. O casal, que possui uma vasta identidade perante o p\u00fablico da \u201cBoa do Forr\u00f3\u201d, pegou todos os f\u00e3s de surpresa ao anunciarem atrav\u00e9s das suas redes socais, os seus desligamentos. A sa\u00edda dos vocalistas da rom\u00e2ntica banda pernambucana, &hellip;","og_url":"https:\/\/portalnpm.com\/index.php\/2019\/01\/08\/rayane-facanha-e-marcelo-mello-anunciam-saida-da-malla-100-alca\/","og_site_name":"Portal NPM","article_published_time":"2019-01-08T14:27:38+00:00","author":"Zenilton Lima","twitter_card":"summary_large_image","twitter_misc":{"Escrito por":"Zenilton Lima","Est. tempo de leitura":"1 minuto"},"schema":{"@context":"https:\/\/schema.org","@graph":[{"@type":"WebPage","@id":"https:\/\/portalnpm.com\/index.php\/2019\/01\/08\/rayane-facanha-e-marcelo-mello-anunciam-saida-da-malla-100-alca\/","url":"https:\/\/portalnpm.com\/index.php\/2019\/01\/08\/rayane-facanha-e-marcelo-mello-anunciam-saida-da-malla-100-alca\/","name":"Rayane Fa\u00e7anha e Marcelo Mello anunciam sa\u00edda da Malla 100 Al\u00e7a - Portal NPM","isPartOf":{"@id":"https:\/\/portalnpm.com\/#website"},"primaryImageOfPage":{"@id":"https:\/\/portalnpm.com\/index.php\/2019\/01\/08\/rayane-facanha-e-marcelo-mello-anunciam-saida-da-malla-100-alca\/#primaryimage"},"image":{"@id":"https:\/\/portalnpm.com\/index.php\/2019\/01\/08\/rayane-facanha-e-marcelo-mello-anunciam-saida-da-malla-100-alca\/#primaryimage"},"thumbnailUrl":"","datePublished":"2019-01-08T14:27:38+00:00","dateModified":"2019-01-08T14:27:38+00:00","author":{"@id":"https:\/\/portalnpm.com\/#\/schema\/person\/35cb55186eae3f074b6783da6d35591e"},"breadcrumb":{"@id":"https:\/\/portalnpm.com\/index.php\/2019\/01\/08\/rayane-facanha-e-marcelo-mello-anunciam-saida-da-malla-100-alca\/#breadcrumb"},"inLanguage":"pt-BR","potentialAction":[{"@type":"ReadAction","target":["https:\/\/portalnpm.com\/index.php\/2019\/01\/08\/rayane-facanha-e-marcelo-mello-anunciam-saida-da-malla-100-alca\/"]}]},{"@type":"ImageObject","inLanguage":"pt-BR","@id":"https:\/\/portalnpm.com\/index.php\/2019\/01\/08\/rayane-facanha-e-marcelo-mello-anunciam-saida-da-malla-100-alca\/#primaryimage","url":"","contentUrl":""},{"@type":"BreadcrumbList","@id":"https:\/\/portalnpm.com\/index.php\/2019\/01\/08\/rayane-facanha-e-marcelo-mello-anunciam-saida-da-malla-100-alca\/#breadcrumb","itemListElement":[{"@type":"ListItem","position":1,"name":"In\u00edcio","item":"https:\/\/portalnpm.com\/"},{"@type":"ListItem","position":2,"name":"Rayane Fa\u00e7anha e Marcelo Mello anunciam sa\u00edda da Malla 100 Al\u00e7a"}]},{"@type":"WebSite","@id":"https:\/\/portalnpm.com\/#website","url":"https:\/\/portalnpm.com\/","name":"Portal NPM","description":"Not\u00edcias em Primeira M\u00e3o","potentialAction":[{"@type":"SearchAction","target":{"@type":"EntryPoint","urlTemplate":"https:\/\/portalnpm.com\/?s={search_term_string}"},"query-input":"required name=search_term_string"}],"inLanguage":"pt-BR"},{"@type":"Person","@id":"https:\/\/portalnpm.com\/#\/schema\/person\/35cb55186eae3f074b6783da6d35591e","name":"Zenilton Lima","image":{"@type":"ImageObject","inLanguage":"pt-BR","@id":"https:\/\/portalnpm.com\/#\/schema\/person\/image\/","url":"https:\/\/portalnpm.com\/wp-content\/uploads\/2024\/12\/avatar_user_8_1733658137-96x96.jpeg","contentUrl":"https:\/\/portalnpm.com\/wp-content\/uploads\/2024\/12\/avatar_user_8_1733658137-96x96.jpeg","caption":"Zenilton Lima"},"url":"https:\/\/portalnpm.com\/index.php\/author\/zenilton\/"}]}},"jetpack_sharing_enabled":true,"jetpack_featured_media_url":"","_links":{"self":[{"href":"https:\/\/portalnpm.com\/index.php\/wp-json\/wp\/v2\/posts\/4659"}],"collection":[{"href":"https:\/\/portalnpm.com\/index.php\/wp-json\/wp\/v2\/posts"}],"about":[{"href":"https:\/\/portalnpm.com\/index.php\/wp-json\/wp\/v2\/types\/post"}],"author":[{"embeddable":true,"href":"https:\/\/portalnpm.com\/index.php\/wp-json\/wp\/v2\/users\/8"}],"replies":[{"embeddable":true,"href":"https:\/\/portalnpm.com\/index.php\/wp-json\/wp\/v2\/comments?post=4659"}],"version-history":[{"count":0,"href":"https:\/\/portalnpm.com\/index.php\/wp-json\/wp\/v2\/posts\/4659\/revisions"}],"wp:featuredmedia":[{"embeddable":true,"href":"https:\/\/portalnpm.com\/index.php\/wp-json\/"}],"wp:attachment":[{"href":"https:\/\/portalnpm.com\/index.php\/wp-json\/wp\/v2\/media?parent=4659"}],"wp:term":[{"taxonomy":"category","embeddable":true,"href":"https:\/\/portalnpm.com\/index.php\/wp-json\/wp\/v2\/categories?post=4659"},{"taxonomy":"post_tag","embeddable":true,"href":"https:\/\/portalnpm.com\/index.php\/wp-json\/wp\/v2\/tags?post=4659"}],"curies":[{"name":"wp","href":"https:\/\/api.w.org\/{rel}","templated":true}]}}