{"id":46689,"date":"2023-05-28T15:52:47","date_gmt":"2023-05-28T18:52:47","guid":{"rendered":"https:\/\/portalnpm.com\/?p=46689"},"modified":"2023-05-28T15:52:47","modified_gmt":"2023-05-28T18:52:47","slug":"professor-morre-devido-infeccao-uma-semana-apos-extracao-do-dente-siso","status":"publish","type":"post","link":"https:\/\/portalnpm.com\/index.php\/2023\/05\/28\/professor-morre-devido-infeccao-uma-semana-apos-extracao-do-dente-siso\/","title":{"rendered":"Professor morre devido infec\u00e7\u00e3o uma semana ap\u00f3s extra\u00e7\u00e3o do dente siso"},"content":{"rendered":"<header class=\"header\">\n<div class=\"header__title\" style=\"text-align: justify;\"><\/div>\n<\/header>\n<div class=\"main wrapper\">\n<div class=\"i-amphtml-fill-content i-amphtml-replaced-content\" style=\"text-align: justify;\" role=\"list\"><\/div>\n<div class=\"article-container module module-noticias\">\n<div class=\"title center tsec\" style=\"text-align: justify;\"><\/div>\n<div class=\"layout\">\n<div class=\"col\">\n<div class=\"article-content\">\n<div class=\"article-html\" style=\"text-align: justify;\">\n<div class=\"article-html-more\">\n<p><strong>Jos\u00e9 Eliezio Oliveira Silva, um professor de dan\u00e7a de 50 anos,<\/strong>\u00a0<a href=\"https:\/\/www.meionorte.com\/noticias\/jovem-morre-apos-extrair-siso-contrair-infeccao-e-ficar-3-dias-internada-472902\" target=\"_blank\" rel=\"noopener\">faleceu em Fortaleza devido a uma infec\u00e7\u00e3o generalizada uma semana ap\u00f3s extrair um dente do siso em um posto de sa\u00fade.<\/a>\u00a0A fam\u00edlia levanta questionamentos sobre o atendimento recebido pelo professor na unidade de sa\u00fade.<\/p>\n<p>A Secretaria Municipal da Sa\u00fade (SMS), esclareceu que o paciente recebeu todo o cuidado e aten\u00e7\u00e3o necess\u00e1rios, de acordo com as demandas do caso.\u00a0<strong>Ele estava sendo acompanhado pela equipe da Estrat\u00e9gia Sa\u00fade da Fam\u00edlia (ESF) no posto de sa\u00fade e apresentava uma condi\u00e7\u00e3o cr\u00f4nica est\u00e1vel.<\/strong><a href=\"https:\/\/www.meionorte.com\/noticias\/jovem-morre-apos-extrair-siso-contrair-infeccao-e-ficar-3-dias-internada-472902\" target=\"_blank\" rel=\"noopener\">\u00a0A extra\u00e7\u00e3o do dente foi realizada no dia 16<\/a>, e o professor veio a falecer em 23 de maio.<\/p>\n<p>De acordo com uma sobrinha da v\u00edtima, o professor come\u00e7ou a sentir\u00a0<a href=\"https:\/\/www.meionorte.com\/noticias\/jovem-morre-apos-extrair-siso-contrair-infeccao-e-ficar-3-dias-internada-472902\" target=\"_blank\" rel=\"noopener\">dores intensas no dente no in\u00edcio do ano e tentou aliviar a dor com analg\u00e9sicos por conta pr\u00f3pria<\/a>. No entanto, as dores persistiram e ele optou por marcar uma consulta m\u00e9dica.<\/p>\n<blockquote><p>\u201cEle dizia para mim que sentia febre, dor de cabe\u00e7a, que o corpo dele estava muito mole. Ele gemia de dor quando tomava \u00e1gua, se maldizia de dor na garganta\u201d, detalhou Isla Feitosa, sobrinha da v\u00edtima.<\/p><\/blockquote>\n<div class=\"article-more related_amp\">\n<div class=\"grid-pattern-news\">\n<div class=\"post full\"><\/div>\n<div class=\"post full\">\n<div class=\"post-info\"><\/div>\n<\/div>\n<\/div>\n<\/div>\n<p>No dia inicialmente agendado, 5 de maio, o professor apresentava quadro de press\u00e3o alta, o que impossibilitou a realiza\u00e7\u00e3o da cirurgia. Como resultado, o procedimento foi reagendado para o dia 16. A sobrinha do professor levanta questionamentos, alegando que nenhum exame ou raio-X foi realizado antes da cirurgia, al\u00e9m de mencionar que ap\u00f3s o procedimento, seu tio recebeu alta sem nenhuma prescri\u00e7\u00e3o m\u00e9dica para o p\u00f3s-operat\u00f3rio.<\/p>\n<blockquote><p>\u201cO procedimento odontol\u00f3gico foi realizado sem intercorr\u00eancias no dia 16 de maio. No dia 19, quando retornou \u00e0 unidade, foi novamente acolhido e orientado sobre o uso dos medicamentos necess\u00e1rios\u201d, \u00a0esclareceu a SMS.<\/p><\/blockquote>\n<p>Em sua casa, o professor passou a sentir dores intensas, febre elevada e incha\u00e7o na regi\u00e3o do pesco\u00e7o. Diante disso, ele optou por retornar \u00e0 unidade de sa\u00fade no dia 19. Na ocasi\u00e3o, a equipe m\u00e9dica prescreveu uma receita contendo analg\u00e9sicos, anti-inflamat\u00f3rios e antibi\u00f3ticos.<\/p>\n<blockquote><p>\u201cA gente viu que tinha algo errado porque o rosto dele come\u00e7ou a inchar. Do jeito que ele ficou, estava irreconhec\u00edvel\u201d, desabafa a sobrinha.<\/p><\/blockquote>\n<p>Mesmo ap\u00f3s ir \u00e0 unidade de sa\u00fade, os sintomas persistiram e, infelizmente, se agravaram. O professor come\u00e7ou a enfrentar dificuldades para andar, falar e se alimentar. No dia 22, sua condi\u00e7\u00e3o se deteriorou e ele foi levado \u00e0 Unidade de Pronto Atendimento (UPA) do Jangurussu.<\/p>\n<p>Na UPA, ele sofreu duas paradas card\u00edacas. O m\u00e9dico respons\u00e1vel informou que ele estava enfrentando uma infec\u00e7\u00e3o generalizada, bem como uma infec\u00e7\u00e3o bacteriana na regi\u00e3o do pesco\u00e7o. Embora tenha sido submetido \u00e0 intuba\u00e7\u00e3o durante a segunda parada card\u00edaca, infelizmente, o professor n\u00e3o resistiu.<\/p>\n<blockquote><p>\u201cEle nem passou pela triagem, foi direto para a UTI. L\u00e1 disseram que foi por causa da extra\u00e7\u00e3o dent\u00e1ria, que ele tinha contra\u00eddo uma infec\u00e7\u00e3o generalizada que estava tomando de conta dos rins dele\u201d, disse Isla.<\/p><\/blockquote>\n<p>O m\u00e9dico que emitiu o atestado de \u00f3bito identificou as causas da morte como choque, abscesso dental, insufici\u00eancia renal e outras.<\/p>\n<blockquote><p>\u201cIsso pegou todos n\u00f3s de surpresa. Meu tio sempre foi muito sorridente, uma pessoa que esbanjava sa\u00fade, ningu\u00e9m nunca o via falando mal de nada, se maldizendo de nada. A gente se sente injusti\u00e7ada\u201d, lamentou a sobrinha.<\/p><\/blockquote>\n<p>Por outro lado, a Secretaria Municipal de Sa\u00fade (SMS) afirmou que, no dia 23, o paciente recebeu acolhimento na UPA do Jangurussu, onde toda assist\u00eancia e atendimento necess\u00e1rios foram prestados pelos profissionais da unidade.<\/p>\n<p>&nbsp;<\/p>\n<\/div>\n<\/div>\n<div class=\"article-topics\" style=\"text-align: justify;\"><strong>FONTE: MEIO NORTE<\/strong><\/div>\n<\/div>\n<\/div>\n<\/div>\n<\/div>\n<\/div>\n","protected":false},"excerpt":{"rendered":"<p>Jos\u00e9 Eliezio Oliveira Silva, um professor de dan\u00e7a de 50 anos,\u00a0faleceu em Fortaleza devido a uma infec\u00e7\u00e3o generalizada uma semana ap\u00f3s extrair um dente do siso em um posto de sa\u00fade.\u00a0A fam\u00edlia levanta questionamentos sobre o atendimento recebido pelo professor na unidade de sa\u00fade. A Secretaria Municipal da Sa\u00fade (SMS), esclareceu que o paciente recebeu &hellip;<\/p>\n","protected":false},"author":4,"featured_media":46690,"comment_status":"open","ping_status":"open","sticky":false,"template":"","format":"standard","meta":{"content-type":"","rop_custom_images_group":[],"rop_custom_messages_group":[],"rop_publish_now":"initial","rop_publish_now_accounts":{"facebook_2648258775420054_1618374048415101":""},"rop_publish_now_history":[],"rop_publish_now_status":"pending","footnotes":"","_jetpack_memberships_contains_paid_content":false},"categories":[118],"tags":[132,2873],"yoast_head":"<!-- This site is optimized with the Yoast SEO plugin v22.3 - https:\/\/yoast.com\/wordpress\/plugins\/seo\/ -->\n<title>Professor morre devido infec\u00e7\u00e3o uma semana ap\u00f3s extra\u00e7\u00e3o do dente siso - Portal NPM<\/title>\n<meta name=\"robots\" content=\"index, follow, max-snippet:-1, max-image-preview:large, max-video-preview:-1\" \/>\n<link rel=\"canonical\" href=\"https:\/\/portalnpm.com\/index.php\/2023\/05\/28\/professor-morre-devido-infeccao-uma-semana-apos-extracao-do-dente-siso\/\" \/>\n<meta property=\"og:locale\" content=\"pt_BR\" \/>\n<meta property=\"og:type\" content=\"article\" \/>\n<meta property=\"og:title\" content=\"Professor morre devido infec\u00e7\u00e3o uma semana ap\u00f3s extra\u00e7\u00e3o do dente siso - Portal NPM\" \/>\n<meta property=\"og:description\" content=\"Jos\u00e9 Eliezio Oliveira Silva, um professor de dan\u00e7a de 50 anos,\u00a0faleceu em Fortaleza devido a uma infec\u00e7\u00e3o generalizada uma semana ap\u00f3s extrair um dente do siso em um posto de sa\u00fade.\u00a0A fam\u00edlia levanta questionamentos sobre o atendimento recebido pelo professor na unidade de sa\u00fade. A Secretaria Municipal da Sa\u00fade (SMS), esclareceu que o paciente recebeu &hellip;\" \/>\n<meta property=\"og:url\" content=\"https:\/\/portalnpm.com\/index.php\/2023\/05\/28\/professor-morre-devido-infeccao-uma-semana-apos-extracao-do-dente-siso\/\" \/>\n<meta property=\"og:site_name\" content=\"Portal NPM\" \/>\n<meta property=\"article:published_time\" content=\"2023-05-28T18:52:47+00:00\" \/>\n<meta name=\"author\" content=\"Reda\u00e7\u00e3o\" \/>\n<meta name=\"twitter:card\" content=\"summary_large_image\" \/>\n<meta name=\"twitter:label1\" content=\"Escrito por\" \/>\n\t<meta name=\"twitter:data1\" content=\"Reda\u00e7\u00e3o\" \/>\n\t<meta name=\"twitter:label2\" content=\"Est. tempo de leitura\" \/>\n\t<meta name=\"twitter:data2\" content=\"3 minutos\" \/>\n<script type=\"application\/ld+json\" class=\"yoast-schema-graph\">{\"@context\":\"https:\/\/schema.org\",\"@graph\":[{\"@type\":\"WebPage\",\"@id\":\"https:\/\/portalnpm.com\/index.php\/2023\/05\/28\/professor-morre-devido-infeccao-uma-semana-apos-extracao-do-dente-siso\/\",\"url\":\"https:\/\/portalnpm.com\/index.php\/2023\/05\/28\/professor-morre-devido-infeccao-uma-semana-apos-extracao-do-dente-siso\/\",\"name\":\"Professor morre devido infec\u00e7\u00e3o uma semana ap\u00f3s extra\u00e7\u00e3o do dente siso - Portal NPM\",\"isPartOf\":{\"@id\":\"https:\/\/portalnpm.com\/#website\"},\"primaryImageOfPage\":{\"@id\":\"https:\/\/portalnpm.com\/index.php\/2023\/05\/28\/professor-morre-devido-infeccao-uma-semana-apos-extracao-do-dente-siso\/#primaryimage\"},\"image\":{\"@id\":\"https:\/\/portalnpm.com\/index.php\/2023\/05\/28\/professor-morre-devido-infeccao-uma-semana-apos-extracao-do-dente-siso\/#primaryimage\"},\"thumbnailUrl\":\"\",\"datePublished\":\"2023-05-28T18:52:47+00:00\",\"dateModified\":\"2023-05-28T18:52:47+00:00\",\"author\":{\"@id\":\"https:\/\/portalnpm.com\/#\/schema\/person\/0b5f230ec96cee25504fa328e7f2b733\"},\"breadcrumb\":{\"@id\":\"https:\/\/portalnpm.com\/index.php\/2023\/05\/28\/professor-morre-devido-infeccao-uma-semana-apos-extracao-do-dente-siso\/#breadcrumb\"},\"inLanguage\":\"pt-BR\",\"potentialAction\":[{\"@type\":\"ReadAction\",\"target\":[\"https:\/\/portalnpm.com\/index.php\/2023\/05\/28\/professor-morre-devido-infeccao-uma-semana-apos-extracao-do-dente-siso\/\"]}]},{\"@type\":\"ImageObject\",\"inLanguage\":\"pt-BR\",\"@id\":\"https:\/\/portalnpm.com\/index.php\/2023\/05\/28\/professor-morre-devido-infeccao-uma-semana-apos-extracao-do-dente-siso\/#primaryimage\",\"url\":\"\",\"contentUrl\":\"\"},{\"@type\":\"BreadcrumbList\",\"@id\":\"https:\/\/portalnpm.com\/index.php\/2023\/05\/28\/professor-morre-devido-infeccao-uma-semana-apos-extracao-do-dente-siso\/#breadcrumb\",\"itemListElement\":[{\"@type\":\"ListItem\",\"position\":1,\"name\":\"In\u00edcio\",\"item\":\"https:\/\/portalnpm.com\/\"},{\"@type\":\"ListItem\",\"position\":2,\"name\":\"Professor morre devido infec\u00e7\u00e3o uma semana ap\u00f3s extra\u00e7\u00e3o do dente siso\"}]},{\"@type\":\"WebSite\",\"@id\":\"https:\/\/portalnpm.com\/#website\",\"url\":\"https:\/\/portalnpm.com\/\",\"name\":\"Portal NPM\",\"description\":\"Not\u00edcias em Primeira M\u00e3o\",\"potentialAction\":[{\"@type\":\"SearchAction\",\"target\":{\"@type\":\"EntryPoint\",\"urlTemplate\":\"https:\/\/portalnpm.com\/?s={search_term_string}\"},\"query-input\":\"required name=search_term_string\"}],\"inLanguage\":\"pt-BR\"},{\"@type\":\"Person\",\"@id\":\"https:\/\/portalnpm.com\/#\/schema\/person\/0b5f230ec96cee25504fa328e7f2b733\",\"name\":\"Reda\u00e7\u00e3o\",\"image\":{\"@type\":\"ImageObject\",\"inLanguage\":\"pt-BR\",\"@id\":\"https:\/\/portalnpm.com\/#\/schema\/person\/image\/\",\"url\":\"https:\/\/portalnpm.com\/wp-content\/uploads\/2024\/03\/avatar_user_4_1710097212-96x96.png\",\"contentUrl\":\"https:\/\/portalnpm.com\/wp-content\/uploads\/2024\/03\/avatar_user_4_1710097212-96x96.png\",\"caption\":\"Reda\u00e7\u00e3o\"},\"url\":\"https:\/\/portalnpm.com\/index.php\/author\/redacao\/\"}]}<\/script>\n<!-- \/ Yoast SEO plugin. -->","yoast_head_json":{"title":"Professor morre devido infec\u00e7\u00e3o uma semana ap\u00f3s extra\u00e7\u00e3o do dente siso - Portal NPM","robots":{"index":"index","follow":"follow","max-snippet":"max-snippet:-1","max-image-preview":"max-image-preview:large","max-video-preview":"max-video-preview:-1"},"canonical":"https:\/\/portalnpm.com\/index.php\/2023\/05\/28\/professor-morre-devido-infeccao-uma-semana-apos-extracao-do-dente-siso\/","og_locale":"pt_BR","og_type":"article","og_title":"Professor morre devido infec\u00e7\u00e3o uma semana ap\u00f3s extra\u00e7\u00e3o do dente siso - Portal NPM","og_description":"Jos\u00e9 Eliezio Oliveira Silva, um professor de dan\u00e7a de 50 anos,\u00a0faleceu em Fortaleza devido a uma infec\u00e7\u00e3o generalizada uma semana ap\u00f3s extrair um dente do siso em um posto de sa\u00fade.\u00a0A fam\u00edlia levanta questionamentos sobre o atendimento recebido pelo professor na unidade de sa\u00fade. A Secretaria Municipal da Sa\u00fade (SMS), esclareceu que o paciente recebeu &hellip;","og_url":"https:\/\/portalnpm.com\/index.php\/2023\/05\/28\/professor-morre-devido-infeccao-uma-semana-apos-extracao-do-dente-siso\/","og_site_name":"Portal NPM","article_published_time":"2023-05-28T18:52:47+00:00","author":"Reda\u00e7\u00e3o","twitter_card":"summary_large_image","twitter_misc":{"Escrito por":"Reda\u00e7\u00e3o","Est. tempo de leitura":"3 minutos"},"schema":{"@context":"https:\/\/schema.org","@graph":[{"@type":"WebPage","@id":"https:\/\/portalnpm.com\/index.php\/2023\/05\/28\/professor-morre-devido-infeccao-uma-semana-apos-extracao-do-dente-siso\/","url":"https:\/\/portalnpm.com\/index.php\/2023\/05\/28\/professor-morre-devido-infeccao-uma-semana-apos-extracao-do-dente-siso\/","name":"Professor morre devido infec\u00e7\u00e3o uma semana ap\u00f3s extra\u00e7\u00e3o do dente siso - Portal NPM","isPartOf":{"@id":"https:\/\/portalnpm.com\/#website"},"primaryImageOfPage":{"@id":"https:\/\/portalnpm.com\/index.php\/2023\/05\/28\/professor-morre-devido-infeccao-uma-semana-apos-extracao-do-dente-siso\/#primaryimage"},"image":{"@id":"https:\/\/portalnpm.com\/index.php\/2023\/05\/28\/professor-morre-devido-infeccao-uma-semana-apos-extracao-do-dente-siso\/#primaryimage"},"thumbnailUrl":"","datePublished":"2023-05-28T18:52:47+00:00","dateModified":"2023-05-28T18:52:47+00:00","author":{"@id":"https:\/\/portalnpm.com\/#\/schema\/person\/0b5f230ec96cee25504fa328e7f2b733"},"breadcrumb":{"@id":"https:\/\/portalnpm.com\/index.php\/2023\/05\/28\/professor-morre-devido-infeccao-uma-semana-apos-extracao-do-dente-siso\/#breadcrumb"},"inLanguage":"pt-BR","potentialAction":[{"@type":"ReadAction","target":["https:\/\/portalnpm.com\/index.php\/2023\/05\/28\/professor-morre-devido-infeccao-uma-semana-apos-extracao-do-dente-siso\/"]}]},{"@type":"ImageObject","inLanguage":"pt-BR","@id":"https:\/\/portalnpm.com\/index.php\/2023\/05\/28\/professor-morre-devido-infeccao-uma-semana-apos-extracao-do-dente-siso\/#primaryimage","url":"","contentUrl":""},{"@type":"BreadcrumbList","@id":"https:\/\/portalnpm.com\/index.php\/2023\/05\/28\/professor-morre-devido-infeccao-uma-semana-apos-extracao-do-dente-siso\/#breadcrumb","itemListElement":[{"@type":"ListItem","position":1,"name":"In\u00edcio","item":"https:\/\/portalnpm.com\/"},{"@type":"ListItem","position":2,"name":"Professor morre devido infec\u00e7\u00e3o uma semana ap\u00f3s extra\u00e7\u00e3o do dente siso"}]},{"@type":"WebSite","@id":"https:\/\/portalnpm.com\/#website","url":"https:\/\/portalnpm.com\/","name":"Portal NPM","description":"Not\u00edcias em Primeira M\u00e3o","potentialAction":[{"@type":"SearchAction","target":{"@type":"EntryPoint","urlTemplate":"https:\/\/portalnpm.com\/?s={search_term_string}"},"query-input":"required name=search_term_string"}],"inLanguage":"pt-BR"},{"@type":"Person","@id":"https:\/\/portalnpm.com\/#\/schema\/person\/0b5f230ec96cee25504fa328e7f2b733","name":"Reda\u00e7\u00e3o","image":{"@type":"ImageObject","inLanguage":"pt-BR","@id":"https:\/\/portalnpm.com\/#\/schema\/person\/image\/","url":"https:\/\/portalnpm.com\/wp-content\/uploads\/2024\/03\/avatar_user_4_1710097212-96x96.png","contentUrl":"https:\/\/portalnpm.com\/wp-content\/uploads\/2024\/03\/avatar_user_4_1710097212-96x96.png","caption":"Reda\u00e7\u00e3o"},"url":"https:\/\/portalnpm.com\/index.php\/author\/redacao\/"}]}},"jetpack_sharing_enabled":true,"jetpack_featured_media_url":"","_links":{"self":[{"href":"https:\/\/portalnpm.com\/index.php\/wp-json\/wp\/v2\/posts\/46689"}],"collection":[{"href":"https:\/\/portalnpm.com\/index.php\/wp-json\/wp\/v2\/posts"}],"about":[{"href":"https:\/\/portalnpm.com\/index.php\/wp-json\/wp\/v2\/types\/post"}],"author":[{"embeddable":true,"href":"https:\/\/portalnpm.com\/index.php\/wp-json\/wp\/v2\/users\/4"}],"replies":[{"embeddable":true,"href":"https:\/\/portalnpm.com\/index.php\/wp-json\/wp\/v2\/comments?post=46689"}],"version-history":[{"count":0,"href":"https:\/\/portalnpm.com\/index.php\/wp-json\/wp\/v2\/posts\/46689\/revisions"}],"wp:featuredmedia":[{"embeddable":true,"href":"https:\/\/portalnpm.com\/index.php\/wp-json\/"}],"wp:attachment":[{"href":"https:\/\/portalnpm.com\/index.php\/wp-json\/wp\/v2\/media?parent=46689"}],"wp:term":[{"taxonomy":"category","embeddable":true,"href":"https:\/\/portalnpm.com\/index.php\/wp-json\/wp\/v2\/categories?post=46689"},{"taxonomy":"post_tag","embeddable":true,"href":"https:\/\/portalnpm.com\/index.php\/wp-json\/wp\/v2\/tags?post=46689"}],"curies":[{"name":"wp","href":"https:\/\/api.w.org\/{rel}","templated":true}]}}