{"id":46801,"date":"2023-06-02T11:14:40","date_gmt":"2023-06-02T14:14:40","guid":{"rendered":"https:\/\/portalnpm.com\/?p=46801"},"modified":"2023-06-02T11:14:40","modified_gmt":"2023-06-02T14:14:40","slug":"veja-os-classificados-na-copa-do-br-datas-e-quanto-cada-time-ja-levou","status":"publish","type":"post","link":"https:\/\/portalnpm.com\/index.php\/2023\/06\/02\/veja-os-classificados-na-copa-do-br-datas-e-quanto-cada-time-ja-levou\/","title":{"rendered":"Veja os classificados na Copa do BR, datas e quanto cada time j\u00e1 levou"},"content":{"rendered":"<header class=\"HeaderV3_header__CmgV5 HeaderV3_headerScrolled__YeCJI\">\n<div class=\"HeaderV3_mainMenu__mybEV\">\n<nav class=\"HeaderV3_headerNavWrapper__9D6Lg\">\n<div class=\"HeaderV3_headerNavButtonsContainer__bwXlp\" style=\"text-align: justify;\"><\/div>\n<\/nav>\n<\/div>\n<\/header>\n<div class=\"News_xpaContainer__oyAwt\">\n<div class=\"XpaLayout_xpaLayout__RP_t4\">\n<div class=\"xpaLayoutContainer XpaLayout_xpaLayoutContainerFullWidth__kKj0G xpaLayoutContainerFullWidth--articleHeroBanner\" style=\"text-align: justify;\">\n<div class=\"XpaLayout_xpaLayoutContainerComponentResolver__32Dls xpaLayoutContainerComponentResolver--articleHeroBanner\">\n<article class=\"ArticleHeroBanner_articleHeroBanner__xFydY\">\n<div class=\"ArticleHeroBanner_patternContainerRight__K30Bs\"><\/div>\n<\/article>\n<\/div>\n<\/div>\n<div class=\"xpaLayoutContainer XpaLayout_xpaLayoutContainerGrid__ch3iG\">\n<div class=\"XpaLayout_xpaLayoutContainerGridItem__IApdB\">\n<div class=\"XpaLayout_xpaLayoutContainerGridItemComponents__RvIml\">\n<div class=\"ArticleParagraph_articleParagraph__hR05e\" style=\"text-align: justify;\">\n<p>Ap\u00f3s as classifica\u00e7\u00f5es de\u00a0<a href=\"https:\/\/onefootball.com\/pt-br\/time\/sao-paulo-1677\">S\u00e3o Paulo<\/a>\u00a0e\u00a0<a href=\"https:\/\/onefootball.com\/pt-br\/time\/flamengo-1802\">Flamengo<\/a>\u00a0nesta quinta (1), j\u00e1 s\u00e3o conhecidos todos os oito times das quartas de final da Copa do Brasil-2023.<\/p>\n<\/div>\n<div class=\"ArticleParagraph_articleParagraph__hR05e\" style=\"text-align: justify;\">\n<p>S\u00e3o eles:<\/p>\n<\/div>\n<ul class=\"ArticleList_ofListUnordered__p6BII\" style=\"text-align: justify;\">\n<li class=\"ArticleList_ofList__item__7O4OC\">Am\u00e9rica<\/li>\n<li class=\"ArticleList_ofList__item__7O4OC\">Athletico<\/li>\n<li class=\"ArticleList_ofList__item__7O4OC\">Bahia<\/li>\n<li class=\"ArticleList_ofList__item__7O4OC\">Corinthians<\/li>\n<li class=\"ArticleList_ofList__item__7O4OC\">Gr\u00eamio<\/li>\n<li class=\"ArticleList_ofList__item__7O4OC\">Flamengo<\/li>\n<li class=\"ArticleList_ofList__item__7O4OC\">Palmeiras<\/li>\n<li class=\"ArticleList_ofList__item__7O4OC\">S\u00e3o Paulo<\/li>\n<\/ul>\n<div class=\"ArticleTwitter_twitterComponent__9L3ua\" style=\"text-align: justify;\">\n<div class=\"twitter-tweet twitter-tweet-rendered\"><iframe id=\"twitter-widget-0\" class=\"\" title=\"Twitter Tweet\" src=\"https:\/\/platform.twitter.com\/embed\/Tweet.html?creatorScreenName=OneFootball&amp;dnt=false&amp;embedId=twitter-widget-0&amp;features=eyJ0ZndfdGltZWxpbmVfbGlzdCI6eyJidWNrZXQiOltdLCJ2ZXJzaW9uIjpudWxsfSwidGZ3X2ZvbGxvd2VyX2NvdW50X3N1bnNldCI6eyJidWNrZXQiOnRydWUsInZlcnNpb24iOm51bGx9LCJ0ZndfdHdlZXRfZWRpdF9iYWNrZW5kIjp7ImJ1Y2tldCI6Im9uIiwidmVyc2lvbiI6bnVsbH0sInRmd19yZWZzcmNfc2Vzc2lvbiI6eyJidWNrZXQiOiJvbiIsInZlcnNpb24iOm51bGx9LCJ0ZndfZm9zbnJfc29mdF9pbnRlcnZlbnRpb25zX2VuYWJsZWQiOnsiYnVja2V0Ijoib24iLCJ2ZXJzaW9uIjpudWxsfSwidGZ3X21peGVkX21lZGlhXzE1ODk3Ijp7ImJ1Y2tldCI6InRyZWF0bWVudCIsInZlcnNpb24iOm51bGx9LCJ0ZndfZXhwZXJpbWVudHNfY29va2llX2V4cGlyYXRpb24iOnsiYnVja2V0IjoxMjA5NjAwLCJ2ZXJzaW9uIjpudWxsfSwidGZ3X3Nob3dfYmlyZHdhdGNoX3Bpdm90c19lbmFibGVkIjp7ImJ1Y2tldCI6Im9uIiwidmVyc2lvbiI6bnVsbH0sInRmd19kdXBsaWNhdGVfc2NyaWJlc190b19zZXR0aW5ncyI6eyJidWNrZXQiOiJvbiIsInZlcnNpb24iOm51bGx9LCJ0ZndfdXNlX3Byb2ZpbGVfaW1hZ2Vfc2hhcGVfZW5hYmxlZCI6eyJidWNrZXQiOiJvbiIsInZlcnNpb24iOm51bGx9LCJ0ZndfdmlkZW9faGxzX2R5bmFtaWNfbWFuaWZlc3RzXzE1MDgyIjp7ImJ1Y2tldCI6InRydWVfYml0cmF0ZSIsInZlcnNpb24iOm51bGx9LCJ0ZndfbGVnYWN5X3RpbWVsaW5lX3N1bnNldCI6eyJidWNrZXQiOnRydWUsInZlcnNpb24iOm51bGx9LCJ0ZndfdHdlZXRfZWRpdF9mcm9udGVuZCI6eyJidWNrZXQiOiJvbiIsInZlcnNpb24iOm51bGx9fQ%3D%3D&amp;frame=false&amp;hideCard=false&amp;hideThread=true&amp;id=1664439377945083907&amp;lang=pt&amp;origin=https%3A%2F%2Fonefootball.com%2Fpt-br%2Fnoticias%2Fveja-os-classificados-na-copa-do-br-datas-e-quanto-cada-time-ja-levou-37598350&amp;sessionId=c762256a095fb1959ed41d74de590d289686d768&amp;siteScreenName=OneFootball&amp;theme=light&amp;widgetsVersion=aaf4084522e3a%3A1674595607486&amp;width=550px\" frameborder=\"0\" scrolling=\"no\" allowfullscreen=\"allowfullscreen\" data-tweet-id=\"1664439377945083907\" data-mce-fragment=\"1\"><\/iframe><\/div>\n<\/div>\n<div class=\"ArticleParagraph_articleParagraph__hR05e\" style=\"text-align: justify;\">\n<p>Somente tr\u00eas \u2013\u00a0<a href=\"https:\/\/onefootball.com\/pt-br\/time\/athletico-paranaense-1862\">Athletico<\/a>,\u00a0<a href=\"https:\/\/onefootball.com\/pt-br\/time\/sao-paulo-1677\">S\u00e3o Paulo<\/a>\u00a0e\u00a0<a href=\"https:\/\/onefootball.com\/pt-br\/time\/flamengo-1802\">Flamengo<\/a>\u00a0\u2013 atingiram tal fase desde 2021.<\/p>\n<\/div>\n<div class=\"ArticleParagraph_articleParagraph__hR05e\" style=\"text-align: justify;\">\n<p>E o\u00a0<a href=\"https:\/\/onefootball.com\/pt-br\/time\/flamengo-1802\">Flamengo<\/a>\u00a0\u00e9 o \u00fanico que marca presen\u00e7a entre os oito desde a edi\u00e7\u00e3o de 2017.<\/p>\n<\/div>\n<div class=\"ArticleParagraph_articleParagraph__hR05e\" style=\"text-align: justify;\">\n<p>Am\u00e9rica e CAP s\u00e3o os representantes do futebol mineiro e paranaense, respectivamente, pela segunda edi\u00e7\u00e3o seguida.<\/p>\n<\/div>\n<div class=\"ArticleParagraph_articleParagraph__hR05e\" style=\"text-align: justify;\">\n<p>O Sport levou a decis\u00e3o contra o\u00a0<a href=\"https:\/\/onefootball.com\/pt-br\/time\/sao-paulo-1677\">S\u00e3o Paulo<\/a>\u00a0aos p\u00eanaltis, mas n\u00e3o avan\u00e7ou. Seria o \u00fanico fora da elite entre os oito.<\/p>\n<\/div>\n<div class=\"ArticleParagraph_articleParagraph__hR05e\" style=\"text-align: justify;\">\n<p>S\u00f3 o Fluminense passou zerado nas duas partidas.<\/p>\n<\/div>\n<div class=\"ArticleParagraph_articleParagraph__hR05e\" style=\"text-align: justify;\">\n<h3>SOBROU emo\u00e7\u00e3o<\/h3>\n<\/div>\n<div class=\"ArticleParagraph_articleParagraph__hR05e\" style=\"text-align: justify;\">\n<p>Foram CINCO decis\u00f5es por p\u00eanaltis nos oito duelos.<\/p>\n<\/div>\n<div class=\"ArticleParagraph_articleParagraph__hR05e\" style=\"text-align: justify;\">\n<p>Outros dois foram definidos por apenas um gol de diferen\u00e7a.<\/p>\n<\/div>\n<div class=\"ArticleParagraph_articleParagraph__hR05e\" style=\"text-align: justify;\">\n<p>Apenas o\u00a0<a href=\"https:\/\/onefootball.com\/pt-br\/time\/palmeiras-1693\">Palmeiras<\/a>\u00a0avan\u00e7ou com dois gols de vantagem \u2013 e perdendo na volta.<\/p>\n<\/div>\n<div class=\"ArticleParagraph_articleParagraph__hR05e\" style=\"text-align: justify;\">\n<h3>Quando ser\u00e1 o sorteio\u2753<\/h3>\n<\/div>\n<div class=\"ArticleParagraph_articleParagraph__hR05e\" style=\"text-align: justify;\">\n<p>A CBF ainda n\u00e3o oficializou, mas a tend\u00eancia \u00e9 que aconte\u00e7a na pr\u00f3xima ter\u00e7a (6).<\/p>\n<\/div>\n<div class=\"ArticleParagraph_articleParagraph__hR05e\" style=\"text-align: justify;\">\n<p>E j\u00e1 com os cruzamentos para as semifinais. Ou seja: ser\u00e1 conhecido o caminho at\u00e9 a decis\u00e3o.<\/p>\n<\/div>\n<div class=\"ArticleParagraph_articleParagraph__hR05e\" style=\"text-align: justify;\">\n<h3>\ud83d\udcc6 Pr\u00f3ximas datas<\/h3>\n<\/div>\n<div class=\"ArticleParagraph_articleParagraph__hR05e\" style=\"text-align: justify;\">\n<p>Os jogos de ida do pr\u00f3ximo mata-mata devem ser entre os dias 5 e 6 julho.<\/p>\n<\/div>\n<div class=\"ArticleParagraph_articleParagraph__hR05e\" style=\"text-align: justify;\">\n<p>Com a volta em 12 e 13 do mesmo m\u00eas.<\/p>\n<\/div>\n<hr class=\"HorizontalSeparator_separator__F7iJj\" \/>\n<div class=\"ArticleParagraph_articleParagraph__hR05e\" style=\"text-align: justify;\">\n<h3>Os que mais ganharam \ud83e\udd11<\/h3>\n<\/div>\n<div class=\"ArticleParagraph_articleParagraph__hR05e\" style=\"text-align: justify;\">\n<p>Apenas tr\u00eas times da S\u00e9rie A disputam a competi\u00e7\u00e3o desde a primeira fase e chegaram \u00e0s quartas de final.<\/p>\n<\/div>\n<div class=\"ArticleParagraph_articleParagraph__hR05e\" style=\"text-align: justify;\">\n<p>E, como consequ\u00eancia, s\u00e3o os que mais lucraram at\u00e9 o momento ap\u00f3s garantirem cinco cotas \u2013 a primeira foi de R$ 1,4 milh\u00e3o.<\/p>\n<\/div>\n<ul class=\"ArticleList_ofListUnordered__p6BII\" style=\"text-align: justify;\">\n<li class=\"ArticleList_ofList__item__7O4OC\">Am\u00e9rica \u2013 R$ 12,8 milh\u00f5es<\/li>\n<li class=\"ArticleList_ofList__item__7O4OC\"><a href=\"https:\/\/onefootball.com\/pt-br\/time\/bahia-1795\">Bahia<\/a>\u00a0\u2013 R$ 12,8 milh\u00f5es<\/li>\n<li class=\"ArticleList_ofList__item__7O4OC\"><a href=\"https:\/\/onefootball.com\/pt-br\/time\/gremio-1670\">Gr\u00eamio<\/a>\u00a0\u2013 R$ 12,8 milh\u00f5es<\/li>\n<\/ul>\n<div class=\"ArticleParagraph_articleParagraph__hR05e\" style=\"text-align: justify;\">\n<p>Botafogo e Santos eram os outros que tinham tal possibilidade, mas ca\u00edram para\u00a0<a href=\"https:\/\/onefootball.com\/pt-br\/time\/athletico-paranaense-1862\">Athletico<\/a>\u00a0e\u00a0<a href=\"https:\/\/onefootball.com\/pt-br\/time\/bahia-1795\">Bahia<\/a>, respectivamente.<\/p>\n<\/div>\n<div class=\"ArticleParagraph_articleParagraph__hR05e\" style=\"text-align: justify;\">\n<h3>Grana boa \ud83d\udcb0<\/h3>\n<\/div>\n<div class=\"ArticleParagraph_articleParagraph__hR05e\" style=\"text-align: justify;\">\n<p>Os demais classificados est\u00e3o no torneio desde a primeira fase \u2013 s\u00e3o os times que disputam a Libertadores.<\/p>\n<\/div>\n<div class=\"ArticleParagraph_articleParagraph__hR05e\" style=\"text-align: justify;\">\n<p>E j\u00e1 embolsaram tr\u00eas cotas \u2013 come\u00e7aram com R$ 2,1 milh\u00f5es.<\/p>\n<\/div>\n<ol class=\"ArticleList_ofListOrdered__WmkW_\" style=\"text-align: justify;\">\n<li class=\"ArticleList_ofList__item__7O4OC\"><a href=\"https:\/\/onefootball.com\/pt-br\/time\/athletico-paranaense-1862\">Athletico<\/a>\u00a0\u2013 R$ 9,7 milh\u00f5es<\/li>\n<li class=\"ArticleList_ofList__item__7O4OC\"><a href=\"https:\/\/onefootball.com\/pt-br\/time\/corinthians-1649\">Corinthians<\/a>\u00a0\u2013 R$ 9,7 milh\u00f5es<\/li>\n<li class=\"ArticleList_ofList__item__7O4OC\"><a href=\"https:\/\/onefootball.com\/pt-br\/time\/flamengo-1802\">Flamengo<\/a>\u00a0\u2013 R$ 9,7 milh\u00f5es<\/li>\n<li class=\"ArticleList_ofList__item__7O4OC\"><a href=\"https:\/\/onefootball.com\/pt-br\/time\/palmeiras-1693\">Palmeiras<\/a>\u00a0\u2013 R$ 9,7 milh\u00f5es<\/li>\n<li class=\"ArticleList_ofList__item__7O4OC\"><a href=\"https:\/\/onefootball.com\/pt-br\/time\/sao-paulo-1677\">S\u00e3o Paulo<\/a>\u00a0\u2013 R$ 9,7 milh\u00f5es<\/li>\n<\/ol>\n<hr class=\"HorizontalSeparator_separator__F7iJj\" \/>\n<div class=\"ArticleParagraph_articleParagraph__hR05e\" style=\"text-align: justify;\">\n<h3>\ud83e\udd11\ud83e\udd11\ud83e\udd11 O que est\u00e1 por vir \ud83d\udc47\ud83c\udffd<\/h3>\n<\/div>\n<div class=\"ArticleParagraph_articleParagraph__hR05e\" style=\"text-align: justify;\">\n<p>As cotas seguem aumentando. Quem chegar \u00e0s semis levar\u00e1 mais do que o dobro do faturado por ter alcan\u00e7ado as quartas.<\/p>\n<\/div>\n<ul class=\"ArticleList_ofListUnordered__p6BII\" style=\"text-align: justify;\">\n<li class=\"ArticleList_ofList__item__7O4OC\">Semis: R$ 9 milh\u00f5es<\/li>\n<li class=\"ArticleList_ofList__item__7O4OC\">Vice: R$ 30 milh\u00f5es<\/li>\n<li class=\"ArticleList_ofList__item__7O4OC\">Campe\u00e3o: R$ 70 milh\u00f5es<\/li>\n<\/ul>\n<div class=\"ArticleParagraph_articleParagraph__hR05e\" style=\"text-align: justify;\">\n<p>O valor pago aos finalistas subiu 17% em rela\u00e7\u00e3o a 2022.<\/p>\n<\/div>\n<div class=\"ArticleParagraph_articleParagraph__hR05e\" style=\"text-align: justify;\">\n<p>E a premia\u00e7\u00e3o total distribu\u00edda pela CBF ser\u00e1 de\u00a0 R$ 416,9 milh\u00f5es.<\/p>\n<\/div>\n<div class=\"ArticleParagraph_articleParagraph__hR05e\" style=\"text-align: justify;\">\n<h3>O campe\u00e3o vai levar quanto?<\/h3>\n<\/div>\n<div class=\"ArticleParagraph_articleParagraph__hR05e\" style=\"text-align: justify;\">\n<p>Caso o vencedor seja da S\u00e9rie A e entre os que est\u00e3o desde a primeira fase, a grana ser\u00e1 de R$ 91,8 milh\u00f5es.<\/p>\n<\/div>\n<div class=\"ArticleParagraph_articleParagraph__hR05e\" style=\"text-align: justify;\">\n<p>E, por fim, se o campe\u00e3o da Copa do Brasil tiver come\u00e7ando na terceira fase, levar\u00e1 R$ 88,7 milh\u00f5es.<\/p>\n<\/div>\n<div class=\"VideoPatternContainer_video__hQ2NY\">\n<div>\n<div id=\"vjs_video_3\" class=\"video-js vjs-big-play-centered vjs-paused vjs-fluid vjs_video_3-dimensions vjs-controls-enabled vjs-touch-enabled vjs-workinghover vjs-v7 vjs-user-active\" lang=\"pt-br\" style=\"text-align: justify;\" tabindex=\"-1\" role=\"region\" translate=\"no\" aria-label=\"Video Player\">Por OneFootball<\/div>\n<\/div>\n<\/div>\n<\/div>\n<\/div>\n<\/div>\n<\/div>\n<\/div>\n","protected":false},"excerpt":{"rendered":"<p>Ap\u00f3s as classifica\u00e7\u00f5es de\u00a0S\u00e3o Paulo\u00a0e\u00a0Flamengo\u00a0nesta quinta (1), j\u00e1 s\u00e3o conhecidos todos os oito times das quartas de final da Copa do Brasil-2023. S\u00e3o eles: Am\u00e9rica Athletico Bahia Corinthians Gr\u00eamio Flamengo Palmeiras S\u00e3o Paulo Somente tr\u00eas \u2013\u00a0Athletico,\u00a0S\u00e3o Paulo\u00a0e\u00a0Flamengo\u00a0\u2013 atingiram tal fase desde 2021. E o\u00a0Flamengo\u00a0\u00e9 o \u00fanico que marca presen\u00e7a entre os oito desde a edi\u00e7\u00e3o &hellip;<\/p>\n","protected":false},"author":2,"featured_media":46802,"comment_status":"open","ping_status":"open","sticky":false,"template":"","format":"standard","meta":{"content-type":"","rop_custom_images_group":[],"rop_custom_messages_group":[],"rop_publish_now":"initial","rop_publish_now_accounts":{"facebook_2648258775420054_1618374048415101":""},"rop_publish_now_history":[],"rop_publish_now_status":"pending","footnotes":"","_jetpack_memberships_contains_paid_content":false},"categories":[108],"tags":[809,121],"yoast_head":"<!-- This site is optimized with the Yoast SEO plugin v22.3 - https:\/\/yoast.com\/wordpress\/plugins\/seo\/ -->\n<title>Veja os classificados na Copa do BR, datas e quanto cada time j\u00e1 levou - Portal NPM<\/title>\n<meta name=\"robots\" content=\"index, follow, max-snippet:-1, max-image-preview:large, max-video-preview:-1\" \/>\n<link rel=\"canonical\" href=\"https:\/\/portalnpm.com\/index.php\/2023\/06\/02\/veja-os-classificados-na-copa-do-br-datas-e-quanto-cada-time-ja-levou\/\" \/>\n<meta property=\"og:locale\" content=\"pt_BR\" \/>\n<meta property=\"og:type\" content=\"article\" \/>\n<meta property=\"og:title\" content=\"Veja os classificados na Copa do BR, datas e quanto cada time j\u00e1 levou - Portal NPM\" \/>\n<meta property=\"og:description\" content=\"Ap\u00f3s as classifica\u00e7\u00f5es de\u00a0S\u00e3o Paulo\u00a0e\u00a0Flamengo\u00a0nesta quinta (1), j\u00e1 s\u00e3o conhecidos todos os oito times das quartas de final da Copa do Brasil-2023. S\u00e3o eles: Am\u00e9rica Athletico Bahia Corinthians Gr\u00eamio Flamengo Palmeiras S\u00e3o Paulo Somente tr\u00eas \u2013\u00a0Athletico,\u00a0S\u00e3o Paulo\u00a0e\u00a0Flamengo\u00a0\u2013 atingiram tal fase desde 2021. E o\u00a0Flamengo\u00a0\u00e9 o \u00fanico que marca presen\u00e7a entre os oito desde a edi\u00e7\u00e3o &hellip;\" \/>\n<meta property=\"og:url\" content=\"https:\/\/portalnpm.com\/index.php\/2023\/06\/02\/veja-os-classificados-na-copa-do-br-datas-e-quanto-cada-time-ja-levou\/\" \/>\n<meta property=\"og:site_name\" content=\"Portal NPM\" \/>\n<meta property=\"article:published_time\" content=\"2023-06-02T14:14:40+00:00\" \/>\n<meta name=\"author\" content=\"Genival Barbosa\" \/>\n<meta name=\"twitter:card\" content=\"summary_large_image\" \/>\n<meta name=\"twitter:label1\" content=\"Escrito por\" \/>\n\t<meta name=\"twitter:data1\" content=\"Genival Barbosa\" \/>\n\t<meta name=\"twitter:label2\" content=\"Est. tempo de leitura\" \/>\n\t<meta name=\"twitter:data2\" content=\"2 minutos\" \/>\n<script type=\"application\/ld+json\" class=\"yoast-schema-graph\">{\"@context\":\"https:\/\/schema.org\",\"@graph\":[{\"@type\":\"WebPage\",\"@id\":\"https:\/\/portalnpm.com\/index.php\/2023\/06\/02\/veja-os-classificados-na-copa-do-br-datas-e-quanto-cada-time-ja-levou\/\",\"url\":\"https:\/\/portalnpm.com\/index.php\/2023\/06\/02\/veja-os-classificados-na-copa-do-br-datas-e-quanto-cada-time-ja-levou\/\",\"name\":\"Veja os classificados na Copa do BR, datas e quanto cada time j\u00e1 levou - Portal NPM\",\"isPartOf\":{\"@id\":\"https:\/\/portalnpm.com\/#website\"},\"primaryImageOfPage\":{\"@id\":\"https:\/\/portalnpm.com\/index.php\/2023\/06\/02\/veja-os-classificados-na-copa-do-br-datas-e-quanto-cada-time-ja-levou\/#primaryimage\"},\"image\":{\"@id\":\"https:\/\/portalnpm.com\/index.php\/2023\/06\/02\/veja-os-classificados-na-copa-do-br-datas-e-quanto-cada-time-ja-levou\/#primaryimage\"},\"thumbnailUrl\":\"\",\"datePublished\":\"2023-06-02T14:14:40+00:00\",\"dateModified\":\"2023-06-02T14:14:40+00:00\",\"author\":{\"@id\":\"https:\/\/portalnpm.com\/#\/schema\/person\/49313e563cfdefcc167f1ee4c017c294\"},\"breadcrumb\":{\"@id\":\"https:\/\/portalnpm.com\/index.php\/2023\/06\/02\/veja-os-classificados-na-copa-do-br-datas-e-quanto-cada-time-ja-levou\/#breadcrumb\"},\"inLanguage\":\"pt-BR\",\"potentialAction\":[{\"@type\":\"ReadAction\",\"target\":[\"https:\/\/portalnpm.com\/index.php\/2023\/06\/02\/veja-os-classificados-na-copa-do-br-datas-e-quanto-cada-time-ja-levou\/\"]}]},{\"@type\":\"ImageObject\",\"inLanguage\":\"pt-BR\",\"@id\":\"https:\/\/portalnpm.com\/index.php\/2023\/06\/02\/veja-os-classificados-na-copa-do-br-datas-e-quanto-cada-time-ja-levou\/#primaryimage\",\"url\":\"\",\"contentUrl\":\"\"},{\"@type\":\"BreadcrumbList\",\"@id\":\"https:\/\/portalnpm.com\/index.php\/2023\/06\/02\/veja-os-classificados-na-copa-do-br-datas-e-quanto-cada-time-ja-levou\/#breadcrumb\",\"itemListElement\":[{\"@type\":\"ListItem\",\"position\":1,\"name\":\"In\u00edcio\",\"item\":\"https:\/\/portalnpm.com\/\"},{\"@type\":\"ListItem\",\"position\":2,\"name\":\"Veja os classificados na Copa do BR, datas e quanto cada time j\u00e1 levou\"}]},{\"@type\":\"WebSite\",\"@id\":\"https:\/\/portalnpm.com\/#website\",\"url\":\"https:\/\/portalnpm.com\/\",\"name\":\"Portal NPM\",\"description\":\"Not\u00edcias em Primeira M\u00e3o\",\"potentialAction\":[{\"@type\":\"SearchAction\",\"target\":{\"@type\":\"EntryPoint\",\"urlTemplate\":\"https:\/\/portalnpm.com\/?s={search_term_string}\"},\"query-input\":\"required name=search_term_string\"}],\"inLanguage\":\"pt-BR\"},{\"@type\":\"Person\",\"@id\":\"https:\/\/portalnpm.com\/#\/schema\/person\/49313e563cfdefcc167f1ee4c017c294\",\"name\":\"Genival Barbosa\",\"image\":{\"@type\":\"ImageObject\",\"inLanguage\":\"pt-BR\",\"@id\":\"https:\/\/portalnpm.com\/#\/schema\/person\/image\/\",\"url\":\"https:\/\/portalnpm.com\/wp-content\/uploads\/2024\/02\/avatar_user_2_1707743258-96x96.jpeg\",\"contentUrl\":\"https:\/\/portalnpm.com\/wp-content\/uploads\/2024\/02\/avatar_user_2_1707743258-96x96.jpeg\",\"caption\":\"Genival Barbosa\"},\"url\":\"https:\/\/portalnpm.com\/index.php\/author\/genival\/\"}]}<\/script>\n<!-- \/ Yoast SEO plugin. -->","yoast_head_json":{"title":"Veja os classificados na Copa do BR, datas e quanto cada time j\u00e1 levou - Portal NPM","robots":{"index":"index","follow":"follow","max-snippet":"max-snippet:-1","max-image-preview":"max-image-preview:large","max-video-preview":"max-video-preview:-1"},"canonical":"https:\/\/portalnpm.com\/index.php\/2023\/06\/02\/veja-os-classificados-na-copa-do-br-datas-e-quanto-cada-time-ja-levou\/","og_locale":"pt_BR","og_type":"article","og_title":"Veja os classificados na Copa do BR, datas e quanto cada time j\u00e1 levou - Portal NPM","og_description":"Ap\u00f3s as classifica\u00e7\u00f5es de\u00a0S\u00e3o Paulo\u00a0e\u00a0Flamengo\u00a0nesta quinta (1), j\u00e1 s\u00e3o conhecidos todos os oito times das quartas de final da Copa do Brasil-2023. S\u00e3o eles: Am\u00e9rica Athletico Bahia Corinthians Gr\u00eamio Flamengo Palmeiras S\u00e3o Paulo Somente tr\u00eas \u2013\u00a0Athletico,\u00a0S\u00e3o Paulo\u00a0e\u00a0Flamengo\u00a0\u2013 atingiram tal fase desde 2021. E o\u00a0Flamengo\u00a0\u00e9 o \u00fanico que marca presen\u00e7a entre os oito desde a edi\u00e7\u00e3o &hellip;","og_url":"https:\/\/portalnpm.com\/index.php\/2023\/06\/02\/veja-os-classificados-na-copa-do-br-datas-e-quanto-cada-time-ja-levou\/","og_site_name":"Portal NPM","article_published_time":"2023-06-02T14:14:40+00:00","author":"Genival Barbosa","twitter_card":"summary_large_image","twitter_misc":{"Escrito por":"Genival Barbosa","Est. tempo de leitura":"2 minutos"},"schema":{"@context":"https:\/\/schema.org","@graph":[{"@type":"WebPage","@id":"https:\/\/portalnpm.com\/index.php\/2023\/06\/02\/veja-os-classificados-na-copa-do-br-datas-e-quanto-cada-time-ja-levou\/","url":"https:\/\/portalnpm.com\/index.php\/2023\/06\/02\/veja-os-classificados-na-copa-do-br-datas-e-quanto-cada-time-ja-levou\/","name":"Veja os classificados na Copa do BR, datas e quanto cada time j\u00e1 levou - Portal NPM","isPartOf":{"@id":"https:\/\/portalnpm.com\/#website"},"primaryImageOfPage":{"@id":"https:\/\/portalnpm.com\/index.php\/2023\/06\/02\/veja-os-classificados-na-copa-do-br-datas-e-quanto-cada-time-ja-levou\/#primaryimage"},"image":{"@id":"https:\/\/portalnpm.com\/index.php\/2023\/06\/02\/veja-os-classificados-na-copa-do-br-datas-e-quanto-cada-time-ja-levou\/#primaryimage"},"thumbnailUrl":"","datePublished":"2023-06-02T14:14:40+00:00","dateModified":"2023-06-02T14:14:40+00:00","author":{"@id":"https:\/\/portalnpm.com\/#\/schema\/person\/49313e563cfdefcc167f1ee4c017c294"},"breadcrumb":{"@id":"https:\/\/portalnpm.com\/index.php\/2023\/06\/02\/veja-os-classificados-na-copa-do-br-datas-e-quanto-cada-time-ja-levou\/#breadcrumb"},"inLanguage":"pt-BR","potentialAction":[{"@type":"ReadAction","target":["https:\/\/portalnpm.com\/index.php\/2023\/06\/02\/veja-os-classificados-na-copa-do-br-datas-e-quanto-cada-time-ja-levou\/"]}]},{"@type":"ImageObject","inLanguage":"pt-BR","@id":"https:\/\/portalnpm.com\/index.php\/2023\/06\/02\/veja-os-classificados-na-copa-do-br-datas-e-quanto-cada-time-ja-levou\/#primaryimage","url":"","contentUrl":""},{"@type":"BreadcrumbList","@id":"https:\/\/portalnpm.com\/index.php\/2023\/06\/02\/veja-os-classificados-na-copa-do-br-datas-e-quanto-cada-time-ja-levou\/#breadcrumb","itemListElement":[{"@type":"ListItem","position":1,"name":"In\u00edcio","item":"https:\/\/portalnpm.com\/"},{"@type":"ListItem","position":2,"name":"Veja os classificados na Copa do BR, datas e quanto cada time j\u00e1 levou"}]},{"@type":"WebSite","@id":"https:\/\/portalnpm.com\/#website","url":"https:\/\/portalnpm.com\/","name":"Portal NPM","description":"Not\u00edcias em Primeira M\u00e3o","potentialAction":[{"@type":"SearchAction","target":{"@type":"EntryPoint","urlTemplate":"https:\/\/portalnpm.com\/?s={search_term_string}"},"query-input":"required name=search_term_string"}],"inLanguage":"pt-BR"},{"@type":"Person","@id":"https:\/\/portalnpm.com\/#\/schema\/person\/49313e563cfdefcc167f1ee4c017c294","name":"Genival Barbosa","image":{"@type":"ImageObject","inLanguage":"pt-BR","@id":"https:\/\/portalnpm.com\/#\/schema\/person\/image\/","url":"https:\/\/portalnpm.com\/wp-content\/uploads\/2024\/02\/avatar_user_2_1707743258-96x96.jpeg","contentUrl":"https:\/\/portalnpm.com\/wp-content\/uploads\/2024\/02\/avatar_user_2_1707743258-96x96.jpeg","caption":"Genival Barbosa"},"url":"https:\/\/portalnpm.com\/index.php\/author\/genival\/"}]}},"jetpack_sharing_enabled":true,"jetpack_featured_media_url":"","_links":{"self":[{"href":"https:\/\/portalnpm.com\/index.php\/wp-json\/wp\/v2\/posts\/46801"}],"collection":[{"href":"https:\/\/portalnpm.com\/index.php\/wp-json\/wp\/v2\/posts"}],"about":[{"href":"https:\/\/portalnpm.com\/index.php\/wp-json\/wp\/v2\/types\/post"}],"author":[{"embeddable":true,"href":"https:\/\/portalnpm.com\/index.php\/wp-json\/wp\/v2\/users\/2"}],"replies":[{"embeddable":true,"href":"https:\/\/portalnpm.com\/index.php\/wp-json\/wp\/v2\/comments?post=46801"}],"version-history":[{"count":0,"href":"https:\/\/portalnpm.com\/index.php\/wp-json\/wp\/v2\/posts\/46801\/revisions"}],"wp:featuredmedia":[{"embeddable":true,"href":"https:\/\/portalnpm.com\/index.php\/wp-json\/"}],"wp:attachment":[{"href":"https:\/\/portalnpm.com\/index.php\/wp-json\/wp\/v2\/media?parent=46801"}],"wp:term":[{"taxonomy":"category","embeddable":true,"href":"https:\/\/portalnpm.com\/index.php\/wp-json\/wp\/v2\/categories?post=46801"},{"taxonomy":"post_tag","embeddable":true,"href":"https:\/\/portalnpm.com\/index.php\/wp-json\/wp\/v2\/tags?post=46801"}],"curies":[{"name":"wp","href":"https:\/\/api.w.org\/{rel}","templated":true}]}}