{"id":46993,"date":"2023-06-16T11:25:56","date_gmt":"2023-06-16T14:25:56","guid":{"rendered":"https:\/\/portalnpm.com\/?p=46993"},"modified":"2023-06-16T11:25:56","modified_gmt":"2023-06-16T14:25:56","slug":"selecao-de-jacobina-do-piaui-divulga-pre-lista-de-convocados-e-anuncia-santos-no-comando-tecnico","status":"publish","type":"post","link":"https:\/\/portalnpm.com\/index.php\/2023\/06\/16\/selecao-de-jacobina-do-piaui-divulga-pre-lista-de-convocados-e-anuncia-santos-no-comando-tecnico\/","title":{"rendered":"Sele\u00e7\u00e3o de Jacobina do Piau\u00ed divulga pr\u00e9-lista de convocados e anuncia Santos no comando t\u00e9cnico"},"content":{"rendered":"<div id=\"post-body\" class=\"post-body entry-content\">\n<div class=\"separator\" style=\"text-align: justify;\"><\/div>\n<p style=\"text-align: justify;\">\n<p style=\"text-align: justify;\">A Prefeitura Municipal de Jacobina do Piau\u00ed, por meio da Secretaria Municipal de Esportes, divulgou na noite desta quinta-feira (15\/06), os nomes que ir\u00e3o compor a comiss\u00e3o t\u00e9cnica e a pr\u00e9-convoca\u00e7\u00e3o dos atletas da Sele\u00e7\u00e3o Jacobinense de Futebol Amador.<\/p>\n<p style=\"text-align: justify;\">\n<p style=\"text-align: justify;\">O novo t\u00e9cnico ser\u00e1 Santos, que \u00e9 natural de Mata Grande\/AL, mas que atualmente reside em Petrolina-PE. O mesmo j\u00e1 tem um longo curr\u00edculo no meio esportivo, foi jogador do 1\u00ba de Maio (Petrolina), Portuguesa, Oeste, entre outros clubes, e t\u00e9cnico do FF Sports (Alagoas), sendo, inclusive, um dos respons\u00e1veis por levar o jogador acau\u00e3nense Italo Paraibinha para a referida equipe profissional.<\/p>\n<p style=\"text-align: justify;\">\n<div class=\"separator\" style=\"text-align: justify;\"><a href=\"https:\/\/blogger.googleusercontent.com\/img\/b\/R29vZ2xl\/AVvXsEgke9i_nO2W_CZlmb7P4Ixffin9jTuhxAQfdPP7HOQsO2G5zLQjYWySoxHTTtRipNLfidGIpXJ-K6yb_2hZzKgEmPf8NcRYf2_D4BjJSOAXkMh1_R7fdnoQNLsEYlXa15xA8J28taSVoEOBxdWXqJWDrnJ6W0LzQWUdlrwusfiEAiWZSSBqf-eRghNo\/s6000\/IMG_0619.JPG\"><img fetchpriority=\"high\" decoding=\"async\" src=\"https:\/\/blogger.googleusercontent.com\/img\/b\/R29vZ2xl\/AVvXsEgke9i_nO2W_CZlmb7P4Ixffin9jTuhxAQfdPP7HOQsO2G5zLQjYWySoxHTTtRipNLfidGIpXJ-K6yb_2hZzKgEmPf8NcRYf2_D4BjJSOAXkMh1_R7fdnoQNLsEYlXa15xA8J28taSVoEOBxdWXqJWDrnJ6W0LzQWUdlrwusfiEAiWZSSBqf-eRghNo\/w400-h266\/IMG_0619.JPG\" width=\"400\" height=\"266\" border=\"0\" data-original-height=\"4000\" data-original-width=\"6000\" \/><\/a><\/div>\n<p style=\"text-align: justify;\">\n<p style=\"text-align: justify;\">Durante sua fala, o t\u00e9cnico Santos agradeceu ao convite do Prefeito GD e da Secretaria de Esportes, ressaltou que \u00e9 r\u00edgido\u00a0no quesito treinamentos e que, ao lado de sua comiss\u00e3o, formada por desportistas locais, far\u00e1 o poss\u00edvel para levar Jacobina ao topo da competi\u00e7\u00e3o. O primeiro treinamento j\u00e1 tem data marcada, ser\u00e1 na pr\u00f3xima ter\u00e7a-feira (20), quando o mesmo come\u00e7ar\u00e1 a conhecer os atletas.<\/p>\n<p style=\"text-align: justify;\">\n<div class=\"separator\" style=\"text-align: justify;\"><a href=\"https:\/\/blogger.googleusercontent.com\/img\/b\/R29vZ2xl\/AVvXsEib3L4trJm37DM2oYJG1PDshWejopEdYzGUKsIUJuL2etZTHBY-eiuKy7JnFf8IeprlB7eD7-FSXkXRe65RYG4SIK8alg9n3MTFoOnod1P5uxsDPZRlLW_aOArS6GPLa6qWN4UIQ1qR-kMWABp_iGbnSsGuQGrsJkK33u5BrK2wKU6Wpzd7toIMoMp5\/s1600\/COMISS%C3%83O%20JACOB.png\"><img decoding=\"async\" src=\"https:\/\/blogger.googleusercontent.com\/img\/b\/R29vZ2xl\/AVvXsEib3L4trJm37DM2oYJG1PDshWejopEdYzGUKsIUJuL2etZTHBY-eiuKy7JnFf8IeprlB7eD7-FSXkXRe65RYG4SIK8alg9n3MTFoOnod1P5uxsDPZRlLW_aOArS6GPLa6qWN4UIQ1qR-kMWABp_iGbnSsGuQGrsJkK33u5BrK2wKU6Wpzd7toIMoMp5\/w400-h280\/COMISS%C3%83O%20JACOB.png\" width=\"400\" height=\"280\" border=\"0\" data-original-height=\"1119\" data-original-width=\"1600\" \/><\/a><\/div>\n<p style=\"text-align: justify;\">\n<p style=\"text-align: justify;\">Ao lado dos auxiliares Ninho, Josias e Joelinho, o treinador ficar\u00e1 respons\u00e1vel pela prepara\u00e7\u00e3o dos atletas para a disputa da Copa AMVI, a principal competi\u00e7\u00e3o de futebol amador do Vale do Itaim, que ter\u00e1, inclusive, 100 mil reais em premia\u00e7\u00f5es.<\/p>\n<p style=\"text-align: justify;\">\n<div class=\"separator\" style=\"text-align: justify;\"><a href=\"https:\/\/blogger.googleusercontent.com\/img\/b\/R29vZ2xl\/AVvXsEhxAZxtnjAf6xzIXaNBHx9-aNI5_1pHCYzzWwr4CPumLvJ99f38RPoLY2Gp9q_F3SOi7EuUFU4x0za18_uUvlWXwxZEuIn_zdLESAP1NswuQYZRl652--W_Pzcp-0HO9p1x1J7V8CK6jLb27rzExJn4BzVAeG7Vjacq02Q8M772WhSwBIlcy9lKY1H2\/s1600\/JOGADORES%20JACOB.png\"><img decoding=\"async\" src=\"https:\/\/blogger.googleusercontent.com\/img\/b\/R29vZ2xl\/AVvXsEhxAZxtnjAf6xzIXaNBHx9-aNI5_1pHCYzzWwr4CPumLvJ99f38RPoLY2Gp9q_F3SOi7EuUFU4x0za18_uUvlWXwxZEuIn_zdLESAP1NswuQYZRl652--W_Pzcp-0HO9p1x1J7V8CK6jLb27rzExJn4BzVAeG7Vjacq02Q8M772WhSwBIlcy9lKY1H2\/w400-h280\/JOGADORES%20JACOB.png\" width=\"400\" height=\"280\" border=\"0\" data-original-height=\"1119\" data-original-width=\"1600\" \/><\/a><\/div>\n<p style=\"text-align: justify;\">\n<p style=\"text-align: justify;\">Participaram da reuni\u00e3o, que aconteceu no Est\u00e1dio Municipal, o Vice-Prefeito Vanderlei Carvalho, Secret\u00e1rios Municipais Valdir (Esportes) e Chico Abreu (Juventude), membros da nova comiss\u00e3o t\u00e9cnica e desportistas locais.<\/p>\n<p style=\"text-align: justify;\">\n<div class=\"separator\" style=\"text-align: justify;\"><a href=\"https:\/\/blogger.googleusercontent.com\/img\/b\/R29vZ2xl\/AVvXsEi0qRyk4QK0ibSfEE6TH45pU19DAiEcACNmu3wunxTQfQGInVelwQSNdeULCMaEC3IaG8LpgKdFsSHXwGPFzM0YsfE1V_sYTh9eaceUPXeYCp4CWoW11l9ZYSMM0hP0B4wx9IjkHSVDZtpuvgMm_B_sdxhzcTenBs8diesve0iyHNZgrFiVPXCRmguw\/s6000\/IMG_0628.JPG\"><img loading=\"lazy\" decoding=\"async\" src=\"https:\/\/blogger.googleusercontent.com\/img\/b\/R29vZ2xl\/AVvXsEi0qRyk4QK0ibSfEE6TH45pU19DAiEcACNmu3wunxTQfQGInVelwQSNdeULCMaEC3IaG8LpgKdFsSHXwGPFzM0YsfE1V_sYTh9eaceUPXeYCp4CWoW11l9ZYSMM0hP0B4wx9IjkHSVDZtpuvgMm_B_sdxhzcTenBs8diesve0iyHNZgrFiVPXCRmguw\/w400-h266\/IMG_0628.JPG\" width=\"400\" height=\"266\" border=\"0\" data-original-height=\"4000\" data-original-width=\"6000\" \/><\/a><\/div>\n<p style=\"text-align: justify;\">\n<p style=\"text-align: justify;\">A Sele\u00e7\u00e3o de Jacobina estreia na II Copa AMVI no dia 22 de julho, no Est\u00e1dio Municipal Arauj\u00e3o, contra a Sele\u00e7\u00e3o de Caridade do Piau\u00ed, atual campe\u00e3, em partida v\u00e1lida pela 1\u00aa rodada do Grupo C, que tamb\u00e9m conta com Curral Novo e Patos do Piau\u00ed.<\/p>\n<p style=\"text-align: justify;\"><b>PR\u00c9-CONVOCA\u00c7\u00c3O DE JACOBINA DO PIAU\u00cd<\/b><\/p>\n<p style=\"text-align: justify;\"><b>Goleiros<\/b><\/p>\n<p style=\"text-align: justify;\">Felipe<\/p>\n<p style=\"text-align: justify;\">Weriky<\/p>\n<p style=\"text-align: justify;\">Valdete<\/p>\n<p style=\"text-align: justify;\"><b>Laterais<\/b><\/p>\n<p style=\"text-align: justify;\">Paulo C\u00e9sar<\/p>\n<p style=\"text-align: justify;\">Arthur<\/p>\n<p style=\"text-align: justify;\">Eric de Isiran<\/p>\n<p style=\"text-align: justify;\">L\u00e9o da Vila<\/p>\n<p style=\"text-align: justify;\">Jo\u00e3o Carlos<\/p>\n<p style=\"text-align: justify;\"><b>Zagueiros<\/b><\/p>\n<p style=\"text-align: justify;\">T\u00e9rcio<\/p>\n<p style=\"text-align: justify;\">Elias Neto<\/p>\n<p style=\"text-align: justify;\">Jota<\/p>\n<p style=\"text-align: justify;\">Sandrinho<\/p>\n<p style=\"text-align: justify;\"><b>Volantes e Meias<\/b><\/p>\n<p style=\"text-align: justify;\">Silas<\/p>\n<p style=\"text-align: justify;\">Gilmar Gr\u00eamio<\/p>\n<p style=\"text-align: justify;\">Daniel Lopes<\/p>\n<p style=\"text-align: justify;\">Daniel Mateus<\/p>\n<p style=\"text-align: justify;\">Kennedy<\/p>\n<p style=\"text-align: justify;\">Bolota<\/p>\n<p style=\"text-align: justify;\">L\u00e9o Gr\u00eamio<\/p>\n<p style=\"text-align: justify;\">Lucilvan<\/p>\n<p style=\"text-align: justify;\">Cleoton<\/p>\n<p style=\"text-align: justify;\">Klebinho<\/p>\n<p style=\"text-align: justify;\">Lu\u00eds<\/p>\n<p style=\"text-align: justify;\"><b>Atacantes<\/b><\/p>\n<p style=\"text-align: justify;\">Joelson Jr.<\/p>\n<p style=\"text-align: justify;\">Manass\u00e9s<\/p>\n<p style=\"text-align: justify;\">Ded\u00e9 Gilmar<\/p>\n<p style=\"text-align: justify;\">Ronivon<\/p>\n<p style=\"text-align: justify;\">Alessandro Sorin<\/p>\n<p style=\"text-align: justify;\"><b>T\u00e9cnico<\/b><\/p>\n<p style=\"text-align: justify;\">Santos<\/p>\n<p style=\"text-align: justify;\"><b>Auxiliares T\u00e9cnicos<\/b><\/p>\n<p style=\"text-align: justify;\">Ninho<\/p>\n<p style=\"text-align: justify;\">Josias<\/p>\n<p style=\"text-align: justify;\">Joelinho<\/p>\n<\/div>\n<div id=\"after-ad\">\n<div id=\"HTML6\" class=\"widget HTML\" data-version=\"2\">\n<div class=\"widget-title\" style=\"text-align: justify;\">\n<h3 class=\"title\">Fonte: Di\u00e1rio do Itaim<\/h3>\n<\/div>\n<div class=\"widget-content\" style=\"text-align: justify;\"><\/div>\n<\/div>\n<\/div>\n","protected":false},"excerpt":{"rendered":"<p>A Prefeitura Municipal de Jacobina do Piau\u00ed, por meio da Secretaria Municipal de Esportes, divulgou na noite desta quinta-feira (15\/06), os nomes que ir\u00e3o compor a comiss\u00e3o t\u00e9cnica e a pr\u00e9-convoca\u00e7\u00e3o dos atletas da Sele\u00e7\u00e3o Jacobinense de Futebol Amador. O novo t\u00e9cnico ser\u00e1 Santos, que \u00e9 natural de Mata Grande\/AL, mas que atualmente reside em &hellip;<\/p>\n","protected":false},"author":2,"featured_media":46994,"comment_status":"open","ping_status":"open","sticky":false,"template":"","format":"standard","meta":{"content-type":"","rop_custom_images_group":[],"rop_custom_messages_group":[],"rop_publish_now":"initial","rop_publish_now_accounts":{"facebook_2648258775420054_1618374048415101":""},"rop_publish_now_history":[],"rop_publish_now_status":"pending","footnotes":"","_jetpack_memberships_contains_paid_content":false},"categories":[108,109],"tags":[14213,1160],"yoast_head":"<!-- This site is optimized with the Yoast SEO plugin v22.3 - https:\/\/yoast.com\/wordpress\/plugins\/seo\/ -->\n<title>Sele\u00e7\u00e3o de Jacobina do Piau\u00ed divulga pr\u00e9-lista de convocados e anuncia Santos no comando t\u00e9cnico - Portal NPM<\/title>\n<meta name=\"robots\" content=\"index, follow, max-snippet:-1, max-image-preview:large, max-video-preview:-1\" \/>\n<link rel=\"canonical\" href=\"https:\/\/portalnpm.com\/index.php\/2023\/06\/16\/selecao-de-jacobina-do-piaui-divulga-pre-lista-de-convocados-e-anuncia-santos-no-comando-tecnico\/\" \/>\n<meta property=\"og:locale\" content=\"pt_BR\" \/>\n<meta property=\"og:type\" content=\"article\" \/>\n<meta property=\"og:title\" content=\"Sele\u00e7\u00e3o de Jacobina do Piau\u00ed divulga pr\u00e9-lista de convocados e anuncia Santos no comando t\u00e9cnico - Portal NPM\" \/>\n<meta property=\"og:description\" content=\"A Prefeitura Municipal de Jacobina do Piau\u00ed, por meio da Secretaria Municipal de Esportes, divulgou na noite desta quinta-feira (15\/06), os nomes que ir\u00e3o compor a comiss\u00e3o t\u00e9cnica e a pr\u00e9-convoca\u00e7\u00e3o dos atletas da Sele\u00e7\u00e3o Jacobinense de Futebol Amador. O novo t\u00e9cnico ser\u00e1 Santos, que \u00e9 natural de Mata Grande\/AL, mas que atualmente reside em &hellip;\" \/>\n<meta property=\"og:url\" content=\"https:\/\/portalnpm.com\/index.php\/2023\/06\/16\/selecao-de-jacobina-do-piaui-divulga-pre-lista-de-convocados-e-anuncia-santos-no-comando-tecnico\/\" \/>\n<meta property=\"og:site_name\" content=\"Portal NPM\" \/>\n<meta property=\"article:published_time\" content=\"2023-06-16T14:25:56+00:00\" \/>\n<meta name=\"author\" content=\"Genival Barbosa\" \/>\n<meta name=\"twitter:card\" content=\"summary_large_image\" \/>\n<meta name=\"twitter:label1\" content=\"Escrito por\" \/>\n\t<meta name=\"twitter:data1\" content=\"Genival Barbosa\" \/>\n\t<meta name=\"twitter:label2\" content=\"Est. tempo de leitura\" \/>\n\t<meta name=\"twitter:data2\" content=\"2 minutos\" \/>\n<script type=\"application\/ld+json\" class=\"yoast-schema-graph\">{\"@context\":\"https:\/\/schema.org\",\"@graph\":[{\"@type\":\"WebPage\",\"@id\":\"https:\/\/portalnpm.com\/index.php\/2023\/06\/16\/selecao-de-jacobina-do-piaui-divulga-pre-lista-de-convocados-e-anuncia-santos-no-comando-tecnico\/\",\"url\":\"https:\/\/portalnpm.com\/index.php\/2023\/06\/16\/selecao-de-jacobina-do-piaui-divulga-pre-lista-de-convocados-e-anuncia-santos-no-comando-tecnico\/\",\"name\":\"Sele\u00e7\u00e3o de Jacobina do Piau\u00ed divulga pr\u00e9-lista de convocados e anuncia Santos no comando t\u00e9cnico - Portal NPM\",\"isPartOf\":{\"@id\":\"https:\/\/portalnpm.com\/#website\"},\"primaryImageOfPage\":{\"@id\":\"https:\/\/portalnpm.com\/index.php\/2023\/06\/16\/selecao-de-jacobina-do-piaui-divulga-pre-lista-de-convocados-e-anuncia-santos-no-comando-tecnico\/#primaryimage\"},\"image\":{\"@id\":\"https:\/\/portalnpm.com\/index.php\/2023\/06\/16\/selecao-de-jacobina-do-piaui-divulga-pre-lista-de-convocados-e-anuncia-santos-no-comando-tecnico\/#primaryimage\"},\"thumbnailUrl\":\"\",\"datePublished\":\"2023-06-16T14:25:56+00:00\",\"dateModified\":\"2023-06-16T14:25:56+00:00\",\"author\":{\"@id\":\"https:\/\/portalnpm.com\/#\/schema\/person\/49313e563cfdefcc167f1ee4c017c294\"},\"breadcrumb\":{\"@id\":\"https:\/\/portalnpm.com\/index.php\/2023\/06\/16\/selecao-de-jacobina-do-piaui-divulga-pre-lista-de-convocados-e-anuncia-santos-no-comando-tecnico\/#breadcrumb\"},\"inLanguage\":\"pt-BR\",\"potentialAction\":[{\"@type\":\"ReadAction\",\"target\":[\"https:\/\/portalnpm.com\/index.php\/2023\/06\/16\/selecao-de-jacobina-do-piaui-divulga-pre-lista-de-convocados-e-anuncia-santos-no-comando-tecnico\/\"]}]},{\"@type\":\"ImageObject\",\"inLanguage\":\"pt-BR\",\"@id\":\"https:\/\/portalnpm.com\/index.php\/2023\/06\/16\/selecao-de-jacobina-do-piaui-divulga-pre-lista-de-convocados-e-anuncia-santos-no-comando-tecnico\/#primaryimage\",\"url\":\"\",\"contentUrl\":\"\"},{\"@type\":\"BreadcrumbList\",\"@id\":\"https:\/\/portalnpm.com\/index.php\/2023\/06\/16\/selecao-de-jacobina-do-piaui-divulga-pre-lista-de-convocados-e-anuncia-santos-no-comando-tecnico\/#breadcrumb\",\"itemListElement\":[{\"@type\":\"ListItem\",\"position\":1,\"name\":\"In\u00edcio\",\"item\":\"https:\/\/portalnpm.com\/\"},{\"@type\":\"ListItem\",\"position\":2,\"name\":\"Sele\u00e7\u00e3o de Jacobina do Piau\u00ed divulga pr\u00e9-lista de convocados e anuncia Santos no comando t\u00e9cnico\"}]},{\"@type\":\"WebSite\",\"@id\":\"https:\/\/portalnpm.com\/#website\",\"url\":\"https:\/\/portalnpm.com\/\",\"name\":\"Portal NPM\",\"description\":\"Not\u00edcias em Primeira M\u00e3o\",\"potentialAction\":[{\"@type\":\"SearchAction\",\"target\":{\"@type\":\"EntryPoint\",\"urlTemplate\":\"https:\/\/portalnpm.com\/?s={search_term_string}\"},\"query-input\":\"required name=search_term_string\"}],\"inLanguage\":\"pt-BR\"},{\"@type\":\"Person\",\"@id\":\"https:\/\/portalnpm.com\/#\/schema\/person\/49313e563cfdefcc167f1ee4c017c294\",\"name\":\"Genival Barbosa\",\"image\":{\"@type\":\"ImageObject\",\"inLanguage\":\"pt-BR\",\"@id\":\"https:\/\/portalnpm.com\/#\/schema\/person\/image\/\",\"url\":\"https:\/\/portalnpm.com\/wp-content\/uploads\/2024\/02\/avatar_user_2_1707743258-96x96.jpeg\",\"contentUrl\":\"https:\/\/portalnpm.com\/wp-content\/uploads\/2024\/02\/avatar_user_2_1707743258-96x96.jpeg\",\"caption\":\"Genival Barbosa\"},\"url\":\"https:\/\/portalnpm.com\/index.php\/author\/genival\/\"}]}<\/script>\n<!-- \/ Yoast SEO plugin. -->","yoast_head_json":{"title":"Sele\u00e7\u00e3o de Jacobina do Piau\u00ed divulga pr\u00e9-lista de convocados e anuncia Santos no comando t\u00e9cnico - Portal NPM","robots":{"index":"index","follow":"follow","max-snippet":"max-snippet:-1","max-image-preview":"max-image-preview:large","max-video-preview":"max-video-preview:-1"},"canonical":"https:\/\/portalnpm.com\/index.php\/2023\/06\/16\/selecao-de-jacobina-do-piaui-divulga-pre-lista-de-convocados-e-anuncia-santos-no-comando-tecnico\/","og_locale":"pt_BR","og_type":"article","og_title":"Sele\u00e7\u00e3o de Jacobina do Piau\u00ed divulga pr\u00e9-lista de convocados e anuncia Santos no comando t\u00e9cnico - Portal NPM","og_description":"A Prefeitura Municipal de Jacobina do Piau\u00ed, por meio da Secretaria Municipal de Esportes, divulgou na noite desta quinta-feira (15\/06), os nomes que ir\u00e3o compor a comiss\u00e3o t\u00e9cnica e a pr\u00e9-convoca\u00e7\u00e3o dos atletas da Sele\u00e7\u00e3o Jacobinense de Futebol Amador. O novo t\u00e9cnico ser\u00e1 Santos, que \u00e9 natural de Mata Grande\/AL, mas que atualmente reside em &hellip;","og_url":"https:\/\/portalnpm.com\/index.php\/2023\/06\/16\/selecao-de-jacobina-do-piaui-divulga-pre-lista-de-convocados-e-anuncia-santos-no-comando-tecnico\/","og_site_name":"Portal NPM","article_published_time":"2023-06-16T14:25:56+00:00","author":"Genival Barbosa","twitter_card":"summary_large_image","twitter_misc":{"Escrito por":"Genival Barbosa","Est. tempo de leitura":"2 minutos"},"schema":{"@context":"https:\/\/schema.org","@graph":[{"@type":"WebPage","@id":"https:\/\/portalnpm.com\/index.php\/2023\/06\/16\/selecao-de-jacobina-do-piaui-divulga-pre-lista-de-convocados-e-anuncia-santos-no-comando-tecnico\/","url":"https:\/\/portalnpm.com\/index.php\/2023\/06\/16\/selecao-de-jacobina-do-piaui-divulga-pre-lista-de-convocados-e-anuncia-santos-no-comando-tecnico\/","name":"Sele\u00e7\u00e3o de Jacobina do Piau\u00ed divulga pr\u00e9-lista de convocados e anuncia Santos no comando t\u00e9cnico - Portal NPM","isPartOf":{"@id":"https:\/\/portalnpm.com\/#website"},"primaryImageOfPage":{"@id":"https:\/\/portalnpm.com\/index.php\/2023\/06\/16\/selecao-de-jacobina-do-piaui-divulga-pre-lista-de-convocados-e-anuncia-santos-no-comando-tecnico\/#primaryimage"},"image":{"@id":"https:\/\/portalnpm.com\/index.php\/2023\/06\/16\/selecao-de-jacobina-do-piaui-divulga-pre-lista-de-convocados-e-anuncia-santos-no-comando-tecnico\/#primaryimage"},"thumbnailUrl":"","datePublished":"2023-06-16T14:25:56+00:00","dateModified":"2023-06-16T14:25:56+00:00","author":{"@id":"https:\/\/portalnpm.com\/#\/schema\/person\/49313e563cfdefcc167f1ee4c017c294"},"breadcrumb":{"@id":"https:\/\/portalnpm.com\/index.php\/2023\/06\/16\/selecao-de-jacobina-do-piaui-divulga-pre-lista-de-convocados-e-anuncia-santos-no-comando-tecnico\/#breadcrumb"},"inLanguage":"pt-BR","potentialAction":[{"@type":"ReadAction","target":["https:\/\/portalnpm.com\/index.php\/2023\/06\/16\/selecao-de-jacobina-do-piaui-divulga-pre-lista-de-convocados-e-anuncia-santos-no-comando-tecnico\/"]}]},{"@type":"ImageObject","inLanguage":"pt-BR","@id":"https:\/\/portalnpm.com\/index.php\/2023\/06\/16\/selecao-de-jacobina-do-piaui-divulga-pre-lista-de-convocados-e-anuncia-santos-no-comando-tecnico\/#primaryimage","url":"","contentUrl":""},{"@type":"BreadcrumbList","@id":"https:\/\/portalnpm.com\/index.php\/2023\/06\/16\/selecao-de-jacobina-do-piaui-divulga-pre-lista-de-convocados-e-anuncia-santos-no-comando-tecnico\/#breadcrumb","itemListElement":[{"@type":"ListItem","position":1,"name":"In\u00edcio","item":"https:\/\/portalnpm.com\/"},{"@type":"ListItem","position":2,"name":"Sele\u00e7\u00e3o de Jacobina do Piau\u00ed divulga pr\u00e9-lista de convocados e anuncia Santos no comando t\u00e9cnico"}]},{"@type":"WebSite","@id":"https:\/\/portalnpm.com\/#website","url":"https:\/\/portalnpm.com\/","name":"Portal NPM","description":"Not\u00edcias em Primeira M\u00e3o","potentialAction":[{"@type":"SearchAction","target":{"@type":"EntryPoint","urlTemplate":"https:\/\/portalnpm.com\/?s={search_term_string}"},"query-input":"required name=search_term_string"}],"inLanguage":"pt-BR"},{"@type":"Person","@id":"https:\/\/portalnpm.com\/#\/schema\/person\/49313e563cfdefcc167f1ee4c017c294","name":"Genival Barbosa","image":{"@type":"ImageObject","inLanguage":"pt-BR","@id":"https:\/\/portalnpm.com\/#\/schema\/person\/image\/","url":"https:\/\/portalnpm.com\/wp-content\/uploads\/2024\/02\/avatar_user_2_1707743258-96x96.jpeg","contentUrl":"https:\/\/portalnpm.com\/wp-content\/uploads\/2024\/02\/avatar_user_2_1707743258-96x96.jpeg","caption":"Genival Barbosa"},"url":"https:\/\/portalnpm.com\/index.php\/author\/genival\/"}]}},"jetpack_sharing_enabled":true,"jetpack_featured_media_url":"","_links":{"self":[{"href":"https:\/\/portalnpm.com\/index.php\/wp-json\/wp\/v2\/posts\/46993"}],"collection":[{"href":"https:\/\/portalnpm.com\/index.php\/wp-json\/wp\/v2\/posts"}],"about":[{"href":"https:\/\/portalnpm.com\/index.php\/wp-json\/wp\/v2\/types\/post"}],"author":[{"embeddable":true,"href":"https:\/\/portalnpm.com\/index.php\/wp-json\/wp\/v2\/users\/2"}],"replies":[{"embeddable":true,"href":"https:\/\/portalnpm.com\/index.php\/wp-json\/wp\/v2\/comments?post=46993"}],"version-history":[{"count":0,"href":"https:\/\/portalnpm.com\/index.php\/wp-json\/wp\/v2\/posts\/46993\/revisions"}],"wp:featuredmedia":[{"embeddable":true,"href":"https:\/\/portalnpm.com\/index.php\/wp-json\/"}],"wp:attachment":[{"href":"https:\/\/portalnpm.com\/index.php\/wp-json\/wp\/v2\/media?parent=46993"}],"wp:term":[{"taxonomy":"category","embeddable":true,"href":"https:\/\/portalnpm.com\/index.php\/wp-json\/wp\/v2\/categories?post=46993"},{"taxonomy":"post_tag","embeddable":true,"href":"https:\/\/portalnpm.com\/index.php\/wp-json\/wp\/v2\/tags?post=46993"}],"curies":[{"name":"wp","href":"https:\/\/api.w.org\/{rel}","templated":true}]}}