{"id":47025,"date":"2023-06-17T12:02:37","date_gmt":"2023-06-17T15:02:37","guid":{"rendered":"https:\/\/portalnpm.com\/?p=47025"},"modified":"2023-06-17T12:02:37","modified_gmt":"2023-06-17T15:02:37","slug":"em-picos-homem-e-assassinado-com-golpes-de-foice-no-pescoco","status":"publish","type":"post","link":"https:\/\/portalnpm.com\/index.php\/2023\/06\/17\/em-picos-homem-e-assassinado-com-golpes-de-foice-no-pescoco\/","title":{"rendered":"Em Picos, homem \u00e9 assassinado com golpes de foice no pesco\u00e7o"},"content":{"rendered":"<p style=\"text-align: justify;\">Picos acordou com a tr\u00e1gica not\u00edcia de um homic\u00eddio ocorrido no bairro Jardim Natal. Nas primeiras horas desta manh\u00e3, um homem identificado como Paulo Marciano, mais conhecido por Paulinho, foi encontrado morto, apenas duas casas depois da sua pr\u00f3pria resid\u00eancia, na rua Coronel Joaquim Monteiro de Carvalho, no bairro Jardim Natal. \u00c9 o oitavo homic\u00eddio registrado do ano de 2023 no munic\u00edpio.<\/p>\n<p style=\"text-align: justify;\">\n<p style=\"text-align: justify;\">\n<p style=\"text-align: justify;\">Preliminarmente, a pol\u00edcia identifica o incidente como um crime passional. A v\u00edtima foi brutalmente golpeada com uma foice pelo autor do crime, cuja identidade ainda \u00e9 desconhecida. O ataque aconteceu por volta das 5 horas da manh\u00e3 e infelizmente, o homem n\u00e3o resistiu aos ferimentos, vindo a \u00f3bito no local.<\/p>\n<figure id=\"attachment_135172\" class=\"wp-caption alignnone\" style=\"text-align: justify;\" aria-describedby=\"caption-attachment-135172\"><img fetchpriority=\"high\" decoding=\"async\" class=\"wp-image-135172 size-full entered lazyloaded\" src=\"https:\/\/i0.wp.com\/www.portalenoticias.com.br\/wp-content\/uploads\/2023\/06\/Imagem-do-WhatsApp-de-2023-06-17-as-10.03.29-780x470-1.jpg?fit=780%2C470&amp;ssl=1\" sizes=\"(max-width: 780px) 100vw, 780px\" srcset=\"https:\/\/i0.wp.com\/www.portalenoticias.com.br\/wp-content\/uploads\/2023\/06\/Imagem-do-WhatsApp-de-2023-06-17-as-10.03.29-780x470-1.jpg?fit=300%2C181&amp;ssl=1 300w, https:\/\/i0.wp.com\/www.portalenoticias.com.br\/wp-content\/uploads\/2023\/06\/Imagem-do-WhatsApp-de-2023-06-17-as-10.03.29-780x470-1.jpg?fit=708%2C427&amp;ssl=1 768w, https:\/\/i0.wp.com\/www.portalenoticias.com.br\/wp-content\/uploads\/2023\/06\/Imagem-do-WhatsApp-de-2023-06-17-as-10.03.29-780x470-1.jpg?fit=780%2C470&amp;ssl=1 780w\" alt=\"\" width=\"708\" height=\"427\" data-lazy-srcset=\"https:\/\/i0.wp.com\/www.portalenoticias.com.br\/wp-content\/uploads\/2023\/06\/Imagem-do-WhatsApp-de-2023-06-17-as-10.03.29-780x470-1.jpg?fit=300%2C181&amp;ssl=1 300w, https:\/\/i0.wp.com\/www.portalenoticias.com.br\/wp-content\/uploads\/2023\/06\/Imagem-do-WhatsApp-de-2023-06-17-as-10.03.29-780x470-1.jpg?fit=708%2C427&amp;ssl=1 768w, https:\/\/i0.wp.com\/www.portalenoticias.com.br\/wp-content\/uploads\/2023\/06\/Imagem-do-WhatsApp-de-2023-06-17-as-10.03.29-780x470-1.jpg?fit=780%2C470&amp;ssl=1 780w\" data-lazy-sizes=\"(max-width: 780px) 100vw, 780px\" data-attachment-id=\"135172\" data-permalink=\"https:\/\/www.portalenoticias.com.br\/em-picos-homem-e-assassinado-com-golpes-de-foice-no-pescoco\/imagem-do-whatsapp-de-2023-06-17-as-10-03-29-780x470\/\" data-orig-file=\"https:\/\/i0.wp.com\/www.portalenoticias.com.br\/wp-content\/uploads\/2023\/06\/Imagem-do-WhatsApp-de-2023-06-17-as-10.03.29-780x470-1.jpg?fit=780%2C470&amp;ssl=1\" data-orig-size=\"780,470\" data-comments-opened=\"0\" data-image-meta=\"{&quot;aperture&quot;:&quot;0&quot;,&quot;credit&quot;:&quot;&quot;,&quot;camera&quot;:&quot;&quot;,&quot;caption&quot;:&quot;&quot;,&quot;created_timestamp&quot;:&quot;0&quot;,&quot;copyright&quot;:&quot;&quot;,&quot;focal_length&quot;:&quot;0&quot;,&quot;iso&quot;:&quot;0&quot;,&quot;shutter_speed&quot;:&quot;0&quot;,&quot;title&quot;:&quot;&quot;,&quot;orientation&quot;:&quot;0&quot;}\" data-image-title=\"Imagem-do-WhatsApp-de-2023-06-17-as-10.03.29-780\u00d7470\" data-image-description=\"\" data-image-caption=\"\" data-medium-file=\"https:\/\/i0.wp.com\/www.portalenoticias.com.br\/wp-content\/uploads\/2023\/06\/Imagem-do-WhatsApp-de-2023-06-17-as-10.03.29-780x470-1.jpg?fit=300%2C181&amp;ssl=1\" data-large-file=\"https:\/\/i0.wp.com\/www.portalenoticias.com.br\/wp-content\/uploads\/2023\/06\/Imagem-do-WhatsApp-de-2023-06-17-as-10.03.29-780x470-1.jpg?fit=708%2C427&amp;ssl=1\" data-lazy-src=\"https:\/\/i0.wp.com\/www.portalenoticias.com.br\/wp-content\/uploads\/2023\/06\/Imagem-do-WhatsApp-de-2023-06-17-as-10.03.29-780x470-1.jpg?fit=780%2C470&amp;ssl=1\" data-ll-status=\"loaded\" \/><figcaption id=\"caption-attachment-135172\" class=\"wp-caption-text\">Em Picos, homem \u00e9 assassinado com golpes de foice no pesco\u00e7o<\/figcaption><\/figure>\n<p style=\"text-align: justify;\">O cen\u00e1rio do crime foi rapidamente isolado pela pol\u00edcia, que agora busca pistas para identificar o autor do homic\u00eddio.<\/p>\n<p style=\"text-align: justify;\">A comunidade do Jardim Natal, ainda tentando absorver o impacto da not\u00edcia, espera que a justi\u00e7a seja feita. A pol\u00edcia de Picos incentiva qualquer pessoa com informa\u00e7\u00f5es a se apresentar.<\/p>\n<p style=\"text-align: justify;\">As atualiza\u00e7\u00f5es deste caso em constante desenvolvimento ser\u00e3o compartilhadas assim que mais informa\u00e7\u00f5es forem disponibilizadas pelas autoridades.<\/p>\n<figure id=\"attachment_135171\" class=\"wp-caption alignnone\" style=\"text-align: justify;\" aria-describedby=\"caption-attachment-135171\"><img decoding=\"async\" class=\"wp-image-135171 size-full entered lazyloaded\" src=\"https:\/\/i0.wp.com\/www.portalenoticias.com.br\/wp-content\/uploads\/2023\/06\/crime-jardim-natal-1024x683-1.jpg?fit=1024%2C683&amp;ssl=1\" sizes=\"(max-width: 1024px) 100vw, 1024px\" srcset=\"https:\/\/i0.wp.com\/www.portalenoticias.com.br\/wp-content\/uploads\/2023\/06\/crime-jardim-natal-1024x683-1.jpg?fit=300%2C200&amp;ssl=1 300w, https:\/\/i0.wp.com\/www.portalenoticias.com.br\/wp-content\/uploads\/2023\/06\/crime-jardim-natal-1024x683-1.jpg?fit=708%2C472&amp;ssl=1 768w, https:\/\/i0.wp.com\/www.portalenoticias.com.br\/wp-content\/uploads\/2023\/06\/crime-jardim-natal-1024x683-1.jpg?fit=1024%2C683&amp;ssl=1 1024w\" alt=\"\" width=\"708\" height=\"472\" data-lazy-srcset=\"https:\/\/i0.wp.com\/www.portalenoticias.com.br\/wp-content\/uploads\/2023\/06\/crime-jardim-natal-1024x683-1.jpg?fit=300%2C200&amp;ssl=1 300w, https:\/\/i0.wp.com\/www.portalenoticias.com.br\/wp-content\/uploads\/2023\/06\/crime-jardim-natal-1024x683-1.jpg?fit=708%2C472&amp;ssl=1 768w, https:\/\/i0.wp.com\/www.portalenoticias.com.br\/wp-content\/uploads\/2023\/06\/crime-jardim-natal-1024x683-1.jpg?fit=1024%2C683&amp;ssl=1 1024w\" data-lazy-sizes=\"(max-width: 1024px) 100vw, 1024px\" data-attachment-id=\"135171\" data-permalink=\"https:\/\/www.portalenoticias.com.br\/em-picos-homem-e-assassinado-com-golpes-de-foice-no-pescoco\/crime-jardim-natal-1024x683\/\" data-orig-file=\"https:\/\/i0.wp.com\/www.portalenoticias.com.br\/wp-content\/uploads\/2023\/06\/crime-jardim-natal-1024x683-1.jpg?fit=1024%2C683&amp;ssl=1\" data-orig-size=\"1024,683\" data-comments-opened=\"0\" data-image-meta=\"{&quot;aperture&quot;:&quot;0&quot;,&quot;credit&quot;:&quot;&quot;,&quot;camera&quot;:&quot;&quot;,&quot;caption&quot;:&quot;&quot;,&quot;created_timestamp&quot;:&quot;0&quot;,&quot;copyright&quot;:&quot;&quot;,&quot;focal_length&quot;:&quot;0&quot;,&quot;iso&quot;:&quot;0&quot;,&quot;shutter_speed&quot;:&quot;0&quot;,&quot;title&quot;:&quot;&quot;,&quot;orientation&quot;:&quot;0&quot;}\" data-image-title=\"crime-jardim-natal-1024\u00d7683\" data-image-description=\"\" data-image-caption=\"\" data-medium-file=\"https:\/\/i0.wp.com\/www.portalenoticias.com.br\/wp-content\/uploads\/2023\/06\/crime-jardim-natal-1024x683-1.jpg?fit=300%2C200&amp;ssl=1\" data-large-file=\"https:\/\/i0.wp.com\/www.portalenoticias.com.br\/wp-content\/uploads\/2023\/06\/crime-jardim-natal-1024x683-1.jpg?fit=708%2C472&amp;ssl=1\" data-lazy-src=\"https:\/\/i0.wp.com\/www.portalenoticias.com.br\/wp-content\/uploads\/2023\/06\/crime-jardim-natal-1024x683-1.jpg?fit=1024%2C683&amp;ssl=1\" data-ll-status=\"loaded\" \/><figcaption id=\"caption-attachment-135171\" class=\"wp-caption-text\">Em Picos, homem \u00e9 assassinado com golpes de foice no pesco\u00e7o<\/figcaption><\/figure>\n<p style=\"text-align: justify;\"><strong>RESUMO DA NOT\u00cdCIA:<\/strong><\/p>\n<ol style=\"text-align: justify;\">\n<li><em>Um homem foi encontrado morto no bairro Conduru, em Picos, nas primeiras horas do dia.<\/em><\/li>\n<li><em>Acredita-se que o crime seja passional, onde o autor golpeou a v\u00edtima com uma foice.<\/em><\/li>\n<li><em>O homem veio a \u00f3bito no local por volta das 5 horas da manh\u00e3.<\/em><\/li>\n<li><em>A v\u00edtima foi encontrada morta perto de sua casa, a apenas duas resid\u00eancias de dist\u00e2ncia.<\/em><\/li>\n<li><em>A pol\u00edcia est\u00e1 no local e come\u00e7ou as investiga\u00e7\u00f5es para identificar o autor do crime.<\/em><\/li>\n<li><em>Qualquer pessoa com informa\u00e7\u00f5es \u00e9 incentivada a entrar em contato com as autoridades.<\/em><\/li>\n<li><em>Novas atualiza\u00e7\u00f5es ser\u00e3o compartilhadas \u00e0 medida que mais informa\u00e7\u00f5es sobre o caso se tornarem dispon\u00edveis.<\/em><\/li>\n<\/ol>\n<p style=\"text-align: justify;\"><strong>Fonte: Riach\u00e3o Net<\/strong><\/p>\n","protected":false},"excerpt":{"rendered":"<p>Picos acordou com a tr\u00e1gica not\u00edcia de um homic\u00eddio ocorrido no bairro Jardim Natal. Nas primeiras horas desta manh\u00e3, um homem identificado como Paulo Marciano, mais conhecido por Paulinho, foi encontrado morto, apenas duas casas depois da sua pr\u00f3pria resid\u00eancia, na rua Coronel Joaquim Monteiro de Carvalho, no bairro Jardim Natal. \u00c9 o oitavo homic\u00eddio &hellip;<\/p>\n","protected":false},"author":2,"featured_media":47026,"comment_status":"open","ping_status":"open","sticky":false,"template":"","format":"standard","meta":{"content-type":"","rop_custom_images_group":[],"rop_custom_messages_group":[],"rop_publish_now":"initial","rop_publish_now_accounts":{"facebook_2648258775420054_1618374048415101":""},"rop_publish_now_history":[],"rop_publish_now_status":"pending","footnotes":"","_jetpack_memberships_contains_paid_content":false},"categories":[109,127],"tags":[459,460,128],"yoast_head":"<!-- This site is optimized with the Yoast SEO plugin v22.3 - https:\/\/yoast.com\/wordpress\/plugins\/seo\/ -->\n<title>Em Picos, homem \u00e9 assassinado com golpes de foice no pesco\u00e7o - Portal NPM<\/title>\n<meta name=\"robots\" content=\"index, follow, max-snippet:-1, max-image-preview:large, max-video-preview:-1\" \/>\n<link rel=\"canonical\" href=\"https:\/\/portalnpm.com\/index.php\/2023\/06\/17\/em-picos-homem-e-assassinado-com-golpes-de-foice-no-pescoco\/\" \/>\n<meta property=\"og:locale\" content=\"pt_BR\" \/>\n<meta property=\"og:type\" content=\"article\" \/>\n<meta property=\"og:title\" content=\"Em Picos, homem \u00e9 assassinado com golpes de foice no pesco\u00e7o - Portal NPM\" \/>\n<meta property=\"og:description\" content=\"Picos acordou com a tr\u00e1gica not\u00edcia de um homic\u00eddio ocorrido no bairro Jardim Natal. Nas primeiras horas desta manh\u00e3, um homem identificado como Paulo Marciano, mais conhecido por Paulinho, foi encontrado morto, apenas duas casas depois da sua pr\u00f3pria resid\u00eancia, na rua Coronel Joaquim Monteiro de Carvalho, no bairro Jardim Natal. \u00c9 o oitavo homic\u00eddio &hellip;\" \/>\n<meta property=\"og:url\" content=\"https:\/\/portalnpm.com\/index.php\/2023\/06\/17\/em-picos-homem-e-assassinado-com-golpes-de-foice-no-pescoco\/\" \/>\n<meta property=\"og:site_name\" content=\"Portal NPM\" \/>\n<meta property=\"article:published_time\" content=\"2023-06-17T15:02:37+00:00\" \/>\n<meta name=\"author\" content=\"Genival Barbosa\" \/>\n<meta name=\"twitter:card\" content=\"summary_large_image\" \/>\n<meta name=\"twitter:label1\" content=\"Escrito por\" \/>\n\t<meta name=\"twitter:data1\" content=\"Genival Barbosa\" \/>\n\t<meta name=\"twitter:label2\" content=\"Est. tempo de leitura\" \/>\n\t<meta name=\"twitter:data2\" content=\"2 minutos\" \/>\n<script type=\"application\/ld+json\" class=\"yoast-schema-graph\">{\"@context\":\"https:\/\/schema.org\",\"@graph\":[{\"@type\":\"WebPage\",\"@id\":\"https:\/\/portalnpm.com\/index.php\/2023\/06\/17\/em-picos-homem-e-assassinado-com-golpes-de-foice-no-pescoco\/\",\"url\":\"https:\/\/portalnpm.com\/index.php\/2023\/06\/17\/em-picos-homem-e-assassinado-com-golpes-de-foice-no-pescoco\/\",\"name\":\"Em Picos, homem \u00e9 assassinado com golpes de foice no pesco\u00e7o - Portal NPM\",\"isPartOf\":{\"@id\":\"https:\/\/portalnpm.com\/#website\"},\"primaryImageOfPage\":{\"@id\":\"https:\/\/portalnpm.com\/index.php\/2023\/06\/17\/em-picos-homem-e-assassinado-com-golpes-de-foice-no-pescoco\/#primaryimage\"},\"image\":{\"@id\":\"https:\/\/portalnpm.com\/index.php\/2023\/06\/17\/em-picos-homem-e-assassinado-com-golpes-de-foice-no-pescoco\/#primaryimage\"},\"thumbnailUrl\":\"\",\"datePublished\":\"2023-06-17T15:02:37+00:00\",\"dateModified\":\"2023-06-17T15:02:37+00:00\",\"author\":{\"@id\":\"https:\/\/portalnpm.com\/#\/schema\/person\/49313e563cfdefcc167f1ee4c017c294\"},\"breadcrumb\":{\"@id\":\"https:\/\/portalnpm.com\/index.php\/2023\/06\/17\/em-picos-homem-e-assassinado-com-golpes-de-foice-no-pescoco\/#breadcrumb\"},\"inLanguage\":\"pt-BR\",\"potentialAction\":[{\"@type\":\"ReadAction\",\"target\":[\"https:\/\/portalnpm.com\/index.php\/2023\/06\/17\/em-picos-homem-e-assassinado-com-golpes-de-foice-no-pescoco\/\"]}]},{\"@type\":\"ImageObject\",\"inLanguage\":\"pt-BR\",\"@id\":\"https:\/\/portalnpm.com\/index.php\/2023\/06\/17\/em-picos-homem-e-assassinado-com-golpes-de-foice-no-pescoco\/#primaryimage\",\"url\":\"\",\"contentUrl\":\"\"},{\"@type\":\"BreadcrumbList\",\"@id\":\"https:\/\/portalnpm.com\/index.php\/2023\/06\/17\/em-picos-homem-e-assassinado-com-golpes-de-foice-no-pescoco\/#breadcrumb\",\"itemListElement\":[{\"@type\":\"ListItem\",\"position\":1,\"name\":\"In\u00edcio\",\"item\":\"https:\/\/portalnpm.com\/\"},{\"@type\":\"ListItem\",\"position\":2,\"name\":\"Em Picos, homem \u00e9 assassinado com golpes de foice no pesco\u00e7o\"}]},{\"@type\":\"WebSite\",\"@id\":\"https:\/\/portalnpm.com\/#website\",\"url\":\"https:\/\/portalnpm.com\/\",\"name\":\"Portal NPM\",\"description\":\"Not\u00edcias em Primeira M\u00e3o\",\"potentialAction\":[{\"@type\":\"SearchAction\",\"target\":{\"@type\":\"EntryPoint\",\"urlTemplate\":\"https:\/\/portalnpm.com\/?s={search_term_string}\"},\"query-input\":\"required name=search_term_string\"}],\"inLanguage\":\"pt-BR\"},{\"@type\":\"Person\",\"@id\":\"https:\/\/portalnpm.com\/#\/schema\/person\/49313e563cfdefcc167f1ee4c017c294\",\"name\":\"Genival Barbosa\",\"image\":{\"@type\":\"ImageObject\",\"inLanguage\":\"pt-BR\",\"@id\":\"https:\/\/portalnpm.com\/#\/schema\/person\/image\/\",\"url\":\"https:\/\/portalnpm.com\/wp-content\/uploads\/2024\/02\/avatar_user_2_1707743258-96x96.jpeg\",\"contentUrl\":\"https:\/\/portalnpm.com\/wp-content\/uploads\/2024\/02\/avatar_user_2_1707743258-96x96.jpeg\",\"caption\":\"Genival Barbosa\"},\"url\":\"https:\/\/portalnpm.com\/index.php\/author\/genival\/\"}]}<\/script>\n<!-- \/ Yoast SEO plugin. -->","yoast_head_json":{"title":"Em Picos, homem \u00e9 assassinado com golpes de foice no pesco\u00e7o - Portal NPM","robots":{"index":"index","follow":"follow","max-snippet":"max-snippet:-1","max-image-preview":"max-image-preview:large","max-video-preview":"max-video-preview:-1"},"canonical":"https:\/\/portalnpm.com\/index.php\/2023\/06\/17\/em-picos-homem-e-assassinado-com-golpes-de-foice-no-pescoco\/","og_locale":"pt_BR","og_type":"article","og_title":"Em Picos, homem \u00e9 assassinado com golpes de foice no pesco\u00e7o - Portal NPM","og_description":"Picos acordou com a tr\u00e1gica not\u00edcia de um homic\u00eddio ocorrido no bairro Jardim Natal. Nas primeiras horas desta manh\u00e3, um homem identificado como Paulo Marciano, mais conhecido por Paulinho, foi encontrado morto, apenas duas casas depois da sua pr\u00f3pria resid\u00eancia, na rua Coronel Joaquim Monteiro de Carvalho, no bairro Jardim Natal. \u00c9 o oitavo homic\u00eddio &hellip;","og_url":"https:\/\/portalnpm.com\/index.php\/2023\/06\/17\/em-picos-homem-e-assassinado-com-golpes-de-foice-no-pescoco\/","og_site_name":"Portal NPM","article_published_time":"2023-06-17T15:02:37+00:00","author":"Genival Barbosa","twitter_card":"summary_large_image","twitter_misc":{"Escrito por":"Genival Barbosa","Est. tempo de leitura":"2 minutos"},"schema":{"@context":"https:\/\/schema.org","@graph":[{"@type":"WebPage","@id":"https:\/\/portalnpm.com\/index.php\/2023\/06\/17\/em-picos-homem-e-assassinado-com-golpes-de-foice-no-pescoco\/","url":"https:\/\/portalnpm.com\/index.php\/2023\/06\/17\/em-picos-homem-e-assassinado-com-golpes-de-foice-no-pescoco\/","name":"Em Picos, homem \u00e9 assassinado com golpes de foice no pesco\u00e7o - Portal NPM","isPartOf":{"@id":"https:\/\/portalnpm.com\/#website"},"primaryImageOfPage":{"@id":"https:\/\/portalnpm.com\/index.php\/2023\/06\/17\/em-picos-homem-e-assassinado-com-golpes-de-foice-no-pescoco\/#primaryimage"},"image":{"@id":"https:\/\/portalnpm.com\/index.php\/2023\/06\/17\/em-picos-homem-e-assassinado-com-golpes-de-foice-no-pescoco\/#primaryimage"},"thumbnailUrl":"","datePublished":"2023-06-17T15:02:37+00:00","dateModified":"2023-06-17T15:02:37+00:00","author":{"@id":"https:\/\/portalnpm.com\/#\/schema\/person\/49313e563cfdefcc167f1ee4c017c294"},"breadcrumb":{"@id":"https:\/\/portalnpm.com\/index.php\/2023\/06\/17\/em-picos-homem-e-assassinado-com-golpes-de-foice-no-pescoco\/#breadcrumb"},"inLanguage":"pt-BR","potentialAction":[{"@type":"ReadAction","target":["https:\/\/portalnpm.com\/index.php\/2023\/06\/17\/em-picos-homem-e-assassinado-com-golpes-de-foice-no-pescoco\/"]}]},{"@type":"ImageObject","inLanguage":"pt-BR","@id":"https:\/\/portalnpm.com\/index.php\/2023\/06\/17\/em-picos-homem-e-assassinado-com-golpes-de-foice-no-pescoco\/#primaryimage","url":"","contentUrl":""},{"@type":"BreadcrumbList","@id":"https:\/\/portalnpm.com\/index.php\/2023\/06\/17\/em-picos-homem-e-assassinado-com-golpes-de-foice-no-pescoco\/#breadcrumb","itemListElement":[{"@type":"ListItem","position":1,"name":"In\u00edcio","item":"https:\/\/portalnpm.com\/"},{"@type":"ListItem","position":2,"name":"Em Picos, homem \u00e9 assassinado com golpes de foice no pesco\u00e7o"}]},{"@type":"WebSite","@id":"https:\/\/portalnpm.com\/#website","url":"https:\/\/portalnpm.com\/","name":"Portal NPM","description":"Not\u00edcias em Primeira M\u00e3o","potentialAction":[{"@type":"SearchAction","target":{"@type":"EntryPoint","urlTemplate":"https:\/\/portalnpm.com\/?s={search_term_string}"},"query-input":"required name=search_term_string"}],"inLanguage":"pt-BR"},{"@type":"Person","@id":"https:\/\/portalnpm.com\/#\/schema\/person\/49313e563cfdefcc167f1ee4c017c294","name":"Genival Barbosa","image":{"@type":"ImageObject","inLanguage":"pt-BR","@id":"https:\/\/portalnpm.com\/#\/schema\/person\/image\/","url":"https:\/\/portalnpm.com\/wp-content\/uploads\/2024\/02\/avatar_user_2_1707743258-96x96.jpeg","contentUrl":"https:\/\/portalnpm.com\/wp-content\/uploads\/2024\/02\/avatar_user_2_1707743258-96x96.jpeg","caption":"Genival Barbosa"},"url":"https:\/\/portalnpm.com\/index.php\/author\/genival\/"}]}},"jetpack_sharing_enabled":true,"jetpack_featured_media_url":"","_links":{"self":[{"href":"https:\/\/portalnpm.com\/index.php\/wp-json\/wp\/v2\/posts\/47025"}],"collection":[{"href":"https:\/\/portalnpm.com\/index.php\/wp-json\/wp\/v2\/posts"}],"about":[{"href":"https:\/\/portalnpm.com\/index.php\/wp-json\/wp\/v2\/types\/post"}],"author":[{"embeddable":true,"href":"https:\/\/portalnpm.com\/index.php\/wp-json\/wp\/v2\/users\/2"}],"replies":[{"embeddable":true,"href":"https:\/\/portalnpm.com\/index.php\/wp-json\/wp\/v2\/comments?post=47025"}],"version-history":[{"count":0,"href":"https:\/\/portalnpm.com\/index.php\/wp-json\/wp\/v2\/posts\/47025\/revisions"}],"wp:featuredmedia":[{"embeddable":true,"href":"https:\/\/portalnpm.com\/index.php\/wp-json\/"}],"wp:attachment":[{"href":"https:\/\/portalnpm.com\/index.php\/wp-json\/wp\/v2\/media?parent=47025"}],"wp:term":[{"taxonomy":"category","embeddable":true,"href":"https:\/\/portalnpm.com\/index.php\/wp-json\/wp\/v2\/categories?post=47025"},{"taxonomy":"post_tag","embeddable":true,"href":"https:\/\/portalnpm.com\/index.php\/wp-json\/wp\/v2\/tags?post=47025"}],"curies":[{"name":"wp","href":"https:\/\/api.w.org\/{rel}","templated":true}]}}