{"id":47088,"date":"2023-06-21T13:11:13","date_gmt":"2023-06-21T16:11:13","guid":{"rendered":"https:\/\/portalnpm.com\/?p=47088"},"modified":"2023-06-21T13:11:13","modified_gmt":"2023-06-21T16:11:13","slug":"prefeito-ademar-carvalho-anuncia-luan-estilizado-para-o-x-belarraia-do-caboclo-nordestino-em-belem-do-piaui","status":"publish","type":"post","link":"https:\/\/portalnpm.com\/index.php\/2023\/06\/21\/prefeito-ademar-carvalho-anuncia-luan-estilizado-para-o-x-belarraia-do-caboclo-nordestino-em-belem-do-piaui\/","title":{"rendered":"Prefeito Ademar Carvalho anuncia Luan Estilizado para o X Belarrai\u00e1 do Caboclo Nordestino em Bel\u00e9m do Piau\u00ed"},"content":{"rendered":"<p style=\"text-align: justify;\">Bel\u00e9m do Piau\u00ed est\u00e1 se preparando para receber um dos eventos mais aguardados da regi\u00e3o, o X Belarrai\u00e1 do Caboclo Nordestino. E para tornar essa festa ainda mais especial, o prefeito Ademar Carvalho anunciou, por meio das redes sociais, a participa\u00e7\u00e3o do renomado acordeonista, cantor e compositor, Luan Estilizado. A not\u00edcia gerou grande expectativa entre os moradores locais e os f\u00e3s do artista em todo o pa\u00eds.<\/p>\n<p style=\"text-align: justify;\">\n<p style=\"text-align: justify;\">Luan Estilizado, conhecido por sua habilidade \u00fanica no acordeon e seu estilo musical envolvente, tem conquistado o cora\u00e7\u00e3o do p\u00fablico por onde passa. Com sucessos como \u201cSofrendo Feito Louco\u201d e \u201cT\u00e1 Faltando Eu\u201d, ele se tornou um fen\u00f4meno da m\u00fasica nordestina e um dos grandes representantes do forr\u00f3 moderno.<\/p>\n<p style=\"text-align: justify;\"><img decoding=\"async\" class=\"alignnone size-full wp-image-394382 lazyloaded\" src=\"https:\/\/infonewss.com\/wp-content\/uploads\/2023\/06\/WhatsApp-Image-2023-06-19-at-12.20.34-PM.jpeg\" srcset=\"https:\/\/infonewss.com\/wp-content\/uploads\/2023\/06\/WhatsApp-Image-2023-06-19-at-12.20.34-PM.jpeg 1170w, https:\/\/infonewss.com\/wp-content\/uploads\/2023\/06\/WhatsApp-Image-2023-06-19-at-12.20.34-PM-300x299.jpeg 300w, https:\/\/infonewss.com\/wp-content\/uploads\/2023\/06\/WhatsApp-Image-2023-06-19-at-12.20.34-PM-1024x1020.jpeg 1024w, https:\/\/infonewss.com\/wp-content\/uploads\/2023\/06\/WhatsApp-Image-2023-06-19-at-12.20.34-PM-150x149.jpeg 150w, https:\/\/infonewss.com\/wp-content\/uploads\/2023\/06\/WhatsApp-Image-2023-06-19-at-12.20.34-PM-768x765.jpeg 768w, https:\/\/infonewss.com\/wp-content\/uploads\/2023\/06\/WhatsApp-Image-2023-06-19-at-12.20.34-PM-696x693.jpeg 696w, https:\/\/infonewss.com\/wp-content\/uploads\/2023\/06\/WhatsApp-Image-2023-06-19-at-12.20.34-PM-1068x1063.jpeg 1068w\" alt=\"\" data-pin-no-hover=\"true\" \/><\/p>\n<p style=\"text-align: justify;\">O X Belarrai\u00e1 do Caboclo Nordestino, que j\u00e1 est\u00e1 em sua d\u00e9cima edi\u00e7\u00e3o, \u00e9 um evento tradicional que celebra a cultura nordestina em todas as suas manifesta\u00e7\u00f5es. A festa, que acontecer\u00e1 em Bel\u00e9m do Piau\u00ed, reunir\u00e1 artistas renomados, apresenta\u00e7\u00f5es de quadrilhas juninas, comidas t\u00edpicas e diversas outras atra\u00e7\u00f5es que exaltam as tradi\u00e7\u00f5es e o folclore nordestino.<\/p>\n<p style=\"text-align: justify;\">Al\u00e9m da presen\u00e7a de Luan Estilizado, o prefeito Ademar Carvalho prometeu que em breve ser\u00e3o divulgadas mais atra\u00e7\u00f5es e a programa\u00e7\u00e3o completa do evento. A expectativa \u00e9 que o X Belarrai\u00e1 do Caboclo Nordestino seja um verdadeiro sucesso, atraindo turistas e fortalecendo a economia local.<\/p>\n<p style=\"text-align: justify;\">A festa, que j\u00e1 se consolidou como uma das mais importantes do calend\u00e1rio cultural da regi\u00e3o, busca valorizar a cultura nordestina, preservando suas ra\u00edzes e trazendo elementos contempor\u00e2neos para manter a tradi\u00e7\u00e3o viva. O evento \u00e9 uma oportunidade de vivenciar a alegria, a m\u00fasica e a dan\u00e7a t\u00edpicas do Nordeste brasileiro, proporcionando momentos inesquec\u00edveis para os participantes.<\/p>\n<p style=\"text-align: justify;\">Com a confirma\u00e7\u00e3o de Luan Estilizado como uma das atra\u00e7\u00f5es principais, o X Belarrai\u00e1 do Caboclo Nordestino promete ser um marco na hist\u00f3ria do munic\u00edpio de Bel\u00e9m do Piau\u00ed. Os f\u00e3s do artista e os amantes da cultura nordestina j\u00e1 est\u00e3o ansiosos para vivenciar essa experi\u00eancia \u00fanica, que promete unir tradi\u00e7\u00e3o e modernidade em uma festa memor\u00e1vel.<\/p>\n<p style=\"text-align: justify;\"><img decoding=\"async\" class=\"alignnone size-full wp-image-394383 lazyloaded\" src=\"https:\/\/infonewss.com\/wp-content\/uploads\/2023\/06\/WhatsApp-Image-2023-06-19-at-12.20.22-PM-1.jpeg\" srcset=\"https:\/\/infonewss.com\/wp-content\/uploads\/2023\/06\/WhatsApp-Image-2023-06-19-at-12.20.22-PM-1.jpeg 900w, https:\/\/infonewss.com\/wp-content\/uploads\/2023\/06\/WhatsApp-Image-2023-06-19-at-12.20.22-PM-1-169x300.jpeg 169w, https:\/\/infonewss.com\/wp-content\/uploads\/2023\/06\/WhatsApp-Image-2023-06-19-at-12.20.22-PM-1-576x1024.jpeg 576w, https:\/\/infonewss.com\/wp-content\/uploads\/2023\/06\/WhatsApp-Image-2023-06-19-at-12.20.22-PM-1-768x1365.jpeg 768w, https:\/\/infonewss.com\/wp-content\/uploads\/2023\/06\/WhatsApp-Image-2023-06-19-at-12.20.22-PM-1-864x1536.jpeg 864w, https:\/\/infonewss.com\/wp-content\/uploads\/2023\/06\/WhatsApp-Image-2023-06-19-at-12.20.22-PM-1-150x267.jpeg 150w, https:\/\/infonewss.com\/wp-content\/uploads\/2023\/06\/WhatsApp-Image-2023-06-19-at-12.20.22-PM-1-300x533.jpeg 300w, https:\/\/infonewss.com\/wp-content\/uploads\/2023\/06\/WhatsApp-Image-2023-06-19-at-12.20.22-PM-1-696x1237.jpeg 696w\" alt=\"\" data-pin-no-hover=\"true\" \/><\/p>\n<div class=\"addtoany_share_save_container addtoany_content addtoany_content_bottom\">\n<div class=\"a2a_kit a2a_kit_size_32 addtoany_list\" style=\"text-align: justify;\">Fonte: Portal Infonewss<\/div>\n<\/div>\n","protected":false},"excerpt":{"rendered":"<p>Bel\u00e9m do Piau\u00ed est\u00e1 se preparando para receber um dos eventos mais aguardados da regi\u00e3o, o X Belarrai\u00e1 do Caboclo Nordestino. E para tornar essa festa ainda mais especial, o prefeito Ademar Carvalho anunciou, por meio das redes sociais, a participa\u00e7\u00e3o do renomado acordeonista, cantor e compositor, Luan Estilizado. A not\u00edcia gerou grande expectativa entre &hellip;<\/p>\n","protected":false},"author":2,"featured_media":47089,"comment_status":"open","ping_status":"open","sticky":false,"template":"","format":"standard","meta":{"content-type":"","rop_custom_images_group":[],"rop_custom_messages_group":[],"rop_publish_now":"initial","rop_publish_now_accounts":{"facebook_2648258775420054_1618374048415101":""},"rop_publish_now_history":[],"rop_publish_now_status":"pending","footnotes":"","_jetpack_memberships_contains_paid_content":false},"categories":[106,109],"tags":[105,651],"yoast_head":"<!-- This site is optimized with the Yoast SEO plugin v22.3 - https:\/\/yoast.com\/wordpress\/plugins\/seo\/ -->\n<title>Prefeito Ademar Carvalho anuncia Luan Estilizado para o X Belarrai\u00e1 do Caboclo Nordestino em Bel\u00e9m do Piau\u00ed - Portal NPM<\/title>\n<meta name=\"robots\" content=\"index, follow, max-snippet:-1, max-image-preview:large, max-video-preview:-1\" \/>\n<link rel=\"canonical\" href=\"https:\/\/portalnpm.com\/index.php\/2023\/06\/21\/prefeito-ademar-carvalho-anuncia-luan-estilizado-para-o-x-belarraia-do-caboclo-nordestino-em-belem-do-piaui\/\" \/>\n<meta property=\"og:locale\" content=\"pt_BR\" \/>\n<meta property=\"og:type\" content=\"article\" \/>\n<meta property=\"og:title\" content=\"Prefeito Ademar Carvalho anuncia Luan Estilizado para o X Belarrai\u00e1 do Caboclo Nordestino em Bel\u00e9m do Piau\u00ed - Portal NPM\" \/>\n<meta property=\"og:description\" content=\"Bel\u00e9m do Piau\u00ed est\u00e1 se preparando para receber um dos eventos mais aguardados da regi\u00e3o, o X Belarrai\u00e1 do Caboclo Nordestino. E para tornar essa festa ainda mais especial, o prefeito Ademar Carvalho anunciou, por meio das redes sociais, a participa\u00e7\u00e3o do renomado acordeonista, cantor e compositor, Luan Estilizado. A not\u00edcia gerou grande expectativa entre &hellip;\" \/>\n<meta property=\"og:url\" content=\"https:\/\/portalnpm.com\/index.php\/2023\/06\/21\/prefeito-ademar-carvalho-anuncia-luan-estilizado-para-o-x-belarraia-do-caboclo-nordestino-em-belem-do-piaui\/\" \/>\n<meta property=\"og:site_name\" content=\"Portal NPM\" \/>\n<meta property=\"article:published_time\" content=\"2023-06-21T16:11:13+00:00\" \/>\n<meta name=\"author\" content=\"Genival Barbosa\" \/>\n<meta name=\"twitter:card\" content=\"summary_large_image\" \/>\n<meta name=\"twitter:label1\" content=\"Escrito por\" \/>\n\t<meta name=\"twitter:data1\" content=\"Genival Barbosa\" \/>\n\t<meta name=\"twitter:label2\" content=\"Est. tempo de leitura\" \/>\n\t<meta name=\"twitter:data2\" content=\"2 minutos\" \/>\n<script type=\"application\/ld+json\" class=\"yoast-schema-graph\">{\"@context\":\"https:\/\/schema.org\",\"@graph\":[{\"@type\":\"WebPage\",\"@id\":\"https:\/\/portalnpm.com\/index.php\/2023\/06\/21\/prefeito-ademar-carvalho-anuncia-luan-estilizado-para-o-x-belarraia-do-caboclo-nordestino-em-belem-do-piaui\/\",\"url\":\"https:\/\/portalnpm.com\/index.php\/2023\/06\/21\/prefeito-ademar-carvalho-anuncia-luan-estilizado-para-o-x-belarraia-do-caboclo-nordestino-em-belem-do-piaui\/\",\"name\":\"Prefeito Ademar Carvalho anuncia Luan Estilizado para o X Belarrai\u00e1 do Caboclo Nordestino em Bel\u00e9m do Piau\u00ed - Portal NPM\",\"isPartOf\":{\"@id\":\"https:\/\/portalnpm.com\/#website\"},\"primaryImageOfPage\":{\"@id\":\"https:\/\/portalnpm.com\/index.php\/2023\/06\/21\/prefeito-ademar-carvalho-anuncia-luan-estilizado-para-o-x-belarraia-do-caboclo-nordestino-em-belem-do-piaui\/#primaryimage\"},\"image\":{\"@id\":\"https:\/\/portalnpm.com\/index.php\/2023\/06\/21\/prefeito-ademar-carvalho-anuncia-luan-estilizado-para-o-x-belarraia-do-caboclo-nordestino-em-belem-do-piaui\/#primaryimage\"},\"thumbnailUrl\":\"\",\"datePublished\":\"2023-06-21T16:11:13+00:00\",\"dateModified\":\"2023-06-21T16:11:13+00:00\",\"author\":{\"@id\":\"https:\/\/portalnpm.com\/#\/schema\/person\/49313e563cfdefcc167f1ee4c017c294\"},\"breadcrumb\":{\"@id\":\"https:\/\/portalnpm.com\/index.php\/2023\/06\/21\/prefeito-ademar-carvalho-anuncia-luan-estilizado-para-o-x-belarraia-do-caboclo-nordestino-em-belem-do-piaui\/#breadcrumb\"},\"inLanguage\":\"pt-BR\",\"potentialAction\":[{\"@type\":\"ReadAction\",\"target\":[\"https:\/\/portalnpm.com\/index.php\/2023\/06\/21\/prefeito-ademar-carvalho-anuncia-luan-estilizado-para-o-x-belarraia-do-caboclo-nordestino-em-belem-do-piaui\/\"]}]},{\"@type\":\"ImageObject\",\"inLanguage\":\"pt-BR\",\"@id\":\"https:\/\/portalnpm.com\/index.php\/2023\/06\/21\/prefeito-ademar-carvalho-anuncia-luan-estilizado-para-o-x-belarraia-do-caboclo-nordestino-em-belem-do-piaui\/#primaryimage\",\"url\":\"\",\"contentUrl\":\"\"},{\"@type\":\"BreadcrumbList\",\"@id\":\"https:\/\/portalnpm.com\/index.php\/2023\/06\/21\/prefeito-ademar-carvalho-anuncia-luan-estilizado-para-o-x-belarraia-do-caboclo-nordestino-em-belem-do-piaui\/#breadcrumb\",\"itemListElement\":[{\"@type\":\"ListItem\",\"position\":1,\"name\":\"In\u00edcio\",\"item\":\"https:\/\/portalnpm.com\/\"},{\"@type\":\"ListItem\",\"position\":2,\"name\":\"Prefeito Ademar Carvalho anuncia Luan Estilizado para o X Belarrai\u00e1 do Caboclo Nordestino em Bel\u00e9m do Piau\u00ed\"}]},{\"@type\":\"WebSite\",\"@id\":\"https:\/\/portalnpm.com\/#website\",\"url\":\"https:\/\/portalnpm.com\/\",\"name\":\"Portal NPM\",\"description\":\"Not\u00edcias em Primeira M\u00e3o\",\"potentialAction\":[{\"@type\":\"SearchAction\",\"target\":{\"@type\":\"EntryPoint\",\"urlTemplate\":\"https:\/\/portalnpm.com\/?s={search_term_string}\"},\"query-input\":\"required name=search_term_string\"}],\"inLanguage\":\"pt-BR\"},{\"@type\":\"Person\",\"@id\":\"https:\/\/portalnpm.com\/#\/schema\/person\/49313e563cfdefcc167f1ee4c017c294\",\"name\":\"Genival Barbosa\",\"image\":{\"@type\":\"ImageObject\",\"inLanguage\":\"pt-BR\",\"@id\":\"https:\/\/portalnpm.com\/#\/schema\/person\/image\/\",\"url\":\"https:\/\/portalnpm.com\/wp-content\/uploads\/2024\/02\/avatar_user_2_1707743258-96x96.jpeg\",\"contentUrl\":\"https:\/\/portalnpm.com\/wp-content\/uploads\/2024\/02\/avatar_user_2_1707743258-96x96.jpeg\",\"caption\":\"Genival Barbosa\"},\"url\":\"https:\/\/portalnpm.com\/index.php\/author\/genival\/\"}]}<\/script>\n<!-- \/ Yoast SEO plugin. -->","yoast_head_json":{"title":"Prefeito Ademar Carvalho anuncia Luan Estilizado para o X Belarrai\u00e1 do Caboclo Nordestino em Bel\u00e9m do Piau\u00ed - Portal NPM","robots":{"index":"index","follow":"follow","max-snippet":"max-snippet:-1","max-image-preview":"max-image-preview:large","max-video-preview":"max-video-preview:-1"},"canonical":"https:\/\/portalnpm.com\/index.php\/2023\/06\/21\/prefeito-ademar-carvalho-anuncia-luan-estilizado-para-o-x-belarraia-do-caboclo-nordestino-em-belem-do-piaui\/","og_locale":"pt_BR","og_type":"article","og_title":"Prefeito Ademar Carvalho anuncia Luan Estilizado para o X Belarrai\u00e1 do Caboclo Nordestino em Bel\u00e9m do Piau\u00ed - Portal NPM","og_description":"Bel\u00e9m do Piau\u00ed est\u00e1 se preparando para receber um dos eventos mais aguardados da regi\u00e3o, o X Belarrai\u00e1 do Caboclo Nordestino. E para tornar essa festa ainda mais especial, o prefeito Ademar Carvalho anunciou, por meio das redes sociais, a participa\u00e7\u00e3o do renomado acordeonista, cantor e compositor, Luan Estilizado. A not\u00edcia gerou grande expectativa entre &hellip;","og_url":"https:\/\/portalnpm.com\/index.php\/2023\/06\/21\/prefeito-ademar-carvalho-anuncia-luan-estilizado-para-o-x-belarraia-do-caboclo-nordestino-em-belem-do-piaui\/","og_site_name":"Portal NPM","article_published_time":"2023-06-21T16:11:13+00:00","author":"Genival Barbosa","twitter_card":"summary_large_image","twitter_misc":{"Escrito por":"Genival Barbosa","Est. tempo de leitura":"2 minutos"},"schema":{"@context":"https:\/\/schema.org","@graph":[{"@type":"WebPage","@id":"https:\/\/portalnpm.com\/index.php\/2023\/06\/21\/prefeito-ademar-carvalho-anuncia-luan-estilizado-para-o-x-belarraia-do-caboclo-nordestino-em-belem-do-piaui\/","url":"https:\/\/portalnpm.com\/index.php\/2023\/06\/21\/prefeito-ademar-carvalho-anuncia-luan-estilizado-para-o-x-belarraia-do-caboclo-nordestino-em-belem-do-piaui\/","name":"Prefeito Ademar Carvalho anuncia Luan Estilizado para o X Belarrai\u00e1 do Caboclo Nordestino em Bel\u00e9m do Piau\u00ed - Portal NPM","isPartOf":{"@id":"https:\/\/portalnpm.com\/#website"},"primaryImageOfPage":{"@id":"https:\/\/portalnpm.com\/index.php\/2023\/06\/21\/prefeito-ademar-carvalho-anuncia-luan-estilizado-para-o-x-belarraia-do-caboclo-nordestino-em-belem-do-piaui\/#primaryimage"},"image":{"@id":"https:\/\/portalnpm.com\/index.php\/2023\/06\/21\/prefeito-ademar-carvalho-anuncia-luan-estilizado-para-o-x-belarraia-do-caboclo-nordestino-em-belem-do-piaui\/#primaryimage"},"thumbnailUrl":"","datePublished":"2023-06-21T16:11:13+00:00","dateModified":"2023-06-21T16:11:13+00:00","author":{"@id":"https:\/\/portalnpm.com\/#\/schema\/person\/49313e563cfdefcc167f1ee4c017c294"},"breadcrumb":{"@id":"https:\/\/portalnpm.com\/index.php\/2023\/06\/21\/prefeito-ademar-carvalho-anuncia-luan-estilizado-para-o-x-belarraia-do-caboclo-nordestino-em-belem-do-piaui\/#breadcrumb"},"inLanguage":"pt-BR","potentialAction":[{"@type":"ReadAction","target":["https:\/\/portalnpm.com\/index.php\/2023\/06\/21\/prefeito-ademar-carvalho-anuncia-luan-estilizado-para-o-x-belarraia-do-caboclo-nordestino-em-belem-do-piaui\/"]}]},{"@type":"ImageObject","inLanguage":"pt-BR","@id":"https:\/\/portalnpm.com\/index.php\/2023\/06\/21\/prefeito-ademar-carvalho-anuncia-luan-estilizado-para-o-x-belarraia-do-caboclo-nordestino-em-belem-do-piaui\/#primaryimage","url":"","contentUrl":""},{"@type":"BreadcrumbList","@id":"https:\/\/portalnpm.com\/index.php\/2023\/06\/21\/prefeito-ademar-carvalho-anuncia-luan-estilizado-para-o-x-belarraia-do-caboclo-nordestino-em-belem-do-piaui\/#breadcrumb","itemListElement":[{"@type":"ListItem","position":1,"name":"In\u00edcio","item":"https:\/\/portalnpm.com\/"},{"@type":"ListItem","position":2,"name":"Prefeito Ademar Carvalho anuncia Luan Estilizado para o X Belarrai\u00e1 do Caboclo Nordestino em Bel\u00e9m do Piau\u00ed"}]},{"@type":"WebSite","@id":"https:\/\/portalnpm.com\/#website","url":"https:\/\/portalnpm.com\/","name":"Portal NPM","description":"Not\u00edcias em Primeira M\u00e3o","potentialAction":[{"@type":"SearchAction","target":{"@type":"EntryPoint","urlTemplate":"https:\/\/portalnpm.com\/?s={search_term_string}"},"query-input":"required name=search_term_string"}],"inLanguage":"pt-BR"},{"@type":"Person","@id":"https:\/\/portalnpm.com\/#\/schema\/person\/49313e563cfdefcc167f1ee4c017c294","name":"Genival Barbosa","image":{"@type":"ImageObject","inLanguage":"pt-BR","@id":"https:\/\/portalnpm.com\/#\/schema\/person\/image\/","url":"https:\/\/portalnpm.com\/wp-content\/uploads\/2024\/02\/avatar_user_2_1707743258-96x96.jpeg","contentUrl":"https:\/\/portalnpm.com\/wp-content\/uploads\/2024\/02\/avatar_user_2_1707743258-96x96.jpeg","caption":"Genival Barbosa"},"url":"https:\/\/portalnpm.com\/index.php\/author\/genival\/"}]}},"jetpack_sharing_enabled":true,"jetpack_featured_media_url":"","_links":{"self":[{"href":"https:\/\/portalnpm.com\/index.php\/wp-json\/wp\/v2\/posts\/47088"}],"collection":[{"href":"https:\/\/portalnpm.com\/index.php\/wp-json\/wp\/v2\/posts"}],"about":[{"href":"https:\/\/portalnpm.com\/index.php\/wp-json\/wp\/v2\/types\/post"}],"author":[{"embeddable":true,"href":"https:\/\/portalnpm.com\/index.php\/wp-json\/wp\/v2\/users\/2"}],"replies":[{"embeddable":true,"href":"https:\/\/portalnpm.com\/index.php\/wp-json\/wp\/v2\/comments?post=47088"}],"version-history":[{"count":0,"href":"https:\/\/portalnpm.com\/index.php\/wp-json\/wp\/v2\/posts\/47088\/revisions"}],"wp:featuredmedia":[{"embeddable":true,"href":"https:\/\/portalnpm.com\/index.php\/wp-json\/"}],"wp:attachment":[{"href":"https:\/\/portalnpm.com\/index.php\/wp-json\/wp\/v2\/media?parent=47088"}],"wp:term":[{"taxonomy":"category","embeddable":true,"href":"https:\/\/portalnpm.com\/index.php\/wp-json\/wp\/v2\/categories?post=47088"},{"taxonomy":"post_tag","embeddable":true,"href":"https:\/\/portalnpm.com\/index.php\/wp-json\/wp\/v2\/tags?post=47088"}],"curies":[{"name":"wp","href":"https:\/\/api.w.org\/{rel}","templated":true}]}}