{"id":47097,"date":"2023-06-22T13:28:38","date_gmt":"2023-06-22T16:28:38","guid":{"rendered":"https:\/\/portalnpm.com\/?p=47097"},"modified":"2023-06-22T13:28:38","modified_gmt":"2023-06-22T16:28:38","slug":"vera-mendes-pi-anuncia-nomes-da-selecao-municipal-para-disputar-supercopa-da-appm","status":"publish","type":"post","link":"https:\/\/portalnpm.com\/index.php\/2023\/06\/22\/vera-mendes-pi-anuncia-nomes-da-selecao-municipal-para-disputar-supercopa-da-appm\/","title":{"rendered":"Vera Mendes \u2014 PI anuncia nomes da Sele\u00e7\u00e3o Municipal para disputar Supercopa da APPM"},"content":{"rendered":"<p style=\"text-align: justify;\">O munic\u00edpio de Vera Mendes \u2014 PI, est\u00e1 se preparando para participar da Supercopa da APPM (Associa\u00e7\u00e3o Piauiense de Munic\u00edpios), uma competi\u00e7\u00e3o esportiva de destaque em todo o estado. Nesta ter\u00e7a-feira, dia 21 de junho, a Prefeitura Municipal, atrav\u00e9s da Secretaria de Esportes, anunciou os nomes dos atletas convocados para integrar a Sele\u00e7\u00e3o Municipal.<\/p>\n<p style=\"text-align: justify;\">\n<p style=\"text-align: justify;\">A lista inicial divulgada pela Secretaria de Esportes \u00e9 composta por 23 jogadores, treinador, auxiliar-t\u00e9cnico, preparador de goleiros e massagista, selecionados ap\u00f3s um per\u00edodo de observa\u00e7\u00e3o e avalia\u00e7\u00e3o de desempenho.<\/p>\n<p style=\"text-align: justify;\"><img fetchpriority=\"high\" decoding=\"async\" class=\"alignnone size-full wp-image-395614 lazyloaded\" src=\"https:\/\/infonewss.com\/wp-content\/uploads\/2023\/06\/WhatsApp-Image-2023-06-21-at-2.04.52-PM.jpeg\" sizes=\"(max-width: 1170px) 100vw, 1170px\" srcset=\"https:\/\/infonewss.com\/wp-content\/uploads\/2023\/06\/WhatsApp-Image-2023-06-21-at-2.04.52-PM.jpeg 1170w, https:\/\/infonewss.com\/wp-content\/uploads\/2023\/06\/WhatsApp-Image-2023-06-21-at-2.04.52-PM-228x300.jpeg 228w, https:\/\/infonewss.com\/wp-content\/uploads\/2023\/06\/WhatsApp-Image-2023-06-21-at-2.04.52-PM-779x1024.jpeg 779w, https:\/\/infonewss.com\/wp-content\/uploads\/2023\/06\/WhatsApp-Image-2023-06-21-at-2.04.52-PM-768x1009.jpeg 768w, https:\/\/infonewss.com\/wp-content\/uploads\/2023\/06\/WhatsApp-Image-2023-06-21-at-2.04.52-PM-150x197.jpeg 150w, https:\/\/infonewss.com\/wp-content\/uploads\/2023\/06\/WhatsApp-Image-2023-06-21-at-2.04.52-PM-300x394.jpeg 300w, https:\/\/infonewss.com\/wp-content\/uploads\/2023\/06\/WhatsApp-Image-2023-06-21-at-2.04.52-PM-696x914.jpeg 696w, https:\/\/infonewss.com\/wp-content\/uploads\/2023\/06\/WhatsApp-Image-2023-06-21-at-2.04.52-PM-1068x1403.jpeg 1068w\" alt=\"\" width=\"1170\" height=\"1537\" data-srcset=\"https:\/\/infonewss.com\/wp-content\/uploads\/2023\/06\/WhatsApp-Image-2023-06-21-at-2.04.52-PM.jpeg 1170w, https:\/\/infonewss.com\/wp-content\/uploads\/2023\/06\/WhatsApp-Image-2023-06-21-at-2.04.52-PM-228x300.jpeg 228w, https:\/\/infonewss.com\/wp-content\/uploads\/2023\/06\/WhatsApp-Image-2023-06-21-at-2.04.52-PM-779x1024.jpeg 779w, https:\/\/infonewss.com\/wp-content\/uploads\/2023\/06\/WhatsApp-Image-2023-06-21-at-2.04.52-PM-768x1009.jpeg 768w, https:\/\/infonewss.com\/wp-content\/uploads\/2023\/06\/WhatsApp-Image-2023-06-21-at-2.04.52-PM-150x197.jpeg 150w, https:\/\/infonewss.com\/wp-content\/uploads\/2023\/06\/WhatsApp-Image-2023-06-21-at-2.04.52-PM-300x394.jpeg 300w, https:\/\/infonewss.com\/wp-content\/uploads\/2023\/06\/WhatsApp-Image-2023-06-21-at-2.04.52-PM-696x914.jpeg 696w, https:\/\/infonewss.com\/wp-content\/uploads\/2023\/06\/WhatsApp-Image-2023-06-21-at-2.04.52-PM-1068x1403.jpeg 1068w\" data-src=\"https:\/\/infonewss.com\/wp-content\/uploads\/2023\/06\/WhatsApp-Image-2023-06-21-at-2.04.52-PM.jpeg\" data-sizes=\"(max-width: 1170px) 100vw, 1170px\" \/><\/p>\n<p style=\"text-align: justify;\">Os atletas escolhidos que representar\u00e3o Vera Mendes em uma das principais competi\u00e7\u00f5es esportivas do estado, buscando colocar o munic\u00edpio em evid\u00eancia no cen\u00e1rio esportivo regional, teve a divulga\u00e7\u00e3o oficial realizada por meio de uma live, no canal Fut Cultura.<\/p>\n<figure id=\"attachment_395610\" class=\"wp-caption alignnone\" style=\"text-align: justify;\" aria-describedby=\"caption-attachment-395610\"><img decoding=\"async\" class=\"wp-image-395610 size-full lazyloaded\" src=\"https:\/\/infonewss.com\/wp-content\/uploads\/2023\/06\/Vera-Mendes-%E2%80%94-PI-anuncia-nomes-da-Selecao-Municipal-para-disputar-Supercopa-da-APPM-WhatsApp-Image-2023-06-21-at-11.53.22-AM.jpeg\" sizes=\"(max-width: 900px) 100vw, 900px\" srcset=\"https:\/\/infonewss.com\/wp-content\/uploads\/2023\/06\/Vera-Mendes-\u2014-PI-anuncia-nomes-da-Selecao-Municipal-para-disputar-Supercopa-da-APPM-WhatsApp-Image-2023-06-21-at-11.53.22-AM.jpeg 900w, https:\/\/infonewss.com\/wp-content\/uploads\/2023\/06\/Vera-Mendes-\u2014-PI-anuncia-nomes-da-Selecao-Municipal-para-disputar-Supercopa-da-APPM-WhatsApp-Image-2023-06-21-at-11.53.22-AM-300x135.jpeg 300w, https:\/\/infonewss.com\/wp-content\/uploads\/2023\/06\/Vera-Mendes-\u2014-PI-anuncia-nomes-da-Selecao-Municipal-para-disputar-Supercopa-da-APPM-WhatsApp-Image-2023-06-21-at-11.53.22-AM-768x346.jpeg 768w, https:\/\/infonewss.com\/wp-content\/uploads\/2023\/06\/Vera-Mendes-\u2014-PI-anuncia-nomes-da-Selecao-Municipal-para-disputar-Supercopa-da-APPM-WhatsApp-Image-2023-06-21-at-11.53.22-AM-150x68.jpeg 150w, https:\/\/infonewss.com\/wp-content\/uploads\/2023\/06\/Vera-Mendes-\u2014-PI-anuncia-nomes-da-Selecao-Municipal-para-disputar-Supercopa-da-APPM-WhatsApp-Image-2023-06-21-at-11.53.22-AM-696x313.jpeg 696w\" alt=\"\" width=\"900\" height=\"405\" data-srcset=\"https:\/\/infonewss.com\/wp-content\/uploads\/2023\/06\/Vera-Mendes-\u2014-PI-anuncia-nomes-da-Selecao-Municipal-para-disputar-Supercopa-da-APPM-WhatsApp-Image-2023-06-21-at-11.53.22-AM.jpeg 900w, https:\/\/infonewss.com\/wp-content\/uploads\/2023\/06\/Vera-Mendes-\u2014-PI-anuncia-nomes-da-Selecao-Municipal-para-disputar-Supercopa-da-APPM-WhatsApp-Image-2023-06-21-at-11.53.22-AM-300x135.jpeg 300w, https:\/\/infonewss.com\/wp-content\/uploads\/2023\/06\/Vera-Mendes-\u2014-PI-anuncia-nomes-da-Selecao-Municipal-para-disputar-Supercopa-da-APPM-WhatsApp-Image-2023-06-21-at-11.53.22-AM-768x346.jpeg 768w, https:\/\/infonewss.com\/wp-content\/uploads\/2023\/06\/Vera-Mendes-\u2014-PI-anuncia-nomes-da-Selecao-Municipal-para-disputar-Supercopa-da-APPM-WhatsApp-Image-2023-06-21-at-11.53.22-AM-150x68.jpeg 150w, https:\/\/infonewss.com\/wp-content\/uploads\/2023\/06\/Vera-Mendes-\u2014-PI-anuncia-nomes-da-Selecao-Municipal-para-disputar-Supercopa-da-APPM-WhatsApp-Image-2023-06-21-at-11.53.22-AM-696x313.jpeg 696w\" data-src=\"https:\/\/infonewss.com\/wp-content\/uploads\/2023\/06\/Vera-Mendes-\u2014-PI-anuncia-nomes-da-Selecao-Municipal-para-disputar-Supercopa-da-APPM-WhatsApp-Image-2023-06-21-at-11.53.22-AM.jpeg\" data-sizes=\"(max-width: 900px) 100vw, 900px\" \/><figcaption id=\"caption-attachment-395610\" class=\"wp-caption-text\">Live realizada atrav\u00e9s do Canal Fut Cultura<\/figcaption><\/figure>\n<p style=\"text-align: justify;\">O evento de convoca\u00e7\u00e3o contou com a presen\u00e7a do secret\u00e1rio de Esportes, Edilsom Vera respons\u00e1vel por anunciar os nomes dos jogadores selecionados, e membros da\u00a0comiss\u00e3o t\u00e9cnica. Durante o discurso, o secret\u00e1rio expressou sua confian\u00e7a na equipe e ressaltou a import\u00e2ncia de representar o munic\u00edpio com dedica\u00e7\u00e3o e comprometimento.<\/p>\n<p style=\"text-align: justify;\"><img decoding=\"async\" class=\"alignnone size-full wp-image-395613 ls-is-cached lazyloaded\" src=\"https:\/\/infonewss.com\/wp-content\/uploads\/2023\/06\/Vera-Mendes-%E2%80%94-PI-anuncia-nomes-da-Selecao-Municipal-para-disputar-Supercopa-da-APPM-WhatsApp-Image-2023-06-21-at-11.53.25-AM.jpeg\" sizes=\"(max-width: 900px) 100vw, 900px\" srcset=\"https:\/\/infonewss.com\/wp-content\/uploads\/2023\/06\/Vera-Mendes-\u2014-PI-anuncia-nomes-da-Selecao-Municipal-para-disputar-Supercopa-da-APPM-WhatsApp-Image-2023-06-21-at-11.53.25-AM.jpeg 900w, https:\/\/infonewss.com\/wp-content\/uploads\/2023\/06\/Vera-Mendes-\u2014-PI-anuncia-nomes-da-Selecao-Municipal-para-disputar-Supercopa-da-APPM-WhatsApp-Image-2023-06-21-at-11.53.25-AM-300x135.jpeg 300w, https:\/\/infonewss.com\/wp-content\/uploads\/2023\/06\/Vera-Mendes-\u2014-PI-anuncia-nomes-da-Selecao-Municipal-para-disputar-Supercopa-da-APPM-WhatsApp-Image-2023-06-21-at-11.53.25-AM-768x346.jpeg 768w, https:\/\/infonewss.com\/wp-content\/uploads\/2023\/06\/Vera-Mendes-\u2014-PI-anuncia-nomes-da-Selecao-Municipal-para-disputar-Supercopa-da-APPM-WhatsApp-Image-2023-06-21-at-11.53.25-AM-150x68.jpeg 150w, https:\/\/infonewss.com\/wp-content\/uploads\/2023\/06\/Vera-Mendes-\u2014-PI-anuncia-nomes-da-Selecao-Municipal-para-disputar-Supercopa-da-APPM-WhatsApp-Image-2023-06-21-at-11.53.25-AM-696x313.jpeg 696w\" alt=\"\" width=\"900\" height=\"405\" data-srcset=\"https:\/\/infonewss.com\/wp-content\/uploads\/2023\/06\/Vera-Mendes-\u2014-PI-anuncia-nomes-da-Selecao-Municipal-para-disputar-Supercopa-da-APPM-WhatsApp-Image-2023-06-21-at-11.53.25-AM.jpeg 900w, https:\/\/infonewss.com\/wp-content\/uploads\/2023\/06\/Vera-Mendes-\u2014-PI-anuncia-nomes-da-Selecao-Municipal-para-disputar-Supercopa-da-APPM-WhatsApp-Image-2023-06-21-at-11.53.25-AM-300x135.jpeg 300w, https:\/\/infonewss.com\/wp-content\/uploads\/2023\/06\/Vera-Mendes-\u2014-PI-anuncia-nomes-da-Selecao-Municipal-para-disputar-Supercopa-da-APPM-WhatsApp-Image-2023-06-21-at-11.53.25-AM-768x346.jpeg 768w, https:\/\/infonewss.com\/wp-content\/uploads\/2023\/06\/Vera-Mendes-\u2014-PI-anuncia-nomes-da-Selecao-Municipal-para-disputar-Supercopa-da-APPM-WhatsApp-Image-2023-06-21-at-11.53.25-AM-150x68.jpeg 150w, https:\/\/infonewss.com\/wp-content\/uploads\/2023\/06\/Vera-Mendes-\u2014-PI-anuncia-nomes-da-Selecao-Municipal-para-disputar-Supercopa-da-APPM-WhatsApp-Image-2023-06-21-at-11.53.25-AM-696x313.jpeg 696w\" data-src=\"https:\/\/infonewss.com\/wp-content\/uploads\/2023\/06\/Vera-Mendes-\u2014-PI-anuncia-nomes-da-Selecao-Municipal-para-disputar-Supercopa-da-APPM-WhatsApp-Image-2023-06-21-at-11.53.25-AM.jpeg\" data-sizes=\"(max-width: 900px) 100vw, 900px\" \/><\/p>\n<p style=\"text-align: justify;\">Edilsom tamb\u00e9m enalteceu o apoio do prefeito Dr. Carlim com o esporte do munic\u00edpio. \u201cGostaria de ressaltar o valioso apoio do prefeito Dr. Carlim e expressar minha sincera gratid\u00e3o por todo o suporte concedido ao esporte em nossa cidade. Este \u00e9 o in\u00edcio emocionante do nosso projeto de forma\u00e7\u00e3o da sele\u00e7\u00e3o, que se prepara para disputar uma importante competi\u00e7\u00e3o oficial em nosso estado. Portanto, pe\u00e7o encarecidamente o comprometimento de cada atleta, para que juntos possamos alcan\u00e7ar um n\u00edvel de excel\u00eancia in\u00e9dito para nossa equipe nessa competi\u00e7\u00e3o de alto n\u00edvel.\u201d Disse.<\/p>\n<p style=\"text-align: justify;\"><img loading=\"lazy\" decoding=\"async\" class=\"alignnone size-full wp-image-395610 ls-is-cached lazyloaded\" src=\"https:\/\/infonewss.com\/wp-content\/uploads\/2023\/06\/Vera-Mendes-%E2%80%94-PI-anuncia-nomes-da-Selecao-Municipal-para-disputar-Supercopa-da-APPM-WhatsApp-Image-2023-06-21-at-11.53.22-AM.jpeg\" sizes=\"(max-width: 900px) 100vw, 900px\" srcset=\"https:\/\/infonewss.com\/wp-content\/uploads\/2023\/06\/Vera-Mendes-\u2014-PI-anuncia-nomes-da-Selecao-Municipal-para-disputar-Supercopa-da-APPM-WhatsApp-Image-2023-06-21-at-11.53.22-AM.jpeg 900w, https:\/\/infonewss.com\/wp-content\/uploads\/2023\/06\/Vera-Mendes-\u2014-PI-anuncia-nomes-da-Selecao-Municipal-para-disputar-Supercopa-da-APPM-WhatsApp-Image-2023-06-21-at-11.53.22-AM-300x135.jpeg 300w, https:\/\/infonewss.com\/wp-content\/uploads\/2023\/06\/Vera-Mendes-\u2014-PI-anuncia-nomes-da-Selecao-Municipal-para-disputar-Supercopa-da-APPM-WhatsApp-Image-2023-06-21-at-11.53.22-AM-768x346.jpeg 768w, https:\/\/infonewss.com\/wp-content\/uploads\/2023\/06\/Vera-Mendes-\u2014-PI-anuncia-nomes-da-Selecao-Municipal-para-disputar-Supercopa-da-APPM-WhatsApp-Image-2023-06-21-at-11.53.22-AM-150x68.jpeg 150w, https:\/\/infonewss.com\/wp-content\/uploads\/2023\/06\/Vera-Mendes-\u2014-PI-anuncia-nomes-da-Selecao-Municipal-para-disputar-Supercopa-da-APPM-WhatsApp-Image-2023-06-21-at-11.53.22-AM-696x313.jpeg 696w\" alt=\"\" width=\"900\" height=\"405\" data-srcset=\"https:\/\/infonewss.com\/wp-content\/uploads\/2023\/06\/Vera-Mendes-\u2014-PI-anuncia-nomes-da-Selecao-Municipal-para-disputar-Supercopa-da-APPM-WhatsApp-Image-2023-06-21-at-11.53.22-AM.jpeg 900w, https:\/\/infonewss.com\/wp-content\/uploads\/2023\/06\/Vera-Mendes-\u2014-PI-anuncia-nomes-da-Selecao-Municipal-para-disputar-Supercopa-da-APPM-WhatsApp-Image-2023-06-21-at-11.53.22-AM-300x135.jpeg 300w, https:\/\/infonewss.com\/wp-content\/uploads\/2023\/06\/Vera-Mendes-\u2014-PI-anuncia-nomes-da-Selecao-Municipal-para-disputar-Supercopa-da-APPM-WhatsApp-Image-2023-06-21-at-11.53.22-AM-768x346.jpeg 768w, https:\/\/infonewss.com\/wp-content\/uploads\/2023\/06\/Vera-Mendes-\u2014-PI-anuncia-nomes-da-Selecao-Municipal-para-disputar-Supercopa-da-APPM-WhatsApp-Image-2023-06-21-at-11.53.22-AM-150x68.jpeg 150w, https:\/\/infonewss.com\/wp-content\/uploads\/2023\/06\/Vera-Mendes-\u2014-PI-anuncia-nomes-da-Selecao-Municipal-para-disputar-Supercopa-da-APPM-WhatsApp-Image-2023-06-21-at-11.53.22-AM-696x313.jpeg 696w\" data-src=\"https:\/\/infonewss.com\/wp-content\/uploads\/2023\/06\/Vera-Mendes-\u2014-PI-anuncia-nomes-da-Selecao-Municipal-para-disputar-Supercopa-da-APPM-WhatsApp-Image-2023-06-21-at-11.53.22-AM.jpeg\" data-sizes=\"(max-width: 900px) 100vw, 900px\" \/><\/p>\n<p style=\"text-align: justify;\">A Sele\u00e7\u00e3o Municipal de Vera Mendes conta com jogadores de diversas posi\u00e7\u00f5es e idades, mostrando a diversidade e o talento existente no esporte local. A convoca\u00e7\u00e3o dos atletas representa o reconhecimento de seu esfor\u00e7o e dedica\u00e7\u00e3o aos treinamentos e competi\u00e7\u00f5es realizados no munic\u00edpio.<\/p>\n<p style=\"text-align: justify;\">Fonte: Portal Infonewss<\/p>\n","protected":false},"excerpt":{"rendered":"<p>O munic\u00edpio de Vera Mendes \u2014 PI, est\u00e1 se preparando para participar da Supercopa da APPM (Associa\u00e7\u00e3o Piauiense de Munic\u00edpios), uma competi\u00e7\u00e3o esportiva de destaque em todo o estado. Nesta ter\u00e7a-feira, dia 21 de junho, a Prefeitura Municipal, atrav\u00e9s da Secretaria de Esportes, anunciou os nomes dos atletas convocados para integrar a Sele\u00e7\u00e3o Municipal. A &hellip;<\/p>\n","protected":false},"author":2,"featured_media":47098,"comment_status":"open","ping_status":"open","sticky":false,"template":"","format":"standard","meta":{"content-type":"","rop_custom_images_group":[],"rop_custom_messages_group":[],"rop_publish_now":"initial","rop_publish_now_accounts":{"facebook_2648258775420054_1618374048415101":""},"rop_publish_now_history":[],"rop_publish_now_status":"pending","footnotes":"","_jetpack_memberships_contains_paid_content":false},"categories":[108,109],"tags":[6258,1160,14470],"yoast_head":"<!-- This site is optimized with the Yoast SEO plugin v22.3 - https:\/\/yoast.com\/wordpress\/plugins\/seo\/ -->\n<title>Vera Mendes \u2014 PI anuncia nomes da Sele\u00e7\u00e3o Municipal para disputar Supercopa da APPM - Portal NPM<\/title>\n<meta name=\"robots\" content=\"index, follow, max-snippet:-1, max-image-preview:large, max-video-preview:-1\" \/>\n<link rel=\"canonical\" href=\"https:\/\/portalnpm.com\/index.php\/2023\/06\/22\/vera-mendes-pi-anuncia-nomes-da-selecao-municipal-para-disputar-supercopa-da-appm\/\" \/>\n<meta property=\"og:locale\" content=\"pt_BR\" \/>\n<meta property=\"og:type\" content=\"article\" \/>\n<meta property=\"og:title\" content=\"Vera Mendes \u2014 PI anuncia nomes da Sele\u00e7\u00e3o Municipal para disputar Supercopa da APPM - Portal NPM\" \/>\n<meta property=\"og:description\" content=\"O munic\u00edpio de Vera Mendes \u2014 PI, est\u00e1 se preparando para participar da Supercopa da APPM (Associa\u00e7\u00e3o Piauiense de Munic\u00edpios), uma competi\u00e7\u00e3o esportiva de destaque em todo o estado. Nesta ter\u00e7a-feira, dia 21 de junho, a Prefeitura Municipal, atrav\u00e9s da Secretaria de Esportes, anunciou os nomes dos atletas convocados para integrar a Sele\u00e7\u00e3o Municipal. A &hellip;\" \/>\n<meta property=\"og:url\" content=\"https:\/\/portalnpm.com\/index.php\/2023\/06\/22\/vera-mendes-pi-anuncia-nomes-da-selecao-municipal-para-disputar-supercopa-da-appm\/\" \/>\n<meta property=\"og:site_name\" content=\"Portal NPM\" \/>\n<meta property=\"article:published_time\" content=\"2023-06-22T16:28:38+00:00\" \/>\n<meta name=\"author\" content=\"Genival Barbosa\" \/>\n<meta name=\"twitter:card\" content=\"summary_large_image\" \/>\n<meta name=\"twitter:label1\" content=\"Escrito por\" \/>\n\t<meta name=\"twitter:data1\" content=\"Genival Barbosa\" \/>\n\t<meta name=\"twitter:label2\" content=\"Est. tempo de leitura\" \/>\n\t<meta name=\"twitter:data2\" content=\"2 minutos\" \/>\n<script type=\"application\/ld+json\" class=\"yoast-schema-graph\">{\"@context\":\"https:\/\/schema.org\",\"@graph\":[{\"@type\":\"WebPage\",\"@id\":\"https:\/\/portalnpm.com\/index.php\/2023\/06\/22\/vera-mendes-pi-anuncia-nomes-da-selecao-municipal-para-disputar-supercopa-da-appm\/\",\"url\":\"https:\/\/portalnpm.com\/index.php\/2023\/06\/22\/vera-mendes-pi-anuncia-nomes-da-selecao-municipal-para-disputar-supercopa-da-appm\/\",\"name\":\"Vera Mendes \u2014 PI anuncia nomes da Sele\u00e7\u00e3o Municipal para disputar Supercopa da APPM - Portal NPM\",\"isPartOf\":{\"@id\":\"https:\/\/portalnpm.com\/#website\"},\"primaryImageOfPage\":{\"@id\":\"https:\/\/portalnpm.com\/index.php\/2023\/06\/22\/vera-mendes-pi-anuncia-nomes-da-selecao-municipal-para-disputar-supercopa-da-appm\/#primaryimage\"},\"image\":{\"@id\":\"https:\/\/portalnpm.com\/index.php\/2023\/06\/22\/vera-mendes-pi-anuncia-nomes-da-selecao-municipal-para-disputar-supercopa-da-appm\/#primaryimage\"},\"thumbnailUrl\":\"\",\"datePublished\":\"2023-06-22T16:28:38+00:00\",\"dateModified\":\"2023-06-22T16:28:38+00:00\",\"author\":{\"@id\":\"https:\/\/portalnpm.com\/#\/schema\/person\/49313e563cfdefcc167f1ee4c017c294\"},\"breadcrumb\":{\"@id\":\"https:\/\/portalnpm.com\/index.php\/2023\/06\/22\/vera-mendes-pi-anuncia-nomes-da-selecao-municipal-para-disputar-supercopa-da-appm\/#breadcrumb\"},\"inLanguage\":\"pt-BR\",\"potentialAction\":[{\"@type\":\"ReadAction\",\"target\":[\"https:\/\/portalnpm.com\/index.php\/2023\/06\/22\/vera-mendes-pi-anuncia-nomes-da-selecao-municipal-para-disputar-supercopa-da-appm\/\"]}]},{\"@type\":\"ImageObject\",\"inLanguage\":\"pt-BR\",\"@id\":\"https:\/\/portalnpm.com\/index.php\/2023\/06\/22\/vera-mendes-pi-anuncia-nomes-da-selecao-municipal-para-disputar-supercopa-da-appm\/#primaryimage\",\"url\":\"\",\"contentUrl\":\"\"},{\"@type\":\"BreadcrumbList\",\"@id\":\"https:\/\/portalnpm.com\/index.php\/2023\/06\/22\/vera-mendes-pi-anuncia-nomes-da-selecao-municipal-para-disputar-supercopa-da-appm\/#breadcrumb\",\"itemListElement\":[{\"@type\":\"ListItem\",\"position\":1,\"name\":\"In\u00edcio\",\"item\":\"https:\/\/portalnpm.com\/\"},{\"@type\":\"ListItem\",\"position\":2,\"name\":\"Vera Mendes \u2014 PI anuncia nomes da Sele\u00e7\u00e3o Municipal para disputar Supercopa da APPM\"}]},{\"@type\":\"WebSite\",\"@id\":\"https:\/\/portalnpm.com\/#website\",\"url\":\"https:\/\/portalnpm.com\/\",\"name\":\"Portal NPM\",\"description\":\"Not\u00edcias em Primeira M\u00e3o\",\"potentialAction\":[{\"@type\":\"SearchAction\",\"target\":{\"@type\":\"EntryPoint\",\"urlTemplate\":\"https:\/\/portalnpm.com\/?s={search_term_string}\"},\"query-input\":\"required name=search_term_string\"}],\"inLanguage\":\"pt-BR\"},{\"@type\":\"Person\",\"@id\":\"https:\/\/portalnpm.com\/#\/schema\/person\/49313e563cfdefcc167f1ee4c017c294\",\"name\":\"Genival Barbosa\",\"image\":{\"@type\":\"ImageObject\",\"inLanguage\":\"pt-BR\",\"@id\":\"https:\/\/portalnpm.com\/#\/schema\/person\/image\/\",\"url\":\"https:\/\/portalnpm.com\/wp-content\/uploads\/2024\/02\/avatar_user_2_1707743258-96x96.jpeg\",\"contentUrl\":\"https:\/\/portalnpm.com\/wp-content\/uploads\/2024\/02\/avatar_user_2_1707743258-96x96.jpeg\",\"caption\":\"Genival Barbosa\"},\"url\":\"https:\/\/portalnpm.com\/index.php\/author\/genival\/\"}]}<\/script>\n<!-- \/ Yoast SEO plugin. -->","yoast_head_json":{"title":"Vera Mendes \u2014 PI anuncia nomes da Sele\u00e7\u00e3o Municipal para disputar Supercopa da APPM - Portal NPM","robots":{"index":"index","follow":"follow","max-snippet":"max-snippet:-1","max-image-preview":"max-image-preview:large","max-video-preview":"max-video-preview:-1"},"canonical":"https:\/\/portalnpm.com\/index.php\/2023\/06\/22\/vera-mendes-pi-anuncia-nomes-da-selecao-municipal-para-disputar-supercopa-da-appm\/","og_locale":"pt_BR","og_type":"article","og_title":"Vera Mendes \u2014 PI anuncia nomes da Sele\u00e7\u00e3o Municipal para disputar Supercopa da APPM - Portal NPM","og_description":"O munic\u00edpio de Vera Mendes \u2014 PI, est\u00e1 se preparando para participar da Supercopa da APPM (Associa\u00e7\u00e3o Piauiense de Munic\u00edpios), uma competi\u00e7\u00e3o esportiva de destaque em todo o estado. Nesta ter\u00e7a-feira, dia 21 de junho, a Prefeitura Municipal, atrav\u00e9s da Secretaria de Esportes, anunciou os nomes dos atletas convocados para integrar a Sele\u00e7\u00e3o Municipal. A &hellip;","og_url":"https:\/\/portalnpm.com\/index.php\/2023\/06\/22\/vera-mendes-pi-anuncia-nomes-da-selecao-municipal-para-disputar-supercopa-da-appm\/","og_site_name":"Portal NPM","article_published_time":"2023-06-22T16:28:38+00:00","author":"Genival Barbosa","twitter_card":"summary_large_image","twitter_misc":{"Escrito por":"Genival Barbosa","Est. tempo de leitura":"2 minutos"},"schema":{"@context":"https:\/\/schema.org","@graph":[{"@type":"WebPage","@id":"https:\/\/portalnpm.com\/index.php\/2023\/06\/22\/vera-mendes-pi-anuncia-nomes-da-selecao-municipal-para-disputar-supercopa-da-appm\/","url":"https:\/\/portalnpm.com\/index.php\/2023\/06\/22\/vera-mendes-pi-anuncia-nomes-da-selecao-municipal-para-disputar-supercopa-da-appm\/","name":"Vera Mendes \u2014 PI anuncia nomes da Sele\u00e7\u00e3o Municipal para disputar Supercopa da APPM - Portal NPM","isPartOf":{"@id":"https:\/\/portalnpm.com\/#website"},"primaryImageOfPage":{"@id":"https:\/\/portalnpm.com\/index.php\/2023\/06\/22\/vera-mendes-pi-anuncia-nomes-da-selecao-municipal-para-disputar-supercopa-da-appm\/#primaryimage"},"image":{"@id":"https:\/\/portalnpm.com\/index.php\/2023\/06\/22\/vera-mendes-pi-anuncia-nomes-da-selecao-municipal-para-disputar-supercopa-da-appm\/#primaryimage"},"thumbnailUrl":"","datePublished":"2023-06-22T16:28:38+00:00","dateModified":"2023-06-22T16:28:38+00:00","author":{"@id":"https:\/\/portalnpm.com\/#\/schema\/person\/49313e563cfdefcc167f1ee4c017c294"},"breadcrumb":{"@id":"https:\/\/portalnpm.com\/index.php\/2023\/06\/22\/vera-mendes-pi-anuncia-nomes-da-selecao-municipal-para-disputar-supercopa-da-appm\/#breadcrumb"},"inLanguage":"pt-BR","potentialAction":[{"@type":"ReadAction","target":["https:\/\/portalnpm.com\/index.php\/2023\/06\/22\/vera-mendes-pi-anuncia-nomes-da-selecao-municipal-para-disputar-supercopa-da-appm\/"]}]},{"@type":"ImageObject","inLanguage":"pt-BR","@id":"https:\/\/portalnpm.com\/index.php\/2023\/06\/22\/vera-mendes-pi-anuncia-nomes-da-selecao-municipal-para-disputar-supercopa-da-appm\/#primaryimage","url":"","contentUrl":""},{"@type":"BreadcrumbList","@id":"https:\/\/portalnpm.com\/index.php\/2023\/06\/22\/vera-mendes-pi-anuncia-nomes-da-selecao-municipal-para-disputar-supercopa-da-appm\/#breadcrumb","itemListElement":[{"@type":"ListItem","position":1,"name":"In\u00edcio","item":"https:\/\/portalnpm.com\/"},{"@type":"ListItem","position":2,"name":"Vera Mendes \u2014 PI anuncia nomes da Sele\u00e7\u00e3o Municipal para disputar Supercopa da APPM"}]},{"@type":"WebSite","@id":"https:\/\/portalnpm.com\/#website","url":"https:\/\/portalnpm.com\/","name":"Portal NPM","description":"Not\u00edcias em Primeira M\u00e3o","potentialAction":[{"@type":"SearchAction","target":{"@type":"EntryPoint","urlTemplate":"https:\/\/portalnpm.com\/?s={search_term_string}"},"query-input":"required name=search_term_string"}],"inLanguage":"pt-BR"},{"@type":"Person","@id":"https:\/\/portalnpm.com\/#\/schema\/person\/49313e563cfdefcc167f1ee4c017c294","name":"Genival Barbosa","image":{"@type":"ImageObject","inLanguage":"pt-BR","@id":"https:\/\/portalnpm.com\/#\/schema\/person\/image\/","url":"https:\/\/portalnpm.com\/wp-content\/uploads\/2024\/02\/avatar_user_2_1707743258-96x96.jpeg","contentUrl":"https:\/\/portalnpm.com\/wp-content\/uploads\/2024\/02\/avatar_user_2_1707743258-96x96.jpeg","caption":"Genival Barbosa"},"url":"https:\/\/portalnpm.com\/index.php\/author\/genival\/"}]}},"jetpack_sharing_enabled":true,"jetpack_featured_media_url":"","_links":{"self":[{"href":"https:\/\/portalnpm.com\/index.php\/wp-json\/wp\/v2\/posts\/47097"}],"collection":[{"href":"https:\/\/portalnpm.com\/index.php\/wp-json\/wp\/v2\/posts"}],"about":[{"href":"https:\/\/portalnpm.com\/index.php\/wp-json\/wp\/v2\/types\/post"}],"author":[{"embeddable":true,"href":"https:\/\/portalnpm.com\/index.php\/wp-json\/wp\/v2\/users\/2"}],"replies":[{"embeddable":true,"href":"https:\/\/portalnpm.com\/index.php\/wp-json\/wp\/v2\/comments?post=47097"}],"version-history":[{"count":0,"href":"https:\/\/portalnpm.com\/index.php\/wp-json\/wp\/v2\/posts\/47097\/revisions"}],"wp:featuredmedia":[{"embeddable":true,"href":"https:\/\/portalnpm.com\/index.php\/wp-json\/"}],"wp:attachment":[{"href":"https:\/\/portalnpm.com\/index.php\/wp-json\/wp\/v2\/media?parent=47097"}],"wp:term":[{"taxonomy":"category","embeddable":true,"href":"https:\/\/portalnpm.com\/index.php\/wp-json\/wp\/v2\/categories?post=47097"},{"taxonomy":"post_tag","embeddable":true,"href":"https:\/\/portalnpm.com\/index.php\/wp-json\/wp\/v2\/tags?post=47097"}],"curies":[{"name":"wp","href":"https:\/\/api.w.org\/{rel}","templated":true}]}}