{"id":47265,"date":"2023-06-30T18:21:28","date_gmt":"2023-06-30T21:21:28","guid":{"rendered":"https:\/\/portalnpm.com\/?p=47265"},"modified":"2023-06-30T18:21:28","modified_gmt":"2023-06-30T21:21:28","slug":"nunes-marques-vota-contra-condenacao-de-bolsonaro-no-tse","status":"publish","type":"post","link":"https:\/\/portalnpm.com\/index.php\/2023\/06\/30\/nunes-marques-vota-contra-condenacao-de-bolsonaro-no-tse\/","title":{"rendered":"Nunes Marques vota contra condena\u00e7\u00e3o de Bolsonaro no TSE"},"content":{"rendered":"<p style=\"text-align: justify;\">O ministro Nunes Marques, do Tribunal Superior Eleitoral (TSE), votou, nesta sexta-feira (30), contra a condena\u00e7\u00e3o do ex-presidente Jair Bolsonaro \u00e0 inelegibilidade pelo per\u00edodo de oito anos.<img decoding=\"async\" src=\"https:\/\/agenciabrasil.ebc.com.br\/ebc.png?id=1541359&amp;o=node\" \/><img decoding=\"async\" src=\"https:\/\/agenciabrasil.ebc.com.br\/ebc.gif?id=1541359&amp;o=node\" \/><\/p>\n<p style=\"text-align: justify;\">Apesar do voto favor\u00e1vel a Bolsonaro, o TSE j\u00e1\u00a0<a href=\"https:\/\/agenciabrasil.ebc.com.br\/justica\/noticia\/2023-06\/maioria-do-tse-condena-bolsonaro-inelegibilidade-por-oito-anos\" target=\"_blank\" rel=\"noopener\">formou maioria de 4 votos a 2<\/a>\u00a0pela condena\u00e7\u00e3o do ex-presidente. O plen\u00e1rio \u00e9 composto por sete ministros.<\/p>\n<p style=\"text-align: justify;\">O TSE julga\u00a0a\u00a0conduta de Bolsonaro durante reuni\u00e3o realizada com embaixadores, em julho do ano passado, no Pal\u00e1cio da Alvorada, para atacar o sistema eletr\u00f4nico de vota\u00e7\u00e3o. A legalidade do encontro foi questionada pelo PDT.<\/p>\n<p style=\"text-align: justify;\">Ao divergir da maioria, Marques disse que\u00a0confia na integridade do sistema de vota\u00e7\u00e3o, mas ponderou que Bolsonaro n\u00e3o obteve vantagens eleitorais. Para o ministro, houve\u00a0\u201cconfronta\u00e7\u00e3o p\u00fablica\u201d contra o TSE, que tamb\u00e9m fez uma reuni\u00e3o com embaixadores.<\/p>\n<p style=\"text-align: justify;\">\u201cConsidero que a atua\u00e7\u00e3o de Jair Bolsonaro no evento sob investiga\u00e7\u00e3o n\u00e3o se voltou a obter vantagem sobre os demais contendores do pleito presidencial de 2022, tampouco faz parte de tentativa de desacreditar o resultado das elei\u00e7\u00f5es\u201d, afirmou.<\/p>\n<p style=\"text-align: justify;\">O TSE tamb\u00e9m realizou uma reuni\u00e3o com embaixadores no ano das elei\u00e7\u00f5es, mas para refor\u00e7ar a seguran\u00e7a do pleito diante das falas sistem\u00e1ticas de Bolsonaro contra o sistema de vota\u00e7\u00e3o.<\/p>\n<p style=\"text-align: justify;\">O julgamento prossegue para a tomada do \u00faltimo voto, que ser\u00e1 proferido pelo presidente da Corte, Alexandre de Moraes.<\/p>\n<p style=\"text-align: justify;\">Fonte: Ag\u00eancia Brasil<\/p>\n","protected":false},"excerpt":{"rendered":"<p>O ministro Nunes Marques, do Tribunal Superior Eleitoral (TSE), votou, nesta sexta-feira (30), contra a condena\u00e7\u00e3o do ex-presidente Jair Bolsonaro \u00e0 inelegibilidade pelo per\u00edodo de oito anos. Apesar do voto favor\u00e1vel a Bolsonaro, o TSE j\u00e1\u00a0formou maioria de 4 votos a 2\u00a0pela condena\u00e7\u00e3o do ex-presidente. O plen\u00e1rio \u00e9 composto por sete ministros. O TSE julga\u00a0a\u00a0conduta &hellip;<\/p>\n","protected":false},"author":2,"featured_media":47266,"comment_status":"open","ping_status":"open","sticky":false,"template":"","format":"standard","meta":{"content-type":"","rop_custom_images_group":[],"rop_custom_messages_group":[],"rop_publish_now":"initial","rop_publish_now_accounts":{"facebook_2648258775420054_1618374048415101":""},"rop_publish_now_history":[],"rop_publish_now_status":"pending","footnotes":"","_jetpack_memberships_contains_paid_content":false},"categories":[118,130],"tags":[14534,14535,673,14536],"yoast_head":"<!-- This site is optimized with the Yoast SEO plugin v22.3 - https:\/\/yoast.com\/wordpress\/plugins\/seo\/ -->\n<title>Nunes Marques vota contra condena\u00e7\u00e3o de Bolsonaro no TSE - Portal NPM<\/title>\n<meta name=\"robots\" content=\"index, follow, max-snippet:-1, max-image-preview:large, max-video-preview:-1\" \/>\n<link rel=\"canonical\" href=\"https:\/\/portalnpm.com\/index.php\/2023\/06\/30\/nunes-marques-vota-contra-condenacao-de-bolsonaro-no-tse\/\" \/>\n<meta property=\"og:locale\" content=\"pt_BR\" \/>\n<meta property=\"og:type\" content=\"article\" \/>\n<meta property=\"og:title\" content=\"Nunes Marques vota contra condena\u00e7\u00e3o de Bolsonaro no TSE - Portal NPM\" \/>\n<meta property=\"og:description\" content=\"O ministro Nunes Marques, do Tribunal Superior Eleitoral (TSE), votou, nesta sexta-feira (30), contra a condena\u00e7\u00e3o do ex-presidente Jair Bolsonaro \u00e0 inelegibilidade pelo per\u00edodo de oito anos. Apesar do voto favor\u00e1vel a Bolsonaro, o TSE j\u00e1\u00a0formou maioria de 4 votos a 2\u00a0pela condena\u00e7\u00e3o do ex-presidente. O plen\u00e1rio \u00e9 composto por sete ministros. O TSE julga\u00a0a\u00a0conduta &hellip;\" \/>\n<meta property=\"og:url\" content=\"https:\/\/portalnpm.com\/index.php\/2023\/06\/30\/nunes-marques-vota-contra-condenacao-de-bolsonaro-no-tse\/\" \/>\n<meta property=\"og:site_name\" content=\"Portal NPM\" \/>\n<meta property=\"article:published_time\" content=\"2023-06-30T21:21:28+00:00\" \/>\n<meta name=\"author\" content=\"Genival Barbosa\" \/>\n<meta name=\"twitter:card\" content=\"summary_large_image\" \/>\n<meta name=\"twitter:label1\" content=\"Escrito por\" \/>\n\t<meta name=\"twitter:data1\" content=\"Genival Barbosa\" \/>\n\t<meta name=\"twitter:label2\" content=\"Est. tempo de leitura\" \/>\n\t<meta name=\"twitter:data2\" content=\"1 minuto\" \/>\n<script type=\"application\/ld+json\" class=\"yoast-schema-graph\">{\"@context\":\"https:\/\/schema.org\",\"@graph\":[{\"@type\":\"WebPage\",\"@id\":\"https:\/\/portalnpm.com\/index.php\/2023\/06\/30\/nunes-marques-vota-contra-condenacao-de-bolsonaro-no-tse\/\",\"url\":\"https:\/\/portalnpm.com\/index.php\/2023\/06\/30\/nunes-marques-vota-contra-condenacao-de-bolsonaro-no-tse\/\",\"name\":\"Nunes Marques vota contra condena\u00e7\u00e3o de Bolsonaro no TSE - Portal NPM\",\"isPartOf\":{\"@id\":\"https:\/\/portalnpm.com\/#website\"},\"primaryImageOfPage\":{\"@id\":\"https:\/\/portalnpm.com\/index.php\/2023\/06\/30\/nunes-marques-vota-contra-condenacao-de-bolsonaro-no-tse\/#primaryimage\"},\"image\":{\"@id\":\"https:\/\/portalnpm.com\/index.php\/2023\/06\/30\/nunes-marques-vota-contra-condenacao-de-bolsonaro-no-tse\/#primaryimage\"},\"thumbnailUrl\":\"\",\"datePublished\":\"2023-06-30T21:21:28+00:00\",\"dateModified\":\"2023-06-30T21:21:28+00:00\",\"author\":{\"@id\":\"https:\/\/portalnpm.com\/#\/schema\/person\/49313e563cfdefcc167f1ee4c017c294\"},\"breadcrumb\":{\"@id\":\"https:\/\/portalnpm.com\/index.php\/2023\/06\/30\/nunes-marques-vota-contra-condenacao-de-bolsonaro-no-tse\/#breadcrumb\"},\"inLanguage\":\"pt-BR\",\"potentialAction\":[{\"@type\":\"ReadAction\",\"target\":[\"https:\/\/portalnpm.com\/index.php\/2023\/06\/30\/nunes-marques-vota-contra-condenacao-de-bolsonaro-no-tse\/\"]}]},{\"@type\":\"ImageObject\",\"inLanguage\":\"pt-BR\",\"@id\":\"https:\/\/portalnpm.com\/index.php\/2023\/06\/30\/nunes-marques-vota-contra-condenacao-de-bolsonaro-no-tse\/#primaryimage\",\"url\":\"\",\"contentUrl\":\"\"},{\"@type\":\"BreadcrumbList\",\"@id\":\"https:\/\/portalnpm.com\/index.php\/2023\/06\/30\/nunes-marques-vota-contra-condenacao-de-bolsonaro-no-tse\/#breadcrumb\",\"itemListElement\":[{\"@type\":\"ListItem\",\"position\":1,\"name\":\"In\u00edcio\",\"item\":\"https:\/\/portalnpm.com\/\"},{\"@type\":\"ListItem\",\"position\":2,\"name\":\"Nunes Marques vota contra condena\u00e7\u00e3o de Bolsonaro no TSE\"}]},{\"@type\":\"WebSite\",\"@id\":\"https:\/\/portalnpm.com\/#website\",\"url\":\"https:\/\/portalnpm.com\/\",\"name\":\"Portal NPM\",\"description\":\"Not\u00edcias em Primeira M\u00e3o\",\"potentialAction\":[{\"@type\":\"SearchAction\",\"target\":{\"@type\":\"EntryPoint\",\"urlTemplate\":\"https:\/\/portalnpm.com\/?s={search_term_string}\"},\"query-input\":\"required name=search_term_string\"}],\"inLanguage\":\"pt-BR\"},{\"@type\":\"Person\",\"@id\":\"https:\/\/portalnpm.com\/#\/schema\/person\/49313e563cfdefcc167f1ee4c017c294\",\"name\":\"Genival Barbosa\",\"image\":{\"@type\":\"ImageObject\",\"inLanguage\":\"pt-BR\",\"@id\":\"https:\/\/portalnpm.com\/#\/schema\/person\/image\/\",\"url\":\"https:\/\/portalnpm.com\/wp-content\/uploads\/2024\/02\/avatar_user_2_1707743258-96x96.jpeg\",\"contentUrl\":\"https:\/\/portalnpm.com\/wp-content\/uploads\/2024\/02\/avatar_user_2_1707743258-96x96.jpeg\",\"caption\":\"Genival Barbosa\"},\"url\":\"https:\/\/portalnpm.com\/index.php\/author\/genival\/\"}]}<\/script>\n<!-- \/ Yoast SEO plugin. -->","yoast_head_json":{"title":"Nunes Marques vota contra condena\u00e7\u00e3o de Bolsonaro no TSE - Portal NPM","robots":{"index":"index","follow":"follow","max-snippet":"max-snippet:-1","max-image-preview":"max-image-preview:large","max-video-preview":"max-video-preview:-1"},"canonical":"https:\/\/portalnpm.com\/index.php\/2023\/06\/30\/nunes-marques-vota-contra-condenacao-de-bolsonaro-no-tse\/","og_locale":"pt_BR","og_type":"article","og_title":"Nunes Marques vota contra condena\u00e7\u00e3o de Bolsonaro no TSE - Portal NPM","og_description":"O ministro Nunes Marques, do Tribunal Superior Eleitoral (TSE), votou, nesta sexta-feira (30), contra a condena\u00e7\u00e3o do ex-presidente Jair Bolsonaro \u00e0 inelegibilidade pelo per\u00edodo de oito anos. Apesar do voto favor\u00e1vel a Bolsonaro, o TSE j\u00e1\u00a0formou maioria de 4 votos a 2\u00a0pela condena\u00e7\u00e3o do ex-presidente. O plen\u00e1rio \u00e9 composto por sete ministros. O TSE julga\u00a0a\u00a0conduta &hellip;","og_url":"https:\/\/portalnpm.com\/index.php\/2023\/06\/30\/nunes-marques-vota-contra-condenacao-de-bolsonaro-no-tse\/","og_site_name":"Portal NPM","article_published_time":"2023-06-30T21:21:28+00:00","author":"Genival Barbosa","twitter_card":"summary_large_image","twitter_misc":{"Escrito por":"Genival Barbosa","Est. tempo de leitura":"1 minuto"},"schema":{"@context":"https:\/\/schema.org","@graph":[{"@type":"WebPage","@id":"https:\/\/portalnpm.com\/index.php\/2023\/06\/30\/nunes-marques-vota-contra-condenacao-de-bolsonaro-no-tse\/","url":"https:\/\/portalnpm.com\/index.php\/2023\/06\/30\/nunes-marques-vota-contra-condenacao-de-bolsonaro-no-tse\/","name":"Nunes Marques vota contra condena\u00e7\u00e3o de Bolsonaro no TSE - Portal NPM","isPartOf":{"@id":"https:\/\/portalnpm.com\/#website"},"primaryImageOfPage":{"@id":"https:\/\/portalnpm.com\/index.php\/2023\/06\/30\/nunes-marques-vota-contra-condenacao-de-bolsonaro-no-tse\/#primaryimage"},"image":{"@id":"https:\/\/portalnpm.com\/index.php\/2023\/06\/30\/nunes-marques-vota-contra-condenacao-de-bolsonaro-no-tse\/#primaryimage"},"thumbnailUrl":"","datePublished":"2023-06-30T21:21:28+00:00","dateModified":"2023-06-30T21:21:28+00:00","author":{"@id":"https:\/\/portalnpm.com\/#\/schema\/person\/49313e563cfdefcc167f1ee4c017c294"},"breadcrumb":{"@id":"https:\/\/portalnpm.com\/index.php\/2023\/06\/30\/nunes-marques-vota-contra-condenacao-de-bolsonaro-no-tse\/#breadcrumb"},"inLanguage":"pt-BR","potentialAction":[{"@type":"ReadAction","target":["https:\/\/portalnpm.com\/index.php\/2023\/06\/30\/nunes-marques-vota-contra-condenacao-de-bolsonaro-no-tse\/"]}]},{"@type":"ImageObject","inLanguage":"pt-BR","@id":"https:\/\/portalnpm.com\/index.php\/2023\/06\/30\/nunes-marques-vota-contra-condenacao-de-bolsonaro-no-tse\/#primaryimage","url":"","contentUrl":""},{"@type":"BreadcrumbList","@id":"https:\/\/portalnpm.com\/index.php\/2023\/06\/30\/nunes-marques-vota-contra-condenacao-de-bolsonaro-no-tse\/#breadcrumb","itemListElement":[{"@type":"ListItem","position":1,"name":"In\u00edcio","item":"https:\/\/portalnpm.com\/"},{"@type":"ListItem","position":2,"name":"Nunes Marques vota contra condena\u00e7\u00e3o de Bolsonaro no TSE"}]},{"@type":"WebSite","@id":"https:\/\/portalnpm.com\/#website","url":"https:\/\/portalnpm.com\/","name":"Portal NPM","description":"Not\u00edcias em Primeira M\u00e3o","potentialAction":[{"@type":"SearchAction","target":{"@type":"EntryPoint","urlTemplate":"https:\/\/portalnpm.com\/?s={search_term_string}"},"query-input":"required name=search_term_string"}],"inLanguage":"pt-BR"},{"@type":"Person","@id":"https:\/\/portalnpm.com\/#\/schema\/person\/49313e563cfdefcc167f1ee4c017c294","name":"Genival Barbosa","image":{"@type":"ImageObject","inLanguage":"pt-BR","@id":"https:\/\/portalnpm.com\/#\/schema\/person\/image\/","url":"https:\/\/portalnpm.com\/wp-content\/uploads\/2024\/02\/avatar_user_2_1707743258-96x96.jpeg","contentUrl":"https:\/\/portalnpm.com\/wp-content\/uploads\/2024\/02\/avatar_user_2_1707743258-96x96.jpeg","caption":"Genival Barbosa"},"url":"https:\/\/portalnpm.com\/index.php\/author\/genival\/"}]}},"jetpack_sharing_enabled":true,"jetpack_featured_media_url":"","_links":{"self":[{"href":"https:\/\/portalnpm.com\/index.php\/wp-json\/wp\/v2\/posts\/47265"}],"collection":[{"href":"https:\/\/portalnpm.com\/index.php\/wp-json\/wp\/v2\/posts"}],"about":[{"href":"https:\/\/portalnpm.com\/index.php\/wp-json\/wp\/v2\/types\/post"}],"author":[{"embeddable":true,"href":"https:\/\/portalnpm.com\/index.php\/wp-json\/wp\/v2\/users\/2"}],"replies":[{"embeddable":true,"href":"https:\/\/portalnpm.com\/index.php\/wp-json\/wp\/v2\/comments?post=47265"}],"version-history":[{"count":0,"href":"https:\/\/portalnpm.com\/index.php\/wp-json\/wp\/v2\/posts\/47265\/revisions"}],"wp:featuredmedia":[{"embeddable":true,"href":"https:\/\/portalnpm.com\/index.php\/wp-json\/"}],"wp:attachment":[{"href":"https:\/\/portalnpm.com\/index.php\/wp-json\/wp\/v2\/media?parent=47265"}],"wp:term":[{"taxonomy":"category","embeddable":true,"href":"https:\/\/portalnpm.com\/index.php\/wp-json\/wp\/v2\/categories?post=47265"},{"taxonomy":"post_tag","embeddable":true,"href":"https:\/\/portalnpm.com\/index.php\/wp-json\/wp\/v2\/tags?post=47265"}],"curies":[{"name":"wp","href":"https:\/\/api.w.org\/{rel}","templated":true}]}}